{"id":25984,"date":"2025-11-05T16:43:16","date_gmt":"2025-11-05T16:43:16","guid":{"rendered":"https:\/\/macite.tg\/?p=25984"},"modified":"2025-11-05T16:43:19","modified_gmt":"2025-11-05T16:43:19","slug":"fat-larmee-de-lair-recrute-du-personnel-navigant-et-non-navigant","status":"publish","type":"post","link":"https:\/\/macite.tg\/?p=25984","title":{"rendered":"FAT\u00a0: L\u2019Arm\u00e9e de l\u2019air recrute\u2026 du personnel navigant et non navigant"},"content":{"rendered":"\n<p class=\"wp-block-paragraph\"><strong><em>Dans le cadre du renforcement de ses effectifs, l\u2019Arm\u00e9e de l\u2019air veut renforcer son personnel navigant et non navigant.<\/em><\/strong><\/p>\n\n\n\n<p class=\"wp-block-paragraph\">Le minist\u00e8re de la D\u00e9fense nationale a, dans ce sens, rendu public un communiqu\u00e9 annon\u00e7ant l\u2019ouverture de la phase de pr\u00e9s\u00e9lection pr\u00e9vue du 25 novembre au 12 d\u00e9cembre 2025.<\/p>\n\n\n\n<p class=\"wp-block-paragraph\">Au cours de cette \u00e9tape, il sera question essentiellement de tests psychotechniques des postulants.<\/p>\n\n\n\n<figure class=\"wp-block-image size-large\"><img loading=\"lazy\" decoding=\"async\" width=\"1024\" height=\"426\" src=\"https:\/\/macite.tg\/wp-content\/uploads\/2025\/10\/OTR_Depreciation-1024x426.jpg\" alt=\"\" class=\"wp-image-25740\" srcset=\"https:\/\/macite.tg\/wp-content\/uploads\/2025\/10\/OTR_Depreciation-1024x426.jpg 1024w, https:\/\/macite.tg\/wp-content\/uploads\/2025\/10\/OTR_Depreciation-300x125.jpg 300w, https:\/\/macite.tg\/wp-content\/uploads\/2025\/10\/OTR_Depreciation-768x320.jpg 768w, https:\/\/macite.tg\/wp-content\/uploads\/2025\/10\/OTR_Depreciation.jpg 1132w\" sizes=\"auto, (max-width: 1024px) 100vw, 1024px\" \/><\/figure>\n\n\n\n<p class=\"wp-block-paragraph\">Pour ce qui est des conditions, il faut \u00eatre imp\u00e9rativement de nationalit\u00e9 togolaise et avoir un niveau sup\u00e9rieur ou \u00e9gal aux classes de terminale scientifique, notamment des s\u00e9ries C, D et E. en plus, il faut \u00eatre \u00e2g\u00e9 de 23 ans au plus tard au 31 d\u00e9cembre 2025.<\/p>\n\n\n<div class=\"wp-block-image\">\n<figure class=\"aligncenter size-large\"><img loading=\"lazy\" decoding=\"async\" width=\"723\" height=\"1024\" src=\"https:\/\/macite.tg\/wp-content\/uploads\/2025\/10\/OTR_TPU_30octobre-723x1024.jpg\" alt=\"\" class=\"wp-image-25877\" srcset=\"https:\/\/macite.tg\/wp-content\/uploads\/2025\/10\/OTR_TPU_30octobre-723x1024.jpg 723w, https:\/\/macite.tg\/wp-content\/uploads\/2025\/10\/OTR_TPU_30octobre-212x300.jpg 212w, https:\/\/macite.tg\/wp-content\/uploads\/2025\/10\/OTR_TPU_30octobre.jpg 763w\" sizes=\"auto, (max-width: 723px) 100vw, 723px\" \/><\/figure>\n<\/div>\n\n\n<p class=\"wp-block-paragraph\">Notons que les inscriptions sont ouvertes jusqu\u2019au 14 novembre prochain. Elles vont s\u2019effectuer dans les Brigade de gendarmerie et au Secr\u00e9tariat de l\u2019Etat-major de l\u2019Arm\u00e9e de \u2018air.<\/p>\n\n\n\n<p class=\"wp-block-paragraph\"><strong>La R\u00e9daction<\/strong><strong><\/strong><\/p>\n\n\n\n<p class=\"wp-block-paragraph\"><a><strong><em>@macite.tg&nbsp;&nbsp;&nbsp;&nbsp;&nbsp;&nbsp;&nbsp;&nbsp;<\/em><\/strong><\/a><\/p>\n\n\n\n<p class=\"wp-block-paragraph\"><strong><em>E-mail&nbsp;: <\/em><\/strong><a href=\"mailto:maciteinfo@gmail.com\"><strong><em>maciteinfo@gmail.com<\/em><\/strong><\/a><strong><em>; <\/em><\/strong><a href=\"mailto:bawela1@gmail.com\"><strong><em>bawela1@gmail.com<\/em><\/strong><\/a><strong><em><\/em><\/strong><\/p>\n\n\n\n<p class=\"wp-block-paragraph\"><strong><em>Pour vos annonces, (publi)reportages, etc., joignez-nous au (00228)91515309\/<strong>79872224 <\/strong><strong><\/strong><\/em><\/strong><\/p>\n\n\n\n<p class=\"wp-block-paragraph\"><strong><em>www.macite.tg, L\u2019information, la bonne&nbsp;!<\/em><\/strong><\/p>\n\n\n\n<p class=\"wp-block-paragraph\"><\/p>\n","protected":false},"excerpt":{"rendered":"<p class=\"text-justify mb-2\" >Dans le cadre du renforcement de ses effectifs, l\u2019Arm\u00e9e de l\u2019air veut renforcer son personnel navigant et non navigant. Le minist\u00e8re de la D\u00e9fense nationale a, dans ce sens, rendu public un communiqu\u00e9 annon\u00e7ant l\u2019ouverture de la phase de pr\u00e9s\u00e9lection pr\u00e9vue du 25 novembre au [&hellip;]<\/p>\n","protected":false},"author":2,"featured_media":25985,"comment_status":"open","ping_status":"open","sticky":false,"template":"","format":"standard","meta":{"footnotes":""},"categories":[20,64],"tags":[],"class_list":["post-25984","post","type-post","status-publish","format-standard","has-post-thumbnail","hentry","category-actualite","category-recrutement"],"yoast_head":"<!-- This site is optimized with the Yoast SEO plugin v28.4 - https:\/\/yoast.com\/product\/yoast-seo-wordpress\/ -->\n<title>FAT\u00a0: L\u2019Arm\u00e9e de l\u2019air recrute\u2026 du personnel navigant et non navigant -<\/title>\n<meta name=\"robots\" content=\"index, follow, max-snippet:-1, max-image-preview:large, max-video-preview:-1\" \/>\n<link rel=\"canonical\" href=\"https:\/\/macite.tg\/?p=25984\" \/>\n<meta property=\"og:locale\" content=\"fr_FR\" \/>\n<meta property=\"og:type\" content=\"article\" \/>\n<meta property=\"og:title\" content=\"FAT\u00a0: L\u2019Arm\u00e9e de l\u2019air recrute\u2026 du personnel navigant et non navigant -\" \/>\n<meta property=\"og:description\" content=\"Dans le cadre du renforcement de ses effectifs, l\u2019Arm\u00e9e de l\u2019air veut renforcer son personnel navigant et non navigant. Le minist\u00e8re de la D\u00e9fense nationale a, dans ce sens, rendu public un communiqu\u00e9 annon\u00e7ant l\u2019ouverture de la phase de pr\u00e9s\u00e9lection pr\u00e9vue du 25 novembre au [&hellip;]\" \/>\n<meta property=\"og:url\" content=\"https:\/\/macite.tg\/?p=25984\" \/>\n<meta property=\"article:published_time\" content=\"2025-11-05T16:43:16+00:00\" \/>\n<meta property=\"article:modified_time\" content=\"2025-11-05T16:43:19+00:00\" \/>\n<meta property=\"og:image\" content=\"https:\/\/macite.tg\/wp-content\/uploads\/2025\/11\/image-13.png\" \/>\n\t<meta property=\"og:image:width\" content=\"448\" \/>\n\t<meta property=\"og:image:height\" content=\"266\" \/>\n\t<meta property=\"og:image:type\" content=\"image\/png\" \/>\n<meta name=\"author\" content=\"Jean Pierre BAWELA\" \/>\n<meta name=\"twitter:card\" content=\"summary_large_image\" \/>\n<meta name=\"twitter:label1\" content=\"\u00c9crit par\" \/>\n\t<meta name=\"twitter:data1\" content=\"Jean Pierre BAWELA\" \/>\n\t<meta name=\"twitter:label2\" content=\"Dur\u00e9e de lecture estim\u00e9e\" \/>\n\t<meta name=\"twitter:data2\" content=\"2 minutes\" \/>\n<script type=\"application\/ld+json\" class=\"yoast-schema-graph\">{\"@context\":\"https:\\\/\\\/schema.org\",\"@graph\":[{\"@type\":\"Article\",\"@id\":\"https:\\\/\\\/macite.tg\\\/?p=25984#article\",\"isPartOf\":{\"@id\":\"https:\\\/\\\/macite.tg\\\/?p=25984\"},\"author\":{\"name\":\"Jean Pierre BAWELA\",\"@id\":\"https:\\\/\\\/macite.tg\\\/#\\\/schema\\\/person\\\/e9f2de7e5dbbe7770a9402c7ce82f5c2\"},\"headline\":\"FAT\u00a0: L\u2019Arm\u00e9e de l\u2019air recrute\u2026 du personnel navigant et non navigant\",\"datePublished\":\"2025-11-05T16:43:16+00:00\",\"dateModified\":\"2025-11-05T16:43:19+00:00\",\"mainEntityOfPage\":{\"@id\":\"https:\\\/\\\/macite.tg\\\/?p=25984\"},\"wordCount\":202,\"commentCount\":0,\"image\":{\"@id\":\"https:\\\/\\\/macite.tg\\\/?p=25984#primaryimage\"},\"thumbnailUrl\":\"https:\\\/\\\/macite.tg\\\/wp-content\\\/uploads\\\/2025\\\/11\\\/image-13.png\",\"articleSection\":[\"ACTUALITE\",\"RECRUTEMENT\"],\"inLanguage\":\"fr-FR\",\"potentialAction\":[{\"@type\":\"CommentAction\",\"name\":\"Comment\",\"target\":[\"https:\\\/\\\/macite.tg\\\/?p=25984#respond\"]}]},{\"@type\":\"WebPage\",\"@id\":\"https:\\\/\\\/macite.tg\\\/?p=25984\",\"url\":\"https:\\\/\\\/macite.tg\\\/?p=25984\",\"name\":\"FAT\u00a0: L\u2019Arm\u00e9e de l\u2019air recrute\u2026 du personnel navigant et non navigant -\",\"isPartOf\":{\"@id\":\"https:\\\/\\\/macite.tg\\\/#website\"},\"primaryImageOfPage\":{\"@id\":\"https:\\\/\\\/macite.tg\\\/?p=25984#primaryimage\"},\"image\":{\"@id\":\"https:\\\/\\\/macite.tg\\\/?p=25984#primaryimage\"},\"thumbnailUrl\":\"https:\\\/\\\/macite.tg\\\/wp-content\\\/uploads\\\/2025\\\/11\\\/image-13.png\",\"datePublished\":\"2025-11-05T16:43:16+00:00\",\"dateModified\":\"2025-11-05T16:43:19+00:00\",\"author\":{\"@id\":\"https:\\\/\\\/macite.tg\\\/#\\\/schema\\\/person\\\/e9f2de7e5dbbe7770a9402c7ce82f5c2\"},\"breadcrumb\":{\"@id\":\"https:\\\/\\\/macite.tg\\\/?p=25984#breadcrumb\"},\"inLanguage\":\"fr-FR\",\"potentialAction\":[{\"@type\":\"ReadAction\",\"target\":[\"https:\\\/\\\/macite.tg\\\/?p=25984\"]}]},{\"@type\":\"ImageObject\",\"inLanguage\":\"fr-FR\",\"@id\":\"https:\\\/\\\/macite.tg\\\/?p=25984#primaryimage\",\"url\":\"https:\\\/\\\/macite.tg\\\/wp-content\\\/uploads\\\/2025\\\/11\\\/image-13.png\",\"contentUrl\":\"https:\\\/\\\/macite.tg\\\/wp-content\\\/uploads\\\/2025\\\/11\\\/image-13.png\",\"width\":448,\"height\":266},{\"@type\":\"BreadcrumbList\",\"@id\":\"https:\\\/\\\/macite.tg\\\/?p=25984#breadcrumb\",\"itemListElement\":[{\"@type\":\"ListItem\",\"position\":1,\"name\":\"Accueil\",\"item\":\"https:\\\/\\\/macite.tg\\\/\"},{\"@type\":\"ListItem\",\"position\":2,\"name\":\"FAT\u00a0: L\u2019Arm\u00e9e de l\u2019air recrute\u2026 du personnel navigant et non navigant\"}]},{\"@type\":\"WebSite\",\"@id\":\"https:\\\/\\\/macite.tg\\\/#website\",\"url\":\"https:\\\/\\\/macite.tg\\\/\",\"name\":\"\",\"description\":\"L&#039;information, la bonne!!!\",\"potentialAction\":[{\"@type\":\"SearchAction\",\"target\":{\"@type\":\"EntryPoint\",\"urlTemplate\":\"https:\\\/\\\/macite.tg\\\/?s={search_term_string}\"},\"query-input\":{\"@type\":\"PropertyValueSpecification\",\"valueRequired\":true,\"valueName\":\"search_term_string\"}}],\"inLanguage\":\"fr-FR\"},{\"@type\":\"Person\",\"@id\":\"https:\\\/\\\/macite.tg\\\/#\\\/schema\\\/person\\\/e9f2de7e5dbbe7770a9402c7ce82f5c2\",\"name\":\"Jean Pierre BAWELA\",\"image\":{\"@type\":\"ImageObject\",\"inLanguage\":\"fr-FR\",\"@id\":\"https:\\\/\\\/macite.tg\\\/wp-content\\\/uploads\\\/2023\\\/09\\\/WhatsApp-Image-2023-09-19-at-14.44.41-122x122.jpeg\",\"url\":\"https:\\\/\\\/macite.tg\\\/wp-content\\\/uploads\\\/2023\\\/09\\\/WhatsApp-Image-2023-09-19-at-14.44.41-122x122.jpeg\",\"contentUrl\":\"https:\\\/\\\/macite.tg\\\/wp-content\\\/uploads\\\/2023\\\/09\\\/WhatsApp-Image-2023-09-19-at-14.44.41-122x122.jpeg\",\"caption\":\"Jean Pierre BAWELA\"},\"url\":\"https:\\\/\\\/macite.tg\\\/?author=2\"}]}<\/script>\n<!-- \/ Yoast SEO plugin. -->","yoast_head_json":{"title":"FAT\u00a0: L\u2019Arm\u00e9e de l\u2019air recrute\u2026 du personnel navigant et non navigant -","robots":{"index":"index","follow":"follow","max-snippet":"max-snippet:-1","max-image-preview":"max-image-preview:large","max-video-preview":"max-video-preview:-1"},"canonical":"https:\/\/macite.tg\/?p=25984","og_locale":"fr_FR","og_type":"article","og_title":"FAT\u00a0: L\u2019Arm\u00e9e de l\u2019air recrute\u2026 du personnel navigant et non navigant -","og_description":"Dans le cadre du renforcement de ses effectifs, l\u2019Arm\u00e9e de l\u2019air veut renforcer son personnel navigant et non navigant. Le minist\u00e8re de la D\u00e9fense nationale a, dans ce sens, rendu public un communiqu\u00e9 annon\u00e7ant l\u2019ouverture de la phase de pr\u00e9s\u00e9lection pr\u00e9vue du 25 novembre au [&hellip;]","og_url":"https:\/\/macite.tg\/?p=25984","article_published_time":"2025-11-05T16:43:16+00:00","article_modified_time":"2025-11-05T16:43:19+00:00","og_image":[{"width":448,"height":266,"url":"https:\/\/macite.tg\/wp-content\/uploads\/2025\/11\/image-13.png","type":"image\/png"}],"author":"Jean Pierre BAWELA","twitter_card":"summary_large_image","twitter_misc":{"\u00c9crit par":"Jean Pierre BAWELA","Dur\u00e9e de lecture estim\u00e9e":"2 minutes"},"schema":{"@context":"https:\/\/schema.org","@graph":[{"@type":"Article","@id":"https:\/\/macite.tg\/?p=25984#article","isPartOf":{"@id":"https:\/\/macite.tg\/?p=25984"},"author":{"name":"Jean Pierre BAWELA","@id":"https:\/\/macite.tg\/#\/schema\/person\/e9f2de7e5dbbe7770a9402c7ce82f5c2"},"headline":"FAT\u00a0: L\u2019Arm\u00e9e de l\u2019air recrute\u2026 du personnel navigant et non navigant","datePublished":"2025-11-05T16:43:16+00:00","dateModified":"2025-11-05T16:43:19+00:00","mainEntityOfPage":{"@id":"https:\/\/macite.tg\/?p=25984"},"wordCount":202,"commentCount":0,"image":{"@id":"https:\/\/macite.tg\/?p=25984#primaryimage"},"thumbnailUrl":"https:\/\/macite.tg\/wp-content\/uploads\/2025\/11\/image-13.png","articleSection":["ACTUALITE","RECRUTEMENT"],"inLanguage":"fr-FR","potentialAction":[{"@type":"CommentAction","name":"Comment","target":["https:\/\/macite.tg\/?p=25984#respond"]}]},{"@type":"WebPage","@id":"https:\/\/macite.tg\/?p=25984","url":"https:\/\/macite.tg\/?p=25984","name":"FAT\u00a0: L\u2019Arm\u00e9e de l\u2019air recrute\u2026 du personnel navigant et non navigant -","isPartOf":{"@id":"https:\/\/macite.tg\/#website"},"primaryImageOfPage":{"@id":"https:\/\/macite.tg\/?p=25984#primaryimage"},"image":{"@id":"https:\/\/macite.tg\/?p=25984#primaryimage"},"thumbnailUrl":"https:\/\/macite.tg\/wp-content\/uploads\/2025\/11\/image-13.png","datePublished":"2025-11-05T16:43:16+00:00","dateModified":"2025-11-05T16:43:19+00:00","author":{"@id":"https:\/\/macite.tg\/#\/schema\/person\/e9f2de7e5dbbe7770a9402c7ce82f5c2"},"breadcrumb":{"@id":"https:\/\/macite.tg\/?p=25984#breadcrumb"},"inLanguage":"fr-FR","potentialAction":[{"@type":"ReadAction","target":["https:\/\/macite.tg\/?p=25984"]}]},{"@type":"ImageObject","inLanguage":"fr-FR","@id":"https:\/\/macite.tg\/?p=25984#primaryimage","url":"https:\/\/macite.tg\/wp-content\/uploads\/2025\/11\/image-13.png","contentUrl":"https:\/\/macite.tg\/wp-content\/uploads\/2025\/11\/image-13.png","width":448,"height":266},{"@type":"BreadcrumbList","@id":"https:\/\/macite.tg\/?p=25984#breadcrumb","itemListElement":[{"@type":"ListItem","position":1,"name":"Accueil","item":"https:\/\/macite.tg\/"},{"@type":"ListItem","position":2,"name":"FAT\u00a0: L\u2019Arm\u00e9e de l\u2019air recrute\u2026 du personnel navigant et non navigant"}]},{"@type":"WebSite","@id":"https:\/\/macite.tg\/#website","url":"https:\/\/macite.tg\/","name":"","description":"L&#039;information, la bonne!!!","potentialAction":[{"@type":"SearchAction","target":{"@type":"EntryPoint","urlTemplate":"https:\/\/macite.tg\/?s={search_term_string}"},"query-input":{"@type":"PropertyValueSpecification","valueRequired":true,"valueName":"search_term_string"}}],"inLanguage":"fr-FR"},{"@type":"Person","@id":"https:\/\/macite.tg\/#\/schema\/person\/e9f2de7e5dbbe7770a9402c7ce82f5c2","name":"Jean Pierre BAWELA","image":{"@type":"ImageObject","inLanguage":"fr-FR","@id":"https:\/\/macite.tg\/wp-content\/uploads\/2023\/09\/WhatsApp-Image-2023-09-19-at-14.44.41-122x122.jpeg","url":"https:\/\/macite.tg\/wp-content\/uploads\/2023\/09\/WhatsApp-Image-2023-09-19-at-14.44.41-122x122.jpeg","contentUrl":"https:\/\/macite.tg\/wp-content\/uploads\/2023\/09\/WhatsApp-Image-2023-09-19-at-14.44.41-122x122.jpeg","caption":"Jean Pierre BAWELA"},"url":"https:\/\/macite.tg\/?author=2"}]}},"_links":{"self":[{"href":"https:\/\/macite.tg\/index.php?rest_route=\/wp\/v2\/posts\/25984","targetHints":{"allow":["GET"]}}],"collection":[{"href":"https:\/\/macite.tg\/index.php?rest_route=\/wp\/v2\/posts"}],"about":[{"href":"https:\/\/macite.tg\/index.php?rest_route=\/wp\/v2\/types\/post"}],"author":[{"embeddable":true,"href":"https:\/\/macite.tg\/index.php?rest_route=\/wp\/v2\/users\/2"}],"replies":[{"embeddable":true,"href":"https:\/\/macite.tg\/index.php?rest_route=%2Fwp%2Fv2%2Fcomments&post=25984"}],"version-history":[{"count":0,"href":"https:\/\/macite.tg\/index.php?rest_route=\/wp\/v2\/posts\/25984\/revisions"}],"wp:featuredmedia":[{"embeddable":true,"href":"https:\/\/macite.tg\/index.php?rest_route=\/wp\/v2\/media\/25985"}],"wp:attachment":[{"href":"https:\/\/macite.tg\/index.php?rest_route=%2Fwp%2Fv2%2Fmedia&parent=25984"}],"wp:term":[{"taxonomy":"category","embeddable":true,"href":"https:\/\/macite.tg\/index.php?rest_route=%2Fwp%2Fv2%2Fcategories&post=25984"},{"taxonomy":"post_tag","embeddable":true,"href":"https:\/\/macite.tg\/index.php?rest_route=%2Fwp%2Fv2%2Ftags&post=25984"}],"curies":[{"name":"wp","href":"https:\/\/api.w.org\/{rel}","templated":true}]}}