{"id":25881,"date":"2025-10-31T17:14:49","date_gmt":"2025-10-31T17:14:49","guid":{"rendered":"https:\/\/macite.tg\/?p=25881"},"modified":"2025-10-31T17:14:55","modified_gmt":"2025-10-31T17:14:55","slug":"rapport-de-v-dem-institut-2024-le-cameroun-classe-parmi-les-pays-autocratiques-electoraux-en-afrique","status":"publish","type":"post","link":"https:\/\/macite.tg\/?p=25881","title":{"rendered":"RAPPORT DE V-DEM INSTITUT\u00a02024 : Le Cameroun class\u00e9 parmi les pays autocratiques \u00e9lectoraux en Afrique"},"content":{"rendered":"\n<p class=\"wp-block-paragraph\"><strong><em>Selon le rapport sur la d\u00e9mocratie de V-DEM Institut pour l\u2019ann\u00e9e 2024, le Cameroun figure parmi les r\u00e9gimes autocratiques \u00e9lectoraux de l\u2019Afrique subsaharienne. Le Pays de Paul Biya se trouve dans cette rubrique avec les \u00c9tats tels que la Tanzanie, l\u2019Ouganda ou le Zimbabwe.<\/em><\/strong><\/p>\n\n\n\n<p class=\"wp-block-paragraph\">Le rapport indique que la majorit\u00e9 de la population vivant en Afrique subsaharienne, soit 64%, r\u00e9side dans ces r\u00e9gimes autocratiques \u00e9lectoraux qui se retrouvent dans 28 pays sur les 55 pays d\u2019Afrique.<\/p>\n\n\n\n<p class=\"wp-block-paragraph\">Dans l\u2019ensemble des pays du continent, 12 sont des r\u00e9gimes autocratiques ferm\u00e9s, tandis que seuls 13 pays sont des d\u00e9mocraties \u00e9lectorales et deux, des d\u00e9mocraties pleines, \u00e0 savoir, les Seychelles et l\u2019Afrique du Sud.<\/p>\n\n\n<div class=\"wp-block-image\">\n<figure class=\"aligncenter size-large\"><img loading=\"lazy\" decoding=\"async\" width=\"723\" height=\"1024\" src=\"https:\/\/macite.tg\/wp-content\/uploads\/2025\/10\/OTR_TPU_30octobre-723x1024.jpg\" alt=\"\" class=\"wp-image-25877\" srcset=\"https:\/\/macite.tg\/wp-content\/uploads\/2025\/10\/OTR_TPU_30octobre-723x1024.jpg 723w, https:\/\/macite.tg\/wp-content\/uploads\/2025\/10\/OTR_TPU_30octobre-212x300.jpg 212w, https:\/\/macite.tg\/wp-content\/uploads\/2025\/10\/OTR_TPU_30octobre.jpg 763w\" sizes=\"auto, (max-width: 723px) 100vw, 723px\" \/><\/figure>\n<\/div>\n\n\n<p class=\"wp-block-paragraph\">Ces deux pays sont class\u00e9s comme des d\u00e9mocraties lib\u00e9rales, c&rsquo;est-\u00e0-dire des r\u00e9gimes o\u00f9 l\u2019organisation des \u00e9lections est r\u00e9guli\u00e8re, o\u00f9 les \u00e9lections sont libres et transparentes. Ces m\u00eames r\u00e9gimes favorisent l\u2019alternance politique au pouvoir, ainsi que la libert\u00e9 d\u2019expression.<\/p>\n\n\n\n<p class=\"wp-block-paragraph\">V-DEM Institut, \u00e9tablissement de recherche sur la d\u00e9mocratie bas\u00e9e en Su\u00e8de s\u2019appuie sur certains indices pour faire le classement.<\/p>\n\n\n\n<p class=\"wp-block-paragraph\">Il s\u2019agit entre autres, de l\u2019indice de d\u00e9mocratie lib\u00e9rale bas\u00e9e sur les aspects lib\u00e9raux et \u00e9lectoraux de la d\u00e9mocratie. L\u2019indice de la composante lib\u00e9rale s\u2019appuyant sur la protection des libert\u00e9s individuelles et l\u2019\u00e9quilibre des pouvoirs entre les institutions.<\/p>\n\n\n\n<p class=\"wp-block-paragraph\">L\u2019indice de d\u00e9mocratie \u00e9lectorale permettant de saisir le rapport entre les gouvernements et la presse. De mani\u00e8re globale, le rapport indique que le niveau de d\u00e9mocratie a baiss\u00e9 en Afrique ces derni\u00e8res ann\u00e9es. Les coups d\u2019\u00c9tat successifs dans les pays du Sahel entre 2020 et 2023 et la croissance de l\u2019autoritarisme dans certains \u00c9tats d\u00e9j\u00e0 autocratiques expliquent cette r\u00e9gression.<\/p>\n\n\n<div class=\"wp-block-image\">\n<figure class=\"aligncenter size-full is-resized\"><img loading=\"lazy\" decoding=\"async\" width=\"509\" height=\"720\" src=\"https:\/\/macite.tg\/wp-content\/uploads\/2025\/10\/OTR_22OC_FONCIER.jpg\" alt=\"\" class=\"wp-image-25842\" style=\"width:539px;height:auto\" srcset=\"https:\/\/macite.tg\/wp-content\/uploads\/2025\/10\/OTR_22OC_FONCIER.jpg 509w, https:\/\/macite.tg\/wp-content\/uploads\/2025\/10\/OTR_22OC_FONCIER-212x300.jpg 212w\" sizes=\"auto, (max-width: 509px) 100vw, 509px\" \/><\/figure>\n<\/div>\n\n\n<p class=\"wp-block-paragraph\">Au regard des crit\u00e8res \u00e9nonc\u00e9s ci-dessus, les pays les plus d\u00e9mocratiques en Afrique selon V-DEM Institut sont :<\/p>\n\n\n\n<ol start=\"1\" class=\"wp-block-list\">\n<li>Les Seychelles<\/li>\n\n\n\n<li>Afrique du Sud<\/li>\n\n\n\n<li>Botswana<\/li>\n\n\n\n<li>Gambie<\/li>\n\n\n\n<li>Cap-Vert<\/li>\n\n\n\n<li>Ghana<\/li>\n\n\n\n<li>Lesotho<\/li>\n\n\n\n<li>Lib\u00e9ria<\/li>\n\n\n\n<li>Malawi<\/li>\n\n\n\n<li>Sao Tome-et-Principe<\/li>\n\n\n\n<li>S\u00e9n\u00e9gal<\/li>\n\n\n\n<li>Kenya<\/li>\n\n\n\n<li>Namibie<\/li>\n\n\n\n<li>Nigeria<\/li>\n\n\n\n<li>Zambie<\/li>\n<\/ol>\n\n\n\n<p class=\"wp-block-paragraph\"><strong>MSN<\/strong><\/p>\n\n\n\n<p class=\"wp-block-paragraph\"><a><strong><em>@macite.tg&nbsp;&nbsp;&nbsp;&nbsp;&nbsp;&nbsp;&nbsp;&nbsp;<\/em><\/strong><\/a><\/p>\n\n\n\n<p class=\"wp-block-paragraph\"><strong><em>E-mail&nbsp;: <\/em><\/strong><a href=\"mailto:maciteinfo@gmail.com\"><strong><em>maciteinfo@gmail.com<\/em><\/strong><\/a><strong><em>; <\/em><\/strong><a href=\"mailto:bawela1@gmail.com\"><strong><em>bawela1@gmail.com<\/em><\/strong><\/a><strong><em> <\/em><\/strong><strong><em><\/em><\/strong><\/p>\n\n\n\n<p class=\"wp-block-paragraph\"><strong><em>Pour vos annonces, (publi)reportages, etc., joignez-nous au (00228)91515309\/<strong>79872224 <\/strong><strong><\/strong><\/em><\/strong><\/p>\n\n\n\n<p class=\"wp-block-paragraph\"><strong><em>www.macite.tg, L\u2019information, la bonne&nbsp;!<\/em><\/strong><\/p>\n\n\n\n<p class=\"wp-block-paragraph\"><\/p>\n","protected":false},"excerpt":{"rendered":"<p class=\"text-justify mb-2\" >Selon le rapport sur la d\u00e9mocratie de V-DEM Institut pour l\u2019ann\u00e9e 2024, le Cameroun figure parmi les r\u00e9gimes autocratiques \u00e9lectoraux de l\u2019Afrique subsaharienne. Le Pays de Paul Biya se trouve dans cette rubrique avec les \u00c9tats tels que la Tanzanie, l\u2019Ouganda ou le Zimbabwe. Le [&hellip;]<\/p>\n","protected":false},"author":2,"featured_media":25882,"comment_status":"open","ping_status":"open","sticky":false,"template":"","format":"standard","meta":{"footnotes":""},"categories":[20,1],"tags":[],"class_list":["post-25881","post","type-post","status-publish","format-standard","has-post-thumbnail","hentry","category-actualite","category-politique"],"yoast_head":"<!-- This site is optimized with the Yoast SEO plugin v28.4 - https:\/\/yoast.com\/product\/yoast-seo-wordpress\/ -->\n<title>RAPPORT DE V-DEM INSTITUT\u00a02024 : Le Cameroun class\u00e9 parmi les pays autocratiques \u00e9lectoraux en Afrique -<\/title>\n<meta name=\"robots\" content=\"index, follow, max-snippet:-1, max-image-preview:large, max-video-preview:-1\" \/>\n<link rel=\"canonical\" href=\"https:\/\/macite.tg\/?p=25881\" \/>\n<meta property=\"og:locale\" content=\"fr_FR\" \/>\n<meta property=\"og:type\" content=\"article\" \/>\n<meta property=\"og:title\" content=\"RAPPORT DE V-DEM INSTITUT\u00a02024 : Le Cameroun class\u00e9 parmi les pays autocratiques \u00e9lectoraux en Afrique -\" \/>\n<meta property=\"og:description\" content=\"Selon le rapport sur la d\u00e9mocratie de V-DEM Institut pour l\u2019ann\u00e9e 2024, le Cameroun figure parmi les r\u00e9gimes autocratiques \u00e9lectoraux de l\u2019Afrique subsaharienne. Le Pays de Paul Biya se trouve dans cette rubrique avec les \u00c9tats tels que la Tanzanie, l\u2019Ouganda ou le Zimbabwe. Le [&hellip;]\" \/>\n<meta property=\"og:url\" content=\"https:\/\/macite.tg\/?p=25881\" \/>\n<meta property=\"article:published_time\" content=\"2025-10-31T17:14:49+00:00\" \/>\n<meta property=\"article:modified_time\" content=\"2025-10-31T17:14:55+00:00\" \/>\n<meta property=\"og:image\" content=\"https:\/\/macite.tg\/wp-content\/uploads\/2025\/10\/image-154.png\" \/>\n\t<meta property=\"og:image:width\" content=\"534\" \/>\n\t<meta property=\"og:image:height\" content=\"306\" \/>\n\t<meta property=\"og:image:type\" content=\"image\/png\" \/>\n<meta name=\"author\" content=\"Jean Pierre BAWELA\" \/>\n<meta name=\"twitter:card\" content=\"summary_large_image\" \/>\n<meta name=\"twitter:label1\" content=\"\u00c9crit par\" \/>\n\t<meta name=\"twitter:data1\" content=\"Jean Pierre BAWELA\" \/>\n\t<meta name=\"twitter:label2\" content=\"Dur\u00e9e de lecture estim\u00e9e\" \/>\n\t<meta name=\"twitter:data2\" content=\"3 minutes\" \/>\n<script type=\"application\/ld+json\" class=\"yoast-schema-graph\">{\"@context\":\"https:\\\/\\\/schema.org\",\"@graph\":[{\"@type\":\"Article\",\"@id\":\"https:\\\/\\\/macite.tg\\\/?p=25881#article\",\"isPartOf\":{\"@id\":\"https:\\\/\\\/macite.tg\\\/?p=25881\"},\"author\":{\"name\":\"Jean Pierre BAWELA\",\"@id\":\"https:\\\/\\\/macite.tg\\\/#\\\/schema\\\/person\\\/e9f2de7e5dbbe7770a9402c7ce82f5c2\"},\"headline\":\"RAPPORT DE V-DEM INSTITUT\u00a02024 : Le Cameroun class\u00e9 parmi les pays autocratiques \u00e9lectoraux en Afrique\",\"datePublished\":\"2025-10-31T17:14:49+00:00\",\"dateModified\":\"2025-10-31T17:14:55+00:00\",\"mainEntityOfPage\":{\"@id\":\"https:\\\/\\\/macite.tg\\\/?p=25881\"},\"wordCount\":400,\"commentCount\":0,\"image\":{\"@id\":\"https:\\\/\\\/macite.tg\\\/?p=25881#primaryimage\"},\"thumbnailUrl\":\"https:\\\/\\\/macite.tg\\\/wp-content\\\/uploads\\\/2025\\\/10\\\/image-154.png\",\"articleSection\":[\"ACTUALITE\",\"POLITIQUE\"],\"inLanguage\":\"fr-FR\",\"potentialAction\":[{\"@type\":\"CommentAction\",\"name\":\"Comment\",\"target\":[\"https:\\\/\\\/macite.tg\\\/?p=25881#respond\"]}]},{\"@type\":\"WebPage\",\"@id\":\"https:\\\/\\\/macite.tg\\\/?p=25881\",\"url\":\"https:\\\/\\\/macite.tg\\\/?p=25881\",\"name\":\"RAPPORT DE V-DEM INSTITUT\u00a02024 : Le Cameroun class\u00e9 parmi les pays autocratiques \u00e9lectoraux en Afrique -\",\"isPartOf\":{\"@id\":\"https:\\\/\\\/macite.tg\\\/#website\"},\"primaryImageOfPage\":{\"@id\":\"https:\\\/\\\/macite.tg\\\/?p=25881#primaryimage\"},\"image\":{\"@id\":\"https:\\\/\\\/macite.tg\\\/?p=25881#primaryimage\"},\"thumbnailUrl\":\"https:\\\/\\\/macite.tg\\\/wp-content\\\/uploads\\\/2025\\\/10\\\/image-154.png\",\"datePublished\":\"2025-10-31T17:14:49+00:00\",\"dateModified\":\"2025-10-31T17:14:55+00:00\",\"author\":{\"@id\":\"https:\\\/\\\/macite.tg\\\/#\\\/schema\\\/person\\\/e9f2de7e5dbbe7770a9402c7ce82f5c2\"},\"breadcrumb\":{\"@id\":\"https:\\\/\\\/macite.tg\\\/?p=25881#breadcrumb\"},\"inLanguage\":\"fr-FR\",\"potentialAction\":[{\"@type\":\"ReadAction\",\"target\":[\"https:\\\/\\\/macite.tg\\\/?p=25881\"]}]},{\"@type\":\"ImageObject\",\"inLanguage\":\"fr-FR\",\"@id\":\"https:\\\/\\\/macite.tg\\\/?p=25881#primaryimage\",\"url\":\"https:\\\/\\\/macite.tg\\\/wp-content\\\/uploads\\\/2025\\\/10\\\/image-154.png\",\"contentUrl\":\"https:\\\/\\\/macite.tg\\\/wp-content\\\/uploads\\\/2025\\\/10\\\/image-154.png\",\"width\":534,\"height\":306},{\"@type\":\"BreadcrumbList\",\"@id\":\"https:\\\/\\\/macite.tg\\\/?p=25881#breadcrumb\",\"itemListElement\":[{\"@type\":\"ListItem\",\"position\":1,\"name\":\"Accueil\",\"item\":\"https:\\\/\\\/macite.tg\\\/\"},{\"@type\":\"ListItem\",\"position\":2,\"name\":\"RAPPORT DE V-DEM INSTITUT\u00a02024 : Le Cameroun class\u00e9 parmi les pays autocratiques \u00e9lectoraux en Afrique\"}]},{\"@type\":\"WebSite\",\"@id\":\"https:\\\/\\\/macite.tg\\\/#website\",\"url\":\"https:\\\/\\\/macite.tg\\\/\",\"name\":\"\",\"description\":\"L&#039;information, la bonne!!!\",\"potentialAction\":[{\"@type\":\"SearchAction\",\"target\":{\"@type\":\"EntryPoint\",\"urlTemplate\":\"https:\\\/\\\/macite.tg\\\/?s={search_term_string}\"},\"query-input\":{\"@type\":\"PropertyValueSpecification\",\"valueRequired\":true,\"valueName\":\"search_term_string\"}}],\"inLanguage\":\"fr-FR\"},{\"@type\":\"Person\",\"@id\":\"https:\\\/\\\/macite.tg\\\/#\\\/schema\\\/person\\\/e9f2de7e5dbbe7770a9402c7ce82f5c2\",\"name\":\"Jean Pierre BAWELA\",\"image\":{\"@type\":\"ImageObject\",\"inLanguage\":\"fr-FR\",\"@id\":\"https:\\\/\\\/macite.tg\\\/wp-content\\\/uploads\\\/2023\\\/09\\\/WhatsApp-Image-2023-09-19-at-14.44.41-122x122.jpeg\",\"url\":\"https:\\\/\\\/macite.tg\\\/wp-content\\\/uploads\\\/2023\\\/09\\\/WhatsApp-Image-2023-09-19-at-14.44.41-122x122.jpeg\",\"contentUrl\":\"https:\\\/\\\/macite.tg\\\/wp-content\\\/uploads\\\/2023\\\/09\\\/WhatsApp-Image-2023-09-19-at-14.44.41-122x122.jpeg\",\"caption\":\"Jean Pierre BAWELA\"},\"url\":\"https:\\\/\\\/macite.tg\\\/?author=2\"}]}<\/script>\n<!-- \/ Yoast SEO plugin. -->","yoast_head_json":{"title":"RAPPORT DE V-DEM INSTITUT\u00a02024 : Le Cameroun class\u00e9 parmi les pays autocratiques \u00e9lectoraux en Afrique -","robots":{"index":"index","follow":"follow","max-snippet":"max-snippet:-1","max-image-preview":"max-image-preview:large","max-video-preview":"max-video-preview:-1"},"canonical":"https:\/\/macite.tg\/?p=25881","og_locale":"fr_FR","og_type":"article","og_title":"RAPPORT DE V-DEM INSTITUT\u00a02024 : Le Cameroun class\u00e9 parmi les pays autocratiques \u00e9lectoraux en Afrique -","og_description":"Selon le rapport sur la d\u00e9mocratie de V-DEM Institut pour l\u2019ann\u00e9e 2024, le Cameroun figure parmi les r\u00e9gimes autocratiques \u00e9lectoraux de l\u2019Afrique subsaharienne. Le Pays de Paul Biya se trouve dans cette rubrique avec les \u00c9tats tels que la Tanzanie, l\u2019Ouganda ou le Zimbabwe. Le [&hellip;]","og_url":"https:\/\/macite.tg\/?p=25881","article_published_time":"2025-10-31T17:14:49+00:00","article_modified_time":"2025-10-31T17:14:55+00:00","og_image":[{"width":534,"height":306,"url":"https:\/\/macite.tg\/wp-content\/uploads\/2025\/10\/image-154.png","type":"image\/png"}],"author":"Jean Pierre BAWELA","twitter_card":"summary_large_image","twitter_misc":{"\u00c9crit par":"Jean Pierre BAWELA","Dur\u00e9e de lecture estim\u00e9e":"3 minutes"},"schema":{"@context":"https:\/\/schema.org","@graph":[{"@type":"Article","@id":"https:\/\/macite.tg\/?p=25881#article","isPartOf":{"@id":"https:\/\/macite.tg\/?p=25881"},"author":{"name":"Jean Pierre BAWELA","@id":"https:\/\/macite.tg\/#\/schema\/person\/e9f2de7e5dbbe7770a9402c7ce82f5c2"},"headline":"RAPPORT DE V-DEM INSTITUT\u00a02024 : Le Cameroun class\u00e9 parmi les pays autocratiques \u00e9lectoraux en Afrique","datePublished":"2025-10-31T17:14:49+00:00","dateModified":"2025-10-31T17:14:55+00:00","mainEntityOfPage":{"@id":"https:\/\/macite.tg\/?p=25881"},"wordCount":400,"commentCount":0,"image":{"@id":"https:\/\/macite.tg\/?p=25881#primaryimage"},"thumbnailUrl":"https:\/\/macite.tg\/wp-content\/uploads\/2025\/10\/image-154.png","articleSection":["ACTUALITE","POLITIQUE"],"inLanguage":"fr-FR","potentialAction":[{"@type":"CommentAction","name":"Comment","target":["https:\/\/macite.tg\/?p=25881#respond"]}]},{"@type":"WebPage","@id":"https:\/\/macite.tg\/?p=25881","url":"https:\/\/macite.tg\/?p=25881","name":"RAPPORT DE V-DEM INSTITUT\u00a02024 : Le Cameroun class\u00e9 parmi les pays autocratiques \u00e9lectoraux en Afrique -","isPartOf":{"@id":"https:\/\/macite.tg\/#website"},"primaryImageOfPage":{"@id":"https:\/\/macite.tg\/?p=25881#primaryimage"},"image":{"@id":"https:\/\/macite.tg\/?p=25881#primaryimage"},"thumbnailUrl":"https:\/\/macite.tg\/wp-content\/uploads\/2025\/10\/image-154.png","datePublished":"2025-10-31T17:14:49+00:00","dateModified":"2025-10-31T17:14:55+00:00","author":{"@id":"https:\/\/macite.tg\/#\/schema\/person\/e9f2de7e5dbbe7770a9402c7ce82f5c2"},"breadcrumb":{"@id":"https:\/\/macite.tg\/?p=25881#breadcrumb"},"inLanguage":"fr-FR","potentialAction":[{"@type":"ReadAction","target":["https:\/\/macite.tg\/?p=25881"]}]},{"@type":"ImageObject","inLanguage":"fr-FR","@id":"https:\/\/macite.tg\/?p=25881#primaryimage","url":"https:\/\/macite.tg\/wp-content\/uploads\/2025\/10\/image-154.png","contentUrl":"https:\/\/macite.tg\/wp-content\/uploads\/2025\/10\/image-154.png","width":534,"height":306},{"@type":"BreadcrumbList","@id":"https:\/\/macite.tg\/?p=25881#breadcrumb","itemListElement":[{"@type":"ListItem","position":1,"name":"Accueil","item":"https:\/\/macite.tg\/"},{"@type":"ListItem","position":2,"name":"RAPPORT DE V-DEM INSTITUT\u00a02024 : Le Cameroun class\u00e9 parmi les pays autocratiques \u00e9lectoraux en Afrique"}]},{"@type":"WebSite","@id":"https:\/\/macite.tg\/#website","url":"https:\/\/macite.tg\/","name":"","description":"L&#039;information, la bonne!!!","potentialAction":[{"@type":"SearchAction","target":{"@type":"EntryPoint","urlTemplate":"https:\/\/macite.tg\/?s={search_term_string}"},"query-input":{"@type":"PropertyValueSpecification","valueRequired":true,"valueName":"search_term_string"}}],"inLanguage":"fr-FR"},{"@type":"Person","@id":"https:\/\/macite.tg\/#\/schema\/person\/e9f2de7e5dbbe7770a9402c7ce82f5c2","name":"Jean Pierre BAWELA","image":{"@type":"ImageObject","inLanguage":"fr-FR","@id":"https:\/\/macite.tg\/wp-content\/uploads\/2023\/09\/WhatsApp-Image-2023-09-19-at-14.44.41-122x122.jpeg","url":"https:\/\/macite.tg\/wp-content\/uploads\/2023\/09\/WhatsApp-Image-2023-09-19-at-14.44.41-122x122.jpeg","contentUrl":"https:\/\/macite.tg\/wp-content\/uploads\/2023\/09\/WhatsApp-Image-2023-09-19-at-14.44.41-122x122.jpeg","caption":"Jean Pierre BAWELA"},"url":"https:\/\/macite.tg\/?author=2"}]}},"_links":{"self":[{"href":"https:\/\/macite.tg\/index.php?rest_route=\/wp\/v2\/posts\/25881","targetHints":{"allow":["GET"]}}],"collection":[{"href":"https:\/\/macite.tg\/index.php?rest_route=\/wp\/v2\/posts"}],"about":[{"href":"https:\/\/macite.tg\/index.php?rest_route=\/wp\/v2\/types\/post"}],"author":[{"embeddable":true,"href":"https:\/\/macite.tg\/index.php?rest_route=\/wp\/v2\/users\/2"}],"replies":[{"embeddable":true,"href":"https:\/\/macite.tg\/index.php?rest_route=%2Fwp%2Fv2%2Fcomments&post=25881"}],"version-history":[{"count":0,"href":"https:\/\/macite.tg\/index.php?rest_route=\/wp\/v2\/posts\/25881\/revisions"}],"wp:featuredmedia":[{"embeddable":true,"href":"https:\/\/macite.tg\/index.php?rest_route=\/wp\/v2\/media\/25882"}],"wp:attachment":[{"href":"https:\/\/macite.tg\/index.php?rest_route=%2Fwp%2Fv2%2Fmedia&parent=25881"}],"wp:term":[{"taxonomy":"category","embeddable":true,"href":"https:\/\/macite.tg\/index.php?rest_route=%2Fwp%2Fv2%2Fcategories&post=25881"},{"taxonomy":"post_tag","embeddable":true,"href":"https:\/\/macite.tg\/index.php?rest_route=%2Fwp%2Fv2%2Ftags&post=25881"}],"curies":[{"name":"wp","href":"https:\/\/api.w.org\/{rel}","templated":true}]}}