{"id":25873,"date":"2025-10-31T14:57:01","date_gmt":"2025-10-31T14:57:01","guid":{"rendered":"https:\/\/macite.tg\/?p=25873"},"modified":"2025-10-31T15:25:24","modified_gmt":"2025-10-31T15:25:24","slug":"commemoration-des-20-ans-de-deces-deyadema-lefofat-sous-les-feux-des-projecteurs-des-le-07-novembre-prochain","status":"publish","type":"post","link":"https:\/\/macite.tg\/?p=25873","title":{"rendered":"COMMEMORATION DES 20 ANS DE DECES D\u2019EYADEMA\u00a0: L\u2019EFOFAT sous les feux des projecteurs les 06 et 07 novembre prochains"},"content":{"rendered":"\n<p class=\"wp-block-paragraph\"><strong><em>Dans le cadre de la poursuite des activit\u00e9s comm\u00e9moratives entrant dans le cadre des 20ans du d\u00e9c\u00e8s du P\u00e8re de la Nation, Feu g\u00e9n\u00e9ral Gnassingb\u00e9 Eyad\u00e9ma, il sera organis\u00e9, les jeudi 06 et vendredi 07 novembre prochain, une s\u00e9rie d\u2019activit\u00e9s, sur le site de l\u2019\u00c9cole de formation des officiers des Forces arm\u00e9es togolaises (EFOFAT) \u00e0 Pya.<\/em><\/strong><\/p>\n\n\n\n<p class=\"wp-block-paragraph\">Des manifestations scientifiques, sportives et r\u00e9cr\u00e9atives seront organis\u00e9es le jeudi 06 et le vendredi 07 novembre prochain, sur le site de l\u2019EFOFAT \u00e0 Pya, dans la Kozah. Ces d\u2019activit\u00e9s, qui marquent les 20 ans du d\u00e9c\u00e8s de feu Eyad\u00e9ma, entre \u00e9galement dans le cadre de la c\u00e9l\u00e9bration du 30<sup>\u00e8me<\/sup> anniversaire de la cr\u00e9ation de l\u2019EFOFAT par le G\u00e9n\u00e9ral Pr\u00e9sident Gnassingb\u00e9 Eyad\u00e9ma.<\/p>\n\n\n\n<figure class=\"wp-block-image size-large\"><img loading=\"lazy\" decoding=\"async\" width=\"1024\" height=\"426\" src=\"https:\/\/macite.tg\/wp-content\/uploads\/2025\/10\/OTR_Depreciation-1024x426.jpg\" alt=\"\" class=\"wp-image-25740\" srcset=\"https:\/\/macite.tg\/wp-content\/uploads\/2025\/10\/OTR_Depreciation-1024x426.jpg 1024w, https:\/\/macite.tg\/wp-content\/uploads\/2025\/10\/OTR_Depreciation-300x125.jpg 300w, https:\/\/macite.tg\/wp-content\/uploads\/2025\/10\/OTR_Depreciation-768x320.jpg 768w, https:\/\/macite.tg\/wp-content\/uploads\/2025\/10\/OTR_Depreciation.jpg 1132w\" sizes=\"auto, (max-width: 1024px) 100vw, 1024px\" \/><\/figure>\n\n\n\n<p class=\"wp-block-paragraph\">A Pya, ces activit\u00e9s se veulent de c\u00e9l\u00e9brer l\u2019excellence et l\u2019\u00e9volution de cet \u00e9tablissement militaire de r\u00e9f\u00e9rence. Des conf\u00e9rences th\u00e9matiques mais aussi des comp\u00e9titions sportives amicales, rassemblant militaires et civiles, vont permettre de mieux d\u00e9couvrir l\u2019\u0153uvre du G\u00e9n\u00e9ral Eyad\u00e9ma.<\/p>\n\n\n\n<p class=\"wp-block-paragraph\">Pour que la f\u00eate soit belle, le ministre de l\u2019administration territoriale, Hodabalo Awat\u00e9, invite les populations de la Kozah et des pr\u00e9fectures environnantes\u00e0 faire massivement le d\u00e9placement du site afin de prendre part \u00e0<em> \u00ab&nbsp;ces manifestations qui renforcent la confiance et l\u2019harmonie entre les Forces arm\u00e9es togolaises et les autres composantes sociales&nbsp;\u00bb.<\/em><\/p>\n\n\n<div class=\"wp-block-image\">\n<figure class=\"aligncenter size-full is-resized\"><img loading=\"lazy\" decoding=\"async\" width=\"509\" height=\"720\" src=\"https:\/\/macite.tg\/wp-content\/uploads\/2025\/10\/OTR_22OC_FONCIER.jpg\" alt=\"\" class=\"wp-image-25842\" style=\"width:569px;height:auto\" srcset=\"https:\/\/macite.tg\/wp-content\/uploads\/2025\/10\/OTR_22OC_FONCIER.jpg 509w, https:\/\/macite.tg\/wp-content\/uploads\/2025\/10\/OTR_22OC_FONCIER-212x300.jpg 212w\" sizes=\"auto, (max-width: 509px) 100vw, 509px\" \/><\/figure>\n<\/div>\n\n\n<p class=\"wp-block-paragraph\">Cr\u00e9\u00e9e en 1995, l\u2019EFOFAT a \u0153uvr\u00e9 \u00e0 renforcer la grande muette d\u2019officiers et renforcer qualitativement les rangs de l\u2019Arm\u00e9e. Initialement d\u00e9di\u00e9 aux nationaux, l\u2019Ecole s\u2019est, par la suite, ouverte aux candidats venus d\u2019autres pays.&nbsp;<\/p>\n\n\n\n<p class=\"wp-block-paragraph\"><strong>JPB<\/strong><\/p>\n\n\n\n<p class=\"wp-block-paragraph\"><a><strong><em>@macite.tg&nbsp;&nbsp;&nbsp;&nbsp;&nbsp;&nbsp;&nbsp;&nbsp;<\/em><\/strong><\/a><\/p>\n\n\n\n<p class=\"wp-block-paragraph\"><strong><em>E-mail&nbsp;: <\/em><\/strong><a href=\"mailto:maciteinfo@gmail.com\"><strong><em>maciteinfo@gmail.com<\/em><\/strong><\/a><strong><em>; <\/em><\/strong><a href=\"mailto:bawela1@gmail.com\"><strong><em>bawela1@gmail.com<\/em><\/strong><\/a><strong><em><\/em><\/strong><\/p>\n\n\n\n<p class=\"wp-block-paragraph\"><strong><em>Pour vos annonces, (publi)reportages, etc., joignez-nous au (00228)91515309\/<strong>79872224 <\/strong><strong><\/strong><\/em><\/strong><\/p>\n\n\n\n<p class=\"wp-block-paragraph\"><strong><em>www.macite.tg, L\u2019information, la bonne&nbsp;!<\/em><\/strong><\/p>\n\n\n\n<p class=\"wp-block-paragraph\"><\/p>\n","protected":false},"excerpt":{"rendered":"<p class=\"text-justify mb-2\" >Dans le cadre de la poursuite des activit\u00e9s comm\u00e9moratives entrant dans le cadre des 20ans du d\u00e9c\u00e8s du P\u00e8re de la Nation, Feu g\u00e9n\u00e9ral Gnassingb\u00e9 Eyad\u00e9ma, il sera organis\u00e9, les jeudi 06 et vendredi 07 novembre prochain, une s\u00e9rie d\u2019activit\u00e9s, sur le site de l\u2019\u00c9cole [&hellip;]<\/p>\n","protected":false},"author":2,"featured_media":25874,"comment_status":"open","ping_status":"open","sticky":false,"template":"","format":"standard","meta":{"footnotes":""},"categories":[20,62],"tags":[],"class_list":["post-25873","post","type-post","status-publish","format-standard","has-post-thumbnail","hentry","category-actualite","category-hommage"],"yoast_head":"<!-- This site is optimized with the Yoast SEO plugin v28.4 - https:\/\/yoast.com\/product\/yoast-seo-wordpress\/ -->\n<title>COMMEMORATION DES 20 ANS DE DECES D\u2019EYADEMA\u00a0: L\u2019EFOFAT sous les feux des projecteurs les 06 et 07 novembre prochains -<\/title>\n<meta name=\"robots\" content=\"index, follow, max-snippet:-1, max-image-preview:large, max-video-preview:-1\" \/>\n<link rel=\"canonical\" href=\"https:\/\/macite.tg\/?p=25873\" \/>\n<meta property=\"og:locale\" content=\"fr_FR\" \/>\n<meta property=\"og:type\" content=\"article\" \/>\n<meta property=\"og:title\" content=\"COMMEMORATION DES 20 ANS DE DECES D\u2019EYADEMA\u00a0: L\u2019EFOFAT sous les feux des projecteurs les 06 et 07 novembre prochains -\" \/>\n<meta property=\"og:description\" content=\"Dans le cadre de la poursuite des activit\u00e9s comm\u00e9moratives entrant dans le cadre des 20ans du d\u00e9c\u00e8s du P\u00e8re de la Nation, Feu g\u00e9n\u00e9ral Gnassingb\u00e9 Eyad\u00e9ma, il sera organis\u00e9, les jeudi 06 et vendredi 07 novembre prochain, une s\u00e9rie d\u2019activit\u00e9s, sur le site de l\u2019\u00c9cole [&hellip;]\" \/>\n<meta property=\"og:url\" content=\"https:\/\/macite.tg\/?p=25873\" \/>\n<meta property=\"article:published_time\" content=\"2025-10-31T14:57:01+00:00\" \/>\n<meta property=\"article:modified_time\" content=\"2025-10-31T15:25:24+00:00\" \/>\n<meta property=\"og:image\" content=\"https:\/\/macite.tg\/wp-content\/uploads\/2025\/10\/image-152.png\" \/>\n\t<meta property=\"og:image:width\" content=\"500\" \/>\n\t<meta property=\"og:image:height\" content=\"333\" \/>\n\t<meta property=\"og:image:type\" content=\"image\/png\" \/>\n<meta name=\"author\" content=\"Jean Pierre BAWELA\" \/>\n<meta name=\"twitter:card\" content=\"summary_large_image\" \/>\n<meta name=\"twitter:label1\" content=\"\u00c9crit par\" \/>\n\t<meta name=\"twitter:data1\" content=\"Jean Pierre BAWELA\" \/>\n\t<meta name=\"twitter:label2\" content=\"Dur\u00e9e de lecture estim\u00e9e\" \/>\n\t<meta name=\"twitter:data2\" content=\"2 minutes\" \/>\n<script type=\"application\/ld+json\" class=\"yoast-schema-graph\">{\"@context\":\"https:\\\/\\\/schema.org\",\"@graph\":[{\"@type\":\"Article\",\"@id\":\"https:\\\/\\\/macite.tg\\\/?p=25873#article\",\"isPartOf\":{\"@id\":\"https:\\\/\\\/macite.tg\\\/?p=25873\"},\"author\":{\"name\":\"Jean Pierre BAWELA\",\"@id\":\"https:\\\/\\\/macite.tg\\\/#\\\/schema\\\/person\\\/e9f2de7e5dbbe7770a9402c7ce82f5c2\"},\"headline\":\"COMMEMORATION DES 20 ANS DE DECES D\u2019EYADEMA\u00a0: L\u2019EFOFAT sous les feux des projecteurs les 06 et 07 novembre prochains\",\"datePublished\":\"2025-10-31T14:57:01+00:00\",\"dateModified\":\"2025-10-31T15:25:24+00:00\",\"mainEntityOfPage\":{\"@id\":\"https:\\\/\\\/macite.tg\\\/?p=25873\"},\"wordCount\":348,\"commentCount\":0,\"image\":{\"@id\":\"https:\\\/\\\/macite.tg\\\/?p=25873#primaryimage\"},\"thumbnailUrl\":\"https:\\\/\\\/macite.tg\\\/wp-content\\\/uploads\\\/2025\\\/10\\\/image-152.png\",\"articleSection\":[\"ACTUALITE\",\"HOMMAGE\"],\"inLanguage\":\"fr-FR\",\"potentialAction\":[{\"@type\":\"CommentAction\",\"name\":\"Comment\",\"target\":[\"https:\\\/\\\/macite.tg\\\/?p=25873#respond\"]}]},{\"@type\":\"WebPage\",\"@id\":\"https:\\\/\\\/macite.tg\\\/?p=25873\",\"url\":\"https:\\\/\\\/macite.tg\\\/?p=25873\",\"name\":\"COMMEMORATION DES 20 ANS DE DECES D\u2019EYADEMA\u00a0: L\u2019EFOFAT sous les feux des projecteurs les 06 et 07 novembre prochains -\",\"isPartOf\":{\"@id\":\"https:\\\/\\\/macite.tg\\\/#website\"},\"primaryImageOfPage\":{\"@id\":\"https:\\\/\\\/macite.tg\\\/?p=25873#primaryimage\"},\"image\":{\"@id\":\"https:\\\/\\\/macite.tg\\\/?p=25873#primaryimage\"},\"thumbnailUrl\":\"https:\\\/\\\/macite.tg\\\/wp-content\\\/uploads\\\/2025\\\/10\\\/image-152.png\",\"datePublished\":\"2025-10-31T14:57:01+00:00\",\"dateModified\":\"2025-10-31T15:25:24+00:00\",\"author\":{\"@id\":\"https:\\\/\\\/macite.tg\\\/#\\\/schema\\\/person\\\/e9f2de7e5dbbe7770a9402c7ce82f5c2\"},\"breadcrumb\":{\"@id\":\"https:\\\/\\\/macite.tg\\\/?p=25873#breadcrumb\"},\"inLanguage\":\"fr-FR\",\"potentialAction\":[{\"@type\":\"ReadAction\",\"target\":[\"https:\\\/\\\/macite.tg\\\/?p=25873\"]}]},{\"@type\":\"ImageObject\",\"inLanguage\":\"fr-FR\",\"@id\":\"https:\\\/\\\/macite.tg\\\/?p=25873#primaryimage\",\"url\":\"https:\\\/\\\/macite.tg\\\/wp-content\\\/uploads\\\/2025\\\/10\\\/image-152.png\",\"contentUrl\":\"https:\\\/\\\/macite.tg\\\/wp-content\\\/uploads\\\/2025\\\/10\\\/image-152.png\",\"width\":500,\"height\":333,\"caption\":\"Feu G\u00e9n\u00e9ral Pr\u00e9sident Eyad\u00e9ma Gnassingb\u00e9\"},{\"@type\":\"BreadcrumbList\",\"@id\":\"https:\\\/\\\/macite.tg\\\/?p=25873#breadcrumb\",\"itemListElement\":[{\"@type\":\"ListItem\",\"position\":1,\"name\":\"Accueil\",\"item\":\"https:\\\/\\\/macite.tg\\\/\"},{\"@type\":\"ListItem\",\"position\":2,\"name\":\"COMMEMORATION DES 20 ANS DE DECES D\u2019EYADEMA\u00a0: L\u2019EFOFAT sous les feux des projecteurs les 06 et 07 novembre prochains\"}]},{\"@type\":\"WebSite\",\"@id\":\"https:\\\/\\\/macite.tg\\\/#website\",\"url\":\"https:\\\/\\\/macite.tg\\\/\",\"name\":\"\",\"description\":\"L&#039;information, la bonne!!!\",\"potentialAction\":[{\"@type\":\"SearchAction\",\"target\":{\"@type\":\"EntryPoint\",\"urlTemplate\":\"https:\\\/\\\/macite.tg\\\/?s={search_term_string}\"},\"query-input\":{\"@type\":\"PropertyValueSpecification\",\"valueRequired\":true,\"valueName\":\"search_term_string\"}}],\"inLanguage\":\"fr-FR\"},{\"@type\":\"Person\",\"@id\":\"https:\\\/\\\/macite.tg\\\/#\\\/schema\\\/person\\\/e9f2de7e5dbbe7770a9402c7ce82f5c2\",\"name\":\"Jean Pierre BAWELA\",\"image\":{\"@type\":\"ImageObject\",\"inLanguage\":\"fr-FR\",\"@id\":\"https:\\\/\\\/macite.tg\\\/wp-content\\\/uploads\\\/2023\\\/09\\\/WhatsApp-Image-2023-09-19-at-14.44.41-122x122.jpeg\",\"url\":\"https:\\\/\\\/macite.tg\\\/wp-content\\\/uploads\\\/2023\\\/09\\\/WhatsApp-Image-2023-09-19-at-14.44.41-122x122.jpeg\",\"contentUrl\":\"https:\\\/\\\/macite.tg\\\/wp-content\\\/uploads\\\/2023\\\/09\\\/WhatsApp-Image-2023-09-19-at-14.44.41-122x122.jpeg\",\"caption\":\"Jean Pierre BAWELA\"},\"url\":\"https:\\\/\\\/macite.tg\\\/?author=2\"}]}<\/script>\n<!-- \/ Yoast SEO plugin. -->","yoast_head_json":{"title":"COMMEMORATION DES 20 ANS DE DECES D\u2019EYADEMA\u00a0: L\u2019EFOFAT sous les feux des projecteurs les 06 et 07 novembre prochains -","robots":{"index":"index","follow":"follow","max-snippet":"max-snippet:-1","max-image-preview":"max-image-preview:large","max-video-preview":"max-video-preview:-1"},"canonical":"https:\/\/macite.tg\/?p=25873","og_locale":"fr_FR","og_type":"article","og_title":"COMMEMORATION DES 20 ANS DE DECES D\u2019EYADEMA\u00a0: L\u2019EFOFAT sous les feux des projecteurs les 06 et 07 novembre prochains -","og_description":"Dans le cadre de la poursuite des activit\u00e9s comm\u00e9moratives entrant dans le cadre des 20ans du d\u00e9c\u00e8s du P\u00e8re de la Nation, Feu g\u00e9n\u00e9ral Gnassingb\u00e9 Eyad\u00e9ma, il sera organis\u00e9, les jeudi 06 et vendredi 07 novembre prochain, une s\u00e9rie d\u2019activit\u00e9s, sur le site de l\u2019\u00c9cole [&hellip;]","og_url":"https:\/\/macite.tg\/?p=25873","article_published_time":"2025-10-31T14:57:01+00:00","article_modified_time":"2025-10-31T15:25:24+00:00","og_image":[{"width":500,"height":333,"url":"https:\/\/macite.tg\/wp-content\/uploads\/2025\/10\/image-152.png","type":"image\/png"}],"author":"Jean Pierre BAWELA","twitter_card":"summary_large_image","twitter_misc":{"\u00c9crit par":"Jean Pierre BAWELA","Dur\u00e9e de lecture estim\u00e9e":"2 minutes"},"schema":{"@context":"https:\/\/schema.org","@graph":[{"@type":"Article","@id":"https:\/\/macite.tg\/?p=25873#article","isPartOf":{"@id":"https:\/\/macite.tg\/?p=25873"},"author":{"name":"Jean Pierre BAWELA","@id":"https:\/\/macite.tg\/#\/schema\/person\/e9f2de7e5dbbe7770a9402c7ce82f5c2"},"headline":"COMMEMORATION DES 20 ANS DE DECES D\u2019EYADEMA\u00a0: L\u2019EFOFAT sous les feux des projecteurs les 06 et 07 novembre prochains","datePublished":"2025-10-31T14:57:01+00:00","dateModified":"2025-10-31T15:25:24+00:00","mainEntityOfPage":{"@id":"https:\/\/macite.tg\/?p=25873"},"wordCount":348,"commentCount":0,"image":{"@id":"https:\/\/macite.tg\/?p=25873#primaryimage"},"thumbnailUrl":"https:\/\/macite.tg\/wp-content\/uploads\/2025\/10\/image-152.png","articleSection":["ACTUALITE","HOMMAGE"],"inLanguage":"fr-FR","potentialAction":[{"@type":"CommentAction","name":"Comment","target":["https:\/\/macite.tg\/?p=25873#respond"]}]},{"@type":"WebPage","@id":"https:\/\/macite.tg\/?p=25873","url":"https:\/\/macite.tg\/?p=25873","name":"COMMEMORATION DES 20 ANS DE DECES D\u2019EYADEMA\u00a0: L\u2019EFOFAT sous les feux des projecteurs les 06 et 07 novembre prochains -","isPartOf":{"@id":"https:\/\/macite.tg\/#website"},"primaryImageOfPage":{"@id":"https:\/\/macite.tg\/?p=25873#primaryimage"},"image":{"@id":"https:\/\/macite.tg\/?p=25873#primaryimage"},"thumbnailUrl":"https:\/\/macite.tg\/wp-content\/uploads\/2025\/10\/image-152.png","datePublished":"2025-10-31T14:57:01+00:00","dateModified":"2025-10-31T15:25:24+00:00","author":{"@id":"https:\/\/macite.tg\/#\/schema\/person\/e9f2de7e5dbbe7770a9402c7ce82f5c2"},"breadcrumb":{"@id":"https:\/\/macite.tg\/?p=25873#breadcrumb"},"inLanguage":"fr-FR","potentialAction":[{"@type":"ReadAction","target":["https:\/\/macite.tg\/?p=25873"]}]},{"@type":"ImageObject","inLanguage":"fr-FR","@id":"https:\/\/macite.tg\/?p=25873#primaryimage","url":"https:\/\/macite.tg\/wp-content\/uploads\/2025\/10\/image-152.png","contentUrl":"https:\/\/macite.tg\/wp-content\/uploads\/2025\/10\/image-152.png","width":500,"height":333,"caption":"Feu G\u00e9n\u00e9ral Pr\u00e9sident Eyad\u00e9ma Gnassingb\u00e9"},{"@type":"BreadcrumbList","@id":"https:\/\/macite.tg\/?p=25873#breadcrumb","itemListElement":[{"@type":"ListItem","position":1,"name":"Accueil","item":"https:\/\/macite.tg\/"},{"@type":"ListItem","position":2,"name":"COMMEMORATION DES 20 ANS DE DECES D\u2019EYADEMA\u00a0: L\u2019EFOFAT sous les feux des projecteurs les 06 et 07 novembre prochains"}]},{"@type":"WebSite","@id":"https:\/\/macite.tg\/#website","url":"https:\/\/macite.tg\/","name":"","description":"L&#039;information, la bonne!!!","potentialAction":[{"@type":"SearchAction","target":{"@type":"EntryPoint","urlTemplate":"https:\/\/macite.tg\/?s={search_term_string}"},"query-input":{"@type":"PropertyValueSpecification","valueRequired":true,"valueName":"search_term_string"}}],"inLanguage":"fr-FR"},{"@type":"Person","@id":"https:\/\/macite.tg\/#\/schema\/person\/e9f2de7e5dbbe7770a9402c7ce82f5c2","name":"Jean Pierre BAWELA","image":{"@type":"ImageObject","inLanguage":"fr-FR","@id":"https:\/\/macite.tg\/wp-content\/uploads\/2023\/09\/WhatsApp-Image-2023-09-19-at-14.44.41-122x122.jpeg","url":"https:\/\/macite.tg\/wp-content\/uploads\/2023\/09\/WhatsApp-Image-2023-09-19-at-14.44.41-122x122.jpeg","contentUrl":"https:\/\/macite.tg\/wp-content\/uploads\/2023\/09\/WhatsApp-Image-2023-09-19-at-14.44.41-122x122.jpeg","caption":"Jean Pierre BAWELA"},"url":"https:\/\/macite.tg\/?author=2"}]}},"_links":{"self":[{"href":"https:\/\/macite.tg\/index.php?rest_route=\/wp\/v2\/posts\/25873","targetHints":{"allow":["GET"]}}],"collection":[{"href":"https:\/\/macite.tg\/index.php?rest_route=\/wp\/v2\/posts"}],"about":[{"href":"https:\/\/macite.tg\/index.php?rest_route=\/wp\/v2\/types\/post"}],"author":[{"embeddable":true,"href":"https:\/\/macite.tg\/index.php?rest_route=\/wp\/v2\/users\/2"}],"replies":[{"embeddable":true,"href":"https:\/\/macite.tg\/index.php?rest_route=%2Fwp%2Fv2%2Fcomments&post=25873"}],"version-history":[{"count":0,"href":"https:\/\/macite.tg\/index.php?rest_route=\/wp\/v2\/posts\/25873\/revisions"}],"wp:featuredmedia":[{"embeddable":true,"href":"https:\/\/macite.tg\/index.php?rest_route=\/wp\/v2\/media\/25874"}],"wp:attachment":[{"href":"https:\/\/macite.tg\/index.php?rest_route=%2Fwp%2Fv2%2Fmedia&parent=25873"}],"wp:term":[{"taxonomy":"category","embeddable":true,"href":"https:\/\/macite.tg\/index.php?rest_route=%2Fwp%2Fv2%2Fcategories&post=25873"},{"taxonomy":"post_tag","embeddable":true,"href":"https:\/\/macite.tg\/index.php?rest_route=%2Fwp%2Fv2%2Ftags&post=25873"}],"curies":[{"name":"wp","href":"https:\/\/api.w.org\/{rel}","templated":true}]}}