{"id":25859,"date":"2025-10-31T11:36:33","date_gmt":"2025-10-31T11:36:33","guid":{"rendered":"https:\/\/macite.tg\/?p=25859"},"modified":"2025-10-31T11:47:15","modified_gmt":"2025-10-31T11:47:15","slug":"cooperation-bilaterale-paris-et-lome-engages-pour-un-partenariat-renouvele-fonde-sur-la-confiance-mutuelle","status":"publish","type":"post","link":"https:\/\/macite.tg\/?p=25859","title":{"rendered":"COOPERATION BILATERALE : Paris et Lom\u00e9 engag\u00e9s pour un partenariat renouvel\u00e9, fond\u00e9 sur la confiance mutuelle"},"content":{"rendered":"\n<p class=\"wp-block-paragraph\"><strong><em>En s\u00e9jour dans la capitale fran\u00e7aise dans le cadre de la Conf\u00e9rence minist\u00e9rielle pour la paix et la stabilit\u00e9 \u00e0 l\u2019Est de la RDC, le Pr\u00e9sident du Conseil, Faure Essozimna Gnassingb\u00e9, a eu un entretien en t\u00eate-\u00e0-t\u00eate, hier jeudi 30 octobre au Palais de l\u2019Elys\u00e9e, avec le Pr\u00e9sident fran\u00e7ais, Emmanuel Macron.<\/em><\/strong><\/p>\n\n\n\n<p class=\"wp-block-paragraph\">Les deux dirigeant ont, lors des discussions, abord\u00e9 les relations bilat\u00e9rales dans les domaines diplomatique, \u00e9conomique, s\u00e9curitaire et social.<\/p>\n\n\n<div class=\"wp-block-image\">\n<figure class=\"aligncenter size-large\"><img loading=\"lazy\" decoding=\"async\" width=\"1024\" height=\"426\" src=\"https:\/\/macite.tg\/wp-content\/uploads\/2025\/10\/OTR_Depreciation-1024x426.jpg\" alt=\"\" class=\"wp-image-25740\" srcset=\"https:\/\/macite.tg\/wp-content\/uploads\/2025\/10\/OTR_Depreciation-1024x426.jpg 1024w, https:\/\/macite.tg\/wp-content\/uploads\/2025\/10\/OTR_Depreciation-300x125.jpg 300w, https:\/\/macite.tg\/wp-content\/uploads\/2025\/10\/OTR_Depreciation-768x320.jpg 768w, https:\/\/macite.tg\/wp-content\/uploads\/2025\/10\/OTR_Depreciation.jpg 1132w\" sizes=\"auto, (max-width: 1024px) 100vw, 1024px\" \/><\/figure>\n<\/div>\n\n\n<p class=\"wp-block-paragraph\">Faure Gnassingb\u00e9 et Emmanuel Macron ont saisi l\u2019occasion pour exprimer leur volont\u00e9 commune de d\u00e9finir un partenariat renouvel\u00e9, fond\u00e9 sur la confiance mutuelle et l\u2019int\u00e9r\u00eat commun des deux peuples.<\/p>\n\n\n\n<p class=\"wp-block-paragraph\">Au sujet de la dynamique s\u00e9curitaire sur le continent, une action bien men\u00e9e par Lom\u00e9, les deux personnalit\u00e9s ont proc\u00e9d\u00e9 \u00e0 un \u00e9change de points de vue dans l\u2019optique d\u2019une action unitaire mais inclusives des diff\u00e9rentes parties concern\u00e9es.<\/p>\n\n\n<div class=\"wp-block-image\">\n<figure class=\"aligncenter size-full is-resized\"><img loading=\"lazy\" decoding=\"async\" width=\"509\" height=\"720\" src=\"https:\/\/macite.tg\/wp-content\/uploads\/2025\/10\/OTR_22OC_FONCIER.jpg\" alt=\"\" class=\"wp-image-25842\" style=\"width:613px;height:auto\" srcset=\"https:\/\/macite.tg\/wp-content\/uploads\/2025\/10\/OTR_22OC_FONCIER.jpg 509w, https:\/\/macite.tg\/wp-content\/uploads\/2025\/10\/OTR_22OC_FONCIER-212x300.jpg 212w\" sizes=\"auto, (max-width: 509px) 100vw, 509px\" \/><\/figure>\n<\/div>\n\n\n<p class=\"wp-block-paragraph\">Notons que cette rencontre se situe dans le sillage de la Conf\u00e9rence internationale de paix organis\u00e9e \u00e0 Paris sur l\u2019initiative conjointe de Paris et Lom\u00e9. cette Conf\u00e9rence se veut de mobiliser la communaut\u00e9 internationale pour une action conjointe et inclusive sur la situation humanitaire critique dans la r\u00e9gion des Grands Lacs, notamment \u00e0 l\u2019Est de la R\u00e9publique D\u00e9mocratique du Congo (RDC).<\/p>\n\n\n\n<p class=\"wp-block-paragraph\"><strong>La R\u00e9daction<\/strong><\/p>\n\n\n\n<p class=\"wp-block-paragraph\"><a><strong><em>@macite.tg&nbsp;&nbsp;&nbsp;&nbsp;&nbsp;&nbsp;&nbsp;&nbsp;<\/em><\/strong><\/a><\/p>\n\n\n\n<p class=\"wp-block-paragraph\"><strong><em>E-mail&nbsp;: <\/em><\/strong><a href=\"mailto:maciteinfo@gmail.com\"><strong><em>maciteinfo@gmail.com<\/em><\/strong><\/a><strong><em>; <\/em><\/strong><a href=\"mailto:bawela1@gmail.com\"><strong><em>bawela1@gmail.com<\/em><\/strong><\/a><strong><em><\/em><\/strong><\/p>\n\n\n\n<p class=\"wp-block-paragraph\"><strong><em>Pour vos annonces, (publi)reportages, etc., joignez-nous au (00228)91515309\/<strong>79872224 <\/strong><strong><\/strong><\/em><\/strong><\/p>\n\n\n\n<p class=\"wp-block-paragraph\"><strong><em>www.macite.tg, L\u2019information, la bonne&nbsp;!<\/em><\/strong><\/p>\n\n\n\n<p class=\"wp-block-paragraph\"><\/p>\n","protected":false},"excerpt":{"rendered":"<p class=\"text-justify mb-2\" >En s\u00e9jour dans la capitale fran\u00e7aise dans le cadre de la Conf\u00e9rence minist\u00e9rielle pour la paix et la stabilit\u00e9 \u00e0 l\u2019Est de la RDC, le Pr\u00e9sident du Conseil, Faure Essozimna Gnassingb\u00e9, a eu un entretien en t\u00eate-\u00e0-t\u00eate, hier jeudi 30 octobre au Palais de l\u2019Elys\u00e9e, [&hellip;]<\/p>\n","protected":false},"author":2,"featured_media":25861,"comment_status":"open","ping_status":"open","sticky":false,"template":"","format":"standard","meta":{"footnotes":""},"categories":[20,8],"tags":[],"class_list":["post-25859","post","type-post","status-publish","format-standard","has-post-thumbnail","hentry","category-actualite","category-diplomatie"],"yoast_head":"<!-- This site is optimized with the Yoast SEO plugin v28.4 - https:\/\/yoast.com\/product\/yoast-seo-wordpress\/ -->\n<title>COOPERATION BILATERALE : Paris et Lom\u00e9 engag\u00e9s pour un partenariat renouvel\u00e9, fond\u00e9 sur la confiance mutuelle -<\/title>\n<meta name=\"robots\" content=\"index, follow, max-snippet:-1, max-image-preview:large, max-video-preview:-1\" \/>\n<link rel=\"canonical\" href=\"https:\/\/macite.tg\/?p=25859\" \/>\n<meta property=\"og:locale\" content=\"fr_FR\" \/>\n<meta property=\"og:type\" content=\"article\" \/>\n<meta property=\"og:title\" content=\"COOPERATION BILATERALE : Paris et Lom\u00e9 engag\u00e9s pour un partenariat renouvel\u00e9, fond\u00e9 sur la confiance mutuelle -\" \/>\n<meta property=\"og:description\" content=\"En s\u00e9jour dans la capitale fran\u00e7aise dans le cadre de la Conf\u00e9rence minist\u00e9rielle pour la paix et la stabilit\u00e9 \u00e0 l\u2019Est de la RDC, le Pr\u00e9sident du Conseil, Faure Essozimna Gnassingb\u00e9, a eu un entretien en t\u00eate-\u00e0-t\u00eate, hier jeudi 30 octobre au Palais de l\u2019Elys\u00e9e, [&hellip;]\" \/>\n<meta property=\"og:url\" content=\"https:\/\/macite.tg\/?p=25859\" \/>\n<meta property=\"article:published_time\" content=\"2025-10-31T11:36:33+00:00\" \/>\n<meta property=\"article:modified_time\" content=\"2025-10-31T11:47:15+00:00\" \/>\n<meta property=\"og:image\" content=\"https:\/\/macite.tg\/wp-content\/uploads\/2025\/10\/2621ae4c-4755-479b-b4b6-39adbf292275.jpg\" \/>\n\t<meta property=\"og:image:width\" content=\"500\" \/>\n\t<meta property=\"og:image:height\" content=\"366\" \/>\n\t<meta property=\"og:image:type\" content=\"image\/jpeg\" \/>\n<meta name=\"author\" content=\"Jean Pierre BAWELA\" \/>\n<meta name=\"twitter:card\" content=\"summary_large_image\" \/>\n<meta name=\"twitter:label1\" content=\"\u00c9crit par\" \/>\n\t<meta name=\"twitter:data1\" content=\"Jean Pierre BAWELA\" \/>\n\t<meta name=\"twitter:label2\" content=\"Dur\u00e9e de lecture estim\u00e9e\" \/>\n\t<meta name=\"twitter:data2\" content=\"2 minutes\" \/>\n<script type=\"application\/ld+json\" class=\"yoast-schema-graph\">{\"@context\":\"https:\\\/\\\/schema.org\",\"@graph\":[{\"@type\":\"Article\",\"@id\":\"https:\\\/\\\/macite.tg\\\/?p=25859#article\",\"isPartOf\":{\"@id\":\"https:\\\/\\\/macite.tg\\\/?p=25859\"},\"author\":{\"name\":\"Jean Pierre BAWELA\",\"@id\":\"https:\\\/\\\/macite.tg\\\/#\\\/schema\\\/person\\\/e9f2de7e5dbbe7770a9402c7ce82f5c2\"},\"headline\":\"COOPERATION BILATERALE : Paris et Lom\u00e9 engag\u00e9s pour un partenariat renouvel\u00e9, fond\u00e9 sur la confiance mutuelle\",\"datePublished\":\"2025-10-31T11:36:33+00:00\",\"dateModified\":\"2025-10-31T11:47:15+00:00\",\"mainEntityOfPage\":{\"@id\":\"https:\\\/\\\/macite.tg\\\/?p=25859\"},\"wordCount\":282,\"commentCount\":0,\"image\":{\"@id\":\"https:\\\/\\\/macite.tg\\\/?p=25859#primaryimage\"},\"thumbnailUrl\":\"https:\\\/\\\/macite.tg\\\/wp-content\\\/uploads\\\/2025\\\/10\\\/2621ae4c-4755-479b-b4b6-39adbf292275.jpg\",\"articleSection\":[\"ACTUALITE\",\"DIPLOMATIE\"],\"inLanguage\":\"fr-FR\",\"potentialAction\":[{\"@type\":\"CommentAction\",\"name\":\"Comment\",\"target\":[\"https:\\\/\\\/macite.tg\\\/?p=25859#respond\"]}]},{\"@type\":\"WebPage\",\"@id\":\"https:\\\/\\\/macite.tg\\\/?p=25859\",\"url\":\"https:\\\/\\\/macite.tg\\\/?p=25859\",\"name\":\"COOPERATION BILATERALE : Paris et Lom\u00e9 engag\u00e9s pour un partenariat renouvel\u00e9, fond\u00e9 sur la confiance mutuelle -\",\"isPartOf\":{\"@id\":\"https:\\\/\\\/macite.tg\\\/#website\"},\"primaryImageOfPage\":{\"@id\":\"https:\\\/\\\/macite.tg\\\/?p=25859#primaryimage\"},\"image\":{\"@id\":\"https:\\\/\\\/macite.tg\\\/?p=25859#primaryimage\"},\"thumbnailUrl\":\"https:\\\/\\\/macite.tg\\\/wp-content\\\/uploads\\\/2025\\\/10\\\/2621ae4c-4755-479b-b4b6-39adbf292275.jpg\",\"datePublished\":\"2025-10-31T11:36:33+00:00\",\"dateModified\":\"2025-10-31T11:47:15+00:00\",\"author\":{\"@id\":\"https:\\\/\\\/macite.tg\\\/#\\\/schema\\\/person\\\/e9f2de7e5dbbe7770a9402c7ce82f5c2\"},\"breadcrumb\":{\"@id\":\"https:\\\/\\\/macite.tg\\\/?p=25859#breadcrumb\"},\"inLanguage\":\"fr-FR\",\"potentialAction\":[{\"@type\":\"ReadAction\",\"target\":[\"https:\\\/\\\/macite.tg\\\/?p=25859\"]}]},{\"@type\":\"ImageObject\",\"inLanguage\":\"fr-FR\",\"@id\":\"https:\\\/\\\/macite.tg\\\/?p=25859#primaryimage\",\"url\":\"https:\\\/\\\/macite.tg\\\/wp-content\\\/uploads\\\/2025\\\/10\\\/2621ae4c-4755-479b-b4b6-39adbf292275.jpg\",\"contentUrl\":\"https:\\\/\\\/macite.tg\\\/wp-content\\\/uploads\\\/2025\\\/10\\\/2621ae4c-4755-479b-b4b6-39adbf292275.jpg\",\"width\":500,\"height\":366},{\"@type\":\"BreadcrumbList\",\"@id\":\"https:\\\/\\\/macite.tg\\\/?p=25859#breadcrumb\",\"itemListElement\":[{\"@type\":\"ListItem\",\"position\":1,\"name\":\"Accueil\",\"item\":\"https:\\\/\\\/macite.tg\\\/\"},{\"@type\":\"ListItem\",\"position\":2,\"name\":\"COOPERATION BILATERALE : Paris et Lom\u00e9 engag\u00e9s pour un partenariat renouvel\u00e9, fond\u00e9 sur la confiance mutuelle\"}]},{\"@type\":\"WebSite\",\"@id\":\"https:\\\/\\\/macite.tg\\\/#website\",\"url\":\"https:\\\/\\\/macite.tg\\\/\",\"name\":\"\",\"description\":\"L&#039;information, la bonne!!!\",\"potentialAction\":[{\"@type\":\"SearchAction\",\"target\":{\"@type\":\"EntryPoint\",\"urlTemplate\":\"https:\\\/\\\/macite.tg\\\/?s={search_term_string}\"},\"query-input\":{\"@type\":\"PropertyValueSpecification\",\"valueRequired\":true,\"valueName\":\"search_term_string\"}}],\"inLanguage\":\"fr-FR\"},{\"@type\":\"Person\",\"@id\":\"https:\\\/\\\/macite.tg\\\/#\\\/schema\\\/person\\\/e9f2de7e5dbbe7770a9402c7ce82f5c2\",\"name\":\"Jean Pierre BAWELA\",\"image\":{\"@type\":\"ImageObject\",\"inLanguage\":\"fr-FR\",\"@id\":\"https:\\\/\\\/macite.tg\\\/wp-content\\\/uploads\\\/2023\\\/09\\\/WhatsApp-Image-2023-09-19-at-14.44.41-122x122.jpeg\",\"url\":\"https:\\\/\\\/macite.tg\\\/wp-content\\\/uploads\\\/2023\\\/09\\\/WhatsApp-Image-2023-09-19-at-14.44.41-122x122.jpeg\",\"contentUrl\":\"https:\\\/\\\/macite.tg\\\/wp-content\\\/uploads\\\/2023\\\/09\\\/WhatsApp-Image-2023-09-19-at-14.44.41-122x122.jpeg\",\"caption\":\"Jean Pierre BAWELA\"},\"url\":\"https:\\\/\\\/macite.tg\\\/?author=2\"}]}<\/script>\n<!-- \/ Yoast SEO plugin. -->","yoast_head_json":{"title":"COOPERATION BILATERALE : Paris et Lom\u00e9 engag\u00e9s pour un partenariat renouvel\u00e9, fond\u00e9 sur la confiance mutuelle -","robots":{"index":"index","follow":"follow","max-snippet":"max-snippet:-1","max-image-preview":"max-image-preview:large","max-video-preview":"max-video-preview:-1"},"canonical":"https:\/\/macite.tg\/?p=25859","og_locale":"fr_FR","og_type":"article","og_title":"COOPERATION BILATERALE : Paris et Lom\u00e9 engag\u00e9s pour un partenariat renouvel\u00e9, fond\u00e9 sur la confiance mutuelle -","og_description":"En s\u00e9jour dans la capitale fran\u00e7aise dans le cadre de la Conf\u00e9rence minist\u00e9rielle pour la paix et la stabilit\u00e9 \u00e0 l\u2019Est de la RDC, le Pr\u00e9sident du Conseil, Faure Essozimna Gnassingb\u00e9, a eu un entretien en t\u00eate-\u00e0-t\u00eate, hier jeudi 30 octobre au Palais de l\u2019Elys\u00e9e, [&hellip;]","og_url":"https:\/\/macite.tg\/?p=25859","article_published_time":"2025-10-31T11:36:33+00:00","article_modified_time":"2025-10-31T11:47:15+00:00","og_image":[{"width":500,"height":366,"url":"https:\/\/macite.tg\/wp-content\/uploads\/2025\/10\/2621ae4c-4755-479b-b4b6-39adbf292275.jpg","type":"image\/jpeg"}],"author":"Jean Pierre BAWELA","twitter_card":"summary_large_image","twitter_misc":{"\u00c9crit par":"Jean Pierre BAWELA","Dur\u00e9e de lecture estim\u00e9e":"2 minutes"},"schema":{"@context":"https:\/\/schema.org","@graph":[{"@type":"Article","@id":"https:\/\/macite.tg\/?p=25859#article","isPartOf":{"@id":"https:\/\/macite.tg\/?p=25859"},"author":{"name":"Jean Pierre BAWELA","@id":"https:\/\/macite.tg\/#\/schema\/person\/e9f2de7e5dbbe7770a9402c7ce82f5c2"},"headline":"COOPERATION BILATERALE : Paris et Lom\u00e9 engag\u00e9s pour un partenariat renouvel\u00e9, fond\u00e9 sur la confiance mutuelle","datePublished":"2025-10-31T11:36:33+00:00","dateModified":"2025-10-31T11:47:15+00:00","mainEntityOfPage":{"@id":"https:\/\/macite.tg\/?p=25859"},"wordCount":282,"commentCount":0,"image":{"@id":"https:\/\/macite.tg\/?p=25859#primaryimage"},"thumbnailUrl":"https:\/\/macite.tg\/wp-content\/uploads\/2025\/10\/2621ae4c-4755-479b-b4b6-39adbf292275.jpg","articleSection":["ACTUALITE","DIPLOMATIE"],"inLanguage":"fr-FR","potentialAction":[{"@type":"CommentAction","name":"Comment","target":["https:\/\/macite.tg\/?p=25859#respond"]}]},{"@type":"WebPage","@id":"https:\/\/macite.tg\/?p=25859","url":"https:\/\/macite.tg\/?p=25859","name":"COOPERATION BILATERALE : Paris et Lom\u00e9 engag\u00e9s pour un partenariat renouvel\u00e9, fond\u00e9 sur la confiance mutuelle -","isPartOf":{"@id":"https:\/\/macite.tg\/#website"},"primaryImageOfPage":{"@id":"https:\/\/macite.tg\/?p=25859#primaryimage"},"image":{"@id":"https:\/\/macite.tg\/?p=25859#primaryimage"},"thumbnailUrl":"https:\/\/macite.tg\/wp-content\/uploads\/2025\/10\/2621ae4c-4755-479b-b4b6-39adbf292275.jpg","datePublished":"2025-10-31T11:36:33+00:00","dateModified":"2025-10-31T11:47:15+00:00","author":{"@id":"https:\/\/macite.tg\/#\/schema\/person\/e9f2de7e5dbbe7770a9402c7ce82f5c2"},"breadcrumb":{"@id":"https:\/\/macite.tg\/?p=25859#breadcrumb"},"inLanguage":"fr-FR","potentialAction":[{"@type":"ReadAction","target":["https:\/\/macite.tg\/?p=25859"]}]},{"@type":"ImageObject","inLanguage":"fr-FR","@id":"https:\/\/macite.tg\/?p=25859#primaryimage","url":"https:\/\/macite.tg\/wp-content\/uploads\/2025\/10\/2621ae4c-4755-479b-b4b6-39adbf292275.jpg","contentUrl":"https:\/\/macite.tg\/wp-content\/uploads\/2025\/10\/2621ae4c-4755-479b-b4b6-39adbf292275.jpg","width":500,"height":366},{"@type":"BreadcrumbList","@id":"https:\/\/macite.tg\/?p=25859#breadcrumb","itemListElement":[{"@type":"ListItem","position":1,"name":"Accueil","item":"https:\/\/macite.tg\/"},{"@type":"ListItem","position":2,"name":"COOPERATION BILATERALE : Paris et Lom\u00e9 engag\u00e9s pour un partenariat renouvel\u00e9, fond\u00e9 sur la confiance mutuelle"}]},{"@type":"WebSite","@id":"https:\/\/macite.tg\/#website","url":"https:\/\/macite.tg\/","name":"","description":"L&#039;information, la bonne!!!","potentialAction":[{"@type":"SearchAction","target":{"@type":"EntryPoint","urlTemplate":"https:\/\/macite.tg\/?s={search_term_string}"},"query-input":{"@type":"PropertyValueSpecification","valueRequired":true,"valueName":"search_term_string"}}],"inLanguage":"fr-FR"},{"@type":"Person","@id":"https:\/\/macite.tg\/#\/schema\/person\/e9f2de7e5dbbe7770a9402c7ce82f5c2","name":"Jean Pierre BAWELA","image":{"@type":"ImageObject","inLanguage":"fr-FR","@id":"https:\/\/macite.tg\/wp-content\/uploads\/2023\/09\/WhatsApp-Image-2023-09-19-at-14.44.41-122x122.jpeg","url":"https:\/\/macite.tg\/wp-content\/uploads\/2023\/09\/WhatsApp-Image-2023-09-19-at-14.44.41-122x122.jpeg","contentUrl":"https:\/\/macite.tg\/wp-content\/uploads\/2023\/09\/WhatsApp-Image-2023-09-19-at-14.44.41-122x122.jpeg","caption":"Jean Pierre BAWELA"},"url":"https:\/\/macite.tg\/?author=2"}]}},"_links":{"self":[{"href":"https:\/\/macite.tg\/index.php?rest_route=\/wp\/v2\/posts\/25859","targetHints":{"allow":["GET"]}}],"collection":[{"href":"https:\/\/macite.tg\/index.php?rest_route=\/wp\/v2\/posts"}],"about":[{"href":"https:\/\/macite.tg\/index.php?rest_route=\/wp\/v2\/types\/post"}],"author":[{"embeddable":true,"href":"https:\/\/macite.tg\/index.php?rest_route=\/wp\/v2\/users\/2"}],"replies":[{"embeddable":true,"href":"https:\/\/macite.tg\/index.php?rest_route=%2Fwp%2Fv2%2Fcomments&post=25859"}],"version-history":[{"count":0,"href":"https:\/\/macite.tg\/index.php?rest_route=\/wp\/v2\/posts\/25859\/revisions"}],"wp:featuredmedia":[{"embeddable":true,"href":"https:\/\/macite.tg\/index.php?rest_route=\/wp\/v2\/media\/25861"}],"wp:attachment":[{"href":"https:\/\/macite.tg\/index.php?rest_route=%2Fwp%2Fv2%2Fmedia&parent=25859"}],"wp:term":[{"taxonomy":"category","embeddable":true,"href":"https:\/\/macite.tg\/index.php?rest_route=%2Fwp%2Fv2%2Fcategories&post=25859"},{"taxonomy":"post_tag","embeddable":true,"href":"https:\/\/macite.tg\/index.php?rest_route=%2Fwp%2Fv2%2Ftags&post=25859"}],"curies":[{"name":"wp","href":"https:\/\/api.w.org\/{rel}","templated":true}]}}