{"id":25855,"date":"2025-10-31T11:10:21","date_gmt":"2025-10-31T11:10:21","guid":{"rendered":"https:\/\/macite.tg\/?p=25855"},"modified":"2025-10-31T11:10:30","modified_gmt":"2025-10-31T11:10:30","slug":"paix-et-stabilite-dans-la-region-des-grands-lacs-en-prelude-a-la-conference-de-paris-une-rencontre-tripartite-a-jete-les-bases","status":"publish","type":"post","link":"https:\/\/macite.tg\/?p=25855","title":{"rendered":"PAIX ET STABILITE DANS LA REGION DES GRANDS LACS\u00a0: En pr\u00e9lude \u00e0 la Conf\u00e9rence de Paris, une rencontre tripartite a jet\u00e9 les bases"},"content":{"rendered":"\n<p class=\"wp-block-paragraph\"><strong><em>La capitale fran\u00e7aise a \u00e9t\u00e9 hier, jeudi 30 octobre, l\u2019\u00e9picentre de toute l\u2019attention de la communaut\u00e9 africaine d\u00e9sireuse du retour de la paix et de la qui\u00e9tude dans a r\u00e9gion des Grands Lacs. En effet, en pr\u00e9lude \u00e0 la Conf\u00e9rence sur la paix dans cette r\u00e9gion, une importante rencontre a eu lieu \u00e0 l\u2019Elys\u00e9e, pour une s\u00e9ance de travail.<\/em><\/strong><\/p>\n\n\n\n<p class=\"wp-block-paragraph\">Cette rencontre pr\u00e9paratoire, qui s\u2019inscrit dans le cadre des efforts diplomatiques conjoints visant \u00e0 promouvoir une approche concert\u00e9e et durable de la paix dans la r\u00e9gion des Grands Lacs, a r\u00e9uni autour d\u2019une m\u00eame table, le pr\u00e9sident fran\u00e7ais Emmanuel Macron, le Pr\u00e9sident du Conseil, Faure Essozimna Gnassingb\u00e9, M\u00e9diateur de l\u2019Union Africaine (UA) pour la RDC, et le pr\u00e9sident congolais, F\u00e9lix-Antoine Tshisekedi Tshilombo.&nbsp;<\/p>\n\n\n<div class=\"wp-block-image\">\n<figure class=\"aligncenter size-large\"><img loading=\"lazy\" decoding=\"async\" width=\"1024\" height=\"426\" src=\"https:\/\/macite.tg\/wp-content\/uploads\/2025\/10\/OTR_Depreciation-1024x426.jpg\" alt=\"\" class=\"wp-image-25740\" srcset=\"https:\/\/macite.tg\/wp-content\/uploads\/2025\/10\/OTR_Depreciation-1024x426.jpg 1024w, https:\/\/macite.tg\/wp-content\/uploads\/2025\/10\/OTR_Depreciation-300x125.jpg 300w, https:\/\/macite.tg\/wp-content\/uploads\/2025\/10\/OTR_Depreciation-768x320.jpg 768w, https:\/\/macite.tg\/wp-content\/uploads\/2025\/10\/OTR_Depreciation.jpg 1132w\" sizes=\"auto, (max-width: 1024px) 100vw, 1024px\" \/><\/figure>\n<\/div>\n\n\n<p class=\"wp-block-paragraph\">Au menu des sujets abord\u00e9s, la situation s\u00e9curitaire et humanitaire dans l\u2019Est de la RDC, et les d\u00e9fis persistants li\u00e9s aux tensions et \u00e0 l\u2019instabilit\u00e9 de la r\u00e9gion.<\/p>\n\n\n\n<p class=\"wp-block-paragraph\">Cette s\u00e9ance de travail a permis au M\u00e9diateur de l\u2019UA, Faure Gnassingb\u00e9, et ses pairs de r\u00e9affirm\u00e9 leur ferme volont\u00e9 de renforcer la coordination r\u00e9gionale et d\u2019appuyer les initiatives de l\u2019Union africaine pour une stabilisation durable des Grands Lacs.&nbsp;<\/p>\n\n\n<div class=\"wp-block-image\">\n<figure class=\"aligncenter size-full is-resized\"><img loading=\"lazy\" decoding=\"async\" width=\"509\" height=\"720\" src=\"https:\/\/macite.tg\/wp-content\/uploads\/2025\/10\/OTR_22OC_FONCIER.jpg\" alt=\"\" class=\"wp-image-25842\" style=\"width:685px;height:auto\" srcset=\"https:\/\/macite.tg\/wp-content\/uploads\/2025\/10\/OTR_22OC_FONCIER.jpg 509w, https:\/\/macite.tg\/wp-content\/uploads\/2025\/10\/OTR_22OC_FONCIER-212x300.jpg 212w\" sizes=\"auto, (max-width: 509px) 100vw, 509px\" \/><\/figure>\n<\/div>\n\n\n<p class=\"wp-block-paragraph\">Tout en soulignant la n\u00e9cessit\u00e9 de maintenir un dialogue inclusif, les participants \u00e0 cette rencontre strat\u00e9gique ont appel\u00e9 la communaut\u00e9 internationale \u00e0 se fondre dans la dynamique enclench\u00e9e par l\u2019Union africaine dans ce dossier, ceci afin d\u2019un retour rapide de la paix<\/p>\n\n\n\n<p class=\"wp-block-paragraph\"><strong>La R\u00e9daction<\/strong><\/p>\n\n\n\n<p class=\"wp-block-paragraph\"><a><strong><em>@macite.tg&nbsp;&nbsp;&nbsp;&nbsp;&nbsp;&nbsp;&nbsp;&nbsp;<\/em><\/strong><\/a><\/p>\n\n\n\n<p class=\"wp-block-paragraph\"><strong><em>E-mail&nbsp;: <\/em><\/strong><a href=\"mailto:maciteinfo@gmail.com\"><strong><em>maciteinfo@gmail.com<\/em><\/strong><\/a><strong><em>; <\/em><\/strong><a href=\"mailto:bawela1@gmail.com\"><strong><em>bawela1@gmail.com<\/em><\/strong><\/a><strong><em><\/em><\/strong><\/p>\n\n\n\n<p class=\"wp-block-paragraph\"><strong><em>Pour vos annonces, (publi)reportages, etc., joignez-nous au (00228)91515309\/<strong>79872224 <\/strong><strong><\/strong><\/em><\/strong><\/p>\n\n\n\n<p class=\"wp-block-paragraph\"><strong><em>www.macite.tg, L\u2019information, la bonne&nbsp;!<\/em><\/strong><\/p>\n\n\n\n<p class=\"wp-block-paragraph\"><\/p>\n","protected":false},"excerpt":{"rendered":"<p class=\"text-justify mb-2\" >La capitale fran\u00e7aise a \u00e9t\u00e9 hier, jeudi 30 octobre, l\u2019\u00e9picentre de toute l\u2019attention de la communaut\u00e9 africaine d\u00e9sireuse du retour de la paix et de la qui\u00e9tude dans a r\u00e9gion des Grands Lacs. En effet, en pr\u00e9lude \u00e0 la Conf\u00e9rence sur la paix dans cette [&hellip;]<\/p>\n","protected":false},"author":2,"featured_media":25858,"comment_status":"open","ping_status":"open","sticky":false,"template":"","format":"standard","meta":{"footnotes":""},"categories":[20,70],"tags":[],"class_list":["post-25855","post","type-post","status-publish","format-standard","has-post-thumbnail","hentry","category-actualite","category-paix-securite"],"yoast_head":"<!-- This site is optimized with the Yoast SEO plugin v28.4 - https:\/\/yoast.com\/product\/yoast-seo-wordpress\/ -->\n<title>PAIX ET STABILITE DANS LA REGION DES GRANDS LACS\u00a0: En pr\u00e9lude \u00e0 la Conf\u00e9rence de Paris, une rencontre tripartite a jet\u00e9 les bases -<\/title>\n<meta name=\"robots\" content=\"index, follow, max-snippet:-1, max-image-preview:large, max-video-preview:-1\" \/>\n<link rel=\"canonical\" href=\"https:\/\/macite.tg\/?p=25855\" \/>\n<meta property=\"og:locale\" content=\"fr_FR\" \/>\n<meta property=\"og:type\" content=\"article\" \/>\n<meta property=\"og:title\" content=\"PAIX ET STABILITE DANS LA REGION DES GRANDS LACS\u00a0: En pr\u00e9lude \u00e0 la Conf\u00e9rence de Paris, une rencontre tripartite a jet\u00e9 les bases -\" \/>\n<meta property=\"og:description\" content=\"La capitale fran\u00e7aise a \u00e9t\u00e9 hier, jeudi 30 octobre, l\u2019\u00e9picentre de toute l\u2019attention de la communaut\u00e9 africaine d\u00e9sireuse du retour de la paix et de la qui\u00e9tude dans a r\u00e9gion des Grands Lacs. En effet, en pr\u00e9lude \u00e0 la Conf\u00e9rence sur la paix dans cette [&hellip;]\" \/>\n<meta property=\"og:url\" content=\"https:\/\/macite.tg\/?p=25855\" \/>\n<meta property=\"article:published_time\" content=\"2025-10-31T11:10:21+00:00\" \/>\n<meta property=\"article:modified_time\" content=\"2025-10-31T11:10:30+00:00\" \/>\n<meta property=\"og:image\" content=\"https:\/\/macite.tg\/wp-content\/uploads\/2025\/10\/Une-rencontre-tripartite-en-prelude-a-la-Conference-sur-la-paix-dans-la-region-des-Grands-Lacs.jpg\" \/>\n\t<meta property=\"og:image:width\" content=\"500\" \/>\n\t<meta property=\"og:image:height\" content=\"333\" \/>\n\t<meta property=\"og:image:type\" content=\"image\/jpeg\" \/>\n<meta name=\"author\" content=\"Jean Pierre BAWELA\" \/>\n<meta name=\"twitter:card\" content=\"summary_large_image\" \/>\n<meta name=\"twitter:label1\" content=\"\u00c9crit par\" \/>\n\t<meta name=\"twitter:data1\" content=\"Jean Pierre BAWELA\" \/>\n\t<meta name=\"twitter:label2\" content=\"Dur\u00e9e de lecture estim\u00e9e\" \/>\n\t<meta name=\"twitter:data2\" content=\"2 minutes\" \/>\n<script type=\"application\/ld+json\" class=\"yoast-schema-graph\">{\"@context\":\"https:\\\/\\\/schema.org\",\"@graph\":[{\"@type\":\"Article\",\"@id\":\"https:\\\/\\\/macite.tg\\\/?p=25855#article\",\"isPartOf\":{\"@id\":\"https:\\\/\\\/macite.tg\\\/?p=25855\"},\"author\":{\"name\":\"Jean Pierre BAWELA\",\"@id\":\"https:\\\/\\\/macite.tg\\\/#\\\/schema\\\/person\\\/e9f2de7e5dbbe7770a9402c7ce82f5c2\"},\"headline\":\"PAIX ET STABILITE DANS LA REGION DES GRANDS LACS\u00a0: En pr\u00e9lude \u00e0 la Conf\u00e9rence de Paris, une rencontre tripartite a jet\u00e9 les bases\",\"datePublished\":\"2025-10-31T11:10:21+00:00\",\"dateModified\":\"2025-10-31T11:10:30+00:00\",\"mainEntityOfPage\":{\"@id\":\"https:\\\/\\\/macite.tg\\\/?p=25855\"},\"wordCount\":331,\"commentCount\":0,\"image\":{\"@id\":\"https:\\\/\\\/macite.tg\\\/?p=25855#primaryimage\"},\"thumbnailUrl\":\"https:\\\/\\\/macite.tg\\\/wp-content\\\/uploads\\\/2025\\\/10\\\/Une-rencontre-tripartite-en-prelude-a-la-Conference-sur-la-paix-dans-la-region-des-Grands-Lacs.jpg\",\"articleSection\":[\"ACTUALITE\",\"PAIX &amp; SECURITE\"],\"inLanguage\":\"fr-FR\",\"potentialAction\":[{\"@type\":\"CommentAction\",\"name\":\"Comment\",\"target\":[\"https:\\\/\\\/macite.tg\\\/?p=25855#respond\"]}]},{\"@type\":\"WebPage\",\"@id\":\"https:\\\/\\\/macite.tg\\\/?p=25855\",\"url\":\"https:\\\/\\\/macite.tg\\\/?p=25855\",\"name\":\"PAIX ET STABILITE DANS LA REGION DES GRANDS LACS\u00a0: En pr\u00e9lude \u00e0 la Conf\u00e9rence de Paris, une rencontre tripartite a jet\u00e9 les bases -\",\"isPartOf\":{\"@id\":\"https:\\\/\\\/macite.tg\\\/#website\"},\"primaryImageOfPage\":{\"@id\":\"https:\\\/\\\/macite.tg\\\/?p=25855#primaryimage\"},\"image\":{\"@id\":\"https:\\\/\\\/macite.tg\\\/?p=25855#primaryimage\"},\"thumbnailUrl\":\"https:\\\/\\\/macite.tg\\\/wp-content\\\/uploads\\\/2025\\\/10\\\/Une-rencontre-tripartite-en-prelude-a-la-Conference-sur-la-paix-dans-la-region-des-Grands-Lacs.jpg\",\"datePublished\":\"2025-10-31T11:10:21+00:00\",\"dateModified\":\"2025-10-31T11:10:30+00:00\",\"author\":{\"@id\":\"https:\\\/\\\/macite.tg\\\/#\\\/schema\\\/person\\\/e9f2de7e5dbbe7770a9402c7ce82f5c2\"},\"breadcrumb\":{\"@id\":\"https:\\\/\\\/macite.tg\\\/?p=25855#breadcrumb\"},\"inLanguage\":\"fr-FR\",\"potentialAction\":[{\"@type\":\"ReadAction\",\"target\":[\"https:\\\/\\\/macite.tg\\\/?p=25855\"]}]},{\"@type\":\"ImageObject\",\"inLanguage\":\"fr-FR\",\"@id\":\"https:\\\/\\\/macite.tg\\\/?p=25855#primaryimage\",\"url\":\"https:\\\/\\\/macite.tg\\\/wp-content\\\/uploads\\\/2025\\\/10\\\/Une-rencontre-tripartite-en-prelude-a-la-Conference-sur-la-paix-dans-la-region-des-Grands-Lacs.jpg\",\"contentUrl\":\"https:\\\/\\\/macite.tg\\\/wp-content\\\/uploads\\\/2025\\\/10\\\/Une-rencontre-tripartite-en-prelude-a-la-Conference-sur-la-paix-dans-la-region-des-Grands-Lacs.jpg\",\"width\":500,\"height\":333},{\"@type\":\"BreadcrumbList\",\"@id\":\"https:\\\/\\\/macite.tg\\\/?p=25855#breadcrumb\",\"itemListElement\":[{\"@type\":\"ListItem\",\"position\":1,\"name\":\"Accueil\",\"item\":\"https:\\\/\\\/macite.tg\\\/\"},{\"@type\":\"ListItem\",\"position\":2,\"name\":\"PAIX ET STABILITE DANS LA REGION DES GRANDS LACS\u00a0: En pr\u00e9lude \u00e0 la Conf\u00e9rence de Paris, une rencontre tripartite a jet\u00e9 les bases\"}]},{\"@type\":\"WebSite\",\"@id\":\"https:\\\/\\\/macite.tg\\\/#website\",\"url\":\"https:\\\/\\\/macite.tg\\\/\",\"name\":\"\",\"description\":\"L&#039;information, la bonne!!!\",\"potentialAction\":[{\"@type\":\"SearchAction\",\"target\":{\"@type\":\"EntryPoint\",\"urlTemplate\":\"https:\\\/\\\/macite.tg\\\/?s={search_term_string}\"},\"query-input\":{\"@type\":\"PropertyValueSpecification\",\"valueRequired\":true,\"valueName\":\"search_term_string\"}}],\"inLanguage\":\"fr-FR\"},{\"@type\":\"Person\",\"@id\":\"https:\\\/\\\/macite.tg\\\/#\\\/schema\\\/person\\\/e9f2de7e5dbbe7770a9402c7ce82f5c2\",\"name\":\"Jean Pierre BAWELA\",\"image\":{\"@type\":\"ImageObject\",\"inLanguage\":\"fr-FR\",\"@id\":\"https:\\\/\\\/macite.tg\\\/wp-content\\\/uploads\\\/2023\\\/09\\\/WhatsApp-Image-2023-09-19-at-14.44.41-122x122.jpeg\",\"url\":\"https:\\\/\\\/macite.tg\\\/wp-content\\\/uploads\\\/2023\\\/09\\\/WhatsApp-Image-2023-09-19-at-14.44.41-122x122.jpeg\",\"contentUrl\":\"https:\\\/\\\/macite.tg\\\/wp-content\\\/uploads\\\/2023\\\/09\\\/WhatsApp-Image-2023-09-19-at-14.44.41-122x122.jpeg\",\"caption\":\"Jean Pierre BAWELA\"},\"url\":\"https:\\\/\\\/macite.tg\\\/?author=2\"}]}<\/script>\n<!-- \/ Yoast SEO plugin. -->","yoast_head_json":{"title":"PAIX ET STABILITE DANS LA REGION DES GRANDS LACS\u00a0: En pr\u00e9lude \u00e0 la Conf\u00e9rence de Paris, une rencontre tripartite a jet\u00e9 les bases -","robots":{"index":"index","follow":"follow","max-snippet":"max-snippet:-1","max-image-preview":"max-image-preview:large","max-video-preview":"max-video-preview:-1"},"canonical":"https:\/\/macite.tg\/?p=25855","og_locale":"fr_FR","og_type":"article","og_title":"PAIX ET STABILITE DANS LA REGION DES GRANDS LACS\u00a0: En pr\u00e9lude \u00e0 la Conf\u00e9rence de Paris, une rencontre tripartite a jet\u00e9 les bases -","og_description":"La capitale fran\u00e7aise a \u00e9t\u00e9 hier, jeudi 30 octobre, l\u2019\u00e9picentre de toute l\u2019attention de la communaut\u00e9 africaine d\u00e9sireuse du retour de la paix et de la qui\u00e9tude dans a r\u00e9gion des Grands Lacs. En effet, en pr\u00e9lude \u00e0 la Conf\u00e9rence sur la paix dans cette [&hellip;]","og_url":"https:\/\/macite.tg\/?p=25855","article_published_time":"2025-10-31T11:10:21+00:00","article_modified_time":"2025-10-31T11:10:30+00:00","og_image":[{"width":500,"height":333,"url":"https:\/\/macite.tg\/wp-content\/uploads\/2025\/10\/Une-rencontre-tripartite-en-prelude-a-la-Conference-sur-la-paix-dans-la-region-des-Grands-Lacs.jpg","type":"image\/jpeg"}],"author":"Jean Pierre BAWELA","twitter_card":"summary_large_image","twitter_misc":{"\u00c9crit par":"Jean Pierre BAWELA","Dur\u00e9e de lecture estim\u00e9e":"2 minutes"},"schema":{"@context":"https:\/\/schema.org","@graph":[{"@type":"Article","@id":"https:\/\/macite.tg\/?p=25855#article","isPartOf":{"@id":"https:\/\/macite.tg\/?p=25855"},"author":{"name":"Jean Pierre BAWELA","@id":"https:\/\/macite.tg\/#\/schema\/person\/e9f2de7e5dbbe7770a9402c7ce82f5c2"},"headline":"PAIX ET STABILITE DANS LA REGION DES GRANDS LACS\u00a0: En pr\u00e9lude \u00e0 la Conf\u00e9rence de Paris, une rencontre tripartite a jet\u00e9 les bases","datePublished":"2025-10-31T11:10:21+00:00","dateModified":"2025-10-31T11:10:30+00:00","mainEntityOfPage":{"@id":"https:\/\/macite.tg\/?p=25855"},"wordCount":331,"commentCount":0,"image":{"@id":"https:\/\/macite.tg\/?p=25855#primaryimage"},"thumbnailUrl":"https:\/\/macite.tg\/wp-content\/uploads\/2025\/10\/Une-rencontre-tripartite-en-prelude-a-la-Conference-sur-la-paix-dans-la-region-des-Grands-Lacs.jpg","articleSection":["ACTUALITE","PAIX &amp; SECURITE"],"inLanguage":"fr-FR","potentialAction":[{"@type":"CommentAction","name":"Comment","target":["https:\/\/macite.tg\/?p=25855#respond"]}]},{"@type":"WebPage","@id":"https:\/\/macite.tg\/?p=25855","url":"https:\/\/macite.tg\/?p=25855","name":"PAIX ET STABILITE DANS LA REGION DES GRANDS LACS\u00a0: En pr\u00e9lude \u00e0 la Conf\u00e9rence de Paris, une rencontre tripartite a jet\u00e9 les bases -","isPartOf":{"@id":"https:\/\/macite.tg\/#website"},"primaryImageOfPage":{"@id":"https:\/\/macite.tg\/?p=25855#primaryimage"},"image":{"@id":"https:\/\/macite.tg\/?p=25855#primaryimage"},"thumbnailUrl":"https:\/\/macite.tg\/wp-content\/uploads\/2025\/10\/Une-rencontre-tripartite-en-prelude-a-la-Conference-sur-la-paix-dans-la-region-des-Grands-Lacs.jpg","datePublished":"2025-10-31T11:10:21+00:00","dateModified":"2025-10-31T11:10:30+00:00","author":{"@id":"https:\/\/macite.tg\/#\/schema\/person\/e9f2de7e5dbbe7770a9402c7ce82f5c2"},"breadcrumb":{"@id":"https:\/\/macite.tg\/?p=25855#breadcrumb"},"inLanguage":"fr-FR","potentialAction":[{"@type":"ReadAction","target":["https:\/\/macite.tg\/?p=25855"]}]},{"@type":"ImageObject","inLanguage":"fr-FR","@id":"https:\/\/macite.tg\/?p=25855#primaryimage","url":"https:\/\/macite.tg\/wp-content\/uploads\/2025\/10\/Une-rencontre-tripartite-en-prelude-a-la-Conference-sur-la-paix-dans-la-region-des-Grands-Lacs.jpg","contentUrl":"https:\/\/macite.tg\/wp-content\/uploads\/2025\/10\/Une-rencontre-tripartite-en-prelude-a-la-Conference-sur-la-paix-dans-la-region-des-Grands-Lacs.jpg","width":500,"height":333},{"@type":"BreadcrumbList","@id":"https:\/\/macite.tg\/?p=25855#breadcrumb","itemListElement":[{"@type":"ListItem","position":1,"name":"Accueil","item":"https:\/\/macite.tg\/"},{"@type":"ListItem","position":2,"name":"PAIX ET STABILITE DANS LA REGION DES GRANDS LACS\u00a0: En pr\u00e9lude \u00e0 la Conf\u00e9rence de Paris, une rencontre tripartite a jet\u00e9 les bases"}]},{"@type":"WebSite","@id":"https:\/\/macite.tg\/#website","url":"https:\/\/macite.tg\/","name":"","description":"L&#039;information, la bonne!!!","potentialAction":[{"@type":"SearchAction","target":{"@type":"EntryPoint","urlTemplate":"https:\/\/macite.tg\/?s={search_term_string}"},"query-input":{"@type":"PropertyValueSpecification","valueRequired":true,"valueName":"search_term_string"}}],"inLanguage":"fr-FR"},{"@type":"Person","@id":"https:\/\/macite.tg\/#\/schema\/person\/e9f2de7e5dbbe7770a9402c7ce82f5c2","name":"Jean Pierre BAWELA","image":{"@type":"ImageObject","inLanguage":"fr-FR","@id":"https:\/\/macite.tg\/wp-content\/uploads\/2023\/09\/WhatsApp-Image-2023-09-19-at-14.44.41-122x122.jpeg","url":"https:\/\/macite.tg\/wp-content\/uploads\/2023\/09\/WhatsApp-Image-2023-09-19-at-14.44.41-122x122.jpeg","contentUrl":"https:\/\/macite.tg\/wp-content\/uploads\/2023\/09\/WhatsApp-Image-2023-09-19-at-14.44.41-122x122.jpeg","caption":"Jean Pierre BAWELA"},"url":"https:\/\/macite.tg\/?author=2"}]}},"_links":{"self":[{"href":"https:\/\/macite.tg\/index.php?rest_route=\/wp\/v2\/posts\/25855","targetHints":{"allow":["GET"]}}],"collection":[{"href":"https:\/\/macite.tg\/index.php?rest_route=\/wp\/v2\/posts"}],"about":[{"href":"https:\/\/macite.tg\/index.php?rest_route=\/wp\/v2\/types\/post"}],"author":[{"embeddable":true,"href":"https:\/\/macite.tg\/index.php?rest_route=\/wp\/v2\/users\/2"}],"replies":[{"embeddable":true,"href":"https:\/\/macite.tg\/index.php?rest_route=%2Fwp%2Fv2%2Fcomments&post=25855"}],"version-history":[{"count":0,"href":"https:\/\/macite.tg\/index.php?rest_route=\/wp\/v2\/posts\/25855\/revisions"}],"wp:featuredmedia":[{"embeddable":true,"href":"https:\/\/macite.tg\/index.php?rest_route=\/wp\/v2\/media\/25858"}],"wp:attachment":[{"href":"https:\/\/macite.tg\/index.php?rest_route=%2Fwp%2Fv2%2Fmedia&parent=25855"}],"wp:term":[{"taxonomy":"category","embeddable":true,"href":"https:\/\/macite.tg\/index.php?rest_route=%2Fwp%2Fv2%2Fcategories&post=25855"},{"taxonomy":"post_tag","embeddable":true,"href":"https:\/\/macite.tg\/index.php?rest_route=%2Fwp%2Fv2%2Ftags&post=25855"}],"curies":[{"name":"wp","href":"https:\/\/api.w.org\/{rel}","templated":true}]}}