{"id":25843,"date":"2025-10-30T15:08:14","date_gmt":"2025-10-30T15:08:14","guid":{"rendered":"https:\/\/macite.tg\/?p=25843"},"modified":"2025-10-30T15:08:20","modified_gmt":"2025-10-30T15:08:20","slug":"en-reconnaissance-a-la-marocanite-du-sahara-le-paraguay-annonce-louverture-dun-consulat-general-dans-les-provinces-du-sud-du-royaume","status":"publish","type":"post","link":"https:\/\/macite.tg\/?p=25843","title":{"rendered":"EN RECONNAISSANCE A LA MAROCANITE DU SAHARA\u00a0: Le Paraguay annonce l\u2019ouverture d\u2019un Consulat G\u00e9n\u00e9ral dans les Provinces du Sud du Royaume"},"content":{"rendered":"\n<p class=\"wp-block-paragraph\"><strong><em>Le Paraguay vient de marquer un pas de plus dans ses relations diplomatiques avec le Royaume du Maroc. En effet, \u00e0 l\u2019issue d\u2019un entretien hier mercredi 29 octobre \u00e0 Rabat, entre le chef de la diplomatie marocaine, <\/em><\/strong><strong><em>Nasser Bourita,<\/em><\/strong><strong><em> et<\/em><\/strong><strong><em> le <\/em><\/strong><strong><em>ministre des Relation ext\u00e9rieure d R\u00e9publique du Paraguay, Rub\u00e9n <\/em><\/strong><strong><em>Ram\u00edrez Lezcano, la R\u00e9publique de Paraguay a annonc\u00e9 l\u2019ouverture d\u2019un Consulat G\u00e9n\u00e9ral dans la province du Sud du Royaume, mat\u00e9rialisant du coup la reconnaissance du pays \u00e0 la souverainet\u00e9 du <\/em><\/strong><strong><em>Maroc sur son Sahara.<\/em><\/strong><\/p>\n\n\n\n<p class=\"wp-block-paragraph\">Mercredi dernier, lors de son entretien, \u00e0 Rabat, entre le ministre des Affaires \u00e9trang\u00e8res, de Coop\u00e9ration africaine et des Marocains r\u00e9sidant \u00e0 l\u2019\u00e9tranger, Nasser Bourita, et le ministre des Relation ext\u00e9rieure d R\u00e9publique du Paraguay, Rub\u00e9n Ram\u00edrez Lezcano, l\u2019officiel paraguayen a r\u00e9it\u00e9r\u00e9 le plein soutien de son pays \u00e0 la souverainet\u00e9 du royaume du Maroc sur son Sahara, et \u00e0 l\u2019initiative d\u2019autonomie pr\u00e9sent\u00e9e par le Royaume en 2007, consid\u00e9r\u00e9e comme la <em>\u00ab&nbsp;seule base s\u00e9rieuse, cr\u00e9dible et r\u00e9alise pour <\/em><em>r\u00e8glement du diff\u00e9rend r\u00e9gional&nbsp;\u00bb.<\/em><\/p>\n\n\n<div class=\"wp-block-image\">\n<figure class=\"aligncenter size-full\"><img loading=\"lazy\" decoding=\"async\" width=\"509\" height=\"720\" src=\"https:\/\/macite.tg\/wp-content\/uploads\/2025\/10\/OTR_22OC_FONCIER.jpg\" alt=\"\" class=\"wp-image-25842\" srcset=\"https:\/\/macite.tg\/wp-content\/uploads\/2025\/10\/OTR_22OC_FONCIER.jpg 509w, https:\/\/macite.tg\/wp-content\/uploads\/2025\/10\/OTR_22OC_FONCIER-212x300.jpg 212w\" sizes=\"auto, (max-width: 509px) 100vw, 509px\" \/><\/figure>\n<\/div>\n\n\n<p class=\"wp-block-paragraph\">\u00c0 cette occasion, le chef de la diplomate paraguayenne a annonc\u00e9 la d\u00e9cision de son pays d\u2019ouvrir prochainement un Consulat g\u00e9n\u00e9ral dans les provinces du Sud, en signe d\u2019appui clair \u00e0 l\u2019int\u00e9grit\u00e9 territoriale du Royaume.<\/p>\n\n\n\n<p class=\"wp-block-paragraph\">Cette position s\u2019inscrit dans la continuit\u00e9 du retrait de reconnaissance de l\u2019entit\u00e9 fantoche par Asuncion qui date de 2014. Cette position a \u00e9t\u00e9 suivie d\u2019une s\u00e9rie de d\u00e9clarations conjointes et de consultations politiques qui, depuis, ont permis \u00e0 la R\u00e9publique du Paraguay de mieux cerner la cause nationale du Maroc.<\/p>\n\n\n<div class=\"wp-block-image\">\n<figure class=\"aligncenter size-large\"><img loading=\"lazy\" decoding=\"async\" width=\"1024\" height=\"426\" src=\"https:\/\/macite.tg\/wp-content\/uploads\/2025\/10\/OTR_Depreciation-1024x426.jpg\" alt=\"\" class=\"wp-image-25740\" srcset=\"https:\/\/macite.tg\/wp-content\/uploads\/2025\/10\/OTR_Depreciation-1024x426.jpg 1024w, https:\/\/macite.tg\/wp-content\/uploads\/2025\/10\/OTR_Depreciation-300x125.jpg 300w, https:\/\/macite.tg\/wp-content\/uploads\/2025\/10\/OTR_Depreciation-768x320.jpg 768w, https:\/\/macite.tg\/wp-content\/uploads\/2025\/10\/OTR_Depreciation.jpg 1132w\" sizes=\"auto, (max-width: 1024px) 100vw, 1024px\" \/><\/figure>\n<\/div>\n\n\n<p class=\"wp-block-paragraph\">Notons que l\u2019ouverture d\u2019un Consulat g\u00e9n\u00e9ral dans les provinces du Sud du Royaume du Maroc, constitue un acte politique for illustrant la reconnaissance croissante en Am\u00e9rique Latine, de la souverainet\u00e9 du Maroc sur ses provinces du Sud, et la solidit\u00e9 des liens d\u2019amiti\u00e9 et de coop\u00e9ration unissant le Royaume du Maroc et la R\u00e9publique du Paraguay.<\/p>\n\n\n\n<p class=\"wp-block-paragraph\"><strong>MC<\/strong><\/p>\n\n\n\n<p class=\"wp-block-paragraph\"><a><strong><em>@macite.tg&nbsp;&nbsp;&nbsp;&nbsp;&nbsp;&nbsp;&nbsp;&nbsp;<\/em><\/strong><\/a><\/p>\n\n\n\n<p class=\"wp-block-paragraph\"><strong><em>E-mail&nbsp;: <\/em><\/strong><a href=\"mailto:maciteinfo@gmail.com\"><strong><em>maciteinfo@gmail.com<\/em><\/strong><\/a><strong><em>; <\/em><\/strong><a href=\"mailto:bawela1@gmail.com\"><strong><em>bawela1@gmail.com<\/em><\/strong><\/a><strong><em><\/em><\/strong><\/p>\n\n\n\n<p class=\"wp-block-paragraph\"><strong><em>Pour vos annonces, (publi)reportages, etc., joignez-nous au (00228)91515309\/<strong>79872224 <\/strong><strong><\/strong><\/em><\/strong><\/p>\n\n\n\n<p class=\"wp-block-paragraph\"><strong><em>www.macite.tg, L\u2019information, la bonne&nbsp;!<\/em><\/strong><\/p>\n\n\n\n<p class=\"wp-block-paragraph\"><\/p>\n","protected":false},"excerpt":{"rendered":"<p class=\"text-justify mb-2\" >Le Paraguay vient de marquer un pas de plus dans ses relations diplomatiques avec le Royaume du Maroc. En effet, \u00e0 l\u2019issue d\u2019un entretien hier mercredi 29 octobre \u00e0 Rabat, entre le chef de la diplomatie marocaine, Nasser Bourita, et le ministre des Relation ext\u00e9rieure [&hellip;]<\/p>\n","protected":false},"author":2,"featured_media":25848,"comment_status":"open","ping_status":"open","sticky":false,"template":"","format":"standard","meta":{"footnotes":""},"categories":[20,8],"tags":[],"class_list":["post-25843","post","type-post","status-publish","format-standard","has-post-thumbnail","hentry","category-actualite","category-diplomatie"],"yoast_head":"<!-- This site is optimized with the Yoast SEO plugin v28.4 - https:\/\/yoast.com\/product\/yoast-seo-wordpress\/ -->\n<title>EN RECONNAISSANCE A LA MAROCANITE DU SAHARA\u00a0: Le Paraguay annonce l\u2019ouverture d\u2019un Consulat G\u00e9n\u00e9ral dans les Provinces du Sud du Royaume -<\/title>\n<meta name=\"robots\" content=\"index, follow, max-snippet:-1, max-image-preview:large, max-video-preview:-1\" \/>\n<link rel=\"canonical\" href=\"https:\/\/macite.tg\/?p=25843\" \/>\n<meta property=\"og:locale\" content=\"fr_FR\" \/>\n<meta property=\"og:type\" content=\"article\" \/>\n<meta property=\"og:title\" content=\"EN RECONNAISSANCE A LA MAROCANITE DU SAHARA\u00a0: Le Paraguay annonce l\u2019ouverture d\u2019un Consulat G\u00e9n\u00e9ral dans les Provinces du Sud du Royaume -\" \/>\n<meta property=\"og:description\" content=\"Le Paraguay vient de marquer un pas de plus dans ses relations diplomatiques avec le Royaume du Maroc. En effet, \u00e0 l\u2019issue d\u2019un entretien hier mercredi 29 octobre \u00e0 Rabat, entre le chef de la diplomatie marocaine, Nasser Bourita, et le ministre des Relation ext\u00e9rieure [&hellip;]\" \/>\n<meta property=\"og:url\" content=\"https:\/\/macite.tg\/?p=25843\" \/>\n<meta property=\"article:published_time\" content=\"2025-10-30T15:08:14+00:00\" \/>\n<meta property=\"article:modified_time\" content=\"2025-10-30T15:08:20+00:00\" \/>\n<meta property=\"og:image\" content=\"https:\/\/macite.tg\/wp-content\/uploads\/2025\/10\/image-149.png\" \/>\n\t<meta property=\"og:image:width\" content=\"421\" \/>\n\t<meta property=\"og:image:height\" content=\"270\" \/>\n\t<meta property=\"og:image:type\" content=\"image\/png\" \/>\n<meta name=\"author\" content=\"Jean Pierre BAWELA\" \/>\n<meta name=\"twitter:card\" content=\"summary_large_image\" \/>\n<meta name=\"twitter:label1\" content=\"\u00c9crit par\" \/>\n\t<meta name=\"twitter:data1\" content=\"Jean Pierre BAWELA\" \/>\n\t<meta name=\"twitter:label2\" content=\"Dur\u00e9e de lecture estim\u00e9e\" \/>\n\t<meta name=\"twitter:data2\" content=\"3 minutes\" \/>\n<script type=\"application\/ld+json\" class=\"yoast-schema-graph\">{\"@context\":\"https:\\\/\\\/schema.org\",\"@graph\":[{\"@type\":\"Article\",\"@id\":\"https:\\\/\\\/macite.tg\\\/?p=25843#article\",\"isPartOf\":{\"@id\":\"https:\\\/\\\/macite.tg\\\/?p=25843\"},\"author\":{\"name\":\"Jean Pierre BAWELA\",\"@id\":\"https:\\\/\\\/macite.tg\\\/#\\\/schema\\\/person\\\/e9f2de7e5dbbe7770a9402c7ce82f5c2\"},\"headline\":\"EN RECONNAISSANCE A LA MAROCANITE DU SAHARA\u00a0: Le Paraguay annonce l\u2019ouverture d\u2019un Consulat G\u00e9n\u00e9ral dans les Provinces du Sud du Royaume\",\"datePublished\":\"2025-10-30T15:08:14+00:00\",\"dateModified\":\"2025-10-30T15:08:20+00:00\",\"mainEntityOfPage\":{\"@id\":\"https:\\\/\\\/macite.tg\\\/?p=25843\"},\"wordCount\":412,\"commentCount\":0,\"image\":{\"@id\":\"https:\\\/\\\/macite.tg\\\/?p=25843#primaryimage\"},\"thumbnailUrl\":\"https:\\\/\\\/macite.tg\\\/wp-content\\\/uploads\\\/2025\\\/10\\\/image-149.png\",\"articleSection\":[\"ACTUALITE\",\"DIPLOMATIE\"],\"inLanguage\":\"fr-FR\",\"potentialAction\":[{\"@type\":\"CommentAction\",\"name\":\"Comment\",\"target\":[\"https:\\\/\\\/macite.tg\\\/?p=25843#respond\"]}]},{\"@type\":\"WebPage\",\"@id\":\"https:\\\/\\\/macite.tg\\\/?p=25843\",\"url\":\"https:\\\/\\\/macite.tg\\\/?p=25843\",\"name\":\"EN RECONNAISSANCE A LA MAROCANITE DU SAHARA\u00a0: Le Paraguay annonce l\u2019ouverture d\u2019un Consulat G\u00e9n\u00e9ral dans les Provinces du Sud du Royaume -\",\"isPartOf\":{\"@id\":\"https:\\\/\\\/macite.tg\\\/#website\"},\"primaryImageOfPage\":{\"@id\":\"https:\\\/\\\/macite.tg\\\/?p=25843#primaryimage\"},\"image\":{\"@id\":\"https:\\\/\\\/macite.tg\\\/?p=25843#primaryimage\"},\"thumbnailUrl\":\"https:\\\/\\\/macite.tg\\\/wp-content\\\/uploads\\\/2025\\\/10\\\/image-149.png\",\"datePublished\":\"2025-10-30T15:08:14+00:00\",\"dateModified\":\"2025-10-30T15:08:20+00:00\",\"author\":{\"@id\":\"https:\\\/\\\/macite.tg\\\/#\\\/schema\\\/person\\\/e9f2de7e5dbbe7770a9402c7ce82f5c2\"},\"breadcrumb\":{\"@id\":\"https:\\\/\\\/macite.tg\\\/?p=25843#breadcrumb\"},\"inLanguage\":\"fr-FR\",\"potentialAction\":[{\"@type\":\"ReadAction\",\"target\":[\"https:\\\/\\\/macite.tg\\\/?p=25843\"]}]},{\"@type\":\"ImageObject\",\"inLanguage\":\"fr-FR\",\"@id\":\"https:\\\/\\\/macite.tg\\\/?p=25843#primaryimage\",\"url\":\"https:\\\/\\\/macite.tg\\\/wp-content\\\/uploads\\\/2025\\\/10\\\/image-149.png\",\"contentUrl\":\"https:\\\/\\\/macite.tg\\\/wp-content\\\/uploads\\\/2025\\\/10\\\/image-149.png\",\"width\":421,\"height\":270,\"caption\":\"T\u00eate-\u00e0-t\u00eate entre les deux personnalit\u00e9s hier mercredi \u00e0 Rabat\"},{\"@type\":\"BreadcrumbList\",\"@id\":\"https:\\\/\\\/macite.tg\\\/?p=25843#breadcrumb\",\"itemListElement\":[{\"@type\":\"ListItem\",\"position\":1,\"name\":\"Accueil\",\"item\":\"https:\\\/\\\/macite.tg\\\/\"},{\"@type\":\"ListItem\",\"position\":2,\"name\":\"EN RECONNAISSANCE A LA MAROCANITE DU SAHARA\u00a0: Le Paraguay annonce l\u2019ouverture d\u2019un Consulat G\u00e9n\u00e9ral dans les Provinces du Sud du Royaume\"}]},{\"@type\":\"WebSite\",\"@id\":\"https:\\\/\\\/macite.tg\\\/#website\",\"url\":\"https:\\\/\\\/macite.tg\\\/\",\"name\":\"\",\"description\":\"L&#039;information, la bonne!!!\",\"potentialAction\":[{\"@type\":\"SearchAction\",\"target\":{\"@type\":\"EntryPoint\",\"urlTemplate\":\"https:\\\/\\\/macite.tg\\\/?s={search_term_string}\"},\"query-input\":{\"@type\":\"PropertyValueSpecification\",\"valueRequired\":true,\"valueName\":\"search_term_string\"}}],\"inLanguage\":\"fr-FR\"},{\"@type\":\"Person\",\"@id\":\"https:\\\/\\\/macite.tg\\\/#\\\/schema\\\/person\\\/e9f2de7e5dbbe7770a9402c7ce82f5c2\",\"name\":\"Jean Pierre BAWELA\",\"image\":{\"@type\":\"ImageObject\",\"inLanguage\":\"fr-FR\",\"@id\":\"https:\\\/\\\/macite.tg\\\/wp-content\\\/uploads\\\/2023\\\/09\\\/WhatsApp-Image-2023-09-19-at-14.44.41-122x122.jpeg\",\"url\":\"https:\\\/\\\/macite.tg\\\/wp-content\\\/uploads\\\/2023\\\/09\\\/WhatsApp-Image-2023-09-19-at-14.44.41-122x122.jpeg\",\"contentUrl\":\"https:\\\/\\\/macite.tg\\\/wp-content\\\/uploads\\\/2023\\\/09\\\/WhatsApp-Image-2023-09-19-at-14.44.41-122x122.jpeg\",\"caption\":\"Jean Pierre BAWELA\"},\"url\":\"https:\\\/\\\/macite.tg\\\/?author=2\"}]}<\/script>\n<!-- \/ Yoast SEO plugin. -->","yoast_head_json":{"title":"EN RECONNAISSANCE A LA MAROCANITE DU SAHARA\u00a0: Le Paraguay annonce l\u2019ouverture d\u2019un Consulat G\u00e9n\u00e9ral dans les Provinces du Sud du Royaume -","robots":{"index":"index","follow":"follow","max-snippet":"max-snippet:-1","max-image-preview":"max-image-preview:large","max-video-preview":"max-video-preview:-1"},"canonical":"https:\/\/macite.tg\/?p=25843","og_locale":"fr_FR","og_type":"article","og_title":"EN RECONNAISSANCE A LA MAROCANITE DU SAHARA\u00a0: Le Paraguay annonce l\u2019ouverture d\u2019un Consulat G\u00e9n\u00e9ral dans les Provinces du Sud du Royaume -","og_description":"Le Paraguay vient de marquer un pas de plus dans ses relations diplomatiques avec le Royaume du Maroc. En effet, \u00e0 l\u2019issue d\u2019un entretien hier mercredi 29 octobre \u00e0 Rabat, entre le chef de la diplomatie marocaine, Nasser Bourita, et le ministre des Relation ext\u00e9rieure [&hellip;]","og_url":"https:\/\/macite.tg\/?p=25843","article_published_time":"2025-10-30T15:08:14+00:00","article_modified_time":"2025-10-30T15:08:20+00:00","og_image":[{"width":421,"height":270,"url":"https:\/\/macite.tg\/wp-content\/uploads\/2025\/10\/image-149.png","type":"image\/png"}],"author":"Jean Pierre BAWELA","twitter_card":"summary_large_image","twitter_misc":{"\u00c9crit par":"Jean Pierre BAWELA","Dur\u00e9e de lecture estim\u00e9e":"3 minutes"},"schema":{"@context":"https:\/\/schema.org","@graph":[{"@type":"Article","@id":"https:\/\/macite.tg\/?p=25843#article","isPartOf":{"@id":"https:\/\/macite.tg\/?p=25843"},"author":{"name":"Jean Pierre BAWELA","@id":"https:\/\/macite.tg\/#\/schema\/person\/e9f2de7e5dbbe7770a9402c7ce82f5c2"},"headline":"EN RECONNAISSANCE A LA MAROCANITE DU SAHARA\u00a0: Le Paraguay annonce l\u2019ouverture d\u2019un Consulat G\u00e9n\u00e9ral dans les Provinces du Sud du Royaume","datePublished":"2025-10-30T15:08:14+00:00","dateModified":"2025-10-30T15:08:20+00:00","mainEntityOfPage":{"@id":"https:\/\/macite.tg\/?p=25843"},"wordCount":412,"commentCount":0,"image":{"@id":"https:\/\/macite.tg\/?p=25843#primaryimage"},"thumbnailUrl":"https:\/\/macite.tg\/wp-content\/uploads\/2025\/10\/image-149.png","articleSection":["ACTUALITE","DIPLOMATIE"],"inLanguage":"fr-FR","potentialAction":[{"@type":"CommentAction","name":"Comment","target":["https:\/\/macite.tg\/?p=25843#respond"]}]},{"@type":"WebPage","@id":"https:\/\/macite.tg\/?p=25843","url":"https:\/\/macite.tg\/?p=25843","name":"EN RECONNAISSANCE A LA MAROCANITE DU SAHARA\u00a0: Le Paraguay annonce l\u2019ouverture d\u2019un Consulat G\u00e9n\u00e9ral dans les Provinces du Sud du Royaume -","isPartOf":{"@id":"https:\/\/macite.tg\/#website"},"primaryImageOfPage":{"@id":"https:\/\/macite.tg\/?p=25843#primaryimage"},"image":{"@id":"https:\/\/macite.tg\/?p=25843#primaryimage"},"thumbnailUrl":"https:\/\/macite.tg\/wp-content\/uploads\/2025\/10\/image-149.png","datePublished":"2025-10-30T15:08:14+00:00","dateModified":"2025-10-30T15:08:20+00:00","author":{"@id":"https:\/\/macite.tg\/#\/schema\/person\/e9f2de7e5dbbe7770a9402c7ce82f5c2"},"breadcrumb":{"@id":"https:\/\/macite.tg\/?p=25843#breadcrumb"},"inLanguage":"fr-FR","potentialAction":[{"@type":"ReadAction","target":["https:\/\/macite.tg\/?p=25843"]}]},{"@type":"ImageObject","inLanguage":"fr-FR","@id":"https:\/\/macite.tg\/?p=25843#primaryimage","url":"https:\/\/macite.tg\/wp-content\/uploads\/2025\/10\/image-149.png","contentUrl":"https:\/\/macite.tg\/wp-content\/uploads\/2025\/10\/image-149.png","width":421,"height":270,"caption":"T\u00eate-\u00e0-t\u00eate entre les deux personnalit\u00e9s hier mercredi \u00e0 Rabat"},{"@type":"BreadcrumbList","@id":"https:\/\/macite.tg\/?p=25843#breadcrumb","itemListElement":[{"@type":"ListItem","position":1,"name":"Accueil","item":"https:\/\/macite.tg\/"},{"@type":"ListItem","position":2,"name":"EN RECONNAISSANCE A LA MAROCANITE DU SAHARA\u00a0: Le Paraguay annonce l\u2019ouverture d\u2019un Consulat G\u00e9n\u00e9ral dans les Provinces du Sud du Royaume"}]},{"@type":"WebSite","@id":"https:\/\/macite.tg\/#website","url":"https:\/\/macite.tg\/","name":"","description":"L&#039;information, la bonne!!!","potentialAction":[{"@type":"SearchAction","target":{"@type":"EntryPoint","urlTemplate":"https:\/\/macite.tg\/?s={search_term_string}"},"query-input":{"@type":"PropertyValueSpecification","valueRequired":true,"valueName":"search_term_string"}}],"inLanguage":"fr-FR"},{"@type":"Person","@id":"https:\/\/macite.tg\/#\/schema\/person\/e9f2de7e5dbbe7770a9402c7ce82f5c2","name":"Jean Pierre BAWELA","image":{"@type":"ImageObject","inLanguage":"fr-FR","@id":"https:\/\/macite.tg\/wp-content\/uploads\/2023\/09\/WhatsApp-Image-2023-09-19-at-14.44.41-122x122.jpeg","url":"https:\/\/macite.tg\/wp-content\/uploads\/2023\/09\/WhatsApp-Image-2023-09-19-at-14.44.41-122x122.jpeg","contentUrl":"https:\/\/macite.tg\/wp-content\/uploads\/2023\/09\/WhatsApp-Image-2023-09-19-at-14.44.41-122x122.jpeg","caption":"Jean Pierre BAWELA"},"url":"https:\/\/macite.tg\/?author=2"}]}},"_links":{"self":[{"href":"https:\/\/macite.tg\/index.php?rest_route=\/wp\/v2\/posts\/25843","targetHints":{"allow":["GET"]}}],"collection":[{"href":"https:\/\/macite.tg\/index.php?rest_route=\/wp\/v2\/posts"}],"about":[{"href":"https:\/\/macite.tg\/index.php?rest_route=\/wp\/v2\/types\/post"}],"author":[{"embeddable":true,"href":"https:\/\/macite.tg\/index.php?rest_route=\/wp\/v2\/users\/2"}],"replies":[{"embeddable":true,"href":"https:\/\/macite.tg\/index.php?rest_route=%2Fwp%2Fv2%2Fcomments&post=25843"}],"version-history":[{"count":0,"href":"https:\/\/macite.tg\/index.php?rest_route=\/wp\/v2\/posts\/25843\/revisions"}],"wp:featuredmedia":[{"embeddable":true,"href":"https:\/\/macite.tg\/index.php?rest_route=\/wp\/v2\/media\/25848"}],"wp:attachment":[{"href":"https:\/\/macite.tg\/index.php?rest_route=%2Fwp%2Fv2%2Fmedia&parent=25843"}],"wp:term":[{"taxonomy":"category","embeddable":true,"href":"https:\/\/macite.tg\/index.php?rest_route=%2Fwp%2Fv2%2Fcategories&post=25843"},{"taxonomy":"post_tag","embeddable":true,"href":"https:\/\/macite.tg\/index.php?rest_route=%2Fwp%2Fv2%2Ftags&post=25843"}],"curies":[{"name":"wp","href":"https:\/\/api.w.org\/{rel}","templated":true}]}}