{"id":25839,"date":"2025-10-30T14:43:41","date_gmt":"2025-10-30T14:43:41","guid":{"rendered":"https:\/\/macite.tg\/?p=25839"},"modified":"2025-10-30T14:45:35","modified_gmt":"2025-10-30T14:45:35","slug":"collaboration-securitaire-entre-lespagne-et-le-maroc-deux-reseaux-de-trafiquants-de-hachich-demanteles","status":"publish","type":"post","link":"https:\/\/macite.tg\/?p=25839","title":{"rendered":"COLLABORATION SECURITAIRE ENTRE L\u2019ESPAGNE ET LE MAROC\u00a0: Deux r\u00e9seaux de trafiquants de hachich d\u00e9mantel\u00e9s"},"content":{"rendered":"\n<p class=\"wp-block-paragraph\"><strong><em>La collaboration en mati\u00e8re s\u00e9curitaire entre Rabat et Madrid vient de porter de nouveaux fruits. En effet, la police nationale espagnole a annonc\u00e9, hier mercredi 29 octobre, le d\u00e9mant\u00e8lement de deux organisations criminelles internationales. Ces deux r\u00e9seaux criminels sont sp\u00e9cialis\u00e9s dans le trafic de hachich. 20 tonnes de hachich, des camions et des remorques, une arme automatique et plus de 7.000 euros en esp\u00e8ces, tel est le bilan des saisies dans cette op\u00e9ration. intervenue \u00e0 Cadix et Grenade.<\/em><\/strong><\/p>\n\n\n\n<p class=\"wp-block-paragraph\">Dans le cadre d\u2019une op\u00e9ration conjointe men\u00e9e en \u00e9troite collaboration avec la Direction g\u00e9n\u00e9rale de la s\u00fbret\u00e9 nationale (DGSN), une op\u00e9ration, men\u00e9e en coordination aussi avec le Parquet de la Cour d\u2019appel de Tanger, a permis la saisie de 20 tonnes de hachich dissimul\u00e9es dans des cargaisons de poivrons \u00e0 bord de camions frigorifiques, indique la police espagnole dans un communiqu\u00e9.<\/p>\n\n\n\n<p class=\"wp-block-paragraph\">Dans la foul\u00e9e, les investigations ayant permis cette saisie, ont \u00e9t\u00e9 engag\u00e9es sur la base d\u2019informations \u00e9chang\u00e9es avec les autorit\u00e9s marocaines et qui ont abouti \u00e0 l\u2019identification de deux convois de camions soup\u00e7onn\u00e9s de transporter d\u2019importantes quantit\u00e9s de drogue.<\/p>\n\n\n<div class=\"wp-block-image\">\n<figure class=\"aligncenter size-large\"><img loading=\"lazy\" decoding=\"async\" width=\"1024\" height=\"426\" src=\"https:\/\/macite.tg\/wp-content\/uploads\/2025\/10\/OTR_Depreciation-1024x426.jpg\" alt=\"\" class=\"wp-image-25740\" srcset=\"https:\/\/macite.tg\/wp-content\/uploads\/2025\/10\/OTR_Depreciation-1024x426.jpg 1024w, https:\/\/macite.tg\/wp-content\/uploads\/2025\/10\/OTR_Depreciation-300x125.jpg 300w, https:\/\/macite.tg\/wp-content\/uploads\/2025\/10\/OTR_Depreciation-768x320.jpg 768w, https:\/\/macite.tg\/wp-content\/uploads\/2025\/10\/OTR_Depreciation.jpg 1132w\" sizes=\"auto, (max-width: 1024px) 100vw, 1024px\" \/><\/figure>\n<\/div>\n\n\n<p class=\"wp-block-paragraph\">Le premier convoi a \u00e9t\u00e9 intercept\u00e9 \u00e0 Sanl\u00facar de Barrameda, dans la province de Cadix, o\u00f9 les agents ont mis la main sur 12 tonnes de hachich cach\u00e9es dans des doubles fonds derri\u00e8re des caisses de poivrons. Quinze personnes ont \u00e9t\u00e9 arr\u00eat\u00e9es dans le cadre de cette premi\u00e8re op\u00e9ration.<\/p>\n\n\n\n<p class=\"wp-block-paragraph\">Trois jours plus tard, une seconde op\u00e9ration men\u00e9e dans la province de Grenade a permis la saisie de 8 tonnes suppl\u00e9mentaires de hachich et l\u2019arrestation de cinq autres individus.<\/p>\n\n\n\n<p class=\"wp-block-paragraph\">Au total, vingt personnes ont \u00e9t\u00e9 interpell\u00e9es et plac\u00e9es en d\u00e9tention pour trafic de drogue et appartenance \u00e0 une organisation criminelle.<\/p>\n\n\n\n<p class=\"wp-block-paragraph\">Les perquisitions effectu\u00e9es ont \u00e9galement permis la saisie de neuf v\u00e9hicules, dont des camions et des remorques, une arme automatique et plus de 7.000 euros en esp\u00e8ces.<\/p>\n\n\n<div class=\"wp-block-image\">\n<figure class=\"aligncenter size-full is-resized\"><img loading=\"lazy\" decoding=\"async\" width=\"509\" height=\"720\" src=\"https:\/\/macite.tg\/wp-content\/uploads\/2025\/10\/OTR_22OC_FONCIER.jpg\" alt=\"\" class=\"wp-image-25842\" style=\"width:681px;height:auto\" srcset=\"https:\/\/macite.tg\/wp-content\/uploads\/2025\/10\/OTR_22OC_FONCIER.jpg 509w, https:\/\/macite.tg\/wp-content\/uploads\/2025\/10\/OTR_22OC_FONCIER-212x300.jpg 212w\" sizes=\"auto, (max-width: 509px) 100vw, 509px\" \/><\/figure>\n<\/div>\n\n\n<p class=\"wp-block-paragraph\">La police nationale espagnole, qui a salu\u00e9 la pr\u00e9cieuse collaboration des autorit\u00e9s marocaines, a soulign\u00e9 que cette op\u00e9ration conjointe t\u00e9moigne de <em>\u00ab&nbsp;l\u2019excellence de la coop\u00e9ration en mati\u00e8re de s\u00e9curit\u00e9 entre le Maroc et l\u2019Espagne, fond\u00e9e sur la confiance mutuelle, la coordination efficace et la volont\u00e9 commune de combattre les r\u00e9seaux criminels transnationaux impliqu\u00e9s dans le trafic de drogue&nbsp;\u00bb.<\/em><\/p>\n\n\n\n<p class=\"wp-block-paragraph\"><strong>MC<\/strong><\/p>\n\n\n\n<p class=\"wp-block-paragraph\"><a><strong><em>@macite.tg&nbsp;&nbsp;&nbsp;&nbsp;&nbsp;&nbsp;&nbsp;&nbsp;<\/em><\/strong><\/a><\/p>\n\n\n\n<p class=\"wp-block-paragraph\"><strong><em>E-mail&nbsp;: <\/em><\/strong><a href=\"mailto:maciteinfo@gmail.com\"><strong><em>maciteinfo@gmail.com<\/em><\/strong><\/a><strong><em>; <\/em><\/strong><a href=\"mailto:bawela1@gmail.com\"><strong><em>bawela1@gmail.com<\/em><\/strong><\/a><strong><em><\/em><\/strong><\/p>\n\n\n\n<p class=\"wp-block-paragraph\"><strong><em>Pour vos annonces, (publi)reportages, etc., joignez-nous au (00228)91515309\/<strong>79872224 <\/strong><strong><\/strong><\/em><\/strong><\/p>\n\n\n\n<p class=\"wp-block-paragraph\"><strong><em>www.macite.tg, L\u2019information, la bonne&nbsp;!<\/em><\/strong><\/p>\n\n\n\n<p class=\"wp-block-paragraph\"><\/p>\n","protected":false},"excerpt":{"rendered":"<p class=\"text-justify mb-2\" >La collaboration en mati\u00e8re s\u00e9curitaire entre Rabat et Madrid vient de porter de nouveaux fruits. En effet, la police nationale espagnole a annonc\u00e9, hier mercredi 29 octobre, le d\u00e9mant\u00e8lement de deux organisations criminelles internationales. Ces deux r\u00e9seaux criminels sont sp\u00e9cialis\u00e9s dans le trafic de hachich. [&hellip;]<\/p>\n","protected":false},"author":2,"featured_media":25844,"comment_status":"open","ping_status":"open","sticky":false,"template":"","format":"standard","meta":{"footnotes":""},"categories":[20,28],"tags":[],"class_list":["post-25839","post","type-post","status-publish","format-standard","has-post-thumbnail","hentry","category-actualite","category-securite"],"yoast_head":"<!-- This site is optimized with the Yoast SEO plugin v28.4 - https:\/\/yoast.com\/product\/yoast-seo-wordpress\/ -->\n<title>COLLABORATION SECURITAIRE ENTRE L\u2019ESPAGNE ET LE MAROC\u00a0: Deux r\u00e9seaux de trafiquants de hachich d\u00e9mantel\u00e9s -<\/title>\n<meta name=\"robots\" content=\"index, follow, max-snippet:-1, max-image-preview:large, max-video-preview:-1\" \/>\n<link rel=\"canonical\" href=\"https:\/\/macite.tg\/?p=25839\" \/>\n<meta property=\"og:locale\" content=\"fr_FR\" \/>\n<meta property=\"og:type\" content=\"article\" \/>\n<meta property=\"og:title\" content=\"COLLABORATION SECURITAIRE ENTRE L\u2019ESPAGNE ET LE MAROC\u00a0: Deux r\u00e9seaux de trafiquants de hachich d\u00e9mantel\u00e9s -\" \/>\n<meta property=\"og:description\" content=\"La collaboration en mati\u00e8re s\u00e9curitaire entre Rabat et Madrid vient de porter de nouveaux fruits. En effet, la police nationale espagnole a annonc\u00e9, hier mercredi 29 octobre, le d\u00e9mant\u00e8lement de deux organisations criminelles internationales. Ces deux r\u00e9seaux criminels sont sp\u00e9cialis\u00e9s dans le trafic de hachich. [&hellip;]\" \/>\n<meta property=\"og:url\" content=\"https:\/\/macite.tg\/?p=25839\" \/>\n<meta property=\"article:published_time\" content=\"2025-10-30T14:43:41+00:00\" \/>\n<meta property=\"article:modified_time\" content=\"2025-10-30T14:45:35+00:00\" \/>\n<meta property=\"og:image\" content=\"https:\/\/macite.tg\/wp-content\/uploads\/2025\/10\/HACHICH.jpg\" \/>\n\t<meta property=\"og:image:width\" content=\"500\" \/>\n\t<meta property=\"og:image:height\" content=\"281\" \/>\n\t<meta property=\"og:image:type\" content=\"image\/jpeg\" \/>\n<meta name=\"author\" content=\"Jean Pierre BAWELA\" \/>\n<meta name=\"twitter:card\" content=\"summary_large_image\" \/>\n<meta name=\"twitter:label1\" content=\"\u00c9crit par\" \/>\n\t<meta name=\"twitter:data1\" content=\"Jean Pierre BAWELA\" \/>\n\t<meta name=\"twitter:label2\" content=\"Dur\u00e9e de lecture estim\u00e9e\" \/>\n\t<meta name=\"twitter:data2\" content=\"3 minutes\" \/>\n<script type=\"application\/ld+json\" class=\"yoast-schema-graph\">{\"@context\":\"https:\\\/\\\/schema.org\",\"@graph\":[{\"@type\":\"Article\",\"@id\":\"https:\\\/\\\/macite.tg\\\/?p=25839#article\",\"isPartOf\":{\"@id\":\"https:\\\/\\\/macite.tg\\\/?p=25839\"},\"author\":{\"name\":\"Jean Pierre BAWELA\",\"@id\":\"https:\\\/\\\/macite.tg\\\/#\\\/schema\\\/person\\\/e9f2de7e5dbbe7770a9402c7ce82f5c2\"},\"headline\":\"COLLABORATION SECURITAIRE ENTRE L\u2019ESPAGNE ET LE MAROC\u00a0: Deux r\u00e9seaux de trafiquants de hachich d\u00e9mantel\u00e9s\",\"datePublished\":\"2025-10-30T14:43:41+00:00\",\"dateModified\":\"2025-10-30T14:45:35+00:00\",\"mainEntityOfPage\":{\"@id\":\"https:\\\/\\\/macite.tg\\\/?p=25839\"},\"wordCount\":463,\"commentCount\":0,\"image\":{\"@id\":\"https:\\\/\\\/macite.tg\\\/?p=25839#primaryimage\"},\"thumbnailUrl\":\"https:\\\/\\\/macite.tg\\\/wp-content\\\/uploads\\\/2025\\\/10\\\/HACHICH.jpg\",\"articleSection\":[\"ACTUALITE\",\"SECURITE\"],\"inLanguage\":\"fr-FR\",\"potentialAction\":[{\"@type\":\"CommentAction\",\"name\":\"Comment\",\"target\":[\"https:\\\/\\\/macite.tg\\\/?p=25839#respond\"]}]},{\"@type\":\"WebPage\",\"@id\":\"https:\\\/\\\/macite.tg\\\/?p=25839\",\"url\":\"https:\\\/\\\/macite.tg\\\/?p=25839\",\"name\":\"COLLABORATION SECURITAIRE ENTRE L\u2019ESPAGNE ET LE MAROC\u00a0: Deux r\u00e9seaux de trafiquants de hachich d\u00e9mantel\u00e9s -\",\"isPartOf\":{\"@id\":\"https:\\\/\\\/macite.tg\\\/#website\"},\"primaryImageOfPage\":{\"@id\":\"https:\\\/\\\/macite.tg\\\/?p=25839#primaryimage\"},\"image\":{\"@id\":\"https:\\\/\\\/macite.tg\\\/?p=25839#primaryimage\"},\"thumbnailUrl\":\"https:\\\/\\\/macite.tg\\\/wp-content\\\/uploads\\\/2025\\\/10\\\/HACHICH.jpg\",\"datePublished\":\"2025-10-30T14:43:41+00:00\",\"dateModified\":\"2025-10-30T14:45:35+00:00\",\"author\":{\"@id\":\"https:\\\/\\\/macite.tg\\\/#\\\/schema\\\/person\\\/e9f2de7e5dbbe7770a9402c7ce82f5c2\"},\"breadcrumb\":{\"@id\":\"https:\\\/\\\/macite.tg\\\/?p=25839#breadcrumb\"},\"inLanguage\":\"fr-FR\",\"potentialAction\":[{\"@type\":\"ReadAction\",\"target\":[\"https:\\\/\\\/macite.tg\\\/?p=25839\"]}]},{\"@type\":\"ImageObject\",\"inLanguage\":\"fr-FR\",\"@id\":\"https:\\\/\\\/macite.tg\\\/?p=25839#primaryimage\",\"url\":\"https:\\\/\\\/macite.tg\\\/wp-content\\\/uploads\\\/2025\\\/10\\\/HACHICH.jpg\",\"contentUrl\":\"https:\\\/\\\/macite.tg\\\/wp-content\\\/uploads\\\/2025\\\/10\\\/HACHICH.jpg\",\"width\":500,\"height\":281},{\"@type\":\"BreadcrumbList\",\"@id\":\"https:\\\/\\\/macite.tg\\\/?p=25839#breadcrumb\",\"itemListElement\":[{\"@type\":\"ListItem\",\"position\":1,\"name\":\"Accueil\",\"item\":\"https:\\\/\\\/macite.tg\\\/\"},{\"@type\":\"ListItem\",\"position\":2,\"name\":\"COLLABORATION SECURITAIRE ENTRE L\u2019ESPAGNE ET LE MAROC\u00a0: Deux r\u00e9seaux de trafiquants de hachich d\u00e9mantel\u00e9s\"}]},{\"@type\":\"WebSite\",\"@id\":\"https:\\\/\\\/macite.tg\\\/#website\",\"url\":\"https:\\\/\\\/macite.tg\\\/\",\"name\":\"\",\"description\":\"L&#039;information, la bonne!!!\",\"potentialAction\":[{\"@type\":\"SearchAction\",\"target\":{\"@type\":\"EntryPoint\",\"urlTemplate\":\"https:\\\/\\\/macite.tg\\\/?s={search_term_string}\"},\"query-input\":{\"@type\":\"PropertyValueSpecification\",\"valueRequired\":true,\"valueName\":\"search_term_string\"}}],\"inLanguage\":\"fr-FR\"},{\"@type\":\"Person\",\"@id\":\"https:\\\/\\\/macite.tg\\\/#\\\/schema\\\/person\\\/e9f2de7e5dbbe7770a9402c7ce82f5c2\",\"name\":\"Jean Pierre BAWELA\",\"image\":{\"@type\":\"ImageObject\",\"inLanguage\":\"fr-FR\",\"@id\":\"https:\\\/\\\/macite.tg\\\/wp-content\\\/uploads\\\/2023\\\/09\\\/WhatsApp-Image-2023-09-19-at-14.44.41-122x122.jpeg\",\"url\":\"https:\\\/\\\/macite.tg\\\/wp-content\\\/uploads\\\/2023\\\/09\\\/WhatsApp-Image-2023-09-19-at-14.44.41-122x122.jpeg\",\"contentUrl\":\"https:\\\/\\\/macite.tg\\\/wp-content\\\/uploads\\\/2023\\\/09\\\/WhatsApp-Image-2023-09-19-at-14.44.41-122x122.jpeg\",\"caption\":\"Jean Pierre BAWELA\"},\"url\":\"https:\\\/\\\/macite.tg\\\/?author=2\"}]}<\/script>\n<!-- \/ Yoast SEO plugin. -->","yoast_head_json":{"title":"COLLABORATION SECURITAIRE ENTRE L\u2019ESPAGNE ET LE MAROC\u00a0: Deux r\u00e9seaux de trafiquants de hachich d\u00e9mantel\u00e9s -","robots":{"index":"index","follow":"follow","max-snippet":"max-snippet:-1","max-image-preview":"max-image-preview:large","max-video-preview":"max-video-preview:-1"},"canonical":"https:\/\/macite.tg\/?p=25839","og_locale":"fr_FR","og_type":"article","og_title":"COLLABORATION SECURITAIRE ENTRE L\u2019ESPAGNE ET LE MAROC\u00a0: Deux r\u00e9seaux de trafiquants de hachich d\u00e9mantel\u00e9s -","og_description":"La collaboration en mati\u00e8re s\u00e9curitaire entre Rabat et Madrid vient de porter de nouveaux fruits. En effet, la police nationale espagnole a annonc\u00e9, hier mercredi 29 octobre, le d\u00e9mant\u00e8lement de deux organisations criminelles internationales. Ces deux r\u00e9seaux criminels sont sp\u00e9cialis\u00e9s dans le trafic de hachich. [&hellip;]","og_url":"https:\/\/macite.tg\/?p=25839","article_published_time":"2025-10-30T14:43:41+00:00","article_modified_time":"2025-10-30T14:45:35+00:00","og_image":[{"width":500,"height":281,"url":"https:\/\/macite.tg\/wp-content\/uploads\/2025\/10\/HACHICH.jpg","type":"image\/jpeg"}],"author":"Jean Pierre BAWELA","twitter_card":"summary_large_image","twitter_misc":{"\u00c9crit par":"Jean Pierre BAWELA","Dur\u00e9e de lecture estim\u00e9e":"3 minutes"},"schema":{"@context":"https:\/\/schema.org","@graph":[{"@type":"Article","@id":"https:\/\/macite.tg\/?p=25839#article","isPartOf":{"@id":"https:\/\/macite.tg\/?p=25839"},"author":{"name":"Jean Pierre BAWELA","@id":"https:\/\/macite.tg\/#\/schema\/person\/e9f2de7e5dbbe7770a9402c7ce82f5c2"},"headline":"COLLABORATION SECURITAIRE ENTRE L\u2019ESPAGNE ET LE MAROC\u00a0: Deux r\u00e9seaux de trafiquants de hachich d\u00e9mantel\u00e9s","datePublished":"2025-10-30T14:43:41+00:00","dateModified":"2025-10-30T14:45:35+00:00","mainEntityOfPage":{"@id":"https:\/\/macite.tg\/?p=25839"},"wordCount":463,"commentCount":0,"image":{"@id":"https:\/\/macite.tg\/?p=25839#primaryimage"},"thumbnailUrl":"https:\/\/macite.tg\/wp-content\/uploads\/2025\/10\/HACHICH.jpg","articleSection":["ACTUALITE","SECURITE"],"inLanguage":"fr-FR","potentialAction":[{"@type":"CommentAction","name":"Comment","target":["https:\/\/macite.tg\/?p=25839#respond"]}]},{"@type":"WebPage","@id":"https:\/\/macite.tg\/?p=25839","url":"https:\/\/macite.tg\/?p=25839","name":"COLLABORATION SECURITAIRE ENTRE L\u2019ESPAGNE ET LE MAROC\u00a0: Deux r\u00e9seaux de trafiquants de hachich d\u00e9mantel\u00e9s -","isPartOf":{"@id":"https:\/\/macite.tg\/#website"},"primaryImageOfPage":{"@id":"https:\/\/macite.tg\/?p=25839#primaryimage"},"image":{"@id":"https:\/\/macite.tg\/?p=25839#primaryimage"},"thumbnailUrl":"https:\/\/macite.tg\/wp-content\/uploads\/2025\/10\/HACHICH.jpg","datePublished":"2025-10-30T14:43:41+00:00","dateModified":"2025-10-30T14:45:35+00:00","author":{"@id":"https:\/\/macite.tg\/#\/schema\/person\/e9f2de7e5dbbe7770a9402c7ce82f5c2"},"breadcrumb":{"@id":"https:\/\/macite.tg\/?p=25839#breadcrumb"},"inLanguage":"fr-FR","potentialAction":[{"@type":"ReadAction","target":["https:\/\/macite.tg\/?p=25839"]}]},{"@type":"ImageObject","inLanguage":"fr-FR","@id":"https:\/\/macite.tg\/?p=25839#primaryimage","url":"https:\/\/macite.tg\/wp-content\/uploads\/2025\/10\/HACHICH.jpg","contentUrl":"https:\/\/macite.tg\/wp-content\/uploads\/2025\/10\/HACHICH.jpg","width":500,"height":281},{"@type":"BreadcrumbList","@id":"https:\/\/macite.tg\/?p=25839#breadcrumb","itemListElement":[{"@type":"ListItem","position":1,"name":"Accueil","item":"https:\/\/macite.tg\/"},{"@type":"ListItem","position":2,"name":"COLLABORATION SECURITAIRE ENTRE L\u2019ESPAGNE ET LE MAROC\u00a0: Deux r\u00e9seaux de trafiquants de hachich d\u00e9mantel\u00e9s"}]},{"@type":"WebSite","@id":"https:\/\/macite.tg\/#website","url":"https:\/\/macite.tg\/","name":"","description":"L&#039;information, la bonne!!!","potentialAction":[{"@type":"SearchAction","target":{"@type":"EntryPoint","urlTemplate":"https:\/\/macite.tg\/?s={search_term_string}"},"query-input":{"@type":"PropertyValueSpecification","valueRequired":true,"valueName":"search_term_string"}}],"inLanguage":"fr-FR"},{"@type":"Person","@id":"https:\/\/macite.tg\/#\/schema\/person\/e9f2de7e5dbbe7770a9402c7ce82f5c2","name":"Jean Pierre BAWELA","image":{"@type":"ImageObject","inLanguage":"fr-FR","@id":"https:\/\/macite.tg\/wp-content\/uploads\/2023\/09\/WhatsApp-Image-2023-09-19-at-14.44.41-122x122.jpeg","url":"https:\/\/macite.tg\/wp-content\/uploads\/2023\/09\/WhatsApp-Image-2023-09-19-at-14.44.41-122x122.jpeg","contentUrl":"https:\/\/macite.tg\/wp-content\/uploads\/2023\/09\/WhatsApp-Image-2023-09-19-at-14.44.41-122x122.jpeg","caption":"Jean Pierre BAWELA"},"url":"https:\/\/macite.tg\/?author=2"}]}},"_links":{"self":[{"href":"https:\/\/macite.tg\/index.php?rest_route=\/wp\/v2\/posts\/25839","targetHints":{"allow":["GET"]}}],"collection":[{"href":"https:\/\/macite.tg\/index.php?rest_route=\/wp\/v2\/posts"}],"about":[{"href":"https:\/\/macite.tg\/index.php?rest_route=\/wp\/v2\/types\/post"}],"author":[{"embeddable":true,"href":"https:\/\/macite.tg\/index.php?rest_route=\/wp\/v2\/users\/2"}],"replies":[{"embeddable":true,"href":"https:\/\/macite.tg\/index.php?rest_route=%2Fwp%2Fv2%2Fcomments&post=25839"}],"version-history":[{"count":0,"href":"https:\/\/macite.tg\/index.php?rest_route=\/wp\/v2\/posts\/25839\/revisions"}],"wp:featuredmedia":[{"embeddable":true,"href":"https:\/\/macite.tg\/index.php?rest_route=\/wp\/v2\/media\/25844"}],"wp:attachment":[{"href":"https:\/\/macite.tg\/index.php?rest_route=%2Fwp%2Fv2%2Fmedia&parent=25839"}],"wp:term":[{"taxonomy":"category","embeddable":true,"href":"https:\/\/macite.tg\/index.php?rest_route=%2Fwp%2Fv2%2Fcategories&post=25839"},{"taxonomy":"post_tag","embeddable":true,"href":"https:\/\/macite.tg\/index.php?rest_route=%2Fwp%2Fv2%2Ftags&post=25839"}],"curies":[{"name":"wp","href":"https:\/\/api.w.org\/{rel}","templated":true}]}}