{"id":25832,"date":"2025-10-30T12:21:32","date_gmt":"2025-10-30T12:21:32","guid":{"rendered":"https:\/\/macite.tg\/?p=25832"},"modified":"2025-10-30T12:21:41","modified_gmt":"2025-10-30T12:21:41","slug":"education-aux-medias-et-a-linformation-declaration-de-paris-sur-laction-multilaterale-pour-lintegrite-de-linformation-et-les-medias-independants","status":"publish","type":"post","link":"https:\/\/macite.tg\/?p=25832","title":{"rendered":"EDUCATION AUX MEDIAS ET A L\u2019INFORMATION\u00a0: D\u00e9claration de Paris sur l\u2019action multilat\u00e9rale pour l\u2019int\u00e9grit\u00e9 de l\u2019information et les m\u00e9dias ind\u00e9pendants"},"content":{"rendered":"\n<p class=\"wp-block-paragraph\"><strong><em>Du 24 au 31 octobre est c\u00e9l\u00e9br\u00e9e la Semaine internationale de l\u2019\u00e9ducation et \u00e0 l\u2019information. Occasion pour les dirigeants du monde de rappeler \u00ab\u00a0l\u2019importance pour les citoyens d\u2019\u00eatre bien inform\u00e9 \u00e0 un usage \u00e9clair\u00e9 et responsable des canaux d\u2019informations\u00a0\u00bb, ceci dans l\u2019optique d\u2019exercer leur \u00ab\u00a0droit \u00e0 l\u2019information, de comprendre le r\u00f4le des m\u00e9dias, de contribuer au renforcement de la d\u00e9mocratie et de participer \u00e0 la construction nationale\u00a0\u00bb.<\/em><\/strong><\/p>\n\n\n\n<p class=\"wp-block-paragraph\">Dans cet \u00e9lan, la lutte contre la d\u00e9sinformation garde une place pr\u00e9pond\u00e9rante dans les actions communes. Au Togo, l\u2019accent est mis sur la formation continue des professionnels des m\u00e9dias mais aussi la poursuite de la transition num\u00e9rique effective, ceci afin de<em> \u00ab\u00a0renforcer les capacit\u00e9s du secteur et assurer une adaptation durable aux nouvelles exigences de l\u2019environnement digital\u00a0\u00bb.<\/em><\/p>\n\n\n\n<p class=\"wp-block-paragraph\">D\u00e9couvrons \u00e0 cet effet, la D\u00e9claration de Paris.<\/p>\n\n\n<div class=\"wp-block-image\">\n<figure class=\"aligncenter size-large\"><img loading=\"lazy\" decoding=\"async\" width=\"1024\" height=\"426\" src=\"https:\/\/macite.tg\/wp-content\/uploads\/2025\/10\/OTR_Depreciation-1024x426.jpg\" alt=\"\" class=\"wp-image-25740\" srcset=\"https:\/\/macite.tg\/wp-content\/uploads\/2025\/10\/OTR_Depreciation-1024x426.jpg 1024w, https:\/\/macite.tg\/wp-content\/uploads\/2025\/10\/OTR_Depreciation-300x125.jpg 300w, https:\/\/macite.tg\/wp-content\/uploads\/2025\/10\/OTR_Depreciation-768x320.jpg 768w, https:\/\/macite.tg\/wp-content\/uploads\/2025\/10\/OTR_Depreciation.jpg 1132w\" sizes=\"auto, (max-width: 1024px) 100vw, 1024px\" \/><\/figure>\n<\/div>\n\n\n<p class=\"wp-block-paragraph\"><strong>D\u00e9claration de Paris sur l\u2019action multilat\u00e9rale pour l\u2019int\u00e9grit\u00e9 de l\u2019information et les m\u00e9dias ind\u00e9pendants<\/strong><\/p>\n\n\n\n<p class=\"wp-block-paragraph\">&nbsp;1. \u00c0 l\u2019occasion de la Conf\u00e9rence internationale de haut niveau pour l\u2019int\u00e9grit\u00e9 de l\u2019information et les m\u00e9dias ind\u00e9pendants,&nbsp;<strong>nous, \u00c9tats soussign\u00e9s, nous engageons \u00e0 renforcer l\u2019action multilat\u00e9rale en soutien \u00e0 l\u2019int\u00e9grit\u00e9 de l\u2019information et aux m\u00e9dias ind\u00e9pendants<\/strong>. Dans une p\u00e9riode marqu\u00e9e par une polarisation accrue, des violations du droit \u00e0 la libert\u00e9 d\u2019expression, les fausses informations, la d\u00e9sinformation, la manipulation de l\u2019information et les discours de haine, nous nous engageons \u00e0 travailler ensemble pour maintenir le cap, et \u00e0 apporter davantage de soutien et de moyens, notamment de financement, en tant que de besoin, afin de pr\u00e9server une information libre et fiable dans le monde entier.<\/p>\n\n\n\n<p class=\"wp-block-paragraph\">2.&nbsp;<strong>Reconnaissant<\/strong>&nbsp;qu\u2019une information ind\u00e9pendante et fiable constitue un bien public commun indispensable au progr\u00e8s \u00e9conomique et social, et une ressource fondamentale des \u00e9conomies et des soci\u00e9t\u00e9s du XXI<sup>e<\/sup>&nbsp;si\u00e8cle, et que, sans elle, nous ne serions pas en mesure de traiter les probl\u00e9matiques \u00e9conomiques, sociales et environnementales actuelles les plus urgentes&nbsp;;<\/p>\n\n\n\n<p class=\"wp-block-paragraph\">3.&nbsp;<strong>Reconnaissant<\/strong>&nbsp;que la diffusion de la d\u00e9sinformation, de la manipulation de l\u2019information et des discours de haine, notamment sur internet, a des r\u00e9percussions n\u00e9gatives sur l\u2019exercice des droits de l\u2019homme et des libert\u00e9s fondamentales, et que, comme le rel\u00e8ve le Groupe de haut niveau sur les m\u00e9dias d\u2019int\u00e9r\u00eat public, les menaces qui p\u00e8sent sur l\u2019acc\u00e8s \u00e0 une information fiable compromettent la prosp\u00e9rit\u00e9 \u00e9conomique internationale&nbsp;;<\/p>\n\n\n\n<p class=\"wp-block-paragraph\">4.&nbsp;<strong>Affirmant<\/strong>&nbsp;qu\u2019un journalisme ind\u00e9pendant, digne de confiance et pluraliste est le premier rempart contre la d\u00e9sinformation et la manipulation de l\u2019information&nbsp;;<\/p>\n\n\n\n<p class=\"wp-block-paragraph\">5.&nbsp;<strong>Soulignant<\/strong>&nbsp;que les m\u00e9dias libres et ind\u00e9pendants jouent un r\u00f4le central dans la transmission d\u2019une information fiable, que la crise financi\u00e8re qui touche les m\u00e9dias ind\u00e9pendants a entra\u00een\u00e9 une d\u00e9gradation de l\u2019int\u00e9grit\u00e9 de l\u2019information, et qu\u2019un soutien public est n\u00e9cessaire \u00e0 la pr\u00e9servation d\u2019une information fiable&nbsp;;<\/p>\n\n\n\n<figure class=\"wp-block-image size-full\"><img loading=\"lazy\" decoding=\"async\" width=\"851\" height=\"315\" src=\"https:\/\/macite.tg\/wp-content\/uploads\/2025\/10\/OTR_Ferer-pour-batir-1-1.jpg\" alt=\"\" class=\"wp-image-25736\" srcset=\"https:\/\/macite.tg\/wp-content\/uploads\/2025\/10\/OTR_Ferer-pour-batir-1-1.jpg 851w, https:\/\/macite.tg\/wp-content\/uploads\/2025\/10\/OTR_Ferer-pour-batir-1-1-300x111.jpg 300w, https:\/\/macite.tg\/wp-content\/uploads\/2025\/10\/OTR_Ferer-pour-batir-1-1-768x284.jpg 768w\" sizes=\"auto, (max-width: 851px) 100vw, 851px\" \/><\/figure>\n\n\n\n<p class=\"wp-block-paragraph\">6.&nbsp;<strong>Consid\u00e9rant<\/strong>&nbsp;qu\u2019une information fiable et factuelle est d\u2019autant plus essentielle compte tenu, d\u2019une part, du r\u00f4le d\u00e9terminant des plateformes num\u00e9riques et des r\u00e9seaux sociaux mondiaux dans l\u2019\u00e9cosyst\u00e8me d\u2019information actuel et, d\u2019autre part, des technologies \u00e9mergentes comme l\u2019intelligence artificielle g\u00e9n\u00e9rative, et que, si l\u2019utilisation de l\u2019intelligence artificielle peut constituer un outil pr\u00e9cieux, elle risque par ailleurs d\u2019accro\u00eetre la diffusion de la d\u00e9sinformation&nbsp;;<\/p>\n\n\n\n<p class=\"wp-block-paragraph\">7.&nbsp;<strong>Reconnaissant<\/strong>&nbsp;que l\u2019espace mondial de l\u2019information et de la communication est un bien commun de l\u2019humanit\u00e9, qu\u2019une d\u00e9gradation de l\u2019int\u00e9grit\u00e9 de l\u2019information dans une r\u00e9gion du monde a des r\u00e9percussions sur tous, et que traiter les menaces qui p\u00e8sent sur notre \u00e9cosyst\u00e8me d\u2019information n\u00e9cessite une action nationale et internationale ainsi qu\u2019une coop\u00e9ration multipartite&nbsp;;<\/p>\n\n\n\n<p class=\"wp-block-paragraph\">8.&nbsp;<strong>Rappelant<\/strong>&nbsp;notre attachement aux droits de l\u2019homme et aux principes internationaux sur l\u2019int\u00e9grit\u00e9 de l\u2019information, notamment les principes mondiaux des Nations Unies pour l\u2019int\u00e9grit\u00e9 de l\u2019information, le Pacte num\u00e9rique mondial, la D\u00e9claration de Windhoek&nbsp;+&nbsp;30, la D\u00e9claration mondiale sur l\u2019int\u00e9grit\u00e9 de l\u2019information en ligne et le Partenariat international pour l\u2019information et la d\u00e9mocratie&nbsp;;<\/p>\n\n\n\n<p class=\"wp-block-paragraph\">9.&nbsp;<strong>R\u00e9affirmant<\/strong>&nbsp;que les probl\u00e9matiques interconnect\u00e9es ne peuvent \u00eatre trait\u00e9es qu\u2019au moyen d\u2019un multilat\u00e9ralisme redynamis\u00e9, en reconnaissant le r\u00f4le central des institutions et initiatives multilat\u00e9rales pour soutenir l\u2019int\u00e9grit\u00e9 de l\u2019information, comme le Partenariat international pour l\u2019information et la d\u00e9mocratie, l\u2019ONU, l\u2019UNESCO, la Coalition pour la libert\u00e9 des m\u00e9dias et la Coalition pour la libert\u00e9 en ligne, et saluant, entre autres initiatives, la cr\u00e9ation du Fonds international pour les m\u00e9dias d\u2019int\u00e9r\u00eat public, en tant qu\u2019outil multilat\u00e9ral con\u00e7u pour financer la mise \u00e0 disposition d\u2019une information fiable et ind\u00e9pendante \u00e0 grande \u00e9chelle, en s\u2019inspirant de m\u00e9canismes similaires visant \u00e0 soutenir la prestation efficace de biens publics mondiaux essentiels&nbsp;;<\/p>\n\n\n\n<figure class=\"wp-block-image size-full\"><img loading=\"lazy\" decoding=\"async\" width=\"851\" height=\"315\" src=\"https:\/\/macite.tg\/wp-content\/uploads\/2025\/10\/OTR_Bandeau-Renseignements-1.jpg\" alt=\"\" class=\"wp-image-25417\" srcset=\"https:\/\/macite.tg\/wp-content\/uploads\/2025\/10\/OTR_Bandeau-Renseignements-1.jpg 851w, https:\/\/macite.tg\/wp-content\/uploads\/2025\/10\/OTR_Bandeau-Renseignements-1-300x111.jpg 300w, https:\/\/macite.tg\/wp-content\/uploads\/2025\/10\/OTR_Bandeau-Renseignements-1-768x284.jpg 768w\" sizes=\"auto, (max-width: 851px) 100vw, 851px\" \/><\/figure>\n\n\n\n<p class=\"wp-block-paragraph\">10.&nbsp;<strong>Nous nous engageons \u00e0&nbsp;:<\/strong><\/p>\n\n\n\n<p class=\"wp-block-paragraph\">1.&nbsp;<strong>d\u00e9fendre le principe selon lequel une information ind\u00e9pendante, pluraliste et fiable constitue un bien public essentiel \u00e0 l\u2019humanit\u00e9<\/strong>, et \u00e0 faire respecter les principes d\u00e9mocratiques au sein de l\u2019espace mondial de l\u2019information, tels que d\u00e9finis dans le Partenariat international pour l\u2019information et la d\u00e9mocratie&nbsp;;<\/p>\n\n\n\n<p class=\"wp-block-paragraph\">2.&nbsp;<strong>reconna\u00eetre l\u2019information fiable comme un bien public mondial qui exige un soutien public durable<\/strong>, et \u00e0 accro\u00eetre la mise \u00e0 disposition de ce bien public et \u00e0 prot\u00e9ger le journalisme ind\u00e9pendant gr\u00e2ce \u00e0 une action multilat\u00e9rale, tout en encourageant des mod\u00e8les \u00e9conomiques innovants et durables pour la production et la distribution d\u2019une information fiable&nbsp;;<\/p>\n\n\n\n<p class=\"wp-block-paragraph\">3.&nbsp;<strong>reconna\u00eetre que les menaces qui p\u00e8sent sur l\u2019int\u00e9grit\u00e9 de l\u2019information, notamment la manipulation de l\u2019information et l\u2019ing\u00e9rence \u00e9trang\u00e8re, rel\u00e8vent de la s\u00e9curit\u00e9 nationale et collective,<\/strong>&nbsp;et \u00e0 investir dans la r\u00e9silience des soci\u00e9t\u00e9s, les m\u00e9dias ind\u00e9pendants et la r\u00e9silience des syst\u00e8mes d\u2019information, dans le cadre d\u2019efforts plus larges visant \u00e0 prot\u00e9ger nos nations&nbsp;;<\/p>\n\n\n\n<p class=\"wp-block-paragraph\">4.&nbsp;<strong>renforcer la coop\u00e9ration multilat\u00e9rale et multipartite en tant que moyen indispensable et efficace pour pr\u00e9server l\u2019int\u00e9grit\u00e9 de l\u2019information et les m\u00e9dias ind\u00e9pendants \u00e0 l\u2019\u00e9chelle mondiale,<\/strong>&nbsp;et \u00e0 consolider l\u2019action collective par le biais d\u2019une coalition d\u2019\u00c9tats attach\u00e9s \u00e0 des valeurs communes et du soutien aux m\u00e9dias ind\u00e9pendants&nbsp;;<\/p>\n\n\n\n<p class=\"wp-block-paragraph\">5.&nbsp;<strong>encourager le d\u00e9veloppement du Fonds international pour les m\u00e9dias d\u2019int\u00e9r\u00eat public, un m\u00e9canisme multilat\u00e9ral d\u00e9di\u00e9 \u00e0 la protection et \u00e0 l\u2019appui des m\u00e9dias libres et ind\u00e9pendants dans le monde,<\/strong>&nbsp;afin de r\u00e9pondre \u00e0 l\u2019ampleur des difficult\u00e9s auxquelles le journalisme ind\u00e9pendant est confront\u00e9 et de contrer les investissements dans la manipulation de l\u2019information&nbsp;;<\/p>\n\n\n\n<p class=\"wp-block-paragraph\">6.&nbsp;<strong>encourager des synergies et une coordination renforc\u00e9e entre les institutions et les initiatives multilat\u00e9rales, intergouvernementales et multipartites qui travaillent sur l\u2019int\u00e9grit\u00e9 de l\u2019information,<\/strong>&nbsp;en renfor\u00e7ant leur efficacit\u00e9 et en rem\u00e9diant \u00e0 la fragmentation des efforts&nbsp;;<\/p>\n\n\n\n<p class=\"wp-block-paragraph\">7.&nbsp;<strong>faire de l\u2019int\u00e9grit\u00e9 de l\u2019information un sujet transversal<\/strong>, en reconnaissant que l\u2019acc\u00e8s \u00e0 une information fiable constitue une condition pour atteindre des objectifs strat\u00e9giques plus larges, notamment concernant la protection sociale, l\u2019\u00e9galit\u00e9 entre les femmes et les hommes, le r\u00e8glement des crises et des conflits, la r\u00e9duction des in\u00e9galit\u00e9s, le renforcement des normes d\u00e9mocratiques, la s\u00e9curit\u00e9 nationale, la promotion de la transparence, la d\u00e9nonciation des flux financiers illicites et la lutte contre la corruption, et la r\u00e9ponse aux effets du changement climatique&nbsp;;<\/p>\n\n\n<div class=\"wp-block-image\">\n<figure class=\"aligncenter size-large is-resized\"><img loading=\"lazy\" decoding=\"async\" width=\"1024\" height=\"1024\" src=\"https:\/\/macite.tg\/wp-content\/uploads\/2025\/10\/OTR_Octobre-Rose-1024x1024.jpg\" alt=\"\" class=\"wp-image-25508\" style=\"width:530px;height:auto\" srcset=\"https:\/\/macite.tg\/wp-content\/uploads\/2025\/10\/OTR_Octobre-Rose-1024x1024.jpg 1024w, https:\/\/macite.tg\/wp-content\/uploads\/2025\/10\/OTR_Octobre-Rose-300x300.jpg 300w, https:\/\/macite.tg\/wp-content\/uploads\/2025\/10\/OTR_Octobre-Rose-150x150.jpg 150w, https:\/\/macite.tg\/wp-content\/uploads\/2025\/10\/OTR_Octobre-Rose-768x768.jpg 768w, https:\/\/macite.tg\/wp-content\/uploads\/2025\/10\/OTR_Octobre-Rose-122x122.jpg 122w, https:\/\/macite.tg\/wp-content\/uploads\/2025\/10\/OTR_Octobre-Rose.jpg 1440w\" sizes=\"auto, (max-width: 1024px) 100vw, 1024px\" \/><\/figure>\n<\/div>\n\n\n<p class=\"wp-block-paragraph\">8.&nbsp;<strong>travailler en collaboration avec la soci\u00e9t\u00e9 civile, les m\u00e9dias, le milieu universitaire&nbsp;<\/strong>et l\u2019ensemble de l\u2019\u00e9cosyst\u00e8me pour d\u00e9velopper et mettre en \u0153uvre des solutions existantes et innovantes visant \u00e0 soutenir l\u2019int\u00e9grit\u00e9 de l\u2019information et \u00e0 prot\u00e9ger les m\u00e9dias ind\u00e9pendants dans le cadre des enceintes multilat\u00e9rales et multipartites pertinentes, notamment le Forum sur l\u2019information et la d\u00e9mocratie.<\/p>\n\n\n\n<p class=\"wp-block-paragraph\"><strong>Les \u00c9tats soussign\u00e9s ont souscrit \u00e0 la pr\u00e9sente D\u00e9claration&nbsp;:<\/strong><\/p>\n\n\n\n<p class=\"wp-block-paragraph\">Albanie, Arm\u00e9nie, Australie, Autriche, Br\u00e9sil1, Bulgarie, Chili, Croatie, Danemark, Estonie, France, Ghana, Gr\u00e8ce, Islande, Lettonie, Lituanie, Luxembourg, Malte, Moldavie, Pays-Bas, Pologne, Portugal, Roumanie, Sierra Leone, Espagne, Suisse, Ukraine, Royaume-Uni, Uruguay.<\/p>\n\n\n\n<p class=\"wp-block-paragraph\"><a><strong><em>@macite.tg&nbsp;&nbsp;&nbsp;&nbsp;&nbsp;&nbsp;&nbsp;&nbsp;<\/em><\/strong><\/a><\/p>\n\n\n\n<p class=\"wp-block-paragraph\"><strong><em>E-mail&nbsp;: <\/em><\/strong><a href=\"mailto:maciteinfo@gmail.com\"><strong><em>maciteinfo@gmail.com<\/em><\/strong><\/a><strong><em>; <\/em><\/strong><a href=\"mailto:bawela1@gmail.com\"><strong><em>bawela1@gmail.com<\/em><\/strong><\/a><strong><em><\/em><\/strong><\/p>\n\n\n\n<p class=\"wp-block-paragraph\"><strong><em>Pour vos annonces, (publi)reportages, etc., joignez-nous au (00228)91515309\/<strong>79872224 <\/strong><strong><\/strong><\/em><\/strong><\/p>\n\n\n\n<p class=\"wp-block-paragraph\"><strong><em>www.macite.tg, L\u2019information, la bonne&nbsp;!<\/em><\/strong><\/p>\n\n\n\n<p class=\"wp-block-paragraph\"><\/p>\n","protected":false},"excerpt":{"rendered":"<p class=\"text-justify mb-2\" >Du 24 au 31 octobre est c\u00e9l\u00e9br\u00e9e la Semaine internationale de l\u2019\u00e9ducation et \u00e0 l\u2019information. Occasion pour les dirigeants du monde de rappeler \u00ab\u00a0l\u2019importance pour les citoyens d\u2019\u00eatre bien inform\u00e9 \u00e0 un usage \u00e9clair\u00e9 et responsable des canaux d\u2019informations\u00a0\u00bb, ceci dans l\u2019optique d\u2019exercer leur \u00ab\u00a0droit [&hellip;]<\/p>\n","protected":false},"author":2,"featured_media":25836,"comment_status":"open","ping_status":"open","sticky":false,"template":"","format":"standard","meta":{"footnotes":""},"categories":[20,14],"tags":[],"class_list":["post-25832","post","type-post","status-publish","format-standard","has-post-thumbnail","hentry","category-actualite","category-medias"],"yoast_head":"<!-- This site is optimized with the Yoast SEO plugin v28.4 - https:\/\/yoast.com\/product\/yoast-seo-wordpress\/ -->\n<title>EDUCATION AUX MEDIAS ET A L\u2019INFORMATION\u00a0: D\u00e9claration de Paris sur l\u2019action multilat\u00e9rale pour l\u2019int\u00e9grit\u00e9 de l\u2019information et les m\u00e9dias ind\u00e9pendants -<\/title>\n<meta name=\"robots\" content=\"index, follow, max-snippet:-1, max-image-preview:large, max-video-preview:-1\" \/>\n<link rel=\"canonical\" href=\"https:\/\/macite.tg\/?p=25832\" \/>\n<meta property=\"og:locale\" content=\"fr_FR\" \/>\n<meta property=\"og:type\" content=\"article\" \/>\n<meta property=\"og:title\" content=\"EDUCATION AUX MEDIAS ET A L\u2019INFORMATION\u00a0: D\u00e9claration de Paris sur l\u2019action multilat\u00e9rale pour l\u2019int\u00e9grit\u00e9 de l\u2019information et les m\u00e9dias ind\u00e9pendants -\" \/>\n<meta property=\"og:description\" content=\"Du 24 au 31 octobre est c\u00e9l\u00e9br\u00e9e la Semaine internationale de l\u2019\u00e9ducation et \u00e0 l\u2019information. Occasion pour les dirigeants du monde de rappeler \u00ab\u00a0l\u2019importance pour les citoyens d\u2019\u00eatre bien inform\u00e9 \u00e0 un usage \u00e9clair\u00e9 et responsable des canaux d\u2019informations\u00a0\u00bb, ceci dans l\u2019optique d\u2019exercer leur \u00ab\u00a0droit [&hellip;]\" \/>\n<meta property=\"og:url\" content=\"https:\/\/macite.tg\/?p=25832\" \/>\n<meta property=\"article:published_time\" content=\"2025-10-30T12:21:32+00:00\" \/>\n<meta property=\"article:modified_time\" content=\"2025-10-30T12:21:41+00:00\" \/>\n<meta property=\"og:image\" content=\"https:\/\/macite.tg\/wp-content\/uploads\/2025\/10\/image-147.png\" \/>\n\t<meta property=\"og:image:width\" content=\"421\" \/>\n\t<meta property=\"og:image:height\" content=\"270\" \/>\n\t<meta property=\"og:image:type\" content=\"image\/png\" \/>\n<meta name=\"author\" content=\"Jean Pierre BAWELA\" \/>\n<meta name=\"twitter:card\" content=\"summary_large_image\" \/>\n<meta name=\"twitter:label1\" content=\"\u00c9crit par\" \/>\n\t<meta name=\"twitter:data1\" content=\"Jean Pierre BAWELA\" \/>\n\t<meta name=\"twitter:label2\" content=\"Dur\u00e9e de lecture estim\u00e9e\" \/>\n\t<meta name=\"twitter:data2\" content=\"8 minutes\" \/>\n<script type=\"application\/ld+json\" class=\"yoast-schema-graph\">{\"@context\":\"https:\\\/\\\/schema.org\",\"@graph\":[{\"@type\":\"Article\",\"@id\":\"https:\\\/\\\/macite.tg\\\/?p=25832#article\",\"isPartOf\":{\"@id\":\"https:\\\/\\\/macite.tg\\\/?p=25832\"},\"author\":{\"name\":\"Jean Pierre BAWELA\",\"@id\":\"https:\\\/\\\/macite.tg\\\/#\\\/schema\\\/person\\\/e9f2de7e5dbbe7770a9402c7ce82f5c2\"},\"headline\":\"EDUCATION AUX MEDIAS ET A L\u2019INFORMATION\u00a0: D\u00e9claration de Paris sur l\u2019action multilat\u00e9rale pour l\u2019int\u00e9grit\u00e9 de l\u2019information et les m\u00e9dias ind\u00e9pendants\",\"datePublished\":\"2025-10-30T12:21:32+00:00\",\"dateModified\":\"2025-10-30T12:21:41+00:00\",\"mainEntityOfPage\":{\"@id\":\"https:\\\/\\\/macite.tg\\\/?p=25832\"},\"wordCount\":1537,\"commentCount\":0,\"image\":{\"@id\":\"https:\\\/\\\/macite.tg\\\/?p=25832#primaryimage\"},\"thumbnailUrl\":\"https:\\\/\\\/macite.tg\\\/wp-content\\\/uploads\\\/2025\\\/10\\\/image-147.png\",\"articleSection\":[\"ACTUALITE\",\"MEDIAS\"],\"inLanguage\":\"fr-FR\",\"potentialAction\":[{\"@type\":\"CommentAction\",\"name\":\"Comment\",\"target\":[\"https:\\\/\\\/macite.tg\\\/?p=25832#respond\"]}]},{\"@type\":\"WebPage\",\"@id\":\"https:\\\/\\\/macite.tg\\\/?p=25832\",\"url\":\"https:\\\/\\\/macite.tg\\\/?p=25832\",\"name\":\"EDUCATION AUX MEDIAS ET A L\u2019INFORMATION\u00a0: D\u00e9claration de Paris sur l\u2019action multilat\u00e9rale pour l\u2019int\u00e9grit\u00e9 de l\u2019information et les m\u00e9dias ind\u00e9pendants -\",\"isPartOf\":{\"@id\":\"https:\\\/\\\/macite.tg\\\/#website\"},\"primaryImageOfPage\":{\"@id\":\"https:\\\/\\\/macite.tg\\\/?p=25832#primaryimage\"},\"image\":{\"@id\":\"https:\\\/\\\/macite.tg\\\/?p=25832#primaryimage\"},\"thumbnailUrl\":\"https:\\\/\\\/macite.tg\\\/wp-content\\\/uploads\\\/2025\\\/10\\\/image-147.png\",\"datePublished\":\"2025-10-30T12:21:32+00:00\",\"dateModified\":\"2025-10-30T12:21:41+00:00\",\"author\":{\"@id\":\"https:\\\/\\\/macite.tg\\\/#\\\/schema\\\/person\\\/e9f2de7e5dbbe7770a9402c7ce82f5c2\"},\"breadcrumb\":{\"@id\":\"https:\\\/\\\/macite.tg\\\/?p=25832#breadcrumb\"},\"inLanguage\":\"fr-FR\",\"potentialAction\":[{\"@type\":\"ReadAction\",\"target\":[\"https:\\\/\\\/macite.tg\\\/?p=25832\"]}]},{\"@type\":\"ImageObject\",\"inLanguage\":\"fr-FR\",\"@id\":\"https:\\\/\\\/macite.tg\\\/?p=25832#primaryimage\",\"url\":\"https:\\\/\\\/macite.tg\\\/wp-content\\\/uploads\\\/2025\\\/10\\\/image-147.png\",\"contentUrl\":\"https:\\\/\\\/macite.tg\\\/wp-content\\\/uploads\\\/2025\\\/10\\\/image-147.png\",\"width\":421,\"height\":270},{\"@type\":\"BreadcrumbList\",\"@id\":\"https:\\\/\\\/macite.tg\\\/?p=25832#breadcrumb\",\"itemListElement\":[{\"@type\":\"ListItem\",\"position\":1,\"name\":\"Accueil\",\"item\":\"https:\\\/\\\/macite.tg\\\/\"},{\"@type\":\"ListItem\",\"position\":2,\"name\":\"EDUCATION AUX MEDIAS ET A L\u2019INFORMATION\u00a0: D\u00e9claration de Paris sur l\u2019action multilat\u00e9rale pour l\u2019int\u00e9grit\u00e9 de l\u2019information et les m\u00e9dias ind\u00e9pendants\"}]},{\"@type\":\"WebSite\",\"@id\":\"https:\\\/\\\/macite.tg\\\/#website\",\"url\":\"https:\\\/\\\/macite.tg\\\/\",\"name\":\"\",\"description\":\"L&#039;information, la bonne!!!\",\"potentialAction\":[{\"@type\":\"SearchAction\",\"target\":{\"@type\":\"EntryPoint\",\"urlTemplate\":\"https:\\\/\\\/macite.tg\\\/?s={search_term_string}\"},\"query-input\":{\"@type\":\"PropertyValueSpecification\",\"valueRequired\":true,\"valueName\":\"search_term_string\"}}],\"inLanguage\":\"fr-FR\"},{\"@type\":\"Person\",\"@id\":\"https:\\\/\\\/macite.tg\\\/#\\\/schema\\\/person\\\/e9f2de7e5dbbe7770a9402c7ce82f5c2\",\"name\":\"Jean Pierre BAWELA\",\"image\":{\"@type\":\"ImageObject\",\"inLanguage\":\"fr-FR\",\"@id\":\"https:\\\/\\\/macite.tg\\\/wp-content\\\/uploads\\\/2023\\\/09\\\/WhatsApp-Image-2023-09-19-at-14.44.41-122x122.jpeg\",\"url\":\"https:\\\/\\\/macite.tg\\\/wp-content\\\/uploads\\\/2023\\\/09\\\/WhatsApp-Image-2023-09-19-at-14.44.41-122x122.jpeg\",\"contentUrl\":\"https:\\\/\\\/macite.tg\\\/wp-content\\\/uploads\\\/2023\\\/09\\\/WhatsApp-Image-2023-09-19-at-14.44.41-122x122.jpeg\",\"caption\":\"Jean Pierre BAWELA\"},\"url\":\"https:\\\/\\\/macite.tg\\\/?author=2\"}]}<\/script>\n<!-- \/ Yoast SEO plugin. -->","yoast_head_json":{"title":"EDUCATION AUX MEDIAS ET A L\u2019INFORMATION\u00a0: D\u00e9claration de Paris sur l\u2019action multilat\u00e9rale pour l\u2019int\u00e9grit\u00e9 de l\u2019information et les m\u00e9dias ind\u00e9pendants -","robots":{"index":"index","follow":"follow","max-snippet":"max-snippet:-1","max-image-preview":"max-image-preview:large","max-video-preview":"max-video-preview:-1"},"canonical":"https:\/\/macite.tg\/?p=25832","og_locale":"fr_FR","og_type":"article","og_title":"EDUCATION AUX MEDIAS ET A L\u2019INFORMATION\u00a0: D\u00e9claration de Paris sur l\u2019action multilat\u00e9rale pour l\u2019int\u00e9grit\u00e9 de l\u2019information et les m\u00e9dias ind\u00e9pendants -","og_description":"Du 24 au 31 octobre est c\u00e9l\u00e9br\u00e9e la Semaine internationale de l\u2019\u00e9ducation et \u00e0 l\u2019information. Occasion pour les dirigeants du monde de rappeler \u00ab\u00a0l\u2019importance pour les citoyens d\u2019\u00eatre bien inform\u00e9 \u00e0 un usage \u00e9clair\u00e9 et responsable des canaux d\u2019informations\u00a0\u00bb, ceci dans l\u2019optique d\u2019exercer leur \u00ab\u00a0droit [&hellip;]","og_url":"https:\/\/macite.tg\/?p=25832","article_published_time":"2025-10-30T12:21:32+00:00","article_modified_time":"2025-10-30T12:21:41+00:00","og_image":[{"width":421,"height":270,"url":"https:\/\/macite.tg\/wp-content\/uploads\/2025\/10\/image-147.png","type":"image\/png"}],"author":"Jean Pierre BAWELA","twitter_card":"summary_large_image","twitter_misc":{"\u00c9crit par":"Jean Pierre BAWELA","Dur\u00e9e de lecture estim\u00e9e":"8 minutes"},"schema":{"@context":"https:\/\/schema.org","@graph":[{"@type":"Article","@id":"https:\/\/macite.tg\/?p=25832#article","isPartOf":{"@id":"https:\/\/macite.tg\/?p=25832"},"author":{"name":"Jean Pierre BAWELA","@id":"https:\/\/macite.tg\/#\/schema\/person\/e9f2de7e5dbbe7770a9402c7ce82f5c2"},"headline":"EDUCATION AUX MEDIAS ET A L\u2019INFORMATION\u00a0: D\u00e9claration de Paris sur l\u2019action multilat\u00e9rale pour l\u2019int\u00e9grit\u00e9 de l\u2019information et les m\u00e9dias ind\u00e9pendants","datePublished":"2025-10-30T12:21:32+00:00","dateModified":"2025-10-30T12:21:41+00:00","mainEntityOfPage":{"@id":"https:\/\/macite.tg\/?p=25832"},"wordCount":1537,"commentCount":0,"image":{"@id":"https:\/\/macite.tg\/?p=25832#primaryimage"},"thumbnailUrl":"https:\/\/macite.tg\/wp-content\/uploads\/2025\/10\/image-147.png","articleSection":["ACTUALITE","MEDIAS"],"inLanguage":"fr-FR","potentialAction":[{"@type":"CommentAction","name":"Comment","target":["https:\/\/macite.tg\/?p=25832#respond"]}]},{"@type":"WebPage","@id":"https:\/\/macite.tg\/?p=25832","url":"https:\/\/macite.tg\/?p=25832","name":"EDUCATION AUX MEDIAS ET A L\u2019INFORMATION\u00a0: D\u00e9claration de Paris sur l\u2019action multilat\u00e9rale pour l\u2019int\u00e9grit\u00e9 de l\u2019information et les m\u00e9dias ind\u00e9pendants -","isPartOf":{"@id":"https:\/\/macite.tg\/#website"},"primaryImageOfPage":{"@id":"https:\/\/macite.tg\/?p=25832#primaryimage"},"image":{"@id":"https:\/\/macite.tg\/?p=25832#primaryimage"},"thumbnailUrl":"https:\/\/macite.tg\/wp-content\/uploads\/2025\/10\/image-147.png","datePublished":"2025-10-30T12:21:32+00:00","dateModified":"2025-10-30T12:21:41+00:00","author":{"@id":"https:\/\/macite.tg\/#\/schema\/person\/e9f2de7e5dbbe7770a9402c7ce82f5c2"},"breadcrumb":{"@id":"https:\/\/macite.tg\/?p=25832#breadcrumb"},"inLanguage":"fr-FR","potentialAction":[{"@type":"ReadAction","target":["https:\/\/macite.tg\/?p=25832"]}]},{"@type":"ImageObject","inLanguage":"fr-FR","@id":"https:\/\/macite.tg\/?p=25832#primaryimage","url":"https:\/\/macite.tg\/wp-content\/uploads\/2025\/10\/image-147.png","contentUrl":"https:\/\/macite.tg\/wp-content\/uploads\/2025\/10\/image-147.png","width":421,"height":270},{"@type":"BreadcrumbList","@id":"https:\/\/macite.tg\/?p=25832#breadcrumb","itemListElement":[{"@type":"ListItem","position":1,"name":"Accueil","item":"https:\/\/macite.tg\/"},{"@type":"ListItem","position":2,"name":"EDUCATION AUX MEDIAS ET A L\u2019INFORMATION\u00a0: D\u00e9claration de Paris sur l\u2019action multilat\u00e9rale pour l\u2019int\u00e9grit\u00e9 de l\u2019information et les m\u00e9dias ind\u00e9pendants"}]},{"@type":"WebSite","@id":"https:\/\/macite.tg\/#website","url":"https:\/\/macite.tg\/","name":"","description":"L&#039;information, la bonne!!!","potentialAction":[{"@type":"SearchAction","target":{"@type":"EntryPoint","urlTemplate":"https:\/\/macite.tg\/?s={search_term_string}"},"query-input":{"@type":"PropertyValueSpecification","valueRequired":true,"valueName":"search_term_string"}}],"inLanguage":"fr-FR"},{"@type":"Person","@id":"https:\/\/macite.tg\/#\/schema\/person\/e9f2de7e5dbbe7770a9402c7ce82f5c2","name":"Jean Pierre BAWELA","image":{"@type":"ImageObject","inLanguage":"fr-FR","@id":"https:\/\/macite.tg\/wp-content\/uploads\/2023\/09\/WhatsApp-Image-2023-09-19-at-14.44.41-122x122.jpeg","url":"https:\/\/macite.tg\/wp-content\/uploads\/2023\/09\/WhatsApp-Image-2023-09-19-at-14.44.41-122x122.jpeg","contentUrl":"https:\/\/macite.tg\/wp-content\/uploads\/2023\/09\/WhatsApp-Image-2023-09-19-at-14.44.41-122x122.jpeg","caption":"Jean Pierre BAWELA"},"url":"https:\/\/macite.tg\/?author=2"}]}},"_links":{"self":[{"href":"https:\/\/macite.tg\/index.php?rest_route=\/wp\/v2\/posts\/25832","targetHints":{"allow":["GET"]}}],"collection":[{"href":"https:\/\/macite.tg\/index.php?rest_route=\/wp\/v2\/posts"}],"about":[{"href":"https:\/\/macite.tg\/index.php?rest_route=\/wp\/v2\/types\/post"}],"author":[{"embeddable":true,"href":"https:\/\/macite.tg\/index.php?rest_route=\/wp\/v2\/users\/2"}],"replies":[{"embeddable":true,"href":"https:\/\/macite.tg\/index.php?rest_route=%2Fwp%2Fv2%2Fcomments&post=25832"}],"version-history":[{"count":0,"href":"https:\/\/macite.tg\/index.php?rest_route=\/wp\/v2\/posts\/25832\/revisions"}],"wp:featuredmedia":[{"embeddable":true,"href":"https:\/\/macite.tg\/index.php?rest_route=\/wp\/v2\/media\/25836"}],"wp:attachment":[{"href":"https:\/\/macite.tg\/index.php?rest_route=%2Fwp%2Fv2%2Fmedia&parent=25832"}],"wp:term":[{"taxonomy":"category","embeddable":true,"href":"https:\/\/macite.tg\/index.php?rest_route=%2Fwp%2Fv2%2Fcategories&post=25832"},{"taxonomy":"post_tag","embeddable":true,"href":"https:\/\/macite.tg\/index.php?rest_route=%2Fwp%2Fv2%2Ftags&post=25832"}],"curies":[{"name":"wp","href":"https:\/\/api.w.org\/{rel}","templated":true}]}}