{"id":25825,"date":"2025-10-30T11:10:16","date_gmt":"2025-10-30T11:10:16","guid":{"rendered":"https:\/\/macite.tg\/?p=25825"},"modified":"2025-10-30T11:15:24","modified_gmt":"2025-10-30T11:15:24","slug":"paix-et-a-la-prosperite-dans-la-region-des-grands-lacs-faure-gnassingbe-a-paris-aux-cotes-des-acteurs-de-premier-plan","status":"publish","type":"post","link":"https:\/\/macite.tg\/?p=25825","title":{"rendered":"PAIX ET A LA PROSPERITE DANS LA REGION DES GRANDS LACS\u00a0: Faure Gnassingb\u00e9 \u00e0 Paris aux c\u00f4t\u00e9s des acteurs de premier plan"},"content":{"rendered":"\n<p class=\"wp-block-paragraph\"><strong><em>C\u2019est ce 30 octobre 2025 que se tient dans la capitale fran\u00e7aise, la Conf\u00e9rence minist\u00e9rielle de soutien \u00e0 la paix et \u00e0 la prosp\u00e9rit\u00e9 dans la r\u00e9gion des Grands Lacs. Organis\u00e9 en \u00e9troite coordination par paris et Lom\u00e9, l\u2019\u00e9v\u00e9nement vise principalement \u00e0 mobiliser la communaut\u00e9 internationale afin de r\u00e9pondre collectivement \u00e0 l\u2019urgence humanitaire \u00e0 l\u2019Est de la R\u00e9publique D\u00e9mocratique du Congo (RDC) et dans la r\u00e9gion.<\/em><\/strong><\/p>\n\n\n\n<p class=\"wp-block-paragraph\">Le Pr\u00e9sident du Conseil togolais, Faure Essozimna Gnassingb\u00e9, M\u00e9diateur de l\u2019Union africaine en R\u00e9publique d\u00e9mocratique du Congo (RDC), est Paris pour prendre part, aux c\u00f4t\u00e9s du pr\u00e9sident fran\u00e7ais, Emmanuel Macron, des principaux acteurs dans la crise dans la r\u00e9gion des Grands Lacs, notamment le pr\u00e9sident congolais F\u00e9lix Tshis\u00e9k\u00e9di, et d\u2019\u00e9minentes personnalit\u00e9s. En toile de fonds impulser une dynamique collective de n\u00e9gociation et de m\u00e9diation.<\/p>\n\n\n<div class=\"wp-block-image\">\n<figure class=\"aligncenter size-large\"><img loading=\"lazy\" decoding=\"async\" width=\"1024\" height=\"426\" src=\"https:\/\/macite.tg\/wp-content\/uploads\/2025\/10\/OTR_Depreciation-1024x426.jpg\" alt=\"\" class=\"wp-image-25740\" srcset=\"https:\/\/macite.tg\/wp-content\/uploads\/2025\/10\/OTR_Depreciation-1024x426.jpg 1024w, https:\/\/macite.tg\/wp-content\/uploads\/2025\/10\/OTR_Depreciation-300x125.jpg 300w, https:\/\/macite.tg\/wp-content\/uploads\/2025\/10\/OTR_Depreciation-768x320.jpg 768w, https:\/\/macite.tg\/wp-content\/uploads\/2025\/10\/OTR_Depreciation.jpg 1132w\" sizes=\"auto, (max-width: 1024px) 100vw, 1024px\" \/><\/figure>\n<\/div>\n\n\n<p class=\"wp-block-paragraph\">Cette Conf\u00e9rence aura \u00e9galement l\u2019occasion de jeter un coup de projecteur sur les initiatives en cours, notamment la m\u00e9diation de l\u2019Ua, port\u00e9e par Lom\u00e9, et celle connexe initi\u00e9 par Washington et Doha.<\/p>\n\n\n\n<p class=\"wp-block-paragraph\">Les discussions devront s\u2019articuler autour de la situation humanitaire, le respect du droit international humanitaire, les d\u00e9placements et besoins des populations, sans oublier les m\u00e9canismes visant \u00e0 renforcer l\u2019int\u00e9gration r\u00e9gionale, consid\u00e9r\u00e9e comme un facteur cl\u00e9 pour la paix et la stabilit\u00e9 dans la r\u00e9gion, entre autres.<\/p>\n\n\n\n<p class=\"wp-block-paragraph\">Notons que le Pr\u00e9sident du Conseil de la R\u00e9publique Togolaise, qui n\u2019a de cesse de r\u00e9it\u00e9rer son engagement constant en faveur de la paix et des solutions durables aux diff\u00e9rends sociopolitiques, humanitaires et s\u00e9curitaires sur le continent africain, devra confirmer la confiance de la communaut\u00e9 internationale envers l\u2019action diplomatique poignante de Lom\u00e9.<\/p>\n\n\n\n<figure class=\"wp-block-image size-full\"><img loading=\"lazy\" decoding=\"async\" width=\"851\" height=\"315\" src=\"https:\/\/macite.tg\/wp-content\/uploads\/2025\/10\/OTR_Ferer-pour-batir-1-1.jpg\" alt=\"\" class=\"wp-image-25736\" srcset=\"https:\/\/macite.tg\/wp-content\/uploads\/2025\/10\/OTR_Ferer-pour-batir-1-1.jpg 851w, https:\/\/macite.tg\/wp-content\/uploads\/2025\/10\/OTR_Ferer-pour-batir-1-1-300x111.jpg 300w, https:\/\/macite.tg\/wp-content\/uploads\/2025\/10\/OTR_Ferer-pour-batir-1-1-768x284.jpg 768w\" sizes=\"auto, (max-width: 851px) 100vw, 851px\" \/><\/figure>\n\n\n\n<p class=\"wp-block-paragraph\">Faut-il le souligner, la communaut\u00e9 internationale via des organises onusiens, tout comme Paris, ont, il y a quelques semaines, salu\u00e9 l\u2019implication active et efficace de la Lom\u00e9.<\/p>\n\n\n\n<p class=\"wp-block-paragraph\"><em>Nous y reviendrons&nbsp;!<\/em><\/p>\n\n\n\n<p class=\"wp-block-paragraph\"><strong>La R\u00e9daction<\/strong><\/p>\n\n\n\n<p class=\"wp-block-paragraph\"><a><strong><em>@macite.tg&nbsp;&nbsp;&nbsp;&nbsp;&nbsp;&nbsp;&nbsp;&nbsp;<\/em><\/strong><\/a><\/p>\n\n\n\n<p class=\"wp-block-paragraph\"><strong><em>E-mail&nbsp;: <\/em><\/strong><a href=\"mailto:maciteinfo@gmail.com\"><strong><em>maciteinfo@gmail.com<\/em><\/strong><\/a><strong><em>; <\/em><\/strong><a href=\"mailto:bawela1@gmail.com\"><strong><em>bawela1@gmail.com<\/em><\/strong><\/a><strong><em><\/em><\/strong><\/p>\n\n\n\n<p class=\"wp-block-paragraph\"><strong><em>Pour vos annonces, (publi)reportages, etc., joignez-nous au (00228)91515309\/<strong>79872224 <\/strong><strong><\/strong><\/em><\/strong><\/p>\n\n\n\n<p class=\"wp-block-paragraph\"><strong><em>www.macite.tg, L\u2019information, la bonne&nbsp;!<\/em><\/strong><\/p>\n\n\n\n<p class=\"wp-block-paragraph\"><\/p>\n","protected":false},"excerpt":{"rendered":"<p class=\"text-justify mb-2\" >C\u2019est ce 30 octobre 2025 que se tient dans la capitale fran\u00e7aise, la Conf\u00e9rence minist\u00e9rielle de soutien \u00e0 la paix et \u00e0 la prosp\u00e9rit\u00e9 dans la r\u00e9gion des Grands Lacs. Organis\u00e9 en \u00e9troite coordination par paris et Lom\u00e9, l\u2019\u00e9v\u00e9nement vise principalement \u00e0 mobiliser la communaut\u00e9 [&hellip;]<\/p>\n","protected":false},"author":2,"featured_media":25828,"comment_status":"open","ping_status":"open","sticky":false,"template":"","format":"standard","meta":{"footnotes":""},"categories":[20,70],"tags":[],"class_list":["post-25825","post","type-post","status-publish","format-standard","has-post-thumbnail","hentry","category-actualite","category-paix-securite"],"yoast_head":"<!-- This site is optimized with the Yoast SEO plugin v28.4 - https:\/\/yoast.com\/product\/yoast-seo-wordpress\/ -->\n<title>PAIX ET A LA PROSPERITE DANS LA REGION DES GRANDS LACS\u00a0: Faure Gnassingb\u00e9 \u00e0 Paris aux c\u00f4t\u00e9s des acteurs de premier plan -<\/title>\n<meta name=\"robots\" content=\"index, follow, max-snippet:-1, max-image-preview:large, max-video-preview:-1\" \/>\n<link rel=\"canonical\" href=\"https:\/\/macite.tg\/?p=25825\" \/>\n<meta property=\"og:locale\" content=\"fr_FR\" \/>\n<meta property=\"og:type\" content=\"article\" \/>\n<meta property=\"og:title\" content=\"PAIX ET A LA PROSPERITE DANS LA REGION DES GRANDS LACS\u00a0: Faure Gnassingb\u00e9 \u00e0 Paris aux c\u00f4t\u00e9s des acteurs de premier plan -\" \/>\n<meta property=\"og:description\" content=\"C\u2019est ce 30 octobre 2025 que se tient dans la capitale fran\u00e7aise, la Conf\u00e9rence minist\u00e9rielle de soutien \u00e0 la paix et \u00e0 la prosp\u00e9rit\u00e9 dans la r\u00e9gion des Grands Lacs. Organis\u00e9 en \u00e9troite coordination par paris et Lom\u00e9, l\u2019\u00e9v\u00e9nement vise principalement \u00e0 mobiliser la communaut\u00e9 [&hellip;]\" \/>\n<meta property=\"og:url\" content=\"https:\/\/macite.tg\/?p=25825\" \/>\n<meta property=\"article:published_time\" content=\"2025-10-30T11:10:16+00:00\" \/>\n<meta property=\"article:modified_time\" content=\"2025-10-30T11:15:24+00:00\" \/>\n<meta property=\"og:image\" content=\"https:\/\/macite.tg\/wp-content\/uploads\/2025\/10\/2cfd5249-7a7e-4179-8327-ec046ca00d87.jpg\" \/>\n\t<meta property=\"og:image:width\" content=\"500\" \/>\n\t<meta property=\"og:image:height\" content=\"281\" \/>\n\t<meta property=\"og:image:type\" content=\"image\/jpeg\" \/>\n<meta name=\"author\" content=\"Jean Pierre BAWELA\" \/>\n<meta name=\"twitter:card\" content=\"summary_large_image\" \/>\n<meta name=\"twitter:label1\" content=\"\u00c9crit par\" \/>\n\t<meta name=\"twitter:data1\" content=\"Jean Pierre BAWELA\" \/>\n\t<meta name=\"twitter:label2\" content=\"Dur\u00e9e de lecture estim\u00e9e\" \/>\n\t<meta name=\"twitter:data2\" content=\"3 minutes\" \/>\n<script type=\"application\/ld+json\" class=\"yoast-schema-graph\">{\"@context\":\"https:\\\/\\\/schema.org\",\"@graph\":[{\"@type\":\"Article\",\"@id\":\"https:\\\/\\\/macite.tg\\\/?p=25825#article\",\"isPartOf\":{\"@id\":\"https:\\\/\\\/macite.tg\\\/?p=25825\"},\"author\":{\"name\":\"Jean Pierre BAWELA\",\"@id\":\"https:\\\/\\\/macite.tg\\\/#\\\/schema\\\/person\\\/e9f2de7e5dbbe7770a9402c7ce82f5c2\"},\"headline\":\"PAIX ET A LA PROSPERITE DANS LA REGION DES GRANDS LACS\u00a0: Faure Gnassingb\u00e9 \u00e0 Paris aux c\u00f4t\u00e9s des acteurs de premier plan\",\"datePublished\":\"2025-10-30T11:10:16+00:00\",\"dateModified\":\"2025-10-30T11:15:24+00:00\",\"mainEntityOfPage\":{\"@id\":\"https:\\\/\\\/macite.tg\\\/?p=25825\"},\"wordCount\":398,\"commentCount\":0,\"image\":{\"@id\":\"https:\\\/\\\/macite.tg\\\/?p=25825#primaryimage\"},\"thumbnailUrl\":\"https:\\\/\\\/macite.tg\\\/wp-content\\\/uploads\\\/2025\\\/10\\\/2cfd5249-7a7e-4179-8327-ec046ca00d87.jpg\",\"articleSection\":[\"ACTUALITE\",\"PAIX &amp; SECURITE\"],\"inLanguage\":\"fr-FR\",\"potentialAction\":[{\"@type\":\"CommentAction\",\"name\":\"Comment\",\"target\":[\"https:\\\/\\\/macite.tg\\\/?p=25825#respond\"]}]},{\"@type\":\"WebPage\",\"@id\":\"https:\\\/\\\/macite.tg\\\/?p=25825\",\"url\":\"https:\\\/\\\/macite.tg\\\/?p=25825\",\"name\":\"PAIX ET A LA PROSPERITE DANS LA REGION DES GRANDS LACS\u00a0: Faure Gnassingb\u00e9 \u00e0 Paris aux c\u00f4t\u00e9s des acteurs de premier plan -\",\"isPartOf\":{\"@id\":\"https:\\\/\\\/macite.tg\\\/#website\"},\"primaryImageOfPage\":{\"@id\":\"https:\\\/\\\/macite.tg\\\/?p=25825#primaryimage\"},\"image\":{\"@id\":\"https:\\\/\\\/macite.tg\\\/?p=25825#primaryimage\"},\"thumbnailUrl\":\"https:\\\/\\\/macite.tg\\\/wp-content\\\/uploads\\\/2025\\\/10\\\/2cfd5249-7a7e-4179-8327-ec046ca00d87.jpg\",\"datePublished\":\"2025-10-30T11:10:16+00:00\",\"dateModified\":\"2025-10-30T11:15:24+00:00\",\"author\":{\"@id\":\"https:\\\/\\\/macite.tg\\\/#\\\/schema\\\/person\\\/e9f2de7e5dbbe7770a9402c7ce82f5c2\"},\"breadcrumb\":{\"@id\":\"https:\\\/\\\/macite.tg\\\/?p=25825#breadcrumb\"},\"inLanguage\":\"fr-FR\",\"potentialAction\":[{\"@type\":\"ReadAction\",\"target\":[\"https:\\\/\\\/macite.tg\\\/?p=25825\"]}]},{\"@type\":\"ImageObject\",\"inLanguage\":\"fr-FR\",\"@id\":\"https:\\\/\\\/macite.tg\\\/?p=25825#primaryimage\",\"url\":\"https:\\\/\\\/macite.tg\\\/wp-content\\\/uploads\\\/2025\\\/10\\\/2cfd5249-7a7e-4179-8327-ec046ca00d87.jpg\",\"contentUrl\":\"https:\\\/\\\/macite.tg\\\/wp-content\\\/uploads\\\/2025\\\/10\\\/2cfd5249-7a7e-4179-8327-ec046ca00d87.jpg\",\"width\":500,\"height\":281},{\"@type\":\"BreadcrumbList\",\"@id\":\"https:\\\/\\\/macite.tg\\\/?p=25825#breadcrumb\",\"itemListElement\":[{\"@type\":\"ListItem\",\"position\":1,\"name\":\"Accueil\",\"item\":\"https:\\\/\\\/macite.tg\\\/\"},{\"@type\":\"ListItem\",\"position\":2,\"name\":\"PAIX ET A LA PROSPERITE DANS LA REGION DES GRANDS LACS\u00a0: Faure Gnassingb\u00e9 \u00e0 Paris aux c\u00f4t\u00e9s des acteurs de premier plan\"}]},{\"@type\":\"WebSite\",\"@id\":\"https:\\\/\\\/macite.tg\\\/#website\",\"url\":\"https:\\\/\\\/macite.tg\\\/\",\"name\":\"\",\"description\":\"L&#039;information, la bonne!!!\",\"potentialAction\":[{\"@type\":\"SearchAction\",\"target\":{\"@type\":\"EntryPoint\",\"urlTemplate\":\"https:\\\/\\\/macite.tg\\\/?s={search_term_string}\"},\"query-input\":{\"@type\":\"PropertyValueSpecification\",\"valueRequired\":true,\"valueName\":\"search_term_string\"}}],\"inLanguage\":\"fr-FR\"},{\"@type\":\"Person\",\"@id\":\"https:\\\/\\\/macite.tg\\\/#\\\/schema\\\/person\\\/e9f2de7e5dbbe7770a9402c7ce82f5c2\",\"name\":\"Jean Pierre BAWELA\",\"image\":{\"@type\":\"ImageObject\",\"inLanguage\":\"fr-FR\",\"@id\":\"https:\\\/\\\/macite.tg\\\/wp-content\\\/uploads\\\/2023\\\/09\\\/WhatsApp-Image-2023-09-19-at-14.44.41-122x122.jpeg\",\"url\":\"https:\\\/\\\/macite.tg\\\/wp-content\\\/uploads\\\/2023\\\/09\\\/WhatsApp-Image-2023-09-19-at-14.44.41-122x122.jpeg\",\"contentUrl\":\"https:\\\/\\\/macite.tg\\\/wp-content\\\/uploads\\\/2023\\\/09\\\/WhatsApp-Image-2023-09-19-at-14.44.41-122x122.jpeg\",\"caption\":\"Jean Pierre BAWELA\"},\"url\":\"https:\\\/\\\/macite.tg\\\/?author=2\"}]}<\/script>\n<!-- \/ Yoast SEO plugin. -->","yoast_head_json":{"title":"PAIX ET A LA PROSPERITE DANS LA REGION DES GRANDS LACS\u00a0: Faure Gnassingb\u00e9 \u00e0 Paris aux c\u00f4t\u00e9s des acteurs de premier plan -","robots":{"index":"index","follow":"follow","max-snippet":"max-snippet:-1","max-image-preview":"max-image-preview:large","max-video-preview":"max-video-preview:-1"},"canonical":"https:\/\/macite.tg\/?p=25825","og_locale":"fr_FR","og_type":"article","og_title":"PAIX ET A LA PROSPERITE DANS LA REGION DES GRANDS LACS\u00a0: Faure Gnassingb\u00e9 \u00e0 Paris aux c\u00f4t\u00e9s des acteurs de premier plan -","og_description":"C\u2019est ce 30 octobre 2025 que se tient dans la capitale fran\u00e7aise, la Conf\u00e9rence minist\u00e9rielle de soutien \u00e0 la paix et \u00e0 la prosp\u00e9rit\u00e9 dans la r\u00e9gion des Grands Lacs. Organis\u00e9 en \u00e9troite coordination par paris et Lom\u00e9, l\u2019\u00e9v\u00e9nement vise principalement \u00e0 mobiliser la communaut\u00e9 [&hellip;]","og_url":"https:\/\/macite.tg\/?p=25825","article_published_time":"2025-10-30T11:10:16+00:00","article_modified_time":"2025-10-30T11:15:24+00:00","og_image":[{"width":500,"height":281,"url":"https:\/\/macite.tg\/wp-content\/uploads\/2025\/10\/2cfd5249-7a7e-4179-8327-ec046ca00d87.jpg","type":"image\/jpeg"}],"author":"Jean Pierre BAWELA","twitter_card":"summary_large_image","twitter_misc":{"\u00c9crit par":"Jean Pierre BAWELA","Dur\u00e9e de lecture estim\u00e9e":"3 minutes"},"schema":{"@context":"https:\/\/schema.org","@graph":[{"@type":"Article","@id":"https:\/\/macite.tg\/?p=25825#article","isPartOf":{"@id":"https:\/\/macite.tg\/?p=25825"},"author":{"name":"Jean Pierre BAWELA","@id":"https:\/\/macite.tg\/#\/schema\/person\/e9f2de7e5dbbe7770a9402c7ce82f5c2"},"headline":"PAIX ET A LA PROSPERITE DANS LA REGION DES GRANDS LACS\u00a0: Faure Gnassingb\u00e9 \u00e0 Paris aux c\u00f4t\u00e9s des acteurs de premier plan","datePublished":"2025-10-30T11:10:16+00:00","dateModified":"2025-10-30T11:15:24+00:00","mainEntityOfPage":{"@id":"https:\/\/macite.tg\/?p=25825"},"wordCount":398,"commentCount":0,"image":{"@id":"https:\/\/macite.tg\/?p=25825#primaryimage"},"thumbnailUrl":"https:\/\/macite.tg\/wp-content\/uploads\/2025\/10\/2cfd5249-7a7e-4179-8327-ec046ca00d87.jpg","articleSection":["ACTUALITE","PAIX &amp; SECURITE"],"inLanguage":"fr-FR","potentialAction":[{"@type":"CommentAction","name":"Comment","target":["https:\/\/macite.tg\/?p=25825#respond"]}]},{"@type":"WebPage","@id":"https:\/\/macite.tg\/?p=25825","url":"https:\/\/macite.tg\/?p=25825","name":"PAIX ET A LA PROSPERITE DANS LA REGION DES GRANDS LACS\u00a0: Faure Gnassingb\u00e9 \u00e0 Paris aux c\u00f4t\u00e9s des acteurs de premier plan -","isPartOf":{"@id":"https:\/\/macite.tg\/#website"},"primaryImageOfPage":{"@id":"https:\/\/macite.tg\/?p=25825#primaryimage"},"image":{"@id":"https:\/\/macite.tg\/?p=25825#primaryimage"},"thumbnailUrl":"https:\/\/macite.tg\/wp-content\/uploads\/2025\/10\/2cfd5249-7a7e-4179-8327-ec046ca00d87.jpg","datePublished":"2025-10-30T11:10:16+00:00","dateModified":"2025-10-30T11:15:24+00:00","author":{"@id":"https:\/\/macite.tg\/#\/schema\/person\/e9f2de7e5dbbe7770a9402c7ce82f5c2"},"breadcrumb":{"@id":"https:\/\/macite.tg\/?p=25825#breadcrumb"},"inLanguage":"fr-FR","potentialAction":[{"@type":"ReadAction","target":["https:\/\/macite.tg\/?p=25825"]}]},{"@type":"ImageObject","inLanguage":"fr-FR","@id":"https:\/\/macite.tg\/?p=25825#primaryimage","url":"https:\/\/macite.tg\/wp-content\/uploads\/2025\/10\/2cfd5249-7a7e-4179-8327-ec046ca00d87.jpg","contentUrl":"https:\/\/macite.tg\/wp-content\/uploads\/2025\/10\/2cfd5249-7a7e-4179-8327-ec046ca00d87.jpg","width":500,"height":281},{"@type":"BreadcrumbList","@id":"https:\/\/macite.tg\/?p=25825#breadcrumb","itemListElement":[{"@type":"ListItem","position":1,"name":"Accueil","item":"https:\/\/macite.tg\/"},{"@type":"ListItem","position":2,"name":"PAIX ET A LA PROSPERITE DANS LA REGION DES GRANDS LACS\u00a0: Faure Gnassingb\u00e9 \u00e0 Paris aux c\u00f4t\u00e9s des acteurs de premier plan"}]},{"@type":"WebSite","@id":"https:\/\/macite.tg\/#website","url":"https:\/\/macite.tg\/","name":"","description":"L&#039;information, la bonne!!!","potentialAction":[{"@type":"SearchAction","target":{"@type":"EntryPoint","urlTemplate":"https:\/\/macite.tg\/?s={search_term_string}"},"query-input":{"@type":"PropertyValueSpecification","valueRequired":true,"valueName":"search_term_string"}}],"inLanguage":"fr-FR"},{"@type":"Person","@id":"https:\/\/macite.tg\/#\/schema\/person\/e9f2de7e5dbbe7770a9402c7ce82f5c2","name":"Jean Pierre BAWELA","image":{"@type":"ImageObject","inLanguage":"fr-FR","@id":"https:\/\/macite.tg\/wp-content\/uploads\/2023\/09\/WhatsApp-Image-2023-09-19-at-14.44.41-122x122.jpeg","url":"https:\/\/macite.tg\/wp-content\/uploads\/2023\/09\/WhatsApp-Image-2023-09-19-at-14.44.41-122x122.jpeg","contentUrl":"https:\/\/macite.tg\/wp-content\/uploads\/2023\/09\/WhatsApp-Image-2023-09-19-at-14.44.41-122x122.jpeg","caption":"Jean Pierre BAWELA"},"url":"https:\/\/macite.tg\/?author=2"}]}},"_links":{"self":[{"href":"https:\/\/macite.tg\/index.php?rest_route=\/wp\/v2\/posts\/25825","targetHints":{"allow":["GET"]}}],"collection":[{"href":"https:\/\/macite.tg\/index.php?rest_route=\/wp\/v2\/posts"}],"about":[{"href":"https:\/\/macite.tg\/index.php?rest_route=\/wp\/v2\/types\/post"}],"author":[{"embeddable":true,"href":"https:\/\/macite.tg\/index.php?rest_route=\/wp\/v2\/users\/2"}],"replies":[{"embeddable":true,"href":"https:\/\/macite.tg\/index.php?rest_route=%2Fwp%2Fv2%2Fcomments&post=25825"}],"version-history":[{"count":0,"href":"https:\/\/macite.tg\/index.php?rest_route=\/wp\/v2\/posts\/25825\/revisions"}],"wp:featuredmedia":[{"embeddable":true,"href":"https:\/\/macite.tg\/index.php?rest_route=\/wp\/v2\/media\/25828"}],"wp:attachment":[{"href":"https:\/\/macite.tg\/index.php?rest_route=%2Fwp%2Fv2%2Fmedia&parent=25825"}],"wp:term":[{"taxonomy":"category","embeddable":true,"href":"https:\/\/macite.tg\/index.php?rest_route=%2Fwp%2Fv2%2Fcategories&post=25825"},{"taxonomy":"post_tag","embeddable":true,"href":"https:\/\/macite.tg\/index.php?rest_route=%2Fwp%2Fv2%2Ftags&post=25825"}],"curies":[{"name":"wp","href":"https:\/\/api.w.org\/{rel}","templated":true}]}}