{"id":25812,"date":"2025-10-29T12:45:22","date_gmt":"2025-10-29T12:45:22","guid":{"rendered":"https:\/\/macite.tg\/?p=25812"},"modified":"2025-10-29T12:45:28","modified_gmt":"2025-10-29T12:45:28","slug":"assemblee-nationale-decouvrez-le-profil-des-membres-du-bureau-de-la-premiere-legislature-de-la-veme-republique","status":"publish","type":"post","link":"https:\/\/macite.tg\/?p=25812","title":{"rendered":"ASSEMBLEE NATIONALE: D\u00e9couvrez le profil des membres du Bureau de la premi\u00e8re L\u00e9gislature de la V\u00e8me R\u00e9publique"},"content":{"rendered":"\n<p class=\"wp-block-paragraph\"><strong><em>Il est d\u00e9sormais au complet. Le bureau de l\u2019Assembl\u00e9e nationale, le tout premier sous la banni\u00e8re de la V\u00e8me R\u00e9publique, est officiel depuis hier. C\u2019\u00e9tait \u00e0 l\u2019issue de la deuxi\u00e8me s\u00e9ance pl\u00e9ni\u00e8re de la deuxi\u00e8me session ordinaire de l\u2019ann\u00e9e, les d\u00e9put\u00e9s ont, conform\u00e9ment aux dispositions des articles 14 et 15 du r\u00e8glement int\u00e9rieur de l\u2019institution.<\/em><\/strong><\/p>\n\n\n\n<p class=\"wp-block-paragraph\">C\u2019est ainsi un nouveau chapitre qui s\u2019ouvre pour la l\u00e9gislature, qui s\u2019inscrit sous le signe de la continuit\u00e9 et du renforcement de l\u2019action parlementaire.<\/p>\n\n\n\n<p class=\"wp-block-paragraph\">Dans le visuel qui suit, prenez connaissance du profil des treize (13) membres du bureau de la premi\u00e8re L\u00e9gislature de la V\u00e8me R\u00e9publique.<\/p>\n\n\n<div class=\"wp-block-image\">\n<figure class=\"aligncenter size-large\"><img loading=\"lazy\" decoding=\"async\" width=\"724\" height=\"1024\" src=\"https:\/\/macite.tg\/wp-content\/uploads\/2025\/10\/Nouveau-burreau-724x1024.jpg\" alt=\"\" class=\"wp-image-25809\" srcset=\"https:\/\/macite.tg\/wp-content\/uploads\/2025\/10\/Nouveau-burreau-724x1024.jpg 724w, https:\/\/macite.tg\/wp-content\/uploads\/2025\/10\/Nouveau-burreau-212x300.jpg 212w, https:\/\/macite.tg\/wp-content\/uploads\/2025\/10\/Nouveau-burreau-768x1086.jpg 768w, https:\/\/macite.tg\/wp-content\/uploads\/2025\/10\/Nouveau-burreau.jpg 848w\" sizes=\"auto, (max-width: 724px) 100vw, 724px\" \/><\/figure>\n<\/div>\n\n\n<p class=\"wp-block-paragraph\"><a><strong><em>@macite.tg&nbsp;&nbsp;&nbsp;&nbsp;&nbsp;&nbsp;&nbsp;&nbsp;<\/em><\/strong><\/a><\/p>\n\n\n\n<p class=\"wp-block-paragraph\"><strong><em>E-mail&nbsp;: <\/em><\/strong><a href=\"mailto:maciteinfo@gmail.com\"><strong><em>maciteinfo@gmail.com<\/em><\/strong><\/a><strong><em>; <\/em><\/strong><a href=\"mailto:bawela1@gmail.com\"><strong><em>bawela1@gmail.com<\/em><\/strong><\/a><strong><em><\/em><\/strong><\/p>\n\n\n\n<p class=\"wp-block-paragraph\"><strong><em>Pour vos annonces, (publi)reportages, etc., joignez-nous au (00228)91515309\/<strong>79872224 <\/strong><strong><\/strong><\/em><\/strong><\/p>\n\n\n\n<p class=\"wp-block-paragraph\"><strong><em>www.macite.tg, L\u2019information, la bonne&nbsp;!<\/em><\/strong><\/p>\n","protected":false},"excerpt":{"rendered":"<p class=\"text-justify mb-2\" >Il est d\u00e9sormais au complet. Le bureau de l\u2019Assembl\u00e9e nationale, le tout premier sous la banni\u00e8re de la V\u00e8me R\u00e9publique, est officiel depuis hier. C\u2019\u00e9tait \u00e0 l\u2019issue de la deuxi\u00e8me s\u00e9ance pl\u00e9ni\u00e8re de la deuxi\u00e8me session ordinaire de l\u2019ann\u00e9e, les d\u00e9put\u00e9s ont, conform\u00e9ment aux dispositions [&hellip;]<\/p>\n","protected":false},"author":2,"featured_media":25816,"comment_status":"open","ping_status":"open","sticky":false,"template":"","format":"standard","meta":{"footnotes":""},"categories":[20,1],"tags":[],"class_list":["post-25812","post","type-post","status-publish","format-standard","has-post-thumbnail","hentry","category-actualite","category-politique"],"yoast_head":"<!-- This site is optimized with the Yoast SEO plugin v28.4 - https:\/\/yoast.com\/product\/yoast-seo-wordpress\/ -->\n<title>ASSEMBLEE NATIONALE: D\u00e9couvrez le profil des membres du Bureau de la premi\u00e8re L\u00e9gislature de la V\u00e8me R\u00e9publique -<\/title>\n<meta name=\"robots\" content=\"index, follow, max-snippet:-1, max-image-preview:large, max-video-preview:-1\" \/>\n<link rel=\"canonical\" href=\"https:\/\/macite.tg\/?p=25812\" \/>\n<meta property=\"og:locale\" content=\"fr_FR\" \/>\n<meta property=\"og:type\" content=\"article\" \/>\n<meta property=\"og:title\" content=\"ASSEMBLEE NATIONALE: D\u00e9couvrez le profil des membres du Bureau de la premi\u00e8re L\u00e9gislature de la V\u00e8me R\u00e9publique -\" \/>\n<meta property=\"og:description\" content=\"Il est d\u00e9sormais au complet. Le bureau de l\u2019Assembl\u00e9e nationale, le tout premier sous la banni\u00e8re de la V\u00e8me R\u00e9publique, est officiel depuis hier. C\u2019\u00e9tait \u00e0 l\u2019issue de la deuxi\u00e8me s\u00e9ance pl\u00e9ni\u00e8re de la deuxi\u00e8me session ordinaire de l\u2019ann\u00e9e, les d\u00e9put\u00e9s ont, conform\u00e9ment aux dispositions [&hellip;]\" \/>\n<meta property=\"og:url\" content=\"https:\/\/macite.tg\/?p=25812\" \/>\n<meta property=\"article:published_time\" content=\"2025-10-29T12:45:22+00:00\" \/>\n<meta property=\"article:modified_time\" content=\"2025-10-29T12:45:28+00:00\" \/>\n<meta property=\"og:image\" content=\"https:\/\/macite.tg\/wp-content\/uploads\/2025\/10\/Assemblee-nationale.jpg\" \/>\n\t<meta property=\"og:image:width\" content=\"435\" \/>\n\t<meta property=\"og:image:height\" content=\"199\" \/>\n\t<meta property=\"og:image:type\" content=\"image\/jpeg\" \/>\n<meta name=\"author\" content=\"Jean Pierre BAWELA\" \/>\n<meta name=\"twitter:card\" content=\"summary_large_image\" \/>\n<meta name=\"twitter:label1\" content=\"\u00c9crit par\" \/>\n\t<meta name=\"twitter:data1\" content=\"Jean Pierre BAWELA\" \/>\n\t<meta name=\"twitter:label2\" content=\"Dur\u00e9e de lecture estim\u00e9e\" \/>\n\t<meta name=\"twitter:data2\" content=\"2 minutes\" \/>\n<script type=\"application\/ld+json\" class=\"yoast-schema-graph\">{\"@context\":\"https:\\\/\\\/schema.org\",\"@graph\":[{\"@type\":\"Article\",\"@id\":\"https:\\\/\\\/macite.tg\\\/?p=25812#article\",\"isPartOf\":{\"@id\":\"https:\\\/\\\/macite.tg\\\/?p=25812\"},\"author\":{\"name\":\"Jean Pierre BAWELA\",\"@id\":\"https:\\\/\\\/macite.tg\\\/#\\\/schema\\\/person\\\/e9f2de7e5dbbe7770a9402c7ce82f5c2\"},\"headline\":\"ASSEMBLEE NATIONALE: D\u00e9couvrez le profil des membres du Bureau de la premi\u00e8re L\u00e9gislature de la V\u00e8me R\u00e9publique\",\"datePublished\":\"2025-10-29T12:45:22+00:00\",\"dateModified\":\"2025-10-29T12:45:28+00:00\",\"mainEntityOfPage\":{\"@id\":\"https:\\\/\\\/macite.tg\\\/?p=25812\"},\"wordCount\":184,\"commentCount\":0,\"image\":{\"@id\":\"https:\\\/\\\/macite.tg\\\/?p=25812#primaryimage\"},\"thumbnailUrl\":\"https:\\\/\\\/macite.tg\\\/wp-content\\\/uploads\\\/2025\\\/10\\\/Assemblee-nationale.jpg\",\"articleSection\":[\"ACTUALITE\",\"POLITIQUE\"],\"inLanguage\":\"fr-FR\",\"potentialAction\":[{\"@type\":\"CommentAction\",\"name\":\"Comment\",\"target\":[\"https:\\\/\\\/macite.tg\\\/?p=25812#respond\"]}]},{\"@type\":\"WebPage\",\"@id\":\"https:\\\/\\\/macite.tg\\\/?p=25812\",\"url\":\"https:\\\/\\\/macite.tg\\\/?p=25812\",\"name\":\"ASSEMBLEE NATIONALE: D\u00e9couvrez le profil des membres du Bureau de la premi\u00e8re L\u00e9gislature de la V\u00e8me R\u00e9publique -\",\"isPartOf\":{\"@id\":\"https:\\\/\\\/macite.tg\\\/#website\"},\"primaryImageOfPage\":{\"@id\":\"https:\\\/\\\/macite.tg\\\/?p=25812#primaryimage\"},\"image\":{\"@id\":\"https:\\\/\\\/macite.tg\\\/?p=25812#primaryimage\"},\"thumbnailUrl\":\"https:\\\/\\\/macite.tg\\\/wp-content\\\/uploads\\\/2025\\\/10\\\/Assemblee-nationale.jpg\",\"datePublished\":\"2025-10-29T12:45:22+00:00\",\"dateModified\":\"2025-10-29T12:45:28+00:00\",\"author\":{\"@id\":\"https:\\\/\\\/macite.tg\\\/#\\\/schema\\\/person\\\/e9f2de7e5dbbe7770a9402c7ce82f5c2\"},\"breadcrumb\":{\"@id\":\"https:\\\/\\\/macite.tg\\\/?p=25812#breadcrumb\"},\"inLanguage\":\"fr-FR\",\"potentialAction\":[{\"@type\":\"ReadAction\",\"target\":[\"https:\\\/\\\/macite.tg\\\/?p=25812\"]}]},{\"@type\":\"ImageObject\",\"inLanguage\":\"fr-FR\",\"@id\":\"https:\\\/\\\/macite.tg\\\/?p=25812#primaryimage\",\"url\":\"https:\\\/\\\/macite.tg\\\/wp-content\\\/uploads\\\/2025\\\/10\\\/Assemblee-nationale.jpg\",\"contentUrl\":\"https:\\\/\\\/macite.tg\\\/wp-content\\\/uploads\\\/2025\\\/10\\\/Assemblee-nationale.jpg\",\"width\":435,\"height\":199},{\"@type\":\"BreadcrumbList\",\"@id\":\"https:\\\/\\\/macite.tg\\\/?p=25812#breadcrumb\",\"itemListElement\":[{\"@type\":\"ListItem\",\"position\":1,\"name\":\"Accueil\",\"item\":\"https:\\\/\\\/macite.tg\\\/\"},{\"@type\":\"ListItem\",\"position\":2,\"name\":\"ASSEMBLEE NATIONALE: D\u00e9couvrez le profil des membres du Bureau de la premi\u00e8re L\u00e9gislature de la V\u00e8me R\u00e9publique\"}]},{\"@type\":\"WebSite\",\"@id\":\"https:\\\/\\\/macite.tg\\\/#website\",\"url\":\"https:\\\/\\\/macite.tg\\\/\",\"name\":\"\",\"description\":\"L&#039;information, la bonne!!!\",\"potentialAction\":[{\"@type\":\"SearchAction\",\"target\":{\"@type\":\"EntryPoint\",\"urlTemplate\":\"https:\\\/\\\/macite.tg\\\/?s={search_term_string}\"},\"query-input\":{\"@type\":\"PropertyValueSpecification\",\"valueRequired\":true,\"valueName\":\"search_term_string\"}}],\"inLanguage\":\"fr-FR\"},{\"@type\":\"Person\",\"@id\":\"https:\\\/\\\/macite.tg\\\/#\\\/schema\\\/person\\\/e9f2de7e5dbbe7770a9402c7ce82f5c2\",\"name\":\"Jean Pierre BAWELA\",\"image\":{\"@type\":\"ImageObject\",\"inLanguage\":\"fr-FR\",\"@id\":\"https:\\\/\\\/macite.tg\\\/wp-content\\\/uploads\\\/2023\\\/09\\\/WhatsApp-Image-2023-09-19-at-14.44.41-122x122.jpeg\",\"url\":\"https:\\\/\\\/macite.tg\\\/wp-content\\\/uploads\\\/2023\\\/09\\\/WhatsApp-Image-2023-09-19-at-14.44.41-122x122.jpeg\",\"contentUrl\":\"https:\\\/\\\/macite.tg\\\/wp-content\\\/uploads\\\/2023\\\/09\\\/WhatsApp-Image-2023-09-19-at-14.44.41-122x122.jpeg\",\"caption\":\"Jean Pierre BAWELA\"},\"url\":\"https:\\\/\\\/macite.tg\\\/?author=2\"}]}<\/script>\n<!-- \/ Yoast SEO plugin. -->","yoast_head_json":{"title":"ASSEMBLEE NATIONALE: D\u00e9couvrez le profil des membres du Bureau de la premi\u00e8re L\u00e9gislature de la V\u00e8me R\u00e9publique -","robots":{"index":"index","follow":"follow","max-snippet":"max-snippet:-1","max-image-preview":"max-image-preview:large","max-video-preview":"max-video-preview:-1"},"canonical":"https:\/\/macite.tg\/?p=25812","og_locale":"fr_FR","og_type":"article","og_title":"ASSEMBLEE NATIONALE: D\u00e9couvrez le profil des membres du Bureau de la premi\u00e8re L\u00e9gislature de la V\u00e8me R\u00e9publique -","og_description":"Il est d\u00e9sormais au complet. Le bureau de l\u2019Assembl\u00e9e nationale, le tout premier sous la banni\u00e8re de la V\u00e8me R\u00e9publique, est officiel depuis hier. C\u2019\u00e9tait \u00e0 l\u2019issue de la deuxi\u00e8me s\u00e9ance pl\u00e9ni\u00e8re de la deuxi\u00e8me session ordinaire de l\u2019ann\u00e9e, les d\u00e9put\u00e9s ont, conform\u00e9ment aux dispositions [&hellip;]","og_url":"https:\/\/macite.tg\/?p=25812","article_published_time":"2025-10-29T12:45:22+00:00","article_modified_time":"2025-10-29T12:45:28+00:00","og_image":[{"width":435,"height":199,"url":"https:\/\/macite.tg\/wp-content\/uploads\/2025\/10\/Assemblee-nationale.jpg","type":"image\/jpeg"}],"author":"Jean Pierre BAWELA","twitter_card":"summary_large_image","twitter_misc":{"\u00c9crit par":"Jean Pierre BAWELA","Dur\u00e9e de lecture estim\u00e9e":"2 minutes"},"schema":{"@context":"https:\/\/schema.org","@graph":[{"@type":"Article","@id":"https:\/\/macite.tg\/?p=25812#article","isPartOf":{"@id":"https:\/\/macite.tg\/?p=25812"},"author":{"name":"Jean Pierre BAWELA","@id":"https:\/\/macite.tg\/#\/schema\/person\/e9f2de7e5dbbe7770a9402c7ce82f5c2"},"headline":"ASSEMBLEE NATIONALE: D\u00e9couvrez le profil des membres du Bureau de la premi\u00e8re L\u00e9gislature de la V\u00e8me R\u00e9publique","datePublished":"2025-10-29T12:45:22+00:00","dateModified":"2025-10-29T12:45:28+00:00","mainEntityOfPage":{"@id":"https:\/\/macite.tg\/?p=25812"},"wordCount":184,"commentCount":0,"image":{"@id":"https:\/\/macite.tg\/?p=25812#primaryimage"},"thumbnailUrl":"https:\/\/macite.tg\/wp-content\/uploads\/2025\/10\/Assemblee-nationale.jpg","articleSection":["ACTUALITE","POLITIQUE"],"inLanguage":"fr-FR","potentialAction":[{"@type":"CommentAction","name":"Comment","target":["https:\/\/macite.tg\/?p=25812#respond"]}]},{"@type":"WebPage","@id":"https:\/\/macite.tg\/?p=25812","url":"https:\/\/macite.tg\/?p=25812","name":"ASSEMBLEE NATIONALE: D\u00e9couvrez le profil des membres du Bureau de la premi\u00e8re L\u00e9gislature de la V\u00e8me R\u00e9publique -","isPartOf":{"@id":"https:\/\/macite.tg\/#website"},"primaryImageOfPage":{"@id":"https:\/\/macite.tg\/?p=25812#primaryimage"},"image":{"@id":"https:\/\/macite.tg\/?p=25812#primaryimage"},"thumbnailUrl":"https:\/\/macite.tg\/wp-content\/uploads\/2025\/10\/Assemblee-nationale.jpg","datePublished":"2025-10-29T12:45:22+00:00","dateModified":"2025-10-29T12:45:28+00:00","author":{"@id":"https:\/\/macite.tg\/#\/schema\/person\/e9f2de7e5dbbe7770a9402c7ce82f5c2"},"breadcrumb":{"@id":"https:\/\/macite.tg\/?p=25812#breadcrumb"},"inLanguage":"fr-FR","potentialAction":[{"@type":"ReadAction","target":["https:\/\/macite.tg\/?p=25812"]}]},{"@type":"ImageObject","inLanguage":"fr-FR","@id":"https:\/\/macite.tg\/?p=25812#primaryimage","url":"https:\/\/macite.tg\/wp-content\/uploads\/2025\/10\/Assemblee-nationale.jpg","contentUrl":"https:\/\/macite.tg\/wp-content\/uploads\/2025\/10\/Assemblee-nationale.jpg","width":435,"height":199},{"@type":"BreadcrumbList","@id":"https:\/\/macite.tg\/?p=25812#breadcrumb","itemListElement":[{"@type":"ListItem","position":1,"name":"Accueil","item":"https:\/\/macite.tg\/"},{"@type":"ListItem","position":2,"name":"ASSEMBLEE NATIONALE: D\u00e9couvrez le profil des membres du Bureau de la premi\u00e8re L\u00e9gislature de la V\u00e8me R\u00e9publique"}]},{"@type":"WebSite","@id":"https:\/\/macite.tg\/#website","url":"https:\/\/macite.tg\/","name":"","description":"L&#039;information, la bonne!!!","potentialAction":[{"@type":"SearchAction","target":{"@type":"EntryPoint","urlTemplate":"https:\/\/macite.tg\/?s={search_term_string}"},"query-input":{"@type":"PropertyValueSpecification","valueRequired":true,"valueName":"search_term_string"}}],"inLanguage":"fr-FR"},{"@type":"Person","@id":"https:\/\/macite.tg\/#\/schema\/person\/e9f2de7e5dbbe7770a9402c7ce82f5c2","name":"Jean Pierre BAWELA","image":{"@type":"ImageObject","inLanguage":"fr-FR","@id":"https:\/\/macite.tg\/wp-content\/uploads\/2023\/09\/WhatsApp-Image-2023-09-19-at-14.44.41-122x122.jpeg","url":"https:\/\/macite.tg\/wp-content\/uploads\/2023\/09\/WhatsApp-Image-2023-09-19-at-14.44.41-122x122.jpeg","contentUrl":"https:\/\/macite.tg\/wp-content\/uploads\/2023\/09\/WhatsApp-Image-2023-09-19-at-14.44.41-122x122.jpeg","caption":"Jean Pierre BAWELA"},"url":"https:\/\/macite.tg\/?author=2"}]}},"_links":{"self":[{"href":"https:\/\/macite.tg\/index.php?rest_route=\/wp\/v2\/posts\/25812","targetHints":{"allow":["GET"]}}],"collection":[{"href":"https:\/\/macite.tg\/index.php?rest_route=\/wp\/v2\/posts"}],"about":[{"href":"https:\/\/macite.tg\/index.php?rest_route=\/wp\/v2\/types\/post"}],"author":[{"embeddable":true,"href":"https:\/\/macite.tg\/index.php?rest_route=\/wp\/v2\/users\/2"}],"replies":[{"embeddable":true,"href":"https:\/\/macite.tg\/index.php?rest_route=%2Fwp%2Fv2%2Fcomments&post=25812"}],"version-history":[{"count":0,"href":"https:\/\/macite.tg\/index.php?rest_route=\/wp\/v2\/posts\/25812\/revisions"}],"wp:featuredmedia":[{"embeddable":true,"href":"https:\/\/macite.tg\/index.php?rest_route=\/wp\/v2\/media\/25816"}],"wp:attachment":[{"href":"https:\/\/macite.tg\/index.php?rest_route=%2Fwp%2Fv2%2Fmedia&parent=25812"}],"wp:term":[{"taxonomy":"category","embeddable":true,"href":"https:\/\/macite.tg\/index.php?rest_route=%2Fwp%2Fv2%2Fcategories&post=25812"},{"taxonomy":"post_tag","embeddable":true,"href":"https:\/\/macite.tg\/index.php?rest_route=%2Fwp%2Fv2%2Ftags&post=25812"}],"curies":[{"name":"wp","href":"https:\/\/api.w.org\/{rel}","templated":true}]}}