{"id":25808,"date":"2025-10-29T12:31:08","date_gmt":"2025-10-29T12:31:08","guid":{"rendered":"https:\/\/macite.tg\/?p=25808"},"modified":"2025-10-29T12:42:16","modified_gmt":"2025-10-29T12:42:16","slug":"an-renouvellement-de-14-sieges-vacants-avec-laide-de-dieu-nous-saurons-ensemble-hisser-notre-institution-a-la-hauteur-des-attentes-du-peuple-que-nous-re","status":"publish","type":"post","link":"https:\/\/macite.tg\/?p=25808","title":{"rendered":"AN\u00a0\/ RENOUVELLEMENT DE 14 SIEGES VACANTS\u00a0: \u00a0\u00ab Avec l\u2019aide de Dieu (\u2026) nous saurons ensemble hisser notre institution \u00e0 la hauteur des attentes du peuple que nous repr\u00e9sentons ici \u00bb \u00a0(Prof S\u00e9lom Klassou)"},"content":{"rendered":"\n<p class=\"wp-block-paragraph\"><strong><em>R\u00e9unis hier en deuxi\u00e8me s\u00e9ance pl\u00e9ni\u00e8re de la deuxi\u00e8me session ordinaire de l\u2019ann\u00e9e, les d\u00e9put\u00e9s ont, conform\u00e9ment aux dispositions des articles 14 et 15 du r\u00e8glement int\u00e9rieur de l\u2019institution, proc\u00e9d\u00e9 au renouvellement partiel du Bureau de l\u2019institution. La s\u00e9ance pr\u00e9sid\u00e9e par le quatri\u00e8me vice-pr\u00e9sident, Ayao Dzr\u00e9k\u00e9, a permis de pourvoir \u00e0 quatorze (14) si\u00e8ges de d\u00e9put\u00e9s d\u00e9clar\u00e9s vacants \u00e0 la suite de situations d\u2019incompatibilit\u00e9 ou de renonciation volontaire. Cerise sur le g\u00e2teau, le Professeur Komi S\u00e9lom Klassou a \u00e9t\u00e9 port\u00e9 au perchoir.<\/em><\/strong><\/p>\n\n\n\n<p class=\"wp-block-paragraph\">Cette s\u00e9ance pl\u00e9ni\u00e8re avait \u00e0 c\u0153ur de proc\u00e9d\u00e9 \u00e0 l\u2019\u00e9lection du successeur de Sevon-T\u00e9p\u00e9 Kodjo Ad\u00e9dz\u00e9, Pr\u00e9sident sortant, pour la dur\u00e9e restante du mandat du bureau ouvert le 14 juin 2024.&nbsp; \u00c0 l\u2019issue d\u2019un scrutin \u00e0 main lev\u00e9e, le Professeur Komi S\u00e9lom Klassou a \u00e9t\u00e9 \u00e9lu Pr\u00e9sident de l\u2019Assembl\u00e9e nationale, \u00e0 l\u2019unanimit\u00e9 des d\u00e9put\u00e9s pr\u00e9sents, avec 109 voix. Ceci confirme la confiance de l\u2019ensemble des d\u00e9put\u00e9s en celui qui est devenu le quinzi\u00e8me pr\u00e9sident de l\u2019Assembl\u00e9e nationale togolaise.<\/p>\n\n\n\n<p class=\"wp-block-paragraph\">La pl\u00e9ni\u00e8re a \u00e9galement proc\u00e9d\u00e9 \u00e0 l\u2019\u00e9lection de quatre vice-pr\u00e9sidents, conform\u00e9ment \u00e0 la proc\u00e9dure \u00e9dict\u00e9e par les dispositions de l\u2019article 14 du r\u00e8glement int\u00e9rieur.<\/p>\n\n\n\n<figure class=\"wp-block-image size-full\"><img loading=\"lazy\" decoding=\"async\" width=\"851\" height=\"315\" src=\"https:\/\/macite.tg\/wp-content\/uploads\/2025\/10\/OTR_Ferer-pour-batir-1-1.jpg\" alt=\"\" class=\"wp-image-25736\" srcset=\"https:\/\/macite.tg\/wp-content\/uploads\/2025\/10\/OTR_Ferer-pour-batir-1-1.jpg 851w, https:\/\/macite.tg\/wp-content\/uploads\/2025\/10\/OTR_Ferer-pour-batir-1-1-300x111.jpg 300w, https:\/\/macite.tg\/wp-content\/uploads\/2025\/10\/OTR_Ferer-pour-batir-1-1-768x284.jpg 768w\" sizes=\"auto, (max-width: 851px) 100vw, 851px\" \/><\/figure>\n\n\n\n<p class=\"wp-block-paragraph\">Les d\u00e9put\u00e9s \u00e9lus sont :<\/p>\n\n\n\n<p class=\"wp-block-paragraph\"><strong>Premi\u00e8re vice-pr\u00e9sidente : Hadja M\u00e9mounatou Ibrahima<\/strong><\/p>\n\n\n\n<p class=\"wp-block-paragraph\"><strong>Deuxi\u00e8me vice-pr\u00e9sident : Gbalgueboa Kangb\u00e9ni<\/strong><\/p>\n\n\n\n<p class=\"wp-block-paragraph\"><strong>Troisi\u00e8me vice-pr\u00e9sident : Saad Mohamed Ouro-Sama<\/strong><\/p>\n\n\n\n<p class=\"wp-block-paragraph\"><strong>Quatri\u00e8me vice-pr\u00e9sident&nbsp;: Ayao Dzr\u00e9k\u00e9<\/strong><\/p>\n\n\n\n<p class=\"wp-block-paragraph\"><strong>Cinqui\u00e8me vice-pr\u00e9sident : Pawoumoudom Wella<\/strong><\/p>\n\n\n\n<p class=\"wp-block-paragraph\">Par ailleurs, conform\u00e9ment \u00e0 la d\u00e9cision n\u00b0 EL-1\/25 du 25 octobre 2025 de la Cour constitutionnelle, quatorze (14) si\u00e8ges de d\u00e9put\u00e9s ont \u00e9t\u00e9 d\u00e9clar\u00e9s vacants \u00e0 la suite de situations d\u2019incompatibilit\u00e9 ou de renonciation volontaire. Les suppl\u00e9ants d\u00e9sign\u00e9s par la Cour ont \u00e9t\u00e9 install\u00e9s officiellement au cours de la s\u00e9ance, conform\u00e9ment \u00e0 l\u2019article 185 du code \u00e9lectoral.<\/p>\n\n\n\n<p class=\"wp-block-paragraph\">Le pr\u00e9sident de s\u00e9ance leur a adress\u00e9 ses f\u00e9licitations et encouragements, en les invitant \u00e0 servir la nation avec loyaut\u00e9 et d\u00e9vouement. Il a en outre salu\u00e9 la transparence et la maturit\u00e9 ayant marqu\u00e9 les \u00e9lections, illustrant l\u2019attachement de l\u2019Assembl\u00e9e nationale aux principes d\u00e9mocratiques et \u00e0 la coll\u00e9gialit\u00e9 dans la conduite des affaires parlementaires.<\/p>\n\n\n<div class=\"wp-block-image\">\n<figure class=\"aligncenter size-large\"><img loading=\"lazy\" decoding=\"async\" width=\"1024\" height=\"426\" src=\"https:\/\/macite.tg\/wp-content\/uploads\/2025\/10\/OTR_Depreciation-1024x426.jpg\" alt=\"\" class=\"wp-image-25740\" srcset=\"https:\/\/macite.tg\/wp-content\/uploads\/2025\/10\/OTR_Depreciation-1024x426.jpg 1024w, https:\/\/macite.tg\/wp-content\/uploads\/2025\/10\/OTR_Depreciation-300x125.jpg 300w, https:\/\/macite.tg\/wp-content\/uploads\/2025\/10\/OTR_Depreciation-768x320.jpg 768w, https:\/\/macite.tg\/wp-content\/uploads\/2025\/10\/OTR_Depreciation.jpg 1132w\" sizes=\"auto, (max-width: 1024px) 100vw, 1024px\" \/><\/figure>\n<\/div>\n\n\n<p class=\"wp-block-paragraph\">\u00c0 l&rsquo;issue des votes, la c\u00e9r\u00e9monie d\u2019installation du nouveau pr\u00e9sident de l\u2019Assembl\u00e9e nationale a \u00e9t\u00e9 ponctu\u00e9e par les usages parlementaires traditionnels, notamment la remise du maillet, symbole de l\u2019autorit\u00e9 l\u00e9gislative.<\/p>\n\n\n\n<p class=\"wp-block-paragraph\">Dans son allocution, le nouveau pr\u00e9sident de l\u2019institution parlementaire, a, au nom de tous les membres du bureau \u00e9lus et de l\u2019ensemble des d\u00e9put\u00e9s, adress\u00e9 ses sinc\u00e8res remerciements \u00e0 ses coll\u00e8gues pour le choix port\u00e9 sur sa modeste personne.<\/p>\n\n\n\n<p class=\"wp-block-paragraph\">Il a aussi exprim\u00e9 sa gratitude \u00e0 Son Excellence Monsieur Faure Essozimna Gnassingb\u00e9, Pr\u00e9sident du Conseil, pour la confiance, l\u2019estime et l\u2019appui constant qu\u2019il ne cesse d\u2019accorder aux institutions de la R\u00e9publique.<\/p>\n\n\n\n<p class=\"wp-block-paragraph\">Il s\u2019est \u00e9galement engag\u00e9 \u00e0 \u0153uvrer avec loyaut\u00e9 et d\u00e9termination. <em>\u00ab Ce choix m\u2019honore, mais il impose surtout un devoir, celui d\u2019\u00eatre un pr\u00e9sident \u00e0 l\u2019\u00e9coute de tous et de toutes, garant du dialogue, de la coh\u00e9sion et du respect des valeurs r\u00e9publicaines qui fondent la cinqui\u00e8me R\u00e9publique \u00bb<\/em>, a-t-il d\u00e9clar\u00e9.<\/p>\n\n\n\n<p class=\"wp-block-paragraph\"><em>\u00ab Avec l\u2019aide de Dieu, la confiance du Pr\u00e9sident du Conseil et le concours de chacun et chacune d\u2019entre vous, nous saurons ensemble hisser notre institution \u00e0 la hauteur des attentes du peuple que nous repr\u00e9sentons ici \u00bb,<\/em> a-t-il soulign\u00e9.<\/p>\n\n\n<div class=\"wp-block-image\">\n<figure class=\"aligncenter size-full\"><img loading=\"lazy\" decoding=\"async\" width=\"500\" height=\"500\" src=\"https:\/\/macite.tg\/wp-content\/uploads\/2025\/10\/LAISSEZ6PASSER-EN-UN-CLIC.jpg\" alt=\"\" class=\"wp-image-25305\" srcset=\"https:\/\/macite.tg\/wp-content\/uploads\/2025\/10\/LAISSEZ6PASSER-EN-UN-CLIC.jpg 500w, https:\/\/macite.tg\/wp-content\/uploads\/2025\/10\/LAISSEZ6PASSER-EN-UN-CLIC-300x300.jpg 300w, https:\/\/macite.tg\/wp-content\/uploads\/2025\/10\/LAISSEZ6PASSER-EN-UN-CLIC-150x150.jpg 150w, https:\/\/macite.tg\/wp-content\/uploads\/2025\/10\/LAISSEZ6PASSER-EN-UN-CLIC-122x122.jpg 122w\" sizes=\"auto, (max-width: 500px) 100vw, 500px\" \/><\/figure>\n<\/div>\n\n\n<p class=\"wp-block-paragraph\">Enfin, le Pr\u00e9sident Komi S\u00e9lom Klassou a salu\u00e9 son pr\u00e9d\u00e9cesseur, Monsieur Sevon-T\u00e9p\u00e9 Kodjo Ad\u00e9dz\u00e9, pour le travail remarquable qu\u2019il a abattu \u00e0 la t\u00eate de cette premi\u00e8re l\u00e9gislature de la cinqui\u00e8me r\u00e9publique.<\/p>\n\n\n\n<p class=\"wp-block-paragraph\">Avec cette \u00e9lection, le bureau de l\u2019Assembl\u00e9e nationale est d\u00e9sormais au complet. Un nouveau chapitre s\u2019ouvre ainsi pour la l\u00e9gislature, sous le signe de la continuit\u00e9 et du renforcement de l\u2019action parlementaire.<\/p>\n\n\n\n<p class=\"wp-block-paragraph\"><strong>(Avec la Cellule Comm AN)<\/strong><\/p>\n\n\n\n<p class=\"wp-block-paragraph\"><strong><em>@macite.tg&nbsp;&nbsp;&nbsp;&nbsp;&nbsp;&nbsp;&nbsp;&nbsp;<\/em><\/strong><\/p>\n\n\n\n<p class=\"wp-block-paragraph\"><strong><em>E-mail&nbsp;: <\/em><\/strong><a href=\"mailto:maciteinfo@gmail.com\"><strong><em>maciteinfo@gmail.com<\/em><\/strong><\/a><strong><em>; <\/em><\/strong><a href=\"mailto:bawela1@gmail.com\"><strong><em>bawela1@gmail.com<\/em><\/strong><\/a><strong><em> <\/em><\/strong><strong><em><\/em><\/strong><\/p>\n\n\n\n<p class=\"wp-block-paragraph\"><strong><em>Pour vos annonces, (publi)reportages, etc., joignez-nous au (00228)91515309\/<strong>79872224 <\/strong><strong><\/strong><\/em><\/strong><\/p>\n\n\n\n<p class=\"wp-block-paragraph\"><strong><em>www.macite.tg, L\u2019information, la bonne&nbsp;!<\/em><\/strong><\/p>\n\n\n\n<p class=\"wp-block-paragraph\"><\/p>\n","protected":false},"excerpt":{"rendered":"<p class=\"text-justify mb-2\" >R\u00e9unis hier en deuxi\u00e8me s\u00e9ance pl\u00e9ni\u00e8re de la deuxi\u00e8me session ordinaire de l\u2019ann\u00e9e, les d\u00e9put\u00e9s ont, conform\u00e9ment aux dispositions des articles 14 et 15 du r\u00e8glement int\u00e9rieur de l\u2019institution, proc\u00e9d\u00e9 au renouvellement partiel du Bureau de l\u2019institution. La s\u00e9ance pr\u00e9sid\u00e9e par le quatri\u00e8me vice-pr\u00e9sident, Ayao [&hellip;]<\/p>\n","protected":false},"author":2,"featured_media":25810,"comment_status":"open","ping_status":"open","sticky":false,"template":"","format":"standard","meta":{"footnotes":""},"categories":[20,1],"tags":[],"class_list":["post-25808","post","type-post","status-publish","format-standard","has-post-thumbnail","hentry","category-actualite","category-politique"],"yoast_head":"<!-- This site is optimized with the Yoast SEO plugin v28.4 - https:\/\/yoast.com\/product\/yoast-seo-wordpress\/ -->\n<title>AN\u00a0\/ RENOUVELLEMENT DE 14 SIEGES VACANTS\u00a0: \u00a0\u00ab Avec l\u2019aide de Dieu (\u2026) nous saurons ensemble hisser notre institution \u00e0 la hauteur des attentes du peuple que nous repr\u00e9sentons ici \u00bb \u00a0(Prof S\u00e9lom Klassou) -<\/title>\n<meta name=\"robots\" content=\"index, follow, max-snippet:-1, max-image-preview:large, max-video-preview:-1\" \/>\n<link rel=\"canonical\" href=\"https:\/\/macite.tg\/?p=25808\" \/>\n<meta property=\"og:locale\" content=\"fr_FR\" \/>\n<meta property=\"og:type\" content=\"article\" \/>\n<meta property=\"og:title\" content=\"AN\u00a0\/ RENOUVELLEMENT DE 14 SIEGES VACANTS\u00a0: \u00a0\u00ab Avec l\u2019aide de Dieu (\u2026) nous saurons ensemble hisser notre institution \u00e0 la hauteur des attentes du peuple que nous repr\u00e9sentons ici \u00bb \u00a0(Prof S\u00e9lom Klassou) -\" \/>\n<meta property=\"og:description\" content=\"R\u00e9unis hier en deuxi\u00e8me s\u00e9ance pl\u00e9ni\u00e8re de la deuxi\u00e8me session ordinaire de l\u2019ann\u00e9e, les d\u00e9put\u00e9s ont, conform\u00e9ment aux dispositions des articles 14 et 15 du r\u00e8glement int\u00e9rieur de l\u2019institution, proc\u00e9d\u00e9 au renouvellement partiel du Bureau de l\u2019institution. La s\u00e9ance pr\u00e9sid\u00e9e par le quatri\u00e8me vice-pr\u00e9sident, Ayao [&hellip;]\" \/>\n<meta property=\"og:url\" content=\"https:\/\/macite.tg\/?p=25808\" \/>\n<meta property=\"article:published_time\" content=\"2025-10-29T12:31:08+00:00\" \/>\n<meta property=\"article:modified_time\" content=\"2025-10-29T12:42:16+00:00\" \/>\n<meta property=\"og:image\" content=\"https:\/\/macite.tg\/wp-content\/uploads\/2025\/10\/Pdt-AN-Klassou.jpg\" \/>\n\t<meta property=\"og:image:width\" content=\"500\" \/>\n\t<meta property=\"og:image:height\" content=\"357\" \/>\n\t<meta property=\"og:image:type\" content=\"image\/jpeg\" \/>\n<meta name=\"author\" content=\"Jean Pierre BAWELA\" \/>\n<meta name=\"twitter:card\" content=\"summary_large_image\" \/>\n<meta name=\"twitter:label1\" content=\"\u00c9crit par\" \/>\n\t<meta name=\"twitter:data1\" content=\"Jean Pierre BAWELA\" \/>\n\t<meta name=\"twitter:label2\" content=\"Dur\u00e9e de lecture estim\u00e9e\" \/>\n\t<meta name=\"twitter:data2\" content=\"4 minutes\" \/>\n<script type=\"application\/ld+json\" class=\"yoast-schema-graph\">{\"@context\":\"https:\\\/\\\/schema.org\",\"@graph\":[{\"@type\":\"Article\",\"@id\":\"https:\\\/\\\/macite.tg\\\/?p=25808#article\",\"isPartOf\":{\"@id\":\"https:\\\/\\\/macite.tg\\\/?p=25808\"},\"author\":{\"name\":\"Jean Pierre BAWELA\",\"@id\":\"https:\\\/\\\/macite.tg\\\/#\\\/schema\\\/person\\\/e9f2de7e5dbbe7770a9402c7ce82f5c2\"},\"headline\":\"AN\u00a0\\\/ RENOUVELLEMENT DE 14 SIEGES VACANTS\u00a0: \u00a0\u00ab Avec l\u2019aide de Dieu (\u2026) nous saurons ensemble hisser notre institution \u00e0 la hauteur des attentes du peuple que nous repr\u00e9sentons ici \u00bb \u00a0(Prof S\u00e9lom Klassou)\",\"datePublished\":\"2025-10-29T12:31:08+00:00\",\"dateModified\":\"2025-10-29T12:42:16+00:00\",\"mainEntityOfPage\":{\"@id\":\"https:\\\/\\\/macite.tg\\\/?p=25808\"},\"wordCount\":777,\"commentCount\":0,\"image\":{\"@id\":\"https:\\\/\\\/macite.tg\\\/?p=25808#primaryimage\"},\"thumbnailUrl\":\"https:\\\/\\\/macite.tg\\\/wp-content\\\/uploads\\\/2025\\\/10\\\/Pdt-AN-Klassou.jpg\",\"articleSection\":[\"ACTUALITE\",\"POLITIQUE\"],\"inLanguage\":\"fr-FR\",\"potentialAction\":[{\"@type\":\"CommentAction\",\"name\":\"Comment\",\"target\":[\"https:\\\/\\\/macite.tg\\\/?p=25808#respond\"]}]},{\"@type\":\"WebPage\",\"@id\":\"https:\\\/\\\/macite.tg\\\/?p=25808\",\"url\":\"https:\\\/\\\/macite.tg\\\/?p=25808\",\"name\":\"AN\u00a0\\\/ RENOUVELLEMENT DE 14 SIEGES VACANTS\u00a0: \u00a0\u00ab Avec l\u2019aide de Dieu (\u2026) nous saurons ensemble hisser notre institution \u00e0 la hauteur des attentes du peuple que nous repr\u00e9sentons ici \u00bb \u00a0(Prof S\u00e9lom Klassou) -\",\"isPartOf\":{\"@id\":\"https:\\\/\\\/macite.tg\\\/#website\"},\"primaryImageOfPage\":{\"@id\":\"https:\\\/\\\/macite.tg\\\/?p=25808#primaryimage\"},\"image\":{\"@id\":\"https:\\\/\\\/macite.tg\\\/?p=25808#primaryimage\"},\"thumbnailUrl\":\"https:\\\/\\\/macite.tg\\\/wp-content\\\/uploads\\\/2025\\\/10\\\/Pdt-AN-Klassou.jpg\",\"datePublished\":\"2025-10-29T12:31:08+00:00\",\"dateModified\":\"2025-10-29T12:42:16+00:00\",\"author\":{\"@id\":\"https:\\\/\\\/macite.tg\\\/#\\\/schema\\\/person\\\/e9f2de7e5dbbe7770a9402c7ce82f5c2\"},\"breadcrumb\":{\"@id\":\"https:\\\/\\\/macite.tg\\\/?p=25808#breadcrumb\"},\"inLanguage\":\"fr-FR\",\"potentialAction\":[{\"@type\":\"ReadAction\",\"target\":[\"https:\\\/\\\/macite.tg\\\/?p=25808\"]}]},{\"@type\":\"ImageObject\",\"inLanguage\":\"fr-FR\",\"@id\":\"https:\\\/\\\/macite.tg\\\/?p=25808#primaryimage\",\"url\":\"https:\\\/\\\/macite.tg\\\/wp-content\\\/uploads\\\/2025\\\/10\\\/Pdt-AN-Klassou.jpg\",\"contentUrl\":\"https:\\\/\\\/macite.tg\\\/wp-content\\\/uploads\\\/2025\\\/10\\\/Pdt-AN-Klassou.jpg\",\"width\":500,\"height\":357,\"caption\":\"Prof S\u00e9lom Komi Klassou, nouveau pr\u00e9sident de l'AN\"},{\"@type\":\"BreadcrumbList\",\"@id\":\"https:\\\/\\\/macite.tg\\\/?p=25808#breadcrumb\",\"itemListElement\":[{\"@type\":\"ListItem\",\"position\":1,\"name\":\"Accueil\",\"item\":\"https:\\\/\\\/macite.tg\\\/\"},{\"@type\":\"ListItem\",\"position\":2,\"name\":\"AN\u00a0\\\/ RENOUVELLEMENT DE 14 SIEGES VACANTS\u00a0: \u00a0\u00ab Avec l\u2019aide de Dieu (\u2026) nous saurons ensemble hisser notre institution \u00e0 la hauteur des attentes du peuple que nous repr\u00e9sentons ici \u00bb \u00a0(Prof S\u00e9lom Klassou)\"}]},{\"@type\":\"WebSite\",\"@id\":\"https:\\\/\\\/macite.tg\\\/#website\",\"url\":\"https:\\\/\\\/macite.tg\\\/\",\"name\":\"\",\"description\":\"L&#039;information, la bonne!!!\",\"potentialAction\":[{\"@type\":\"SearchAction\",\"target\":{\"@type\":\"EntryPoint\",\"urlTemplate\":\"https:\\\/\\\/macite.tg\\\/?s={search_term_string}\"},\"query-input\":{\"@type\":\"PropertyValueSpecification\",\"valueRequired\":true,\"valueName\":\"search_term_string\"}}],\"inLanguage\":\"fr-FR\"},{\"@type\":\"Person\",\"@id\":\"https:\\\/\\\/macite.tg\\\/#\\\/schema\\\/person\\\/e9f2de7e5dbbe7770a9402c7ce82f5c2\",\"name\":\"Jean Pierre BAWELA\",\"image\":{\"@type\":\"ImageObject\",\"inLanguage\":\"fr-FR\",\"@id\":\"https:\\\/\\\/macite.tg\\\/wp-content\\\/uploads\\\/2023\\\/09\\\/WhatsApp-Image-2023-09-19-at-14.44.41-122x122.jpeg\",\"url\":\"https:\\\/\\\/macite.tg\\\/wp-content\\\/uploads\\\/2023\\\/09\\\/WhatsApp-Image-2023-09-19-at-14.44.41-122x122.jpeg\",\"contentUrl\":\"https:\\\/\\\/macite.tg\\\/wp-content\\\/uploads\\\/2023\\\/09\\\/WhatsApp-Image-2023-09-19-at-14.44.41-122x122.jpeg\",\"caption\":\"Jean Pierre BAWELA\"},\"url\":\"https:\\\/\\\/macite.tg\\\/?author=2\"}]}<\/script>\n<!-- \/ Yoast SEO plugin. -->","yoast_head_json":{"title":"AN\u00a0\/ RENOUVELLEMENT DE 14 SIEGES VACANTS\u00a0: \u00a0\u00ab Avec l\u2019aide de Dieu (\u2026) nous saurons ensemble hisser notre institution \u00e0 la hauteur des attentes du peuple que nous repr\u00e9sentons ici \u00bb \u00a0(Prof S\u00e9lom Klassou) -","robots":{"index":"index","follow":"follow","max-snippet":"max-snippet:-1","max-image-preview":"max-image-preview:large","max-video-preview":"max-video-preview:-1"},"canonical":"https:\/\/macite.tg\/?p=25808","og_locale":"fr_FR","og_type":"article","og_title":"AN\u00a0\/ RENOUVELLEMENT DE 14 SIEGES VACANTS\u00a0: \u00a0\u00ab Avec l\u2019aide de Dieu (\u2026) nous saurons ensemble hisser notre institution \u00e0 la hauteur des attentes du peuple que nous repr\u00e9sentons ici \u00bb \u00a0(Prof S\u00e9lom Klassou) -","og_description":"R\u00e9unis hier en deuxi\u00e8me s\u00e9ance pl\u00e9ni\u00e8re de la deuxi\u00e8me session ordinaire de l\u2019ann\u00e9e, les d\u00e9put\u00e9s ont, conform\u00e9ment aux dispositions des articles 14 et 15 du r\u00e8glement int\u00e9rieur de l\u2019institution, proc\u00e9d\u00e9 au renouvellement partiel du Bureau de l\u2019institution. La s\u00e9ance pr\u00e9sid\u00e9e par le quatri\u00e8me vice-pr\u00e9sident, Ayao [&hellip;]","og_url":"https:\/\/macite.tg\/?p=25808","article_published_time":"2025-10-29T12:31:08+00:00","article_modified_time":"2025-10-29T12:42:16+00:00","og_image":[{"width":500,"height":357,"url":"https:\/\/macite.tg\/wp-content\/uploads\/2025\/10\/Pdt-AN-Klassou.jpg","type":"image\/jpeg"}],"author":"Jean Pierre BAWELA","twitter_card":"summary_large_image","twitter_misc":{"\u00c9crit par":"Jean Pierre BAWELA","Dur\u00e9e de lecture estim\u00e9e":"4 minutes"},"schema":{"@context":"https:\/\/schema.org","@graph":[{"@type":"Article","@id":"https:\/\/macite.tg\/?p=25808#article","isPartOf":{"@id":"https:\/\/macite.tg\/?p=25808"},"author":{"name":"Jean Pierre BAWELA","@id":"https:\/\/macite.tg\/#\/schema\/person\/e9f2de7e5dbbe7770a9402c7ce82f5c2"},"headline":"AN\u00a0\/ RENOUVELLEMENT DE 14 SIEGES VACANTS\u00a0: \u00a0\u00ab Avec l\u2019aide de Dieu (\u2026) nous saurons ensemble hisser notre institution \u00e0 la hauteur des attentes du peuple que nous repr\u00e9sentons ici \u00bb \u00a0(Prof S\u00e9lom Klassou)","datePublished":"2025-10-29T12:31:08+00:00","dateModified":"2025-10-29T12:42:16+00:00","mainEntityOfPage":{"@id":"https:\/\/macite.tg\/?p=25808"},"wordCount":777,"commentCount":0,"image":{"@id":"https:\/\/macite.tg\/?p=25808#primaryimage"},"thumbnailUrl":"https:\/\/macite.tg\/wp-content\/uploads\/2025\/10\/Pdt-AN-Klassou.jpg","articleSection":["ACTUALITE","POLITIQUE"],"inLanguage":"fr-FR","potentialAction":[{"@type":"CommentAction","name":"Comment","target":["https:\/\/macite.tg\/?p=25808#respond"]}]},{"@type":"WebPage","@id":"https:\/\/macite.tg\/?p=25808","url":"https:\/\/macite.tg\/?p=25808","name":"AN\u00a0\/ RENOUVELLEMENT DE 14 SIEGES VACANTS\u00a0: \u00a0\u00ab Avec l\u2019aide de Dieu (\u2026) nous saurons ensemble hisser notre institution \u00e0 la hauteur des attentes du peuple que nous repr\u00e9sentons ici \u00bb \u00a0(Prof S\u00e9lom Klassou) -","isPartOf":{"@id":"https:\/\/macite.tg\/#website"},"primaryImageOfPage":{"@id":"https:\/\/macite.tg\/?p=25808#primaryimage"},"image":{"@id":"https:\/\/macite.tg\/?p=25808#primaryimage"},"thumbnailUrl":"https:\/\/macite.tg\/wp-content\/uploads\/2025\/10\/Pdt-AN-Klassou.jpg","datePublished":"2025-10-29T12:31:08+00:00","dateModified":"2025-10-29T12:42:16+00:00","author":{"@id":"https:\/\/macite.tg\/#\/schema\/person\/e9f2de7e5dbbe7770a9402c7ce82f5c2"},"breadcrumb":{"@id":"https:\/\/macite.tg\/?p=25808#breadcrumb"},"inLanguage":"fr-FR","potentialAction":[{"@type":"ReadAction","target":["https:\/\/macite.tg\/?p=25808"]}]},{"@type":"ImageObject","inLanguage":"fr-FR","@id":"https:\/\/macite.tg\/?p=25808#primaryimage","url":"https:\/\/macite.tg\/wp-content\/uploads\/2025\/10\/Pdt-AN-Klassou.jpg","contentUrl":"https:\/\/macite.tg\/wp-content\/uploads\/2025\/10\/Pdt-AN-Klassou.jpg","width":500,"height":357,"caption":"Prof S\u00e9lom Komi Klassou, nouveau pr\u00e9sident de l'AN"},{"@type":"BreadcrumbList","@id":"https:\/\/macite.tg\/?p=25808#breadcrumb","itemListElement":[{"@type":"ListItem","position":1,"name":"Accueil","item":"https:\/\/macite.tg\/"},{"@type":"ListItem","position":2,"name":"AN\u00a0\/ RENOUVELLEMENT DE 14 SIEGES VACANTS\u00a0: \u00a0\u00ab Avec l\u2019aide de Dieu (\u2026) nous saurons ensemble hisser notre institution \u00e0 la hauteur des attentes du peuple que nous repr\u00e9sentons ici \u00bb \u00a0(Prof S\u00e9lom Klassou)"}]},{"@type":"WebSite","@id":"https:\/\/macite.tg\/#website","url":"https:\/\/macite.tg\/","name":"","description":"L&#039;information, la bonne!!!","potentialAction":[{"@type":"SearchAction","target":{"@type":"EntryPoint","urlTemplate":"https:\/\/macite.tg\/?s={search_term_string}"},"query-input":{"@type":"PropertyValueSpecification","valueRequired":true,"valueName":"search_term_string"}}],"inLanguage":"fr-FR"},{"@type":"Person","@id":"https:\/\/macite.tg\/#\/schema\/person\/e9f2de7e5dbbe7770a9402c7ce82f5c2","name":"Jean Pierre BAWELA","image":{"@type":"ImageObject","inLanguage":"fr-FR","@id":"https:\/\/macite.tg\/wp-content\/uploads\/2023\/09\/WhatsApp-Image-2023-09-19-at-14.44.41-122x122.jpeg","url":"https:\/\/macite.tg\/wp-content\/uploads\/2023\/09\/WhatsApp-Image-2023-09-19-at-14.44.41-122x122.jpeg","contentUrl":"https:\/\/macite.tg\/wp-content\/uploads\/2023\/09\/WhatsApp-Image-2023-09-19-at-14.44.41-122x122.jpeg","caption":"Jean Pierre BAWELA"},"url":"https:\/\/macite.tg\/?author=2"}]}},"_links":{"self":[{"href":"https:\/\/macite.tg\/index.php?rest_route=\/wp\/v2\/posts\/25808","targetHints":{"allow":["GET"]}}],"collection":[{"href":"https:\/\/macite.tg\/index.php?rest_route=\/wp\/v2\/posts"}],"about":[{"href":"https:\/\/macite.tg\/index.php?rest_route=\/wp\/v2\/types\/post"}],"author":[{"embeddable":true,"href":"https:\/\/macite.tg\/index.php?rest_route=\/wp\/v2\/users\/2"}],"replies":[{"embeddable":true,"href":"https:\/\/macite.tg\/index.php?rest_route=%2Fwp%2Fv2%2Fcomments&post=25808"}],"version-history":[{"count":0,"href":"https:\/\/macite.tg\/index.php?rest_route=\/wp\/v2\/posts\/25808\/revisions"}],"wp:featuredmedia":[{"embeddable":true,"href":"https:\/\/macite.tg\/index.php?rest_route=\/wp\/v2\/media\/25810"}],"wp:attachment":[{"href":"https:\/\/macite.tg\/index.php?rest_route=%2Fwp%2Fv2%2Fmedia&parent=25808"}],"wp:term":[{"taxonomy":"category","embeddable":true,"href":"https:\/\/macite.tg\/index.php?rest_route=%2Fwp%2Fv2%2Fcategories&post=25808"},{"taxonomy":"post_tag","embeddable":true,"href":"https:\/\/macite.tg\/index.php?rest_route=%2Fwp%2Fv2%2Ftags&post=25808"}],"curies":[{"name":"wp","href":"https:\/\/api.w.org\/{rel}","templated":true}]}}