{"id":25805,"date":"2025-10-29T12:05:13","date_gmt":"2025-10-29T12:05:13","guid":{"rendered":"https:\/\/macite.tg\/?p=25805"},"modified":"2025-10-29T12:05:17","modified_gmt":"2025-10-29T12:05:17","slug":"cameroun-belle-opposition-apres-la-proclamation-de-biya-comme-vainqueur-de-la-presidentielle-du-12-octobre-dernier","status":"publish","type":"post","link":"https:\/\/macite.tg\/?p=25805","title":{"rendered":"CAMEROUN\u00a0: Belle opposition apr\u00e8s la proclamation de Biya comme vainqueur de la pr\u00e9sidentielle du 12 octobre dernier"},"content":{"rendered":"\n<p class=\"wp-block-paragraph\"><strong><em>Alors qu\u2019au moins trois pr\u00e9sidents de pays membres de la Communaut\u00e9 \u00e9conomique et mon\u00e9taire de l\u2019Afrique centrale (Cemac) ont adress\u00e9 des messages de f\u00e9licitation au pr\u00e9sident Paul Biya suite \u00e0 sa r\u00e9\u00e9lection au scrutin du 12 octobre dernier au Cameroun, la contestation, elle, ne faiblit pas dans les bastions de Tchiroma.<\/em><\/strong><\/p>\n\n\n\n<p class=\"wp-block-paragraph\">Les leaders de l&rsquo;opposition ont contest\u00e9 mardi les r\u00e9sultats officiels de l&rsquo;\u00e9lection pr\u00e9sidentielle du 12 octobre, apr\u00e8s que la plus haute juridiction du pays a d\u00e9clar\u00e9 vainqueur Paul Biya, le plus vieux dirigeant au monde, alors que les manifestations se poursuivaient dans tout le pays.<\/p>\n\n\n\n<p class=\"wp-block-paragraph\">Les citoyens ont commenc\u00e9 \u00e0 manifester \u00e0 la mi-octobre apr\u00e8s que le leader de l&rsquo;opposition Issa Tchiroma Bakary ait revendiqu\u00e9 la victoire alors que les r\u00e9sultats officiels \u00e9taient encore en cours de d\u00e9pouillement.<\/p>\n\n\n\n<figure class=\"wp-block-image size-large\"><img loading=\"lazy\" decoding=\"async\" width=\"1024\" height=\"426\" src=\"https:\/\/macite.tg\/wp-content\/uploads\/2025\/10\/OTR_Depreciation-1024x426.jpg\" alt=\"\" class=\"wp-image-25740\" srcset=\"https:\/\/macite.tg\/wp-content\/uploads\/2025\/10\/OTR_Depreciation-1024x426.jpg 1024w, https:\/\/macite.tg\/wp-content\/uploads\/2025\/10\/OTR_Depreciation-300x125.jpg 300w, https:\/\/macite.tg\/wp-content\/uploads\/2025\/10\/OTR_Depreciation-768x320.jpg 768w, https:\/\/macite.tg\/wp-content\/uploads\/2025\/10\/OTR_Depreciation.jpg 1132w\" sizes=\"auto, (max-width: 1024px) 100vw, 1024px\" \/><\/figure>\n\n\n\n<p class=\"wp-block-paragraph\">Depuis lors, les forces de s\u00e9curit\u00e9 ont affront\u00e9 des manifestants en col\u00e8re dans de nombreuses villes, notamment \u00e0 Douala et Garoua, bastions de l&rsquo;opposition, ainsi que dans la capitale, Yaound\u00e9. Au moins quatre personnes ont \u00e9t\u00e9 abattues et des centaines d&rsquo;autres arr\u00eat\u00e9es alors que les partisans de l&rsquo;opposition r\u00e9clamaient des r\u00e9sultats cr\u00e9dibles.<\/p>\n\n\n\n<p class=\"wp-block-paragraph\">Le Conseil constitutionnel a d\u00e9clar\u00e9 lundi que Biya avait remport\u00e9 l&rsquo;\u00e9lection avec 53,66 % des voix contre son ancien alli\u00e9 devenu adversaire, Tchiroma, qui a obtenu 35,19 % des voix. Les r\u00e9sultats sont d\u00e9finitifs et ne peuvent faire l&rsquo;objet d&rsquo;aucun recours.<\/p>\n\n\n\n<p class=\"wp-block-paragraph\">Les organismes internationaux et les organisations de d\u00e9fense des droits de l&rsquo;homme ont condamn\u00e9 mardi la r\u00e9ponse violente apport\u00e9e aux manifestations.<\/p>\n\n\n\n<p class=\"wp-block-paragraph\">L&rsquo;Union europ\u00e9enne a d\u00e9clar\u00e9 mardi dans un communiqu\u00e9 qu&rsquo;elle \u00e9tait \u00ab profond\u00e9ment pr\u00e9occup\u00e9e \u00bb par la r\u00e9pression violente des manifestations qui ont eu lieu les 26 et 27 octobre et a d\u00e9plor\u00e9 la mort par arme \u00e0 feu d&rsquo;un certain nombre de civils.<\/p>\n\n\n\n<p class=\"wp-block-paragraph\">Le secr\u00e9taire g\u00e9n\u00e9ral des Nations unies s&rsquo;est fait l&rsquo;\u00e9cho de ces pr\u00e9occupations, appelant les acteurs politiques et leurs partisans \u00e0 <em>\u00ab faire preuve de retenue, \u00e0 rejeter la violence et \u00e0 s&rsquo;abstenir de tout discours incendiaire et haineux \u00bb.<\/em> Human Rights Watch et Amnesty International et d&rsquo;autres organisations de d\u00e9fense des droits humains ont \u00e9galement d\u00e9nonc\u00e9 <em>\u00ab l&rsquo;usage excessif de la force \u00bb<\/em> contre les manifestants et ont demand\u00e9 l&rsquo;ouverture d&rsquo;une enqu\u00eate sur ces d\u00e9c\u00e8s.<\/p>\n\n\n\n<p class=\"wp-block-paragraph\">Le ministre de l&rsquo;Administration territoriale, Paul Atanga Nji, a d\u00e9clar\u00e9 mardi aux journalistes que les manifestants avaient <em>\u00ab sem\u00e9 le chaos \u00bb<\/em> dans plusieurs villes du pays avant la proclamation officielle des r\u00e9sultats de l&rsquo;\u00e9lection pr\u00e9sidentielle.<\/p>\n\n\n\n<figure class=\"wp-block-image size-full\"><img loading=\"lazy\" decoding=\"async\" width=\"851\" height=\"315\" src=\"https:\/\/macite.tg\/wp-content\/uploads\/2025\/10\/OTR_Ferer-pour-batir-1-1.jpg\" alt=\"\" class=\"wp-image-25736\" srcset=\"https:\/\/macite.tg\/wp-content\/uploads\/2025\/10\/OTR_Ferer-pour-batir-1-1.jpg 851w, https:\/\/macite.tg\/wp-content\/uploads\/2025\/10\/OTR_Ferer-pour-batir-1-1-300x111.jpg 300w, https:\/\/macite.tg\/wp-content\/uploads\/2025\/10\/OTR_Ferer-pour-batir-1-1-768x284.jpg 768w\" sizes=\"auto, (max-width: 851px) 100vw, 851px\" \/><\/figure>\n\n\n\n<p class=\"wp-block-paragraph\"><em>\u00ab Au cours de ces attaques, certains criminels ont perdu la vie. Plusieurs membres des forces de s\u00e9curit\u00e9 ont \u00e9galement \u00e9t\u00e9 gri\u00e8vement bless\u00e9s lors d&rsquo;affrontements avec des manifestants \u00bb,<\/em> a d\u00e9clar\u00e9 Atanga Nji sans donner plus de d\u00e9tails.<\/p>\n\n\n\n<p class=\"wp-block-paragraph\">Peu apr\u00e8s avoir \u00e9t\u00e9 d\u00e9clar\u00e9 vainqueur, Paul Biya, \u00e2g\u00e9 de 92 ans, a adress\u00e9 ses pens\u00e9es \u00e0 tous ceux qui ont <em>\u00ab perdu la vie inutilement \u00bb<\/em> et \u00e0 leurs familles lors des violences post\u00e9lectorales.<\/p>\n\n\n\n<p class=\"wp-block-paragraph\">Mais les candidats de l&rsquo;opposition ont rejet\u00e9 les r\u00e9sultats proclam\u00e9s par le Conseil constitutionnel. Tchiroma a revendiqu\u00e9 la victoire deux jours apr\u00e8s l&rsquo;\u00e9lection et a appel\u00e9 la semaine derni\u00e8re ses partisans \u00e0 <em>\u00ab descendre en masse dans la rue \u00bb.<\/em> Mardi, il a d\u00e9nonc\u00e9 le Conseil constitutionnel pour avoir annonc\u00e9 des <em>\u00ab r\u00e9sultats tronqu\u00e9s \u00bb<\/em> et attribu\u00e9 une <em>\u00ab victoire fictive \u00bb<\/em> \u00e0 Biya.<\/p>\n\n\n\n<p class=\"wp-block-paragraph\">La seule candidate f\u00e9minine \u00e0 l&rsquo;\u00e9lection, qui est arriv\u00e9e en cinqui\u00e8me position, Toma\u00efno Ndam Njoya, a d\u00e9clar\u00e9 lundi que le r\u00e9sultat de l&rsquo;\u00e9lection ne refl\u00e9tait pas la <em>\u00ab volont\u00e9 souveraine \u00bb<\/em> du peuple.<\/p>\n\n\n\n<p class=\"wp-block-paragraph\"><em>\u00ab Ils refl\u00e8tent un syst\u00e8me \u00e9lectoral affaibli, min\u00e9 par des irr\u00e9gularit\u00e9s, des manipulations et des violations r\u00e9p\u00e9t\u00e9es de la loi \u00bb,<\/em> a-t-elle d\u00e9clar\u00e9.<\/p>\n\n\n\n<p class=\"wp-block-paragraph\">Un groupe de huit organisations locales de la soci\u00e9t\u00e9 civile avait pr\u00e9c\u00e9demment signal\u00e9 plusieurs irr\u00e9gularit\u00e9s dans le processus \u00e9lectoral, notamment la pr\u00e9sence d&rsquo;\u00e9lecteurs d\u00e9c\u00e9d\u00e9s sur les listes \u00e9lectorales, la distribution in\u00e9gale des bulletins de vote et des tentatives de bourrage des urnes. Mais la mission de l&rsquo;Union africaine a d\u00e9clar\u00e9 que le scrutin s&rsquo;\u00e9tait <em>\u00ab d\u00e9roul\u00e9 dans le respect g\u00e9n\u00e9ral des normes r\u00e9gionales, continentales et internationales \u00bb.<\/em><\/p>\n\n\n<div class=\"wp-block-image\">\n<figure class=\"aligncenter size-large is-resized\"><img loading=\"lazy\" decoding=\"async\" width=\"1024\" height=\"1024\" src=\"https:\/\/macite.tg\/wp-content\/uploads\/2025\/10\/OTR_Octobre-Rose-1024x1024.jpg\" alt=\"\" class=\"wp-image-25508\" style=\"width:470px;height:auto\" srcset=\"https:\/\/macite.tg\/wp-content\/uploads\/2025\/10\/OTR_Octobre-Rose-1024x1024.jpg 1024w, https:\/\/macite.tg\/wp-content\/uploads\/2025\/10\/OTR_Octobre-Rose-300x300.jpg 300w, https:\/\/macite.tg\/wp-content\/uploads\/2025\/10\/OTR_Octobre-Rose-150x150.jpg 150w, https:\/\/macite.tg\/wp-content\/uploads\/2025\/10\/OTR_Octobre-Rose-768x768.jpg 768w, https:\/\/macite.tg\/wp-content\/uploads\/2025\/10\/OTR_Octobre-Rose-122x122.jpg 122w, https:\/\/macite.tg\/wp-content\/uploads\/2025\/10\/OTR_Octobre-Rose.jpg 1440w\" sizes=\"auto, (max-width: 1024px) 100vw, 1024px\" \/><\/figure>\n<\/div>\n\n\n<p class=\"wp-block-paragraph\">Biya devrait pr\u00eater serment dans les 15 jours suivant l&rsquo;annonce officielle des r\u00e9sultats, conform\u00e9ment \u00e0 la Constitution camerounaise. Il est arriv\u00e9 au pouvoir en 1982 \u00e0 la suite de la d\u00e9mission du premier pr\u00e9sident du Cameroun et dirige le pays depuis lors, b\u00e9n\u00e9ficiant par la suite d&rsquo;un amendement constitutionnel qui a supprim\u00e9 la limitation du nombre de mandats.<\/p>\n\n\n\n<p class=\"wp-block-paragraph\">Le Cameroun est un pays producteur de p\u00e9trole qui conna\u00eet une croissance \u00e9conomique modeste, mais les jeunes affirment que les b\u00e9n\u00e9fices ne se sont pas r\u00e9percut\u00e9s au-del\u00e0 des \u00e9lites. Selon les donn\u00e9es de la Banque mondiale, le taux de ch\u00f4mage s&rsquo;\u00e9l\u00e8ve \u00e0 3,5 %, mais 57 % de la population active \u00e2g\u00e9e de 18 \u00e0 35 ans travaille dans le secteur informel.<\/p>\n\n\n\n<p class=\"wp-block-paragraph\"><strong>MSN<\/strong><a><strong><em><\/em><\/strong><\/a><\/p>\n\n\n\n<p class=\"wp-block-paragraph\"><strong><em>@macite.tg&nbsp;&nbsp;&nbsp;&nbsp;&nbsp;&nbsp;&nbsp;&nbsp;<\/em><\/strong><\/p>\n\n\n\n<p class=\"wp-block-paragraph\"><strong><em>E-mail&nbsp;: <\/em><\/strong><a href=\"mailto:maciteinfo@gmail.com\"><strong><em>maciteinfo@gmail.com<\/em><\/strong><\/a><strong><em>; <\/em><\/strong><a href=\"mailto:bawela1@gmail.com\"><strong><em>bawela1@gmail.com<\/em><\/strong><\/a><strong><em> <\/em><\/strong><strong><em><\/em><\/strong><\/p>\n\n\n\n<p class=\"wp-block-paragraph\"><strong><em>Pour vos annonces, (publi)reportages, etc., joignez-nous au (00228)91515309\/<strong>79872224 <\/strong><strong><\/strong><\/em><\/strong><\/p>\n\n\n\n<p class=\"wp-block-paragraph\"><strong><em>www.macite.tg, L\u2019information, la bonne&nbsp;!<\/em><\/strong><\/p>\n\n\n\n<p class=\"wp-block-paragraph\"><\/p>\n","protected":false},"excerpt":{"rendered":"<p class=\"text-justify mb-2\" >Alors qu\u2019au moins trois pr\u00e9sidents de pays membres de la Communaut\u00e9 \u00e9conomique et mon\u00e9taire de l\u2019Afrique centrale (Cemac) ont adress\u00e9 des messages de f\u00e9licitation au pr\u00e9sident Paul Biya suite \u00e0 sa r\u00e9\u00e9lection au scrutin du 12 octobre dernier au Cameroun, la contestation, elle, ne faiblit [&hellip;]<\/p>\n","protected":false},"author":2,"featured_media":25806,"comment_status":"open","ping_status":"open","sticky":false,"template":"","format":"standard","meta":{"footnotes":""},"categories":[20,1],"tags":[],"class_list":["post-25805","post","type-post","status-publish","format-standard","has-post-thumbnail","hentry","category-actualite","category-politique"],"yoast_head":"<!-- This site is optimized with the Yoast SEO plugin v28.4 - https:\/\/yoast.com\/product\/yoast-seo-wordpress\/ -->\n<title>CAMEROUN\u00a0: Belle opposition apr\u00e8s la proclamation de Biya comme vainqueur de la pr\u00e9sidentielle du 12 octobre dernier -<\/title>\n<meta name=\"robots\" content=\"index, follow, max-snippet:-1, max-image-preview:large, max-video-preview:-1\" \/>\n<link rel=\"canonical\" href=\"https:\/\/macite.tg\/?p=25805\" \/>\n<meta property=\"og:locale\" content=\"fr_FR\" \/>\n<meta property=\"og:type\" content=\"article\" \/>\n<meta property=\"og:title\" content=\"CAMEROUN\u00a0: Belle opposition apr\u00e8s la proclamation de Biya comme vainqueur de la pr\u00e9sidentielle du 12 octobre dernier -\" \/>\n<meta property=\"og:description\" content=\"Alors qu\u2019au moins trois pr\u00e9sidents de pays membres de la Communaut\u00e9 \u00e9conomique et mon\u00e9taire de l\u2019Afrique centrale (Cemac) ont adress\u00e9 des messages de f\u00e9licitation au pr\u00e9sident Paul Biya suite \u00e0 sa r\u00e9\u00e9lection au scrutin du 12 octobre dernier au Cameroun, la contestation, elle, ne faiblit [&hellip;]\" \/>\n<meta property=\"og:url\" content=\"https:\/\/macite.tg\/?p=25805\" \/>\n<meta property=\"article:published_time\" content=\"2025-10-29T12:05:13+00:00\" \/>\n<meta property=\"article:modified_time\" content=\"2025-10-29T12:05:17+00:00\" \/>\n<meta property=\"og:image\" content=\"https:\/\/macite.tg\/wp-content\/uploads\/2025\/10\/image-143.png\" \/>\n\t<meta property=\"og:image:width\" content=\"534\" \/>\n\t<meta property=\"og:image:height\" content=\"300\" \/>\n\t<meta property=\"og:image:type\" content=\"image\/png\" \/>\n<meta name=\"author\" content=\"Jean Pierre BAWELA\" \/>\n<meta name=\"twitter:card\" content=\"summary_large_image\" \/>\n<meta name=\"twitter:label1\" content=\"\u00c9crit par\" \/>\n\t<meta name=\"twitter:data1\" content=\"Jean Pierre BAWELA\" \/>\n\t<meta name=\"twitter:label2\" content=\"Dur\u00e9e de lecture estim\u00e9e\" \/>\n\t<meta name=\"twitter:data2\" content=\"5 minutes\" \/>\n<script type=\"application\/ld+json\" class=\"yoast-schema-graph\">{\"@context\":\"https:\\\/\\\/schema.org\",\"@graph\":[{\"@type\":\"Article\",\"@id\":\"https:\\\/\\\/macite.tg\\\/?p=25805#article\",\"isPartOf\":{\"@id\":\"https:\\\/\\\/macite.tg\\\/?p=25805\"},\"author\":{\"name\":\"Jean Pierre BAWELA\",\"@id\":\"https:\\\/\\\/macite.tg\\\/#\\\/schema\\\/person\\\/e9f2de7e5dbbe7770a9402c7ce82f5c2\"},\"headline\":\"CAMEROUN\u00a0: Belle opposition apr\u00e8s la proclamation de Biya comme vainqueur de la pr\u00e9sidentielle du 12 octobre dernier\",\"datePublished\":\"2025-10-29T12:05:13+00:00\",\"dateModified\":\"2025-10-29T12:05:17+00:00\",\"mainEntityOfPage\":{\"@id\":\"https:\\\/\\\/macite.tg\\\/?p=25805\"},\"wordCount\":914,\"commentCount\":0,\"image\":{\"@id\":\"https:\\\/\\\/macite.tg\\\/?p=25805#primaryimage\"},\"thumbnailUrl\":\"https:\\\/\\\/macite.tg\\\/wp-content\\\/uploads\\\/2025\\\/10\\\/image-143.png\",\"articleSection\":[\"ACTUALITE\",\"POLITIQUE\"],\"inLanguage\":\"fr-FR\",\"potentialAction\":[{\"@type\":\"CommentAction\",\"name\":\"Comment\",\"target\":[\"https:\\\/\\\/macite.tg\\\/?p=25805#respond\"]}]},{\"@type\":\"WebPage\",\"@id\":\"https:\\\/\\\/macite.tg\\\/?p=25805\",\"url\":\"https:\\\/\\\/macite.tg\\\/?p=25805\",\"name\":\"CAMEROUN\u00a0: Belle opposition apr\u00e8s la proclamation de Biya comme vainqueur de la pr\u00e9sidentielle du 12 octobre dernier -\",\"isPartOf\":{\"@id\":\"https:\\\/\\\/macite.tg\\\/#website\"},\"primaryImageOfPage\":{\"@id\":\"https:\\\/\\\/macite.tg\\\/?p=25805#primaryimage\"},\"image\":{\"@id\":\"https:\\\/\\\/macite.tg\\\/?p=25805#primaryimage\"},\"thumbnailUrl\":\"https:\\\/\\\/macite.tg\\\/wp-content\\\/uploads\\\/2025\\\/10\\\/image-143.png\",\"datePublished\":\"2025-10-29T12:05:13+00:00\",\"dateModified\":\"2025-10-29T12:05:17+00:00\",\"author\":{\"@id\":\"https:\\\/\\\/macite.tg\\\/#\\\/schema\\\/person\\\/e9f2de7e5dbbe7770a9402c7ce82f5c2\"},\"breadcrumb\":{\"@id\":\"https:\\\/\\\/macite.tg\\\/?p=25805#breadcrumb\"},\"inLanguage\":\"fr-FR\",\"potentialAction\":[{\"@type\":\"ReadAction\",\"target\":[\"https:\\\/\\\/macite.tg\\\/?p=25805\"]}]},{\"@type\":\"ImageObject\",\"inLanguage\":\"fr-FR\",\"@id\":\"https:\\\/\\\/macite.tg\\\/?p=25805#primaryimage\",\"url\":\"https:\\\/\\\/macite.tg\\\/wp-content\\\/uploads\\\/2025\\\/10\\\/image-143.png\",\"contentUrl\":\"https:\\\/\\\/macite.tg\\\/wp-content\\\/uploads\\\/2025\\\/10\\\/image-143.png\",\"width\":534,\"height\":300},{\"@type\":\"BreadcrumbList\",\"@id\":\"https:\\\/\\\/macite.tg\\\/?p=25805#breadcrumb\",\"itemListElement\":[{\"@type\":\"ListItem\",\"position\":1,\"name\":\"Accueil\",\"item\":\"https:\\\/\\\/macite.tg\\\/\"},{\"@type\":\"ListItem\",\"position\":2,\"name\":\"CAMEROUN\u00a0: Belle opposition apr\u00e8s la proclamation de Biya comme vainqueur de la pr\u00e9sidentielle du 12 octobre dernier\"}]},{\"@type\":\"WebSite\",\"@id\":\"https:\\\/\\\/macite.tg\\\/#website\",\"url\":\"https:\\\/\\\/macite.tg\\\/\",\"name\":\"\",\"description\":\"L&#039;information, la bonne!!!\",\"potentialAction\":[{\"@type\":\"SearchAction\",\"target\":{\"@type\":\"EntryPoint\",\"urlTemplate\":\"https:\\\/\\\/macite.tg\\\/?s={search_term_string}\"},\"query-input\":{\"@type\":\"PropertyValueSpecification\",\"valueRequired\":true,\"valueName\":\"search_term_string\"}}],\"inLanguage\":\"fr-FR\"},{\"@type\":\"Person\",\"@id\":\"https:\\\/\\\/macite.tg\\\/#\\\/schema\\\/person\\\/e9f2de7e5dbbe7770a9402c7ce82f5c2\",\"name\":\"Jean Pierre BAWELA\",\"image\":{\"@type\":\"ImageObject\",\"inLanguage\":\"fr-FR\",\"@id\":\"https:\\\/\\\/macite.tg\\\/wp-content\\\/uploads\\\/2023\\\/09\\\/WhatsApp-Image-2023-09-19-at-14.44.41-122x122.jpeg\",\"url\":\"https:\\\/\\\/macite.tg\\\/wp-content\\\/uploads\\\/2023\\\/09\\\/WhatsApp-Image-2023-09-19-at-14.44.41-122x122.jpeg\",\"contentUrl\":\"https:\\\/\\\/macite.tg\\\/wp-content\\\/uploads\\\/2023\\\/09\\\/WhatsApp-Image-2023-09-19-at-14.44.41-122x122.jpeg\",\"caption\":\"Jean Pierre BAWELA\"},\"url\":\"https:\\\/\\\/macite.tg\\\/?author=2\"}]}<\/script>\n<!-- \/ Yoast SEO plugin. -->","yoast_head_json":{"title":"CAMEROUN\u00a0: Belle opposition apr\u00e8s la proclamation de Biya comme vainqueur de la pr\u00e9sidentielle du 12 octobre dernier -","robots":{"index":"index","follow":"follow","max-snippet":"max-snippet:-1","max-image-preview":"max-image-preview:large","max-video-preview":"max-video-preview:-1"},"canonical":"https:\/\/macite.tg\/?p=25805","og_locale":"fr_FR","og_type":"article","og_title":"CAMEROUN\u00a0: Belle opposition apr\u00e8s la proclamation de Biya comme vainqueur de la pr\u00e9sidentielle du 12 octobre dernier -","og_description":"Alors qu\u2019au moins trois pr\u00e9sidents de pays membres de la Communaut\u00e9 \u00e9conomique et mon\u00e9taire de l\u2019Afrique centrale (Cemac) ont adress\u00e9 des messages de f\u00e9licitation au pr\u00e9sident Paul Biya suite \u00e0 sa r\u00e9\u00e9lection au scrutin du 12 octobre dernier au Cameroun, la contestation, elle, ne faiblit [&hellip;]","og_url":"https:\/\/macite.tg\/?p=25805","article_published_time":"2025-10-29T12:05:13+00:00","article_modified_time":"2025-10-29T12:05:17+00:00","og_image":[{"width":534,"height":300,"url":"https:\/\/macite.tg\/wp-content\/uploads\/2025\/10\/image-143.png","type":"image\/png"}],"author":"Jean Pierre BAWELA","twitter_card":"summary_large_image","twitter_misc":{"\u00c9crit par":"Jean Pierre BAWELA","Dur\u00e9e de lecture estim\u00e9e":"5 minutes"},"schema":{"@context":"https:\/\/schema.org","@graph":[{"@type":"Article","@id":"https:\/\/macite.tg\/?p=25805#article","isPartOf":{"@id":"https:\/\/macite.tg\/?p=25805"},"author":{"name":"Jean Pierre BAWELA","@id":"https:\/\/macite.tg\/#\/schema\/person\/e9f2de7e5dbbe7770a9402c7ce82f5c2"},"headline":"CAMEROUN\u00a0: Belle opposition apr\u00e8s la proclamation de Biya comme vainqueur de la pr\u00e9sidentielle du 12 octobre dernier","datePublished":"2025-10-29T12:05:13+00:00","dateModified":"2025-10-29T12:05:17+00:00","mainEntityOfPage":{"@id":"https:\/\/macite.tg\/?p=25805"},"wordCount":914,"commentCount":0,"image":{"@id":"https:\/\/macite.tg\/?p=25805#primaryimage"},"thumbnailUrl":"https:\/\/macite.tg\/wp-content\/uploads\/2025\/10\/image-143.png","articleSection":["ACTUALITE","POLITIQUE"],"inLanguage":"fr-FR","potentialAction":[{"@type":"CommentAction","name":"Comment","target":["https:\/\/macite.tg\/?p=25805#respond"]}]},{"@type":"WebPage","@id":"https:\/\/macite.tg\/?p=25805","url":"https:\/\/macite.tg\/?p=25805","name":"CAMEROUN\u00a0: Belle opposition apr\u00e8s la proclamation de Biya comme vainqueur de la pr\u00e9sidentielle du 12 octobre dernier -","isPartOf":{"@id":"https:\/\/macite.tg\/#website"},"primaryImageOfPage":{"@id":"https:\/\/macite.tg\/?p=25805#primaryimage"},"image":{"@id":"https:\/\/macite.tg\/?p=25805#primaryimage"},"thumbnailUrl":"https:\/\/macite.tg\/wp-content\/uploads\/2025\/10\/image-143.png","datePublished":"2025-10-29T12:05:13+00:00","dateModified":"2025-10-29T12:05:17+00:00","author":{"@id":"https:\/\/macite.tg\/#\/schema\/person\/e9f2de7e5dbbe7770a9402c7ce82f5c2"},"breadcrumb":{"@id":"https:\/\/macite.tg\/?p=25805#breadcrumb"},"inLanguage":"fr-FR","potentialAction":[{"@type":"ReadAction","target":["https:\/\/macite.tg\/?p=25805"]}]},{"@type":"ImageObject","inLanguage":"fr-FR","@id":"https:\/\/macite.tg\/?p=25805#primaryimage","url":"https:\/\/macite.tg\/wp-content\/uploads\/2025\/10\/image-143.png","contentUrl":"https:\/\/macite.tg\/wp-content\/uploads\/2025\/10\/image-143.png","width":534,"height":300},{"@type":"BreadcrumbList","@id":"https:\/\/macite.tg\/?p=25805#breadcrumb","itemListElement":[{"@type":"ListItem","position":1,"name":"Accueil","item":"https:\/\/macite.tg\/"},{"@type":"ListItem","position":2,"name":"CAMEROUN\u00a0: Belle opposition apr\u00e8s la proclamation de Biya comme vainqueur de la pr\u00e9sidentielle du 12 octobre dernier"}]},{"@type":"WebSite","@id":"https:\/\/macite.tg\/#website","url":"https:\/\/macite.tg\/","name":"","description":"L&#039;information, la bonne!!!","potentialAction":[{"@type":"SearchAction","target":{"@type":"EntryPoint","urlTemplate":"https:\/\/macite.tg\/?s={search_term_string}"},"query-input":{"@type":"PropertyValueSpecification","valueRequired":true,"valueName":"search_term_string"}}],"inLanguage":"fr-FR"},{"@type":"Person","@id":"https:\/\/macite.tg\/#\/schema\/person\/e9f2de7e5dbbe7770a9402c7ce82f5c2","name":"Jean Pierre BAWELA","image":{"@type":"ImageObject","inLanguage":"fr-FR","@id":"https:\/\/macite.tg\/wp-content\/uploads\/2023\/09\/WhatsApp-Image-2023-09-19-at-14.44.41-122x122.jpeg","url":"https:\/\/macite.tg\/wp-content\/uploads\/2023\/09\/WhatsApp-Image-2023-09-19-at-14.44.41-122x122.jpeg","contentUrl":"https:\/\/macite.tg\/wp-content\/uploads\/2023\/09\/WhatsApp-Image-2023-09-19-at-14.44.41-122x122.jpeg","caption":"Jean Pierre BAWELA"},"url":"https:\/\/macite.tg\/?author=2"}]}},"_links":{"self":[{"href":"https:\/\/macite.tg\/index.php?rest_route=\/wp\/v2\/posts\/25805","targetHints":{"allow":["GET"]}}],"collection":[{"href":"https:\/\/macite.tg\/index.php?rest_route=\/wp\/v2\/posts"}],"about":[{"href":"https:\/\/macite.tg\/index.php?rest_route=\/wp\/v2\/types\/post"}],"author":[{"embeddable":true,"href":"https:\/\/macite.tg\/index.php?rest_route=\/wp\/v2\/users\/2"}],"replies":[{"embeddable":true,"href":"https:\/\/macite.tg\/index.php?rest_route=%2Fwp%2Fv2%2Fcomments&post=25805"}],"version-history":[{"count":0,"href":"https:\/\/macite.tg\/index.php?rest_route=\/wp\/v2\/posts\/25805\/revisions"}],"wp:featuredmedia":[{"embeddable":true,"href":"https:\/\/macite.tg\/index.php?rest_route=\/wp\/v2\/media\/25806"}],"wp:attachment":[{"href":"https:\/\/macite.tg\/index.php?rest_route=%2Fwp%2Fv2%2Fmedia&parent=25805"}],"wp:term":[{"taxonomy":"category","embeddable":true,"href":"https:\/\/macite.tg\/index.php?rest_route=%2Fwp%2Fv2%2Fcategories&post=25805"},{"taxonomy":"post_tag","embeddable":true,"href":"https:\/\/macite.tg\/index.php?rest_route=%2Fwp%2Fv2%2Ftags&post=25805"}],"curies":[{"name":"wp","href":"https:\/\/api.w.org\/{rel}","templated":true}]}}