{"id":25794,"date":"2025-10-29T10:50:50","date_gmt":"2025-10-29T10:50:50","guid":{"rendered":"https:\/\/macite.tg\/?p=25794"},"modified":"2025-10-29T10:50:58","modified_gmt":"2025-10-29T10:50:58","slug":"ci-alassane-ouattara-relu-des-le-1er-tour-simone-gbagbo-prend-acte-des-resultats-et-reclame-une-reforme-du-systeme-electoral","status":"publish","type":"post","link":"https:\/\/macite.tg\/?p=25794","title":{"rendered":"CI\/ALASSANE OUATTARA RELU DES LE 1ER TOUR\u00a0: Simone Gbagbo prend acte des r\u00e9sultats et r\u00e9clame une r\u00e9forme du syst\u00e8me \u00e9lectoral"},"content":{"rendered":"\n<p class=\"wp-block-paragraph\"><strong><em>Suite \u00e0 la proclamation des r\u00e9sultats provisoires de l\u2019\u00e9lection pr\u00e9sidentielle du 25 octobre 2025 par la Commission \u00c9lectorale Ind\u00e9pendante (CEI), la candidate du Mouvement des G\u00e9n\u00e9rations Capables (MGC), Docteure Simone Ehivet Gbagbo, s\u2019est exprim\u00e9e dans une d\u00e9claration solennelle depuis Abidjan, le 27 octobre 2025. Si elle reconna\u00eet ne pas \u00eatre arriv\u00e9e en t\u00eate du scrutin, l\u2019ancienne Premi\u00e8re Dame prend acte des r\u00e9sultats tout en soulignant que \u00ab le combat men\u00e9 n\u2019a pas \u00e9t\u00e9 vain \u00bb.<\/em><\/strong><\/p>\n\n\n\n<p class=\"wp-block-paragraph\">Simone Gbagbo a salu\u00e9 le peuple ivoirien pour son engagement et a remerci\u00e9 les forces de s\u00e9curit\u00e9 mises \u00e0 sa disposition pendant la campagne. Pour elle, cette \u00e9lection a r\u00e9v\u00e9l\u00e9 <em>\u00ab la soif de justice, de v\u00e9rit\u00e9 et de dignit\u00e9 \u00bb <\/em>qui anime la population. <em>\u00ab Ce que les urnes n\u2019ont pas traduit aujourd\u2019hui, l\u2019Histoire le retiendra : le peuple ivoirien aspire au changement \u00bb,<\/em> a-t-elle d\u00e9clar\u00e9.<\/p>\n\n\n\n<p class=\"wp-block-paragraph\"><strong>Des irr\u00e9gularit\u00e9s d\u00e9nonc\u00e9es<\/strong><\/p>\n\n\n\n<p class=\"wp-block-paragraph\">Simone Ehivet Gbagbo a remis en question la sinc\u00e9rit\u00e9 des r\u00e9sultats annonc\u00e9s par la CEI, estimant qu\u2019ils ne traduisent pas fid\u00e8lement la volont\u00e9 populaire. Selon elle, deux facteurs majeurs expliquent cette situation : un syst\u00e8me \u00e9lectoral in\u00e9quitable et une opposition divis\u00e9e.<\/p>\n\n\n<div class=\"wp-block-image\">\n<figure class=\"aligncenter size-large\"><img loading=\"lazy\" decoding=\"async\" width=\"1024\" height=\"426\" src=\"https:\/\/macite.tg\/wp-content\/uploads\/2025\/10\/OTR_Depreciation-1024x426.jpg\" alt=\"\" class=\"wp-image-25740\" srcset=\"https:\/\/macite.tg\/wp-content\/uploads\/2025\/10\/OTR_Depreciation-1024x426.jpg 1024w, https:\/\/macite.tg\/wp-content\/uploads\/2025\/10\/OTR_Depreciation-300x125.jpg 300w, https:\/\/macite.tg\/wp-content\/uploads\/2025\/10\/OTR_Depreciation-768x320.jpg 768w, https:\/\/macite.tg\/wp-content\/uploads\/2025\/10\/OTR_Depreciation.jpg 1132w\" sizes=\"auto, (max-width: 1024px) 100vw, 1024px\" \/><\/figure>\n<\/div>\n\n\n<p class=\"wp-block-paragraph\">Elle a d\u00e9nonc\u00e9 un processus marqu\u00e9 par un <em>\u00ab fichier \u00e9lectoral truff\u00e9 de doublons \u00bb,<\/em> une Commission \u00c9lectorale <em>\u00ab d\u00e9s\u00e9quilibr\u00e9e \u00bb<\/em> et un climat d\u2019intimidation qui aurait emp\u00each\u00e9 de nombreux \u00e9lecteurs d\u2019exercer leur droit de vote.<\/p>\n\n\n\n<p class=\"wp-block-paragraph\">Dans plusieurs r\u00e9gions, notamment les Grands Ponts, l\u2019Agn\u00e9by-Tiassa, la M\u00e9, le Gu\u00e9mon ou certaines zones d\u2019Abidjan comme Yopougon, des violences et des incidents ont perturb\u00e9 le d\u00e9roulement du scrutin.<\/p>\n\n\n\n<p class=\"wp-block-paragraph\"><em>\u00ab Comment peut-on annoncer un taux de participation sup\u00e9rieur \u00e0 50 % dans des localit\u00e9s o\u00f9 le vote n\u2019a m\u00eame pas eu lieu ? \u00bb,<\/em> s\u2019est-elle interrog\u00e9e, qualifiant les chiffres de la CEI d\u2019<em>\u00ab manifestement inexacts \u00bb.<\/em><\/p>\n\n\n\n<p class=\"wp-block-paragraph\"><strong>Une opposition fragilis\u00e9e et des moyens in\u00e9gaux<\/strong><\/p>\n\n\n\n<p class=\"wp-block-paragraph\">Au-del\u00e0 des irr\u00e9gularit\u00e9s, la pr\u00e9sidente du MGC a regrett\u00e9 la division au sein de l\u2019opposition, estimant que certaines formations ont privil\u00e9gi\u00e9 <em>\u00ab leurs calculs personnels \u00bb<\/em> et cr\u00e9\u00e9 un climat de peur. Selon elle, cette strat\u00e9gie aurait d\u00e9courag\u00e9 de nombreux \u00e9lecteurs et facilit\u00e9 la victoire du pr\u00e9sident sortant, Alassane Ouattara.<\/p>\n\n\n\n<figure class=\"wp-block-image size-full\"><img loading=\"lazy\" decoding=\"async\" width=\"851\" height=\"315\" src=\"https:\/\/macite.tg\/wp-content\/uploads\/2025\/10\/OTR_Ferer-pour-batir-1-1.jpg\" alt=\"\" class=\"wp-image-25736\" srcset=\"https:\/\/macite.tg\/wp-content\/uploads\/2025\/10\/OTR_Ferer-pour-batir-1-1.jpg 851w, https:\/\/macite.tg\/wp-content\/uploads\/2025\/10\/OTR_Ferer-pour-batir-1-1-300x111.jpg 300w, https:\/\/macite.tg\/wp-content\/uploads\/2025\/10\/OTR_Ferer-pour-batir-1-1-768x284.jpg 768w\" sizes=\"auto, (max-width: 851px) 100vw, 851px\" \/><\/figure>\n\n\n\n<p class=\"wp-block-paragraph\">Simone Ehivet Gbagbo a \u00e9galement point\u00e9 du doigt la <em>\u00ab d\u00e9rive financi\u00e8re \u00bb<\/em> du processus \u00e9lectoral, \u00e9voquant le co\u00fbt exorbitant de la pr\u00e9sence des repr\u00e9sentants dans les bureaux de vote \u2014 estim\u00e9 \u00e0 plus de 630 millions de francs CFA. <em>\u00ab Aucune d\u00e9mocratie digne de ce nom ne peut tol\u00e9rer une telle injustice structurelle \u00bb,<\/em> a-t-elle d\u00e9nonc\u00e9.<\/p>\n\n\n\n<p class=\"wp-block-paragraph\"><strong>Appel \u00e0 un Dialogue National et \u00e0 des r\u00e9formes profondes<\/strong><\/p>\n\n\n\n<p class=\"wp-block-paragraph\">Malgr\u00e9 sa d\u00e9faite, la candidate du MGC s\u2019est voulue r\u00e9solument tourn\u00e9e vers l\u2019avenir. Elle a appel\u00e9 \u00e0 l\u2019ouverture d\u2019un Dialogue National inclusif pour restaurer la confiance, recoudre le tissu social et <em>\u00ab panser les blessures de la Nation \u00bb.<\/em><\/p>\n\n\n\n<p class=\"wp-block-paragraph\">Simone Gbagbo a formul\u00e9 plusieurs propositions pour refonder la d\u00e9mocratie ivoirienne, notamment la r\u00e9forme des institutions \u00e9lectorales, la r\u00e9gulation \u00e9quitable du financement des campagnes, et la transparence des r\u00e9sultats \u00e0 travers des garanties l\u00e9gales et technologiques.<\/p>\n\n\n\n<p class=\"wp-block-paragraph\">Dans un esprit d\u2019apaisement, elle a \u00e9galement lanc\u00e9 un appel \u00e0 la cl\u00e9mence du pr\u00e9sident de la R\u00e9publique pour la lib\u00e9ration des personnes arr\u00eat\u00e9es ou condamn\u00e9es dans le cadre de l\u2019\u00e9lection<em>. \u00ab Aucun Ivoirien ne doit \u00eatre emprisonn\u00e9 pour avoir exerc\u00e9 un droit d\u00e9mocratique \u00bb,<\/em> a-t-elle plaid\u00e9.<\/p>\n\n\n<div class=\"wp-block-image\">\n<figure class=\"aligncenter size-full\"><img loading=\"lazy\" decoding=\"async\" width=\"500\" height=\"503\" src=\"https:\/\/macite.tg\/wp-content\/uploads\/2025\/10\/Gest-exo_PUB-2.jpg\" alt=\"\" class=\"wp-image-25335\" srcset=\"https:\/\/macite.tg\/wp-content\/uploads\/2025\/10\/Gest-exo_PUB-2.jpg 500w, https:\/\/macite.tg\/wp-content\/uploads\/2025\/10\/Gest-exo_PUB-2-298x300.jpg 298w, https:\/\/macite.tg\/wp-content\/uploads\/2025\/10\/Gest-exo_PUB-2-150x150.jpg 150w, https:\/\/macite.tg\/wp-content\/uploads\/2025\/10\/Gest-exo_PUB-2-122x122.jpg 122w\" sizes=\"auto, (max-width: 500px) 100vw, 500px\" \/><\/figure>\n<\/div>\n\n\n<p class=\"wp-block-paragraph\"><strong>Une foi intacte dans le destin du pays<\/strong><\/p>\n\n\n\n<p class=\"wp-block-paragraph\">Concluant son adresse, Simone Ehivet Gbagbo a r\u00e9affirm\u00e9 sa foi en l\u2019avenir de la C\u00f4te d\u2019Ivoire et tendu la main \u00e0 l\u2019ensemble des acteurs politiques, y compris au vainqueur du scrutin. <em>\u00ab Unissons nos intelligences et nos c\u0153urs pour reb\u00e2tir notre pays sur des bases morales et souveraines \u00bb<\/em>, a-t-elle lanc\u00e9.<\/p>\n\n\n\n<p class=\"wp-block-paragraph\">Fid\u00e8le \u00e0 sa ligne de conduite, elle a rappel\u00e9 que sa vie enti\u00e8re demeure un engagement pour <em>\u00abla libert\u00e9, la dignit\u00e9 et la souverainet\u00e9 du peuple ivoirien \u00bb<\/em>. Convaincue que rien n\u2019est perdu, la pr\u00e9sidente du MGC a promis de poursuivre le combat pour une C\u00f4te d\u2019Ivoire <em>\u00ab r\u00e9concili\u00e9e, transform\u00e9e et fi\u00e8re de son identit\u00e9 africaine \u00bb.<\/em><\/p>\n\n\n\n<p class=\"wp-block-paragraph\"><strong>Syndigate.info<\/strong><\/p>\n\n\n\n<p class=\"wp-block-paragraph\"><a><strong><em>@macite.tg&nbsp;&nbsp;&nbsp;&nbsp;&nbsp;&nbsp;&nbsp;&nbsp;<\/em><\/strong><\/a><\/p>\n\n\n\n<p class=\"wp-block-paragraph\"><strong><em>E-mail&nbsp;: <\/em><\/strong><a href=\"mailto:maciteinfo@gmail.com\"><strong><em>maciteinfo@gmail.com<\/em><\/strong><\/a><strong><em>; <\/em><\/strong><a href=\"mailto:bawela1@gmail.com\"><strong><em>bawela1@gmail.com<\/em><\/strong><\/a><strong><em><\/em><\/strong><\/p>\n\n\n\n<p class=\"wp-block-paragraph\"><strong><em>Pour vos annonces, (publi)reportages, etc., joignez-nous au (00228)91515309\/<strong>79872224 <\/strong><strong><\/strong><\/em><\/strong><\/p>\n\n\n\n<p class=\"wp-block-paragraph\"><strong><em>www.macite.tg, L\u2019information, la bonne&nbsp;!<\/em><\/strong><\/p>\n\n\n\n<p class=\"wp-block-paragraph\"><\/p>\n","protected":false},"excerpt":{"rendered":"<p class=\"text-justify mb-2\" >Suite \u00e0 la proclamation des r\u00e9sultats provisoires de l\u2019\u00e9lection pr\u00e9sidentielle du 25 octobre 2025 par la Commission \u00c9lectorale Ind\u00e9pendante (CEI), la candidate du Mouvement des G\u00e9n\u00e9rations Capables (MGC), Docteure Simone Ehivet Gbagbo, s\u2019est exprim\u00e9e dans une d\u00e9claration solennelle depuis Abidjan, le 27 octobre 2025. Si [&hellip;]<\/p>\n","protected":false},"author":2,"featured_media":25795,"comment_status":"open","ping_status":"open","sticky":false,"template":"","format":"standard","meta":{"footnotes":""},"categories":[20,1],"tags":[],"class_list":["post-25794","post","type-post","status-publish","format-standard","has-post-thumbnail","hentry","category-actualite","category-politique"],"yoast_head":"<!-- This site is optimized with the Yoast SEO plugin v28.4 - https:\/\/yoast.com\/product\/yoast-seo-wordpress\/ -->\n<title>CI\/ALASSANE OUATTARA RELU DES LE 1ER TOUR\u00a0: Simone Gbagbo prend acte des r\u00e9sultats et r\u00e9clame une r\u00e9forme du syst\u00e8me \u00e9lectoral -<\/title>\n<meta name=\"robots\" content=\"index, follow, max-snippet:-1, max-image-preview:large, max-video-preview:-1\" \/>\n<link rel=\"canonical\" href=\"https:\/\/macite.tg\/?p=25794\" \/>\n<meta property=\"og:locale\" content=\"fr_FR\" \/>\n<meta property=\"og:type\" content=\"article\" \/>\n<meta property=\"og:title\" content=\"CI\/ALASSANE OUATTARA RELU DES LE 1ER TOUR\u00a0: Simone Gbagbo prend acte des r\u00e9sultats et r\u00e9clame une r\u00e9forme du syst\u00e8me \u00e9lectoral -\" \/>\n<meta property=\"og:description\" content=\"Suite \u00e0 la proclamation des r\u00e9sultats provisoires de l\u2019\u00e9lection pr\u00e9sidentielle du 25 octobre 2025 par la Commission \u00c9lectorale Ind\u00e9pendante (CEI), la candidate du Mouvement des G\u00e9n\u00e9rations Capables (MGC), Docteure Simone Ehivet Gbagbo, s\u2019est exprim\u00e9e dans une d\u00e9claration solennelle depuis Abidjan, le 27 octobre 2025. Si [&hellip;]\" \/>\n<meta property=\"og:url\" content=\"https:\/\/macite.tg\/?p=25794\" \/>\n<meta property=\"article:published_time\" content=\"2025-10-29T10:50:50+00:00\" \/>\n<meta property=\"article:modified_time\" content=\"2025-10-29T10:50:58+00:00\" \/>\n<meta property=\"og:image\" content=\"https:\/\/macite.tg\/wp-content\/uploads\/2025\/10\/image-139.png\" \/>\n\t<meta property=\"og:image:width\" content=\"438\" \/>\n\t<meta property=\"og:image:height\" content=\"266\" \/>\n\t<meta property=\"og:image:type\" content=\"image\/png\" \/>\n<meta name=\"author\" content=\"Jean Pierre BAWELA\" \/>\n<meta name=\"twitter:card\" content=\"summary_large_image\" \/>\n<meta name=\"twitter:label1\" content=\"\u00c9crit par\" \/>\n\t<meta name=\"twitter:data1\" content=\"Jean Pierre BAWELA\" \/>\n\t<meta name=\"twitter:label2\" content=\"Dur\u00e9e de lecture estim\u00e9e\" \/>\n\t<meta name=\"twitter:data2\" content=\"5 minutes\" \/>\n<script type=\"application\/ld+json\" class=\"yoast-schema-graph\">{\"@context\":\"https:\\\/\\\/schema.org\",\"@graph\":[{\"@type\":\"Article\",\"@id\":\"https:\\\/\\\/macite.tg\\\/?p=25794#article\",\"isPartOf\":{\"@id\":\"https:\\\/\\\/macite.tg\\\/?p=25794\"},\"author\":{\"name\":\"Jean Pierre BAWELA\",\"@id\":\"https:\\\/\\\/macite.tg\\\/#\\\/schema\\\/person\\\/e9f2de7e5dbbe7770a9402c7ce82f5c2\"},\"headline\":\"CI\\\/ALASSANE OUATTARA RELU DES LE 1ER TOUR\u00a0: Simone Gbagbo prend acte des r\u00e9sultats et r\u00e9clame une r\u00e9forme du syst\u00e8me \u00e9lectoral\",\"datePublished\":\"2025-10-29T10:50:50+00:00\",\"dateModified\":\"2025-10-29T10:50:58+00:00\",\"mainEntityOfPage\":{\"@id\":\"https:\\\/\\\/macite.tg\\\/?p=25794\"},\"wordCount\":774,\"commentCount\":0,\"image\":{\"@id\":\"https:\\\/\\\/macite.tg\\\/?p=25794#primaryimage\"},\"thumbnailUrl\":\"https:\\\/\\\/macite.tg\\\/wp-content\\\/uploads\\\/2025\\\/10\\\/image-139.png\",\"articleSection\":[\"ACTUALITE\",\"POLITIQUE\"],\"inLanguage\":\"fr-FR\",\"potentialAction\":[{\"@type\":\"CommentAction\",\"name\":\"Comment\",\"target\":[\"https:\\\/\\\/macite.tg\\\/?p=25794#respond\"]}]},{\"@type\":\"WebPage\",\"@id\":\"https:\\\/\\\/macite.tg\\\/?p=25794\",\"url\":\"https:\\\/\\\/macite.tg\\\/?p=25794\",\"name\":\"CI\\\/ALASSANE OUATTARA RELU DES LE 1ER TOUR\u00a0: Simone Gbagbo prend acte des r\u00e9sultats et r\u00e9clame une r\u00e9forme du syst\u00e8me \u00e9lectoral -\",\"isPartOf\":{\"@id\":\"https:\\\/\\\/macite.tg\\\/#website\"},\"primaryImageOfPage\":{\"@id\":\"https:\\\/\\\/macite.tg\\\/?p=25794#primaryimage\"},\"image\":{\"@id\":\"https:\\\/\\\/macite.tg\\\/?p=25794#primaryimage\"},\"thumbnailUrl\":\"https:\\\/\\\/macite.tg\\\/wp-content\\\/uploads\\\/2025\\\/10\\\/image-139.png\",\"datePublished\":\"2025-10-29T10:50:50+00:00\",\"dateModified\":\"2025-10-29T10:50:58+00:00\",\"author\":{\"@id\":\"https:\\\/\\\/macite.tg\\\/#\\\/schema\\\/person\\\/e9f2de7e5dbbe7770a9402c7ce82f5c2\"},\"breadcrumb\":{\"@id\":\"https:\\\/\\\/macite.tg\\\/?p=25794#breadcrumb\"},\"inLanguage\":\"fr-FR\",\"potentialAction\":[{\"@type\":\"ReadAction\",\"target\":[\"https:\\\/\\\/macite.tg\\\/?p=25794\"]}]},{\"@type\":\"ImageObject\",\"inLanguage\":\"fr-FR\",\"@id\":\"https:\\\/\\\/macite.tg\\\/?p=25794#primaryimage\",\"url\":\"https:\\\/\\\/macite.tg\\\/wp-content\\\/uploads\\\/2025\\\/10\\\/image-139.png\",\"contentUrl\":\"https:\\\/\\\/macite.tg\\\/wp-content\\\/uploads\\\/2025\\\/10\\\/image-139.png\",\"width\":438,\"height\":266,\"caption\":\"Simone Gbagbo\"},{\"@type\":\"BreadcrumbList\",\"@id\":\"https:\\\/\\\/macite.tg\\\/?p=25794#breadcrumb\",\"itemListElement\":[{\"@type\":\"ListItem\",\"position\":1,\"name\":\"Accueil\",\"item\":\"https:\\\/\\\/macite.tg\\\/\"},{\"@type\":\"ListItem\",\"position\":2,\"name\":\"CI\\\/ALASSANE OUATTARA RELU DES LE 1ER TOUR\u00a0: Simone Gbagbo prend acte des r\u00e9sultats et r\u00e9clame une r\u00e9forme du syst\u00e8me \u00e9lectoral\"}]},{\"@type\":\"WebSite\",\"@id\":\"https:\\\/\\\/macite.tg\\\/#website\",\"url\":\"https:\\\/\\\/macite.tg\\\/\",\"name\":\"\",\"description\":\"L&#039;information, la bonne!!!\",\"potentialAction\":[{\"@type\":\"SearchAction\",\"target\":{\"@type\":\"EntryPoint\",\"urlTemplate\":\"https:\\\/\\\/macite.tg\\\/?s={search_term_string}\"},\"query-input\":{\"@type\":\"PropertyValueSpecification\",\"valueRequired\":true,\"valueName\":\"search_term_string\"}}],\"inLanguage\":\"fr-FR\"},{\"@type\":\"Person\",\"@id\":\"https:\\\/\\\/macite.tg\\\/#\\\/schema\\\/person\\\/e9f2de7e5dbbe7770a9402c7ce82f5c2\",\"name\":\"Jean Pierre BAWELA\",\"image\":{\"@type\":\"ImageObject\",\"inLanguage\":\"fr-FR\",\"@id\":\"https:\\\/\\\/macite.tg\\\/wp-content\\\/uploads\\\/2023\\\/09\\\/WhatsApp-Image-2023-09-19-at-14.44.41-122x122.jpeg\",\"url\":\"https:\\\/\\\/macite.tg\\\/wp-content\\\/uploads\\\/2023\\\/09\\\/WhatsApp-Image-2023-09-19-at-14.44.41-122x122.jpeg\",\"contentUrl\":\"https:\\\/\\\/macite.tg\\\/wp-content\\\/uploads\\\/2023\\\/09\\\/WhatsApp-Image-2023-09-19-at-14.44.41-122x122.jpeg\",\"caption\":\"Jean Pierre BAWELA\"},\"url\":\"https:\\\/\\\/macite.tg\\\/?author=2\"}]}<\/script>\n<!-- \/ Yoast SEO plugin. -->","yoast_head_json":{"title":"CI\/ALASSANE OUATTARA RELU DES LE 1ER TOUR\u00a0: Simone Gbagbo prend acte des r\u00e9sultats et r\u00e9clame une r\u00e9forme du syst\u00e8me \u00e9lectoral -","robots":{"index":"index","follow":"follow","max-snippet":"max-snippet:-1","max-image-preview":"max-image-preview:large","max-video-preview":"max-video-preview:-1"},"canonical":"https:\/\/macite.tg\/?p=25794","og_locale":"fr_FR","og_type":"article","og_title":"CI\/ALASSANE OUATTARA RELU DES LE 1ER TOUR\u00a0: Simone Gbagbo prend acte des r\u00e9sultats et r\u00e9clame une r\u00e9forme du syst\u00e8me \u00e9lectoral -","og_description":"Suite \u00e0 la proclamation des r\u00e9sultats provisoires de l\u2019\u00e9lection pr\u00e9sidentielle du 25 octobre 2025 par la Commission \u00c9lectorale Ind\u00e9pendante (CEI), la candidate du Mouvement des G\u00e9n\u00e9rations Capables (MGC), Docteure Simone Ehivet Gbagbo, s\u2019est exprim\u00e9e dans une d\u00e9claration solennelle depuis Abidjan, le 27 octobre 2025. Si [&hellip;]","og_url":"https:\/\/macite.tg\/?p=25794","article_published_time":"2025-10-29T10:50:50+00:00","article_modified_time":"2025-10-29T10:50:58+00:00","og_image":[{"width":438,"height":266,"url":"https:\/\/macite.tg\/wp-content\/uploads\/2025\/10\/image-139.png","type":"image\/png"}],"author":"Jean Pierre BAWELA","twitter_card":"summary_large_image","twitter_misc":{"\u00c9crit par":"Jean Pierre BAWELA","Dur\u00e9e de lecture estim\u00e9e":"5 minutes"},"schema":{"@context":"https:\/\/schema.org","@graph":[{"@type":"Article","@id":"https:\/\/macite.tg\/?p=25794#article","isPartOf":{"@id":"https:\/\/macite.tg\/?p=25794"},"author":{"name":"Jean Pierre BAWELA","@id":"https:\/\/macite.tg\/#\/schema\/person\/e9f2de7e5dbbe7770a9402c7ce82f5c2"},"headline":"CI\/ALASSANE OUATTARA RELU DES LE 1ER TOUR\u00a0: Simone Gbagbo prend acte des r\u00e9sultats et r\u00e9clame une r\u00e9forme du syst\u00e8me \u00e9lectoral","datePublished":"2025-10-29T10:50:50+00:00","dateModified":"2025-10-29T10:50:58+00:00","mainEntityOfPage":{"@id":"https:\/\/macite.tg\/?p=25794"},"wordCount":774,"commentCount":0,"image":{"@id":"https:\/\/macite.tg\/?p=25794#primaryimage"},"thumbnailUrl":"https:\/\/macite.tg\/wp-content\/uploads\/2025\/10\/image-139.png","articleSection":["ACTUALITE","POLITIQUE"],"inLanguage":"fr-FR","potentialAction":[{"@type":"CommentAction","name":"Comment","target":["https:\/\/macite.tg\/?p=25794#respond"]}]},{"@type":"WebPage","@id":"https:\/\/macite.tg\/?p=25794","url":"https:\/\/macite.tg\/?p=25794","name":"CI\/ALASSANE OUATTARA RELU DES LE 1ER TOUR\u00a0: Simone Gbagbo prend acte des r\u00e9sultats et r\u00e9clame une r\u00e9forme du syst\u00e8me \u00e9lectoral -","isPartOf":{"@id":"https:\/\/macite.tg\/#website"},"primaryImageOfPage":{"@id":"https:\/\/macite.tg\/?p=25794#primaryimage"},"image":{"@id":"https:\/\/macite.tg\/?p=25794#primaryimage"},"thumbnailUrl":"https:\/\/macite.tg\/wp-content\/uploads\/2025\/10\/image-139.png","datePublished":"2025-10-29T10:50:50+00:00","dateModified":"2025-10-29T10:50:58+00:00","author":{"@id":"https:\/\/macite.tg\/#\/schema\/person\/e9f2de7e5dbbe7770a9402c7ce82f5c2"},"breadcrumb":{"@id":"https:\/\/macite.tg\/?p=25794#breadcrumb"},"inLanguage":"fr-FR","potentialAction":[{"@type":"ReadAction","target":["https:\/\/macite.tg\/?p=25794"]}]},{"@type":"ImageObject","inLanguage":"fr-FR","@id":"https:\/\/macite.tg\/?p=25794#primaryimage","url":"https:\/\/macite.tg\/wp-content\/uploads\/2025\/10\/image-139.png","contentUrl":"https:\/\/macite.tg\/wp-content\/uploads\/2025\/10\/image-139.png","width":438,"height":266,"caption":"Simone Gbagbo"},{"@type":"BreadcrumbList","@id":"https:\/\/macite.tg\/?p=25794#breadcrumb","itemListElement":[{"@type":"ListItem","position":1,"name":"Accueil","item":"https:\/\/macite.tg\/"},{"@type":"ListItem","position":2,"name":"CI\/ALASSANE OUATTARA RELU DES LE 1ER TOUR\u00a0: Simone Gbagbo prend acte des r\u00e9sultats et r\u00e9clame une r\u00e9forme du syst\u00e8me \u00e9lectoral"}]},{"@type":"WebSite","@id":"https:\/\/macite.tg\/#website","url":"https:\/\/macite.tg\/","name":"","description":"L&#039;information, la bonne!!!","potentialAction":[{"@type":"SearchAction","target":{"@type":"EntryPoint","urlTemplate":"https:\/\/macite.tg\/?s={search_term_string}"},"query-input":{"@type":"PropertyValueSpecification","valueRequired":true,"valueName":"search_term_string"}}],"inLanguage":"fr-FR"},{"@type":"Person","@id":"https:\/\/macite.tg\/#\/schema\/person\/e9f2de7e5dbbe7770a9402c7ce82f5c2","name":"Jean Pierre BAWELA","image":{"@type":"ImageObject","inLanguage":"fr-FR","@id":"https:\/\/macite.tg\/wp-content\/uploads\/2023\/09\/WhatsApp-Image-2023-09-19-at-14.44.41-122x122.jpeg","url":"https:\/\/macite.tg\/wp-content\/uploads\/2023\/09\/WhatsApp-Image-2023-09-19-at-14.44.41-122x122.jpeg","contentUrl":"https:\/\/macite.tg\/wp-content\/uploads\/2023\/09\/WhatsApp-Image-2023-09-19-at-14.44.41-122x122.jpeg","caption":"Jean Pierre BAWELA"},"url":"https:\/\/macite.tg\/?author=2"}]}},"_links":{"self":[{"href":"https:\/\/macite.tg\/index.php?rest_route=\/wp\/v2\/posts\/25794","targetHints":{"allow":["GET"]}}],"collection":[{"href":"https:\/\/macite.tg\/index.php?rest_route=\/wp\/v2\/posts"}],"about":[{"href":"https:\/\/macite.tg\/index.php?rest_route=\/wp\/v2\/types\/post"}],"author":[{"embeddable":true,"href":"https:\/\/macite.tg\/index.php?rest_route=\/wp\/v2\/users\/2"}],"replies":[{"embeddable":true,"href":"https:\/\/macite.tg\/index.php?rest_route=%2Fwp%2Fv2%2Fcomments&post=25794"}],"version-history":[{"count":0,"href":"https:\/\/macite.tg\/index.php?rest_route=\/wp\/v2\/posts\/25794\/revisions"}],"wp:featuredmedia":[{"embeddable":true,"href":"https:\/\/macite.tg\/index.php?rest_route=\/wp\/v2\/media\/25795"}],"wp:attachment":[{"href":"https:\/\/macite.tg\/index.php?rest_route=%2Fwp%2Fv2%2Fmedia&parent=25794"}],"wp:term":[{"taxonomy":"category","embeddable":true,"href":"https:\/\/macite.tg\/index.php?rest_route=%2Fwp%2Fv2%2Fcategories&post=25794"},{"taxonomy":"post_tag","embeddable":true,"href":"https:\/\/macite.tg\/index.php?rest_route=%2Fwp%2Fv2%2Ftags&post=25794"}],"curies":[{"name":"wp","href":"https:\/\/api.w.org\/{rel}","templated":true}]}}