{"id":25771,"date":"2025-10-28T17:31:32","date_gmt":"2025-10-28T17:31:32","guid":{"rendered":"https:\/\/macite.tg\/?p=25771"},"modified":"2025-10-28T21:19:01","modified_gmt":"2025-10-28T21:19:01","slug":"renouvellement-du-bureau-de-lassemblee-nationale-le-prof-komi-selom-klassou-au-perchoir","status":"publish","type":"post","link":"https:\/\/macite.tg\/?p=25771","title":{"rendered":"RENOUVELLEMENT DU BUREAU DE L\u2019ASSEMBLEE NATIONALE : Le Prof Komi S\u00e9lom Klassou au perchoir\u2026"},"content":{"rendered":"\n<p class=\"wp-block-paragraph\"><strong><em>Conform\u00e9ment \u00e0 l\u2019article 15 du r\u00e8glement int\u00e9rieur de l\u2019Assembl\u00e9e nationale, le Professeur Komi S\u00e9lom Klassou a \u00e9t\u00e9 \u00e9lu, ce mardi 28 octobre, Pr\u00e9sident de la Repr\u00e9sentation nationale, \u00e0 l&rsquo;unanimit\u00e9 des d\u00e9put\u00e9s pr\u00e9sents. Dans la foul\u00e9e, l\u2019honorable M\u00e9mounatou Ibrahima est pass\u00e9e 1\u00e8re vice-pr\u00e9sidente\u2026<\/em><\/strong><\/p>\n\n\n\n<p class=\"wp-block-paragraph\">R\u00e9unis, ce mardi 28 octobre, en deuxi\u00e8me s\u00e9ance pl\u00e9ni\u00e8re de la deuxi\u00e8me session de l\u2019ann\u00e9e, les d\u00e9put\u00e9s \u00e0 l\u2019assembl\u00e9e nationale ont proc\u00e9d\u00e9 au remplacement des d\u00e9put\u00e9s sur les si\u00e8ges vacants mais aussi et surtout aux postes vacants au sein du bureau de la Repr\u00e9sentation nationale. Ce processus intervient au lendemain de l\u2019entr\u00e9e au gouvernement de plusieurs d\u00e9put\u00e9s.<\/p>\n\n\n<div class=\"wp-block-image\">\n<figure class=\"aligncenter size-full\"><img loading=\"lazy\" decoding=\"async\" width=\"851\" height=\"315\" src=\"https:\/\/macite.tg\/wp-content\/uploads\/2025\/10\/OTR_Ferer-pour-batir-1-1.jpg\" alt=\"\" class=\"wp-image-25736\" srcset=\"https:\/\/macite.tg\/wp-content\/uploads\/2025\/10\/OTR_Ferer-pour-batir-1-1.jpg 851w, https:\/\/macite.tg\/wp-content\/uploads\/2025\/10\/OTR_Ferer-pour-batir-1-1-300x111.jpg 300w, https:\/\/macite.tg\/wp-content\/uploads\/2025\/10\/OTR_Ferer-pour-batir-1-1-768x284.jpg 768w\" sizes=\"auto, (max-width: 851px) 100vw, 851px\" \/><\/figure>\n<\/div>\n\n\n<p class=\"wp-block-paragraph\">Ainsi, conform\u00e9ment \u00e0 l\u2019article 15 du r\u00e8glement int\u00e9rieur de l\u2019Assembl\u00e9e, les d\u00e9put\u00e9s ont \u00e9lu le professeur Komi S\u00e9lom Klassou au perchoir. L\u2019ancien premier ministre, acteur cl\u00e9 de la vie politique nationale, devient le 15e Pr\u00e9sident de la Repr\u00e9sentation nationale, et succ\u00e8de ainsi \u00e0 Sevon-T\u00e9p\u00e9 Kodjo Ad\u00e9dz\u00e9.<\/p>\n\n\n\n<p class=\"wp-block-paragraph\">Le nouveau pr\u00e9sident de l\u2019Assembl\u00e9e, appel\u00e9 \u00e0 consolider le r\u00f4le du Parlement dans la mise en \u0153uvre des grandes orientations gouvernementales, aura pour mission : favoriser la concertation entre les forces politiques et accompagner la r\u00e9alisation des priorit\u00e9s fix\u00e9es par le Pr\u00e9sident du Conseil, Essozimna Gnassingb\u00e9. Il s\u2019agira de contribuer au renforcement de la gouvernance d\u00e9mocratique, assurer une meilleure coordination entre les institutions, entre autres.<\/p>\n\n\n<div class=\"wp-block-image\">\n<figure class=\"aligncenter size-large\"><img loading=\"lazy\" decoding=\"async\" width=\"1024\" height=\"426\" src=\"https:\/\/macite.tg\/wp-content\/uploads\/2025\/10\/OTR_Depreciation-1024x426.jpg\" alt=\"\" class=\"wp-image-25740\" srcset=\"https:\/\/macite.tg\/wp-content\/uploads\/2025\/10\/OTR_Depreciation-1024x426.jpg 1024w, https:\/\/macite.tg\/wp-content\/uploads\/2025\/10\/OTR_Depreciation-300x125.jpg 300w, https:\/\/macite.tg\/wp-content\/uploads\/2025\/10\/OTR_Depreciation-768x320.jpg 768w, https:\/\/macite.tg\/wp-content\/uploads\/2025\/10\/OTR_Depreciation.jpg 1132w\" sizes=\"auto, (max-width: 1024px) 100vw, 1024px\" \/><\/figure>\n<\/div>\n\n\n<p class=\"wp-block-paragraph\">Notons que dans la foul\u00e9e du ce renouvellement, l\u2019honorable M\u00e9mounatou Ibrahima a \u00e9t\u00e9 \u00e9lue 1\u00e8re vice-pr\u00e9sidente de l\u2019assembl\u00e9e nationale. Le bureau est compl\u00e9t\u00e9 par : Kangb\u00e9ni Galbeboua, \u00e9lu 2\u00e8me Vice-pr\u00e9sident ; Ouro-Sama Mohamed Sade, 3\u00e8me Vice-pr\u00e9sident ; Dz\u00e9k\u00e9 Gaston, 4\u00e8me Vice-pr\u00e9sident et Mme Wela Paoumandome, 5\u00e8me Vice-pr\u00e9sidente.<\/p>\n\n\n\n<p class=\"wp-block-paragraph\"><em>Nous y reviendrons&nbsp;!<\/em><\/p>\n\n\n\n<p class=\"wp-block-paragraph\"><strong>La R\u00e9daction<\/strong><\/p>\n\n\n\n<p class=\"wp-block-paragraph\"><a><strong><em>@macite.tg&nbsp;&nbsp;&nbsp;&nbsp;&nbsp;&nbsp;&nbsp;&nbsp;<\/em><\/strong><\/a><\/p>\n\n\n\n<p class=\"wp-block-paragraph\"><strong><em>E-mail&nbsp;: <\/em><\/strong><a href=\"mailto:maciteinfo@gmail.com\"><strong><em>maciteinfo@gmail.com<\/em><\/strong><\/a><strong><em>; <\/em><\/strong><a href=\"mailto:bawela1@gmail.com\"><strong><em>bawela1@gmail.com<\/em><\/strong><\/a><strong><em><\/em><\/strong><\/p>\n\n\n\n<p class=\"wp-block-paragraph\"><strong><em>Pour vos annonces, (publi)reportages, etc., joignez-nous au (00228)91515309\/<strong>79872224 <\/strong><strong><\/strong><\/em><\/strong><\/p>\n\n\n\n<p class=\"wp-block-paragraph\"><strong><em>www.macite.tg, L\u2019information, la bonne&nbsp;!<\/em><\/strong><\/p>\n\n\n\n<p class=\"wp-block-paragraph\"><\/p>\n","protected":false},"excerpt":{"rendered":"<p class=\"text-justify mb-2\" >Conform\u00e9ment \u00e0 l\u2019article 15 du r\u00e8glement int\u00e9rieur de l\u2019Assembl\u00e9e nationale, le Professeur Komi S\u00e9lom Klassou a \u00e9t\u00e9 \u00e9lu, ce mardi 28 octobre, Pr\u00e9sident de la Repr\u00e9sentation nationale, \u00e0 l&rsquo;unanimit\u00e9 des d\u00e9put\u00e9s pr\u00e9sents. Dans la foul\u00e9e, l\u2019honorable M\u00e9mounatou Ibrahima est pass\u00e9e 1\u00e8re vice-pr\u00e9sidente\u2026 R\u00e9unis, ce mardi [&hellip;]<\/p>\n","protected":false},"author":2,"featured_media":25776,"comment_status":"open","ping_status":"open","sticky":false,"template":"","format":"standard","meta":{"footnotes":""},"categories":[20,1],"tags":[],"class_list":["post-25771","post","type-post","status-publish","format-standard","has-post-thumbnail","hentry","category-actualite","category-politique"],"yoast_head":"<!-- This site is optimized with the Yoast SEO plugin v28.4 - https:\/\/yoast.com\/product\/yoast-seo-wordpress\/ -->\n<title>RENOUVELLEMENT DU BUREAU DE L\u2019ASSEMBLEE NATIONALE : Le Prof Komi S\u00e9lom Klassou au perchoir\u2026 -<\/title>\n<meta name=\"robots\" content=\"index, follow, max-snippet:-1, max-image-preview:large, max-video-preview:-1\" \/>\n<link rel=\"canonical\" href=\"https:\/\/macite.tg\/?p=25771\" \/>\n<meta property=\"og:locale\" content=\"fr_FR\" \/>\n<meta property=\"og:type\" content=\"article\" \/>\n<meta property=\"og:title\" content=\"RENOUVELLEMENT DU BUREAU DE L\u2019ASSEMBLEE NATIONALE : Le Prof Komi S\u00e9lom Klassou au perchoir\u2026 -\" \/>\n<meta property=\"og:description\" content=\"Conform\u00e9ment \u00e0 l\u2019article 15 du r\u00e8glement int\u00e9rieur de l\u2019Assembl\u00e9e nationale, le Professeur Komi S\u00e9lom Klassou a \u00e9t\u00e9 \u00e9lu, ce mardi 28 octobre, Pr\u00e9sident de la Repr\u00e9sentation nationale, \u00e0 l&rsquo;unanimit\u00e9 des d\u00e9put\u00e9s pr\u00e9sents. Dans la foul\u00e9e, l\u2019honorable M\u00e9mounatou Ibrahima est pass\u00e9e 1\u00e8re vice-pr\u00e9sidente\u2026 R\u00e9unis, ce mardi [&hellip;]\" \/>\n<meta property=\"og:url\" content=\"https:\/\/macite.tg\/?p=25771\" \/>\n<meta property=\"article:published_time\" content=\"2025-10-28T17:31:32+00:00\" \/>\n<meta property=\"article:modified_time\" content=\"2025-10-28T21:19:01+00:00\" \/>\n<meta property=\"og:image\" content=\"https:\/\/macite.tg\/wp-content\/uploads\/2025\/10\/AN.jpg\" \/>\n\t<meta property=\"og:image:width\" content=\"500\" \/>\n\t<meta property=\"og:image:height\" content=\"625\" \/>\n\t<meta property=\"og:image:type\" content=\"image\/jpeg\" \/>\n<meta name=\"author\" content=\"Jean Pierre BAWELA\" \/>\n<meta name=\"twitter:card\" content=\"summary_large_image\" \/>\n<meta name=\"twitter:label1\" content=\"\u00c9crit par\" \/>\n\t<meta name=\"twitter:data1\" content=\"Jean Pierre BAWELA\" \/>\n\t<meta name=\"twitter:label2\" content=\"Dur\u00e9e de lecture estim\u00e9e\" \/>\n\t<meta name=\"twitter:data2\" content=\"3 minutes\" \/>\n<script type=\"application\/ld+json\" class=\"yoast-schema-graph\">{\"@context\":\"https:\\\/\\\/schema.org\",\"@graph\":[{\"@type\":\"Article\",\"@id\":\"https:\\\/\\\/macite.tg\\\/?p=25771#article\",\"isPartOf\":{\"@id\":\"https:\\\/\\\/macite.tg\\\/?p=25771\"},\"author\":{\"name\":\"Jean Pierre BAWELA\",\"@id\":\"https:\\\/\\\/macite.tg\\\/#\\\/schema\\\/person\\\/e9f2de7e5dbbe7770a9402c7ce82f5c2\"},\"headline\":\"RENOUVELLEMENT DU BUREAU DE L\u2019ASSEMBLEE NATIONALE : Le Prof Komi S\u00e9lom Klassou au perchoir\u2026\",\"datePublished\":\"2025-10-28T17:31:32+00:00\",\"dateModified\":\"2025-10-28T21:19:01+00:00\",\"mainEntityOfPage\":{\"@id\":\"https:\\\/\\\/macite.tg\\\/?p=25771\"},\"wordCount\":376,\"commentCount\":0,\"image\":{\"@id\":\"https:\\\/\\\/macite.tg\\\/?p=25771#primaryimage\"},\"thumbnailUrl\":\"https:\\\/\\\/macite.tg\\\/wp-content\\\/uploads\\\/2025\\\/10\\\/AN.jpg\",\"articleSection\":[\"ACTUALITE\",\"POLITIQUE\"],\"inLanguage\":\"fr-FR\",\"potentialAction\":[{\"@type\":\"CommentAction\",\"name\":\"Comment\",\"target\":[\"https:\\\/\\\/macite.tg\\\/?p=25771#respond\"]}]},{\"@type\":\"WebPage\",\"@id\":\"https:\\\/\\\/macite.tg\\\/?p=25771\",\"url\":\"https:\\\/\\\/macite.tg\\\/?p=25771\",\"name\":\"RENOUVELLEMENT DU BUREAU DE L\u2019ASSEMBLEE NATIONALE : Le Prof Komi S\u00e9lom Klassou au perchoir\u2026 -\",\"isPartOf\":{\"@id\":\"https:\\\/\\\/macite.tg\\\/#website\"},\"primaryImageOfPage\":{\"@id\":\"https:\\\/\\\/macite.tg\\\/?p=25771#primaryimage\"},\"image\":{\"@id\":\"https:\\\/\\\/macite.tg\\\/?p=25771#primaryimage\"},\"thumbnailUrl\":\"https:\\\/\\\/macite.tg\\\/wp-content\\\/uploads\\\/2025\\\/10\\\/AN.jpg\",\"datePublished\":\"2025-10-28T17:31:32+00:00\",\"dateModified\":\"2025-10-28T21:19:01+00:00\",\"author\":{\"@id\":\"https:\\\/\\\/macite.tg\\\/#\\\/schema\\\/person\\\/e9f2de7e5dbbe7770a9402c7ce82f5c2\"},\"breadcrumb\":{\"@id\":\"https:\\\/\\\/macite.tg\\\/?p=25771#breadcrumb\"},\"inLanguage\":\"fr-FR\",\"potentialAction\":[{\"@type\":\"ReadAction\",\"target\":[\"https:\\\/\\\/macite.tg\\\/?p=25771\"]}]},{\"@type\":\"ImageObject\",\"inLanguage\":\"fr-FR\",\"@id\":\"https:\\\/\\\/macite.tg\\\/?p=25771#primaryimage\",\"url\":\"https:\\\/\\\/macite.tg\\\/wp-content\\\/uploads\\\/2025\\\/10\\\/AN.jpg\",\"contentUrl\":\"https:\\\/\\\/macite.tg\\\/wp-content\\\/uploads\\\/2025\\\/10\\\/AN.jpg\",\"width\":500,\"height\":625},{\"@type\":\"BreadcrumbList\",\"@id\":\"https:\\\/\\\/macite.tg\\\/?p=25771#breadcrumb\",\"itemListElement\":[{\"@type\":\"ListItem\",\"position\":1,\"name\":\"Accueil\",\"item\":\"https:\\\/\\\/macite.tg\\\/\"},{\"@type\":\"ListItem\",\"position\":2,\"name\":\"RENOUVELLEMENT DU BUREAU DE L\u2019ASSEMBLEE NATIONALE : Le Prof Komi S\u00e9lom Klassou au perchoir\u2026\"}]},{\"@type\":\"WebSite\",\"@id\":\"https:\\\/\\\/macite.tg\\\/#website\",\"url\":\"https:\\\/\\\/macite.tg\\\/\",\"name\":\"\",\"description\":\"L&#039;information, la bonne!!!\",\"potentialAction\":[{\"@type\":\"SearchAction\",\"target\":{\"@type\":\"EntryPoint\",\"urlTemplate\":\"https:\\\/\\\/macite.tg\\\/?s={search_term_string}\"},\"query-input\":{\"@type\":\"PropertyValueSpecification\",\"valueRequired\":true,\"valueName\":\"search_term_string\"}}],\"inLanguage\":\"fr-FR\"},{\"@type\":\"Person\",\"@id\":\"https:\\\/\\\/macite.tg\\\/#\\\/schema\\\/person\\\/e9f2de7e5dbbe7770a9402c7ce82f5c2\",\"name\":\"Jean Pierre BAWELA\",\"image\":{\"@type\":\"ImageObject\",\"inLanguage\":\"fr-FR\",\"@id\":\"https:\\\/\\\/macite.tg\\\/wp-content\\\/uploads\\\/2023\\\/09\\\/WhatsApp-Image-2023-09-19-at-14.44.41-122x122.jpeg\",\"url\":\"https:\\\/\\\/macite.tg\\\/wp-content\\\/uploads\\\/2023\\\/09\\\/WhatsApp-Image-2023-09-19-at-14.44.41-122x122.jpeg\",\"contentUrl\":\"https:\\\/\\\/macite.tg\\\/wp-content\\\/uploads\\\/2023\\\/09\\\/WhatsApp-Image-2023-09-19-at-14.44.41-122x122.jpeg\",\"caption\":\"Jean Pierre BAWELA\"},\"url\":\"https:\\\/\\\/macite.tg\\\/?author=2\"}]}<\/script>\n<!-- \/ Yoast SEO plugin. -->","yoast_head_json":{"title":"RENOUVELLEMENT DU BUREAU DE L\u2019ASSEMBLEE NATIONALE : Le Prof Komi S\u00e9lom Klassou au perchoir\u2026 -","robots":{"index":"index","follow":"follow","max-snippet":"max-snippet:-1","max-image-preview":"max-image-preview:large","max-video-preview":"max-video-preview:-1"},"canonical":"https:\/\/macite.tg\/?p=25771","og_locale":"fr_FR","og_type":"article","og_title":"RENOUVELLEMENT DU BUREAU DE L\u2019ASSEMBLEE NATIONALE : Le Prof Komi S\u00e9lom Klassou au perchoir\u2026 -","og_description":"Conform\u00e9ment \u00e0 l\u2019article 15 du r\u00e8glement int\u00e9rieur de l\u2019Assembl\u00e9e nationale, le Professeur Komi S\u00e9lom Klassou a \u00e9t\u00e9 \u00e9lu, ce mardi 28 octobre, Pr\u00e9sident de la Repr\u00e9sentation nationale, \u00e0 l&rsquo;unanimit\u00e9 des d\u00e9put\u00e9s pr\u00e9sents. Dans la foul\u00e9e, l\u2019honorable M\u00e9mounatou Ibrahima est pass\u00e9e 1\u00e8re vice-pr\u00e9sidente\u2026 R\u00e9unis, ce mardi [&hellip;]","og_url":"https:\/\/macite.tg\/?p=25771","article_published_time":"2025-10-28T17:31:32+00:00","article_modified_time":"2025-10-28T21:19:01+00:00","og_image":[{"width":500,"height":625,"url":"https:\/\/macite.tg\/wp-content\/uploads\/2025\/10\/AN.jpg","type":"image\/jpeg"}],"author":"Jean Pierre BAWELA","twitter_card":"summary_large_image","twitter_misc":{"\u00c9crit par":"Jean Pierre BAWELA","Dur\u00e9e de lecture estim\u00e9e":"3 minutes"},"schema":{"@context":"https:\/\/schema.org","@graph":[{"@type":"Article","@id":"https:\/\/macite.tg\/?p=25771#article","isPartOf":{"@id":"https:\/\/macite.tg\/?p=25771"},"author":{"name":"Jean Pierre BAWELA","@id":"https:\/\/macite.tg\/#\/schema\/person\/e9f2de7e5dbbe7770a9402c7ce82f5c2"},"headline":"RENOUVELLEMENT DU BUREAU DE L\u2019ASSEMBLEE NATIONALE : Le Prof Komi S\u00e9lom Klassou au perchoir\u2026","datePublished":"2025-10-28T17:31:32+00:00","dateModified":"2025-10-28T21:19:01+00:00","mainEntityOfPage":{"@id":"https:\/\/macite.tg\/?p=25771"},"wordCount":376,"commentCount":0,"image":{"@id":"https:\/\/macite.tg\/?p=25771#primaryimage"},"thumbnailUrl":"https:\/\/macite.tg\/wp-content\/uploads\/2025\/10\/AN.jpg","articleSection":["ACTUALITE","POLITIQUE"],"inLanguage":"fr-FR","potentialAction":[{"@type":"CommentAction","name":"Comment","target":["https:\/\/macite.tg\/?p=25771#respond"]}]},{"@type":"WebPage","@id":"https:\/\/macite.tg\/?p=25771","url":"https:\/\/macite.tg\/?p=25771","name":"RENOUVELLEMENT DU BUREAU DE L\u2019ASSEMBLEE NATIONALE : Le Prof Komi S\u00e9lom Klassou au perchoir\u2026 -","isPartOf":{"@id":"https:\/\/macite.tg\/#website"},"primaryImageOfPage":{"@id":"https:\/\/macite.tg\/?p=25771#primaryimage"},"image":{"@id":"https:\/\/macite.tg\/?p=25771#primaryimage"},"thumbnailUrl":"https:\/\/macite.tg\/wp-content\/uploads\/2025\/10\/AN.jpg","datePublished":"2025-10-28T17:31:32+00:00","dateModified":"2025-10-28T21:19:01+00:00","author":{"@id":"https:\/\/macite.tg\/#\/schema\/person\/e9f2de7e5dbbe7770a9402c7ce82f5c2"},"breadcrumb":{"@id":"https:\/\/macite.tg\/?p=25771#breadcrumb"},"inLanguage":"fr-FR","potentialAction":[{"@type":"ReadAction","target":["https:\/\/macite.tg\/?p=25771"]}]},{"@type":"ImageObject","inLanguage":"fr-FR","@id":"https:\/\/macite.tg\/?p=25771#primaryimage","url":"https:\/\/macite.tg\/wp-content\/uploads\/2025\/10\/AN.jpg","contentUrl":"https:\/\/macite.tg\/wp-content\/uploads\/2025\/10\/AN.jpg","width":500,"height":625},{"@type":"BreadcrumbList","@id":"https:\/\/macite.tg\/?p=25771#breadcrumb","itemListElement":[{"@type":"ListItem","position":1,"name":"Accueil","item":"https:\/\/macite.tg\/"},{"@type":"ListItem","position":2,"name":"RENOUVELLEMENT DU BUREAU DE L\u2019ASSEMBLEE NATIONALE : Le Prof Komi S\u00e9lom Klassou au perchoir\u2026"}]},{"@type":"WebSite","@id":"https:\/\/macite.tg\/#website","url":"https:\/\/macite.tg\/","name":"","description":"L&#039;information, la bonne!!!","potentialAction":[{"@type":"SearchAction","target":{"@type":"EntryPoint","urlTemplate":"https:\/\/macite.tg\/?s={search_term_string}"},"query-input":{"@type":"PropertyValueSpecification","valueRequired":true,"valueName":"search_term_string"}}],"inLanguage":"fr-FR"},{"@type":"Person","@id":"https:\/\/macite.tg\/#\/schema\/person\/e9f2de7e5dbbe7770a9402c7ce82f5c2","name":"Jean Pierre BAWELA","image":{"@type":"ImageObject","inLanguage":"fr-FR","@id":"https:\/\/macite.tg\/wp-content\/uploads\/2023\/09\/WhatsApp-Image-2023-09-19-at-14.44.41-122x122.jpeg","url":"https:\/\/macite.tg\/wp-content\/uploads\/2023\/09\/WhatsApp-Image-2023-09-19-at-14.44.41-122x122.jpeg","contentUrl":"https:\/\/macite.tg\/wp-content\/uploads\/2023\/09\/WhatsApp-Image-2023-09-19-at-14.44.41-122x122.jpeg","caption":"Jean Pierre BAWELA"},"url":"https:\/\/macite.tg\/?author=2"}]}},"_links":{"self":[{"href":"https:\/\/macite.tg\/index.php?rest_route=\/wp\/v2\/posts\/25771","targetHints":{"allow":["GET"]}}],"collection":[{"href":"https:\/\/macite.tg\/index.php?rest_route=\/wp\/v2\/posts"}],"about":[{"href":"https:\/\/macite.tg\/index.php?rest_route=\/wp\/v2\/types\/post"}],"author":[{"embeddable":true,"href":"https:\/\/macite.tg\/index.php?rest_route=\/wp\/v2\/users\/2"}],"replies":[{"embeddable":true,"href":"https:\/\/macite.tg\/index.php?rest_route=%2Fwp%2Fv2%2Fcomments&post=25771"}],"version-history":[{"count":0,"href":"https:\/\/macite.tg\/index.php?rest_route=\/wp\/v2\/posts\/25771\/revisions"}],"wp:featuredmedia":[{"embeddable":true,"href":"https:\/\/macite.tg\/index.php?rest_route=\/wp\/v2\/media\/25776"}],"wp:attachment":[{"href":"https:\/\/macite.tg\/index.php?rest_route=%2Fwp%2Fv2%2Fmedia&parent=25771"}],"wp:term":[{"taxonomy":"category","embeddable":true,"href":"https:\/\/macite.tg\/index.php?rest_route=%2Fwp%2Fv2%2Fcategories&post=25771"},{"taxonomy":"post_tag","embeddable":true,"href":"https:\/\/macite.tg\/index.php?rest_route=%2Fwp%2Fv2%2Ftags&post=25771"}],"curies":[{"name":"wp","href":"https:\/\/api.w.org\/{rel}","templated":true}]}}