{"id":25735,"date":"2025-10-28T11:39:29","date_gmt":"2025-10-28T11:39:29","guid":{"rendered":"https:\/\/macite.tg\/?p=25735"},"modified":"2025-10-28T11:39:43","modified_gmt":"2025-10-28T11:39:43","slug":"financement-des-infrastructures-en-afrique-les-dirigeants-africains-dont-faure-gnassingbe-en-reflexion-a-luanda","status":"publish","type":"post","link":"https:\/\/macite.tg\/?p=25735","title":{"rendered":"FINANCEMENT DES INFRASTRUCTURES EN AFRIQUE\u00a0: Les dirigeants africains dont Faure Gnassingb\u00e9, en r\u00e9flexion \u00e0 Luanda"},"content":{"rendered":"\n<p class=\"wp-block-paragraph\"><strong><em>\u00c0 l\u2019invitation de Son Excellence Jo\u00e3o Manuel Gon\u00e7alves Louren\u00e7o, Pr\u00e9sident de la R\u00e9publique d\u2019Angola, et Pr\u00e9sident en exercice de l\u2019Union africaine, le Pr\u00e9sident du Conseil de la R\u00e9publique Togolaise, Faure Essozimna Gnassingb\u00e9, participe ce 28 octobre, avec ses pairs africains, au 3\u1d49 Sommet de Luanda sur le financement des infrastructures en Afrique.<\/em><\/strong><\/p>\n\n\n\n<p class=\"wp-block-paragraph\">Plac\u00e9 sous le th\u00e8me&nbsp;: <em>\u00ab Capitaux, corridors, commerce : investir dans les infrastructures pour la ZLECAf et la prosp\u00e9rit\u00e9 partag\u00e9e \u00bb,<\/em> cette rencontre de haut niveau se veut de r\u00e9fl\u00e9chir sur les m\u00e9canismes innovants de financement des infrastructures \u00e0 l\u2019\u00e9chelle du continent.<\/p>\n\n\n\n<figure class=\"wp-block-image size-full\"><img loading=\"lazy\" decoding=\"async\" width=\"851\" height=\"315\" src=\"https:\/\/macite.tg\/wp-content\/uploads\/2025\/10\/OTR_Ferer-pour-batir-1-1.jpg\" alt=\"\" class=\"wp-image-25736\" srcset=\"https:\/\/macite.tg\/wp-content\/uploads\/2025\/10\/OTR_Ferer-pour-batir-1-1.jpg 851w, https:\/\/macite.tg\/wp-content\/uploads\/2025\/10\/OTR_Ferer-pour-batir-1-1-300x111.jpg 300w, https:\/\/macite.tg\/wp-content\/uploads\/2025\/10\/OTR_Ferer-pour-batir-1-1-768x284.jpg 768w\" sizes=\"auto, (max-width: 851px) 100vw, 851px\" \/><\/figure>\n\n\n\n<p class=\"wp-block-paragraph\">Dans la capitale angolaise, les chefs d\u2019Etats et de gouvernement africains, les investisseurs et partenaires au d\u00e9veloppement se doivent de r\u00e9fl\u00e9chir \u00e0 la consolidation des bases d\u2019une mise en \u0153uvre efficace de la Zone de libre-\u00e9change continentale africaine (ZLECAF), mais aussi et surtout examiner les opportunit\u00e9s d\u2019investissement strat\u00e9giques align\u00e9es sur le Programme de d\u00e9veloppement des infrastructures en Afrique (PIDA) ainsi que le Plan directeur de l\u2019Union africaine pour la connectivit\u00e9 r\u00e9gionale et continentale.<\/p>\n\n\n\n<p class=\"wp-block-paragraph\">Ce sommet, il faut le souligner, est bien en phase avec la vision du Pr\u00e9sident du conseil togolais, qui est de <em>\u00ab&nbsp;faire du Togo un hub logistique et commercial de premier plan en Afrique de l\u2019Ouest&nbsp;\u00bb. <\/em>Une d\u00e9marche qui devrait bien inspirer les participants \u00e0 ce 3<sup>\u00e8me<\/sup> Sommet de Luanda.<\/p>\n\n\n\n<p class=\"wp-block-paragraph\">Ainsi, les travaux, qui seront meubl\u00e9s de d\u00e9clarations et panels sectoriels de haut niveau sur l\u2019\u00e9nergie, l\u2019eau, l\u2019assainissement et l\u2019hygi\u00e8ne, les transports et la mobilisation des capitaux nationaux, vont d\u00e9boucher sur des recommandations formul\u00e9es \u00e0 l\u2019issue du sommet.<\/p>\n\n\n<div class=\"wp-block-image\">\n<figure class=\"aligncenter size-large is-resized\"><img loading=\"lazy\" decoding=\"async\" width=\"1024\" height=\"1024\" src=\"https:\/\/macite.tg\/wp-content\/uploads\/2025\/10\/OTR_Octobre-Rose-1024x1024.jpg\" alt=\"\" class=\"wp-image-25508\" style=\"width:546px;height:auto\" srcset=\"https:\/\/macite.tg\/wp-content\/uploads\/2025\/10\/OTR_Octobre-Rose-1024x1024.jpg 1024w, https:\/\/macite.tg\/wp-content\/uploads\/2025\/10\/OTR_Octobre-Rose-300x300.jpg 300w, https:\/\/macite.tg\/wp-content\/uploads\/2025\/10\/OTR_Octobre-Rose-150x150.jpg 150w, https:\/\/macite.tg\/wp-content\/uploads\/2025\/10\/OTR_Octobre-Rose-768x768.jpg 768w, https:\/\/macite.tg\/wp-content\/uploads\/2025\/10\/OTR_Octobre-Rose-122x122.jpg 122w, https:\/\/macite.tg\/wp-content\/uploads\/2025\/10\/OTR_Octobre-Rose.jpg 1440w\" sizes=\"auto, (max-width: 1024px) 100vw, 1024px\" \/><\/figure>\n<\/div>\n\n\n<p class=\"wp-block-paragraph\">Elles serviront de <em>\u00ab&nbsp;r\u00e9f\u00e9rentiel pour la mise en \u0153uvre optimale des projets de d\u00e9veloppement des corridors de transports transfrontaliers, de transformation num\u00e9rique, d\u2019hydraulique, d\u2019acc\u00e8s \u00e0 l\u2019\u00e9nergie et de d\u00e9veloppement des illes r\u00e9silientes au climat&nbsp;\u00bb.<\/em><\/p>\n\n\n\n<p class=\"wp-block-paragraph\"><strong>JPB<\/strong><\/p>\n\n\n\n<p class=\"wp-block-paragraph\"><a><strong><em>@macite.tg&nbsp;&nbsp;&nbsp;&nbsp;&nbsp;&nbsp;&nbsp;&nbsp;<\/em><\/strong><\/a><\/p>\n\n\n\n<p class=\"wp-block-paragraph\"><strong><em>E-mail&nbsp;: <\/em><\/strong><a href=\"mailto:maciteinfo@gmail.com\"><strong><em>maciteinfo@gmail.com<\/em><\/strong><\/a><strong><em>; <\/em><\/strong><a href=\"mailto:bawela1@gmail.com\"><strong><em>bawela1@gmail.com<\/em><\/strong><\/a><strong><em><\/em><\/strong><\/p>\n\n\n\n<p class=\"wp-block-paragraph\"><strong><em>Pour vos annonces, (publi)reportages, etc., joignez-nous au (00228)91515309\/<strong>79872224 <\/strong><strong><\/strong><\/em><\/strong><\/p>\n\n\n\n<p class=\"wp-block-paragraph\"><strong><em>www.macite.tg, L\u2019information, la bonne&nbsp;!<\/em><\/strong><\/p>\n\n\n\n<p class=\"wp-block-paragraph\"><\/p>\n","protected":false},"excerpt":{"rendered":"<p class=\"text-justify mb-2\" >\u00c0 l\u2019invitation de Son Excellence Jo\u00e3o Manuel Gon\u00e7alves Louren\u00e7o, Pr\u00e9sident de la R\u00e9publique d\u2019Angola, et Pr\u00e9sident en exercice de l\u2019Union africaine, le Pr\u00e9sident du Conseil de la R\u00e9publique Togolaise, Faure Essozimna Gnassingb\u00e9, participe ce 28 octobre, avec ses pairs africains, au 3\u1d49 Sommet de Luanda [&hellip;]<\/p>\n","protected":false},"author":2,"featured_media":25737,"comment_status":"open","ping_status":"open","sticky":false,"template":"","format":"standard","meta":{"footnotes":""},"categories":[20,15],"tags":[],"class_list":["post-25735","post","type-post","status-publish","format-standard","has-post-thumbnail","hentry","category-actualite","category-developpement"],"yoast_head":"<!-- This site is optimized with the Yoast SEO plugin v28.4 - https:\/\/yoast.com\/product\/yoast-seo-wordpress\/ -->\n<title>FINANCEMENT DES INFRASTRUCTURES EN AFRIQUE\u00a0: Les dirigeants africains dont Faure Gnassingb\u00e9, en r\u00e9flexion \u00e0 Luanda -<\/title>\n<meta name=\"robots\" content=\"index, follow, max-snippet:-1, max-image-preview:large, max-video-preview:-1\" \/>\n<link rel=\"canonical\" href=\"https:\/\/macite.tg\/?p=25735\" \/>\n<meta property=\"og:locale\" content=\"fr_FR\" \/>\n<meta property=\"og:type\" content=\"article\" \/>\n<meta property=\"og:title\" content=\"FINANCEMENT DES INFRASTRUCTURES EN AFRIQUE\u00a0: Les dirigeants africains dont Faure Gnassingb\u00e9, en r\u00e9flexion \u00e0 Luanda -\" \/>\n<meta property=\"og:description\" content=\"\u00c0 l\u2019invitation de Son Excellence Jo\u00e3o Manuel Gon\u00e7alves Louren\u00e7o, Pr\u00e9sident de la R\u00e9publique d\u2019Angola, et Pr\u00e9sident en exercice de l\u2019Union africaine, le Pr\u00e9sident du Conseil de la R\u00e9publique Togolaise, Faure Essozimna Gnassingb\u00e9, participe ce 28 octobre, avec ses pairs africains, au 3\u1d49 Sommet de Luanda [&hellip;]\" \/>\n<meta property=\"og:url\" content=\"https:\/\/macite.tg\/?p=25735\" \/>\n<meta property=\"article:published_time\" content=\"2025-10-28T11:39:29+00:00\" \/>\n<meta property=\"article:modified_time\" content=\"2025-10-28T11:39:43+00:00\" \/>\n<meta property=\"og:image\" content=\"https:\/\/macite.tg\/wp-content\/uploads\/2025\/10\/image-132.png\" \/>\n\t<meta property=\"og:image:width\" content=\"442\" \/>\n\t<meta property=\"og:image:height\" content=\"279\" \/>\n\t<meta property=\"og:image:type\" content=\"image\/png\" \/>\n<meta name=\"author\" content=\"Jean Pierre BAWELA\" \/>\n<meta name=\"twitter:card\" content=\"summary_large_image\" \/>\n<meta name=\"twitter:label1\" content=\"\u00c9crit par\" \/>\n\t<meta name=\"twitter:data1\" content=\"Jean Pierre BAWELA\" \/>\n\t<meta name=\"twitter:label2\" content=\"Dur\u00e9e de lecture estim\u00e9e\" \/>\n\t<meta name=\"twitter:data2\" content=\"3 minutes\" \/>\n<script type=\"application\/ld+json\" class=\"yoast-schema-graph\">{\"@context\":\"https:\\\/\\\/schema.org\",\"@graph\":[{\"@type\":\"Article\",\"@id\":\"https:\\\/\\\/macite.tg\\\/?p=25735#article\",\"isPartOf\":{\"@id\":\"https:\\\/\\\/macite.tg\\\/?p=25735\"},\"author\":{\"name\":\"Jean Pierre BAWELA\",\"@id\":\"https:\\\/\\\/macite.tg\\\/#\\\/schema\\\/person\\\/e9f2de7e5dbbe7770a9402c7ce82f5c2\"},\"headline\":\"FINANCEMENT DES INFRASTRUCTURES EN AFRIQUE\u00a0: Les dirigeants africains dont Faure Gnassingb\u00e9, en r\u00e9flexion \u00e0 Luanda\",\"datePublished\":\"2025-10-28T11:39:29+00:00\",\"dateModified\":\"2025-10-28T11:39:43+00:00\",\"mainEntityOfPage\":{\"@id\":\"https:\\\/\\\/macite.tg\\\/?p=25735\"},\"wordCount\":387,\"commentCount\":0,\"image\":{\"@id\":\"https:\\\/\\\/macite.tg\\\/?p=25735#primaryimage\"},\"thumbnailUrl\":\"https:\\\/\\\/macite.tg\\\/wp-content\\\/uploads\\\/2025\\\/10\\\/image-132.png\",\"articleSection\":[\"ACTUALITE\",\"DEVELOPPEMENT\"],\"inLanguage\":\"fr-FR\",\"potentialAction\":[{\"@type\":\"CommentAction\",\"name\":\"Comment\",\"target\":[\"https:\\\/\\\/macite.tg\\\/?p=25735#respond\"]}]},{\"@type\":\"WebPage\",\"@id\":\"https:\\\/\\\/macite.tg\\\/?p=25735\",\"url\":\"https:\\\/\\\/macite.tg\\\/?p=25735\",\"name\":\"FINANCEMENT DES INFRASTRUCTURES EN AFRIQUE\u00a0: Les dirigeants africains dont Faure Gnassingb\u00e9, en r\u00e9flexion \u00e0 Luanda -\",\"isPartOf\":{\"@id\":\"https:\\\/\\\/macite.tg\\\/#website\"},\"primaryImageOfPage\":{\"@id\":\"https:\\\/\\\/macite.tg\\\/?p=25735#primaryimage\"},\"image\":{\"@id\":\"https:\\\/\\\/macite.tg\\\/?p=25735#primaryimage\"},\"thumbnailUrl\":\"https:\\\/\\\/macite.tg\\\/wp-content\\\/uploads\\\/2025\\\/10\\\/image-132.png\",\"datePublished\":\"2025-10-28T11:39:29+00:00\",\"dateModified\":\"2025-10-28T11:39:43+00:00\",\"author\":{\"@id\":\"https:\\\/\\\/macite.tg\\\/#\\\/schema\\\/person\\\/e9f2de7e5dbbe7770a9402c7ce82f5c2\"},\"breadcrumb\":{\"@id\":\"https:\\\/\\\/macite.tg\\\/?p=25735#breadcrumb\"},\"inLanguage\":\"fr-FR\",\"potentialAction\":[{\"@type\":\"ReadAction\",\"target\":[\"https:\\\/\\\/macite.tg\\\/?p=25735\"]}]},{\"@type\":\"ImageObject\",\"inLanguage\":\"fr-FR\",\"@id\":\"https:\\\/\\\/macite.tg\\\/?p=25735#primaryimage\",\"url\":\"https:\\\/\\\/macite.tg\\\/wp-content\\\/uploads\\\/2025\\\/10\\\/image-132.png\",\"contentUrl\":\"https:\\\/\\\/macite.tg\\\/wp-content\\\/uploads\\\/2025\\\/10\\\/image-132.png\",\"width\":442,\"height\":279,\"caption\":\"Le pr\u00e9sident du conseil, Faure Gnassingb\u00e9, \u00e0 Luanda, pour le 3\u00e8 sommet sur le financement des infrastructures en Afrique\"},{\"@type\":\"BreadcrumbList\",\"@id\":\"https:\\\/\\\/macite.tg\\\/?p=25735#breadcrumb\",\"itemListElement\":[{\"@type\":\"ListItem\",\"position\":1,\"name\":\"Accueil\",\"item\":\"https:\\\/\\\/macite.tg\\\/\"},{\"@type\":\"ListItem\",\"position\":2,\"name\":\"FINANCEMENT DES INFRASTRUCTURES EN AFRIQUE\u00a0: Les dirigeants africains dont Faure Gnassingb\u00e9, en r\u00e9flexion \u00e0 Luanda\"}]},{\"@type\":\"WebSite\",\"@id\":\"https:\\\/\\\/macite.tg\\\/#website\",\"url\":\"https:\\\/\\\/macite.tg\\\/\",\"name\":\"\",\"description\":\"L&#039;information, la bonne!!!\",\"potentialAction\":[{\"@type\":\"SearchAction\",\"target\":{\"@type\":\"EntryPoint\",\"urlTemplate\":\"https:\\\/\\\/macite.tg\\\/?s={search_term_string}\"},\"query-input\":{\"@type\":\"PropertyValueSpecification\",\"valueRequired\":true,\"valueName\":\"search_term_string\"}}],\"inLanguage\":\"fr-FR\"},{\"@type\":\"Person\",\"@id\":\"https:\\\/\\\/macite.tg\\\/#\\\/schema\\\/person\\\/e9f2de7e5dbbe7770a9402c7ce82f5c2\",\"name\":\"Jean Pierre BAWELA\",\"image\":{\"@type\":\"ImageObject\",\"inLanguage\":\"fr-FR\",\"@id\":\"https:\\\/\\\/macite.tg\\\/wp-content\\\/uploads\\\/2023\\\/09\\\/WhatsApp-Image-2023-09-19-at-14.44.41-122x122.jpeg\",\"url\":\"https:\\\/\\\/macite.tg\\\/wp-content\\\/uploads\\\/2023\\\/09\\\/WhatsApp-Image-2023-09-19-at-14.44.41-122x122.jpeg\",\"contentUrl\":\"https:\\\/\\\/macite.tg\\\/wp-content\\\/uploads\\\/2023\\\/09\\\/WhatsApp-Image-2023-09-19-at-14.44.41-122x122.jpeg\",\"caption\":\"Jean Pierre BAWELA\"},\"url\":\"https:\\\/\\\/macite.tg\\\/?author=2\"}]}<\/script>\n<!-- \/ Yoast SEO plugin. -->","yoast_head_json":{"title":"FINANCEMENT DES INFRASTRUCTURES EN AFRIQUE\u00a0: Les dirigeants africains dont Faure Gnassingb\u00e9, en r\u00e9flexion \u00e0 Luanda -","robots":{"index":"index","follow":"follow","max-snippet":"max-snippet:-1","max-image-preview":"max-image-preview:large","max-video-preview":"max-video-preview:-1"},"canonical":"https:\/\/macite.tg\/?p=25735","og_locale":"fr_FR","og_type":"article","og_title":"FINANCEMENT DES INFRASTRUCTURES EN AFRIQUE\u00a0: Les dirigeants africains dont Faure Gnassingb\u00e9, en r\u00e9flexion \u00e0 Luanda -","og_description":"\u00c0 l\u2019invitation de Son Excellence Jo\u00e3o Manuel Gon\u00e7alves Louren\u00e7o, Pr\u00e9sident de la R\u00e9publique d\u2019Angola, et Pr\u00e9sident en exercice de l\u2019Union africaine, le Pr\u00e9sident du Conseil de la R\u00e9publique Togolaise, Faure Essozimna Gnassingb\u00e9, participe ce 28 octobre, avec ses pairs africains, au 3\u1d49 Sommet de Luanda [&hellip;]","og_url":"https:\/\/macite.tg\/?p=25735","article_published_time":"2025-10-28T11:39:29+00:00","article_modified_time":"2025-10-28T11:39:43+00:00","og_image":[{"width":442,"height":279,"url":"https:\/\/macite.tg\/wp-content\/uploads\/2025\/10\/image-132.png","type":"image\/png"}],"author":"Jean Pierre BAWELA","twitter_card":"summary_large_image","twitter_misc":{"\u00c9crit par":"Jean Pierre BAWELA","Dur\u00e9e de lecture estim\u00e9e":"3 minutes"},"schema":{"@context":"https:\/\/schema.org","@graph":[{"@type":"Article","@id":"https:\/\/macite.tg\/?p=25735#article","isPartOf":{"@id":"https:\/\/macite.tg\/?p=25735"},"author":{"name":"Jean Pierre BAWELA","@id":"https:\/\/macite.tg\/#\/schema\/person\/e9f2de7e5dbbe7770a9402c7ce82f5c2"},"headline":"FINANCEMENT DES INFRASTRUCTURES EN AFRIQUE\u00a0: Les dirigeants africains dont Faure Gnassingb\u00e9, en r\u00e9flexion \u00e0 Luanda","datePublished":"2025-10-28T11:39:29+00:00","dateModified":"2025-10-28T11:39:43+00:00","mainEntityOfPage":{"@id":"https:\/\/macite.tg\/?p=25735"},"wordCount":387,"commentCount":0,"image":{"@id":"https:\/\/macite.tg\/?p=25735#primaryimage"},"thumbnailUrl":"https:\/\/macite.tg\/wp-content\/uploads\/2025\/10\/image-132.png","articleSection":["ACTUALITE","DEVELOPPEMENT"],"inLanguage":"fr-FR","potentialAction":[{"@type":"CommentAction","name":"Comment","target":["https:\/\/macite.tg\/?p=25735#respond"]}]},{"@type":"WebPage","@id":"https:\/\/macite.tg\/?p=25735","url":"https:\/\/macite.tg\/?p=25735","name":"FINANCEMENT DES INFRASTRUCTURES EN AFRIQUE\u00a0: Les dirigeants africains dont Faure Gnassingb\u00e9, en r\u00e9flexion \u00e0 Luanda -","isPartOf":{"@id":"https:\/\/macite.tg\/#website"},"primaryImageOfPage":{"@id":"https:\/\/macite.tg\/?p=25735#primaryimage"},"image":{"@id":"https:\/\/macite.tg\/?p=25735#primaryimage"},"thumbnailUrl":"https:\/\/macite.tg\/wp-content\/uploads\/2025\/10\/image-132.png","datePublished":"2025-10-28T11:39:29+00:00","dateModified":"2025-10-28T11:39:43+00:00","author":{"@id":"https:\/\/macite.tg\/#\/schema\/person\/e9f2de7e5dbbe7770a9402c7ce82f5c2"},"breadcrumb":{"@id":"https:\/\/macite.tg\/?p=25735#breadcrumb"},"inLanguage":"fr-FR","potentialAction":[{"@type":"ReadAction","target":["https:\/\/macite.tg\/?p=25735"]}]},{"@type":"ImageObject","inLanguage":"fr-FR","@id":"https:\/\/macite.tg\/?p=25735#primaryimage","url":"https:\/\/macite.tg\/wp-content\/uploads\/2025\/10\/image-132.png","contentUrl":"https:\/\/macite.tg\/wp-content\/uploads\/2025\/10\/image-132.png","width":442,"height":279,"caption":"Le pr\u00e9sident du conseil, Faure Gnassingb\u00e9, \u00e0 Luanda, pour le 3\u00e8 sommet sur le financement des infrastructures en Afrique"},{"@type":"BreadcrumbList","@id":"https:\/\/macite.tg\/?p=25735#breadcrumb","itemListElement":[{"@type":"ListItem","position":1,"name":"Accueil","item":"https:\/\/macite.tg\/"},{"@type":"ListItem","position":2,"name":"FINANCEMENT DES INFRASTRUCTURES EN AFRIQUE\u00a0: Les dirigeants africains dont Faure Gnassingb\u00e9, en r\u00e9flexion \u00e0 Luanda"}]},{"@type":"WebSite","@id":"https:\/\/macite.tg\/#website","url":"https:\/\/macite.tg\/","name":"","description":"L&#039;information, la bonne!!!","potentialAction":[{"@type":"SearchAction","target":{"@type":"EntryPoint","urlTemplate":"https:\/\/macite.tg\/?s={search_term_string}"},"query-input":{"@type":"PropertyValueSpecification","valueRequired":true,"valueName":"search_term_string"}}],"inLanguage":"fr-FR"},{"@type":"Person","@id":"https:\/\/macite.tg\/#\/schema\/person\/e9f2de7e5dbbe7770a9402c7ce82f5c2","name":"Jean Pierre BAWELA","image":{"@type":"ImageObject","inLanguage":"fr-FR","@id":"https:\/\/macite.tg\/wp-content\/uploads\/2023\/09\/WhatsApp-Image-2023-09-19-at-14.44.41-122x122.jpeg","url":"https:\/\/macite.tg\/wp-content\/uploads\/2023\/09\/WhatsApp-Image-2023-09-19-at-14.44.41-122x122.jpeg","contentUrl":"https:\/\/macite.tg\/wp-content\/uploads\/2023\/09\/WhatsApp-Image-2023-09-19-at-14.44.41-122x122.jpeg","caption":"Jean Pierre BAWELA"},"url":"https:\/\/macite.tg\/?author=2"}]}},"_links":{"self":[{"href":"https:\/\/macite.tg\/index.php?rest_route=\/wp\/v2\/posts\/25735","targetHints":{"allow":["GET"]}}],"collection":[{"href":"https:\/\/macite.tg\/index.php?rest_route=\/wp\/v2\/posts"}],"about":[{"href":"https:\/\/macite.tg\/index.php?rest_route=\/wp\/v2\/types\/post"}],"author":[{"embeddable":true,"href":"https:\/\/macite.tg\/index.php?rest_route=\/wp\/v2\/users\/2"}],"replies":[{"embeddable":true,"href":"https:\/\/macite.tg\/index.php?rest_route=%2Fwp%2Fv2%2Fcomments&post=25735"}],"version-history":[{"count":0,"href":"https:\/\/macite.tg\/index.php?rest_route=\/wp\/v2\/posts\/25735\/revisions"}],"wp:featuredmedia":[{"embeddable":true,"href":"https:\/\/macite.tg\/index.php?rest_route=\/wp\/v2\/media\/25737"}],"wp:attachment":[{"href":"https:\/\/macite.tg\/index.php?rest_route=%2Fwp%2Fv2%2Fmedia&parent=25735"}],"wp:term":[{"taxonomy":"category","embeddable":true,"href":"https:\/\/macite.tg\/index.php?rest_route=%2Fwp%2Fv2%2Fcategories&post=25735"},{"taxonomy":"post_tag","embeddable":true,"href":"https:\/\/macite.tg\/index.php?rest_route=%2Fwp%2Fv2%2Ftags&post=25735"}],"curies":[{"name":"wp","href":"https:\/\/api.w.org\/{rel}","templated":true}]}}