{"id":25727,"date":"2025-10-27T13:50:16","date_gmt":"2025-10-27T13:50:16","guid":{"rendered":"https:\/\/macite.tg\/?p=25727"},"modified":"2025-10-27T13:50:20","modified_gmt":"2025-10-27T13:50:20","slug":"securite-sociale-o3-novembre-prochain-demarrage-dune-campagne-de-controle-de-vie","status":"publish","type":"post","link":"https:\/\/macite.tg\/?p=25727","title":{"rendered":"SECURITE SOCIALE: O3 novembre prochain, d\u00e9marrage d\u2019une campagne de contr\u00f4le de vie\u2026"},"content":{"rendered":"\n<p class=\"wp-block-paragraph\"><strong><em>Une op\u00e9ration de contr\u00f4le de vie des pensionn\u00e9s et rentiers r\u00e9sidant au Togo et \u00e0 l\u2019\u00e9tranger est pr\u00e9vue du 03 novembre au 31 d\u00e9cembre prochain. L\u2019activit\u00e9 organis\u00e9e par la Caisse nationale de s\u00e9curit\u00e9 sociale (CNSS), vise \u00e0 assurer le maintien des paiements des pensions et rentes pour le compte du premier semestre 2026.<\/em><\/strong><\/p>\n\n\n\n<p class=\"wp-block-paragraph\">Du 03 novembre u 31 d\u00e9cembre prochain, la CNSS organise une op\u00e9ration de contr\u00f4le de vie des pensionn\u00e9s et rentiers r\u00e9sidant au Togo et \u00e0 l\u2019\u00e9tranger. L\u2019op\u00e9ration, qui se d\u00e9roulera en ligne, va consister \u00e0 la collecte des donn\u00e9es biom\u00e9triques des b\u00e9n\u00e9ficiaires, via&nbsp;<a href=\"https:\/\/www.republiquetogolaise.com\/services-publics\/2208-7175-la-cnss-lance-biosecu-un-systeme-de-reconnaissance-faciale-pour-le-controle-de-vie\">l\u2019application<\/a><a href=\"https:\/\/www.republiquetogolaise.com\/services-publics\/2208-7175-la-cnss-lance-biosecu-un-systeme-de-reconnaissance-faciale-pour-le-controle-de-vie\">Biosecu<\/a>&nbsp;sur le portail \u00e9lectronique de la&nbsp;CNSS ou via un lien d\u00e9di\u00e9.<\/p>\n\n\n<div class=\"wp-block-image\">\n<figure class=\"aligncenter size-large is-resized\"><img loading=\"lazy\" decoding=\"async\" width=\"724\" height=\"1024\" src=\"https:\/\/macite.tg\/wp-content\/uploads\/2025\/10\/VENTE-AUX-ENCHERES-PUBLIQUES-724x1024.jpg\" alt=\"\" class=\"wp-image-25653\" style=\"width:682px;height:auto\" srcset=\"https:\/\/macite.tg\/wp-content\/uploads\/2025\/10\/VENTE-AUX-ENCHERES-PUBLIQUES-724x1024.jpg 724w, https:\/\/macite.tg\/wp-content\/uploads\/2025\/10\/VENTE-AUX-ENCHERES-PUBLIQUES-212x300.jpg 212w, https:\/\/macite.tg\/wp-content\/uploads\/2025\/10\/VENTE-AUX-ENCHERES-PUBLIQUES-768x1086.jpg 768w, https:\/\/macite.tg\/wp-content\/uploads\/2025\/10\/VENTE-AUX-ENCHERES-PUBLIQUES-1086x1536.jpg 1086w, https:\/\/macite.tg\/wp-content\/uploads\/2025\/10\/VENTE-AUX-ENCHERES-PUBLIQUES-1448x2048.jpg 1448w, https:\/\/macite.tg\/wp-content\/uploads\/2025\/10\/VENTE-AUX-ENCHERES-PUBLIQUES-scaled.jpg 1810w\" sizes=\"auto, (max-width: 724px) 100vw, 724px\" \/><\/figure>\n<\/div>\n\n\n<p class=\"wp-block-paragraph\">Ladite campagne concerne tous les pensionn\u00e9s et rentiers r\u00e9guli\u00e8rement pay\u00e9s jusqu&rsquo;\u00e0 la fin du mois d\u2019octobre 2025.<\/p>\n\n\n\n<p class=\"wp-block-paragraph\">Selon Madame le DG de la CNSS, Mme Ingrid Awad\u00e9, \u00ab\u00a0le <em>paiement des droits de ceux qui n\u2019effectueront pas ladite op\u00e9ration sera suspendu \u00e0 compter de janvier 2026, conform\u00e9ment au code de s\u00e9curit\u00e9 sociale<\/em>\u00a0\u00bb.<\/p>\n\n\n<div class=\"wp-block-image\">\n<figure class=\"aligncenter size-large is-resized\"><img loading=\"lazy\" decoding=\"async\" width=\"1024\" height=\"1024\" src=\"https:\/\/macite.tg\/wp-content\/uploads\/2025\/10\/OTR_Octobre-Rose-1024x1024.jpg\" alt=\"\" class=\"wp-image-25508\" style=\"width:538px;height:auto\" srcset=\"https:\/\/macite.tg\/wp-content\/uploads\/2025\/10\/OTR_Octobre-Rose-1024x1024.jpg 1024w, https:\/\/macite.tg\/wp-content\/uploads\/2025\/10\/OTR_Octobre-Rose-300x300.jpg 300w, https:\/\/macite.tg\/wp-content\/uploads\/2025\/10\/OTR_Octobre-Rose-150x150.jpg 150w, https:\/\/macite.tg\/wp-content\/uploads\/2025\/10\/OTR_Octobre-Rose-768x768.jpg 768w, https:\/\/macite.tg\/wp-content\/uploads\/2025\/10\/OTR_Octobre-Rose-122x122.jpg 122w, https:\/\/macite.tg\/wp-content\/uploads\/2025\/10\/OTR_Octobre-Rose.jpg 1440w\" sizes=\"auto, (max-width: 1024px) 100vw, 1024px\" \/><\/figure>\n<\/div>\n\n\n<p class=\"wp-block-paragraph\">Notons que les b\u00e9n\u00e9ficiaires doivent disposer d\u2019une pi\u00e8ce d\u2019identit\u00e9, d\u2019un num\u00e9ro de t\u00e9l\u00e9phone op\u00e9rationnel et du r\u00e9c\u00e9piss\u00e9 de la derni\u00e8re op\u00e9ration de contr\u00f4le de vie avant de se connecter au portail.<\/p>\n\n\n\n<p class=\"wp-block-paragraph\"><strong>JPB<\/strong><\/p>\n\n\n\n<p class=\"wp-block-paragraph\"><a><strong><em>@macite.tg&nbsp;&nbsp;&nbsp;&nbsp;&nbsp;&nbsp;&nbsp;&nbsp;<\/em><\/strong><\/a><\/p>\n\n\n\n<p class=\"wp-block-paragraph\"><strong><em>E-mail&nbsp;: <\/em><\/strong><a href=\"mailto:maciteinfo@gmail.com\"><strong><em>maciteinfo@gmail.com<\/em><\/strong><\/a><strong><em>; <\/em><\/strong><a href=\"mailto:bawela1@gmail.com\"><strong><em>bawela1@gmail.com<\/em><\/strong><\/a><strong><em><\/em><\/strong><\/p>\n\n\n\n<p class=\"wp-block-paragraph\"><strong><em>Pour vos annonces, (publi)reportages, etc., joignez-nous au (00228)91515309\/<strong>79872224 <\/strong><strong><\/strong><\/em><\/strong><\/p>\n\n\n\n<p class=\"wp-block-paragraph\"><strong><em>www.macite.tg, L\u2019information, la bonne&nbsp;!<\/em><\/strong><\/p>\n","protected":false},"excerpt":{"rendered":"<p class=\"text-justify mb-2\" >Une op\u00e9ration de contr\u00f4le de vie des pensionn\u00e9s et rentiers r\u00e9sidant au Togo et \u00e0 l\u2019\u00e9tranger est pr\u00e9vue du 03 novembre au 31 d\u00e9cembre prochain. L\u2019activit\u00e9 organis\u00e9e par la Caisse nationale de s\u00e9curit\u00e9 sociale (CNSS), vise \u00e0 assurer le maintien des paiements des pensions et [&hellip;]<\/p>\n","protected":false},"author":2,"featured_media":25728,"comment_status":"open","ping_status":"open","sticky":false,"template":"","format":"standard","meta":{"footnotes":""},"categories":[20,6],"tags":[],"class_list":["post-25727","post","type-post","status-publish","format-standard","has-post-thumbnail","hentry","category-actualite","category-societe"],"yoast_head":"<!-- This site is optimized with the Yoast SEO plugin v28.4 - https:\/\/yoast.com\/product\/yoast-seo-wordpress\/ -->\n<title>SECURITE SOCIALE: O3 novembre prochain, d\u00e9marrage d\u2019une campagne de contr\u00f4le de vie\u2026 -<\/title>\n<meta name=\"robots\" content=\"index, follow, max-snippet:-1, max-image-preview:large, max-video-preview:-1\" \/>\n<link rel=\"canonical\" href=\"https:\/\/macite.tg\/?p=25727\" \/>\n<meta property=\"og:locale\" content=\"fr_FR\" \/>\n<meta property=\"og:type\" content=\"article\" \/>\n<meta property=\"og:title\" content=\"SECURITE SOCIALE: O3 novembre prochain, d\u00e9marrage d\u2019une campagne de contr\u00f4le de vie\u2026 -\" \/>\n<meta property=\"og:description\" content=\"Une op\u00e9ration de contr\u00f4le de vie des pensionn\u00e9s et rentiers r\u00e9sidant au Togo et \u00e0 l\u2019\u00e9tranger est pr\u00e9vue du 03 novembre au 31 d\u00e9cembre prochain. L\u2019activit\u00e9 organis\u00e9e par la Caisse nationale de s\u00e9curit\u00e9 sociale (CNSS), vise \u00e0 assurer le maintien des paiements des pensions et [&hellip;]\" \/>\n<meta property=\"og:url\" content=\"https:\/\/macite.tg\/?p=25727\" \/>\n<meta property=\"article:published_time\" content=\"2025-10-27T13:50:16+00:00\" \/>\n<meta property=\"article:modified_time\" content=\"2025-10-27T13:50:20+00:00\" \/>\n<meta property=\"og:image\" content=\"https:\/\/macite.tg\/wp-content\/uploads\/2025\/10\/image-131.png\" \/>\n\t<meta property=\"og:image:width\" content=\"500\" \/>\n\t<meta property=\"og:image:height\" content=\"410\" \/>\n\t<meta property=\"og:image:type\" content=\"image\/png\" \/>\n<meta name=\"author\" content=\"Jean Pierre BAWELA\" \/>\n<meta name=\"twitter:card\" content=\"summary_large_image\" \/>\n<meta name=\"twitter:label1\" content=\"\u00c9crit par\" \/>\n\t<meta name=\"twitter:data1\" content=\"Jean Pierre BAWELA\" \/>\n\t<meta name=\"twitter:label2\" content=\"Dur\u00e9e de lecture estim\u00e9e\" \/>\n\t<meta name=\"twitter:data2\" content=\"2 minutes\" \/>\n<script type=\"application\/ld+json\" class=\"yoast-schema-graph\">{\"@context\":\"https:\\\/\\\/schema.org\",\"@graph\":[{\"@type\":\"Article\",\"@id\":\"https:\\\/\\\/macite.tg\\\/?p=25727#article\",\"isPartOf\":{\"@id\":\"https:\\\/\\\/macite.tg\\\/?p=25727\"},\"author\":{\"name\":\"Jean Pierre BAWELA\",\"@id\":\"https:\\\/\\\/macite.tg\\\/#\\\/schema\\\/person\\\/e9f2de7e5dbbe7770a9402c7ce82f5c2\"},\"headline\":\"SECURITE SOCIALE: O3 novembre prochain, d\u00e9marrage d\u2019une campagne de contr\u00f4le de vie\u2026\",\"datePublished\":\"2025-10-27T13:50:16+00:00\",\"dateModified\":\"2025-10-27T13:50:20+00:00\",\"mainEntityOfPage\":{\"@id\":\"https:\\\/\\\/macite.tg\\\/?p=25727\"},\"wordCount\":282,\"commentCount\":0,\"image\":{\"@id\":\"https:\\\/\\\/macite.tg\\\/?p=25727#primaryimage\"},\"thumbnailUrl\":\"https:\\\/\\\/macite.tg\\\/wp-content\\\/uploads\\\/2025\\\/10\\\/image-131.png\",\"articleSection\":[\"ACTUALITE\",\"SOCIETE\"],\"inLanguage\":\"fr-FR\",\"potentialAction\":[{\"@type\":\"CommentAction\",\"name\":\"Comment\",\"target\":[\"https:\\\/\\\/macite.tg\\\/?p=25727#respond\"]}]},{\"@type\":\"WebPage\",\"@id\":\"https:\\\/\\\/macite.tg\\\/?p=25727\",\"url\":\"https:\\\/\\\/macite.tg\\\/?p=25727\",\"name\":\"SECURITE SOCIALE: O3 novembre prochain, d\u00e9marrage d\u2019une campagne de contr\u00f4le de vie\u2026 -\",\"isPartOf\":{\"@id\":\"https:\\\/\\\/macite.tg\\\/#website\"},\"primaryImageOfPage\":{\"@id\":\"https:\\\/\\\/macite.tg\\\/?p=25727#primaryimage\"},\"image\":{\"@id\":\"https:\\\/\\\/macite.tg\\\/?p=25727#primaryimage\"},\"thumbnailUrl\":\"https:\\\/\\\/macite.tg\\\/wp-content\\\/uploads\\\/2025\\\/10\\\/image-131.png\",\"datePublished\":\"2025-10-27T13:50:16+00:00\",\"dateModified\":\"2025-10-27T13:50:20+00:00\",\"author\":{\"@id\":\"https:\\\/\\\/macite.tg\\\/#\\\/schema\\\/person\\\/e9f2de7e5dbbe7770a9402c7ce82f5c2\"},\"breadcrumb\":{\"@id\":\"https:\\\/\\\/macite.tg\\\/?p=25727#breadcrumb\"},\"inLanguage\":\"fr-FR\",\"potentialAction\":[{\"@type\":\"ReadAction\",\"target\":[\"https:\\\/\\\/macite.tg\\\/?p=25727\"]}]},{\"@type\":\"ImageObject\",\"inLanguage\":\"fr-FR\",\"@id\":\"https:\\\/\\\/macite.tg\\\/?p=25727#primaryimage\",\"url\":\"https:\\\/\\\/macite.tg\\\/wp-content\\\/uploads\\\/2025\\\/10\\\/image-131.png\",\"contentUrl\":\"https:\\\/\\\/macite.tg\\\/wp-content\\\/uploads\\\/2025\\\/10\\\/image-131.png\",\"width\":500,\"height\":410},{\"@type\":\"BreadcrumbList\",\"@id\":\"https:\\\/\\\/macite.tg\\\/?p=25727#breadcrumb\",\"itemListElement\":[{\"@type\":\"ListItem\",\"position\":1,\"name\":\"Accueil\",\"item\":\"https:\\\/\\\/macite.tg\\\/\"},{\"@type\":\"ListItem\",\"position\":2,\"name\":\"SECURITE SOCIALE: O3 novembre prochain, d\u00e9marrage d\u2019une campagne de contr\u00f4le de vie\u2026\"}]},{\"@type\":\"WebSite\",\"@id\":\"https:\\\/\\\/macite.tg\\\/#website\",\"url\":\"https:\\\/\\\/macite.tg\\\/\",\"name\":\"\",\"description\":\"L&#039;information, la bonne!!!\",\"potentialAction\":[{\"@type\":\"SearchAction\",\"target\":{\"@type\":\"EntryPoint\",\"urlTemplate\":\"https:\\\/\\\/macite.tg\\\/?s={search_term_string}\"},\"query-input\":{\"@type\":\"PropertyValueSpecification\",\"valueRequired\":true,\"valueName\":\"search_term_string\"}}],\"inLanguage\":\"fr-FR\"},{\"@type\":\"Person\",\"@id\":\"https:\\\/\\\/macite.tg\\\/#\\\/schema\\\/person\\\/e9f2de7e5dbbe7770a9402c7ce82f5c2\",\"name\":\"Jean Pierre BAWELA\",\"image\":{\"@type\":\"ImageObject\",\"inLanguage\":\"fr-FR\",\"@id\":\"https:\\\/\\\/macite.tg\\\/wp-content\\\/uploads\\\/2023\\\/09\\\/WhatsApp-Image-2023-09-19-at-14.44.41-122x122.jpeg\",\"url\":\"https:\\\/\\\/macite.tg\\\/wp-content\\\/uploads\\\/2023\\\/09\\\/WhatsApp-Image-2023-09-19-at-14.44.41-122x122.jpeg\",\"contentUrl\":\"https:\\\/\\\/macite.tg\\\/wp-content\\\/uploads\\\/2023\\\/09\\\/WhatsApp-Image-2023-09-19-at-14.44.41-122x122.jpeg\",\"caption\":\"Jean Pierre BAWELA\"},\"url\":\"https:\\\/\\\/macite.tg\\\/?author=2\"}]}<\/script>\n<!-- \/ Yoast SEO plugin. -->","yoast_head_json":{"title":"SECURITE SOCIALE: O3 novembre prochain, d\u00e9marrage d\u2019une campagne de contr\u00f4le de vie\u2026 -","robots":{"index":"index","follow":"follow","max-snippet":"max-snippet:-1","max-image-preview":"max-image-preview:large","max-video-preview":"max-video-preview:-1"},"canonical":"https:\/\/macite.tg\/?p=25727","og_locale":"fr_FR","og_type":"article","og_title":"SECURITE SOCIALE: O3 novembre prochain, d\u00e9marrage d\u2019une campagne de contr\u00f4le de vie\u2026 -","og_description":"Une op\u00e9ration de contr\u00f4le de vie des pensionn\u00e9s et rentiers r\u00e9sidant au Togo et \u00e0 l\u2019\u00e9tranger est pr\u00e9vue du 03 novembre au 31 d\u00e9cembre prochain. L\u2019activit\u00e9 organis\u00e9e par la Caisse nationale de s\u00e9curit\u00e9 sociale (CNSS), vise \u00e0 assurer le maintien des paiements des pensions et [&hellip;]","og_url":"https:\/\/macite.tg\/?p=25727","article_published_time":"2025-10-27T13:50:16+00:00","article_modified_time":"2025-10-27T13:50:20+00:00","og_image":[{"width":500,"height":410,"url":"https:\/\/macite.tg\/wp-content\/uploads\/2025\/10\/image-131.png","type":"image\/png"}],"author":"Jean Pierre BAWELA","twitter_card":"summary_large_image","twitter_misc":{"\u00c9crit par":"Jean Pierre BAWELA","Dur\u00e9e de lecture estim\u00e9e":"2 minutes"},"schema":{"@context":"https:\/\/schema.org","@graph":[{"@type":"Article","@id":"https:\/\/macite.tg\/?p=25727#article","isPartOf":{"@id":"https:\/\/macite.tg\/?p=25727"},"author":{"name":"Jean Pierre BAWELA","@id":"https:\/\/macite.tg\/#\/schema\/person\/e9f2de7e5dbbe7770a9402c7ce82f5c2"},"headline":"SECURITE SOCIALE: O3 novembre prochain, d\u00e9marrage d\u2019une campagne de contr\u00f4le de vie\u2026","datePublished":"2025-10-27T13:50:16+00:00","dateModified":"2025-10-27T13:50:20+00:00","mainEntityOfPage":{"@id":"https:\/\/macite.tg\/?p=25727"},"wordCount":282,"commentCount":0,"image":{"@id":"https:\/\/macite.tg\/?p=25727#primaryimage"},"thumbnailUrl":"https:\/\/macite.tg\/wp-content\/uploads\/2025\/10\/image-131.png","articleSection":["ACTUALITE","SOCIETE"],"inLanguage":"fr-FR","potentialAction":[{"@type":"CommentAction","name":"Comment","target":["https:\/\/macite.tg\/?p=25727#respond"]}]},{"@type":"WebPage","@id":"https:\/\/macite.tg\/?p=25727","url":"https:\/\/macite.tg\/?p=25727","name":"SECURITE SOCIALE: O3 novembre prochain, d\u00e9marrage d\u2019une campagne de contr\u00f4le de vie\u2026 -","isPartOf":{"@id":"https:\/\/macite.tg\/#website"},"primaryImageOfPage":{"@id":"https:\/\/macite.tg\/?p=25727#primaryimage"},"image":{"@id":"https:\/\/macite.tg\/?p=25727#primaryimage"},"thumbnailUrl":"https:\/\/macite.tg\/wp-content\/uploads\/2025\/10\/image-131.png","datePublished":"2025-10-27T13:50:16+00:00","dateModified":"2025-10-27T13:50:20+00:00","author":{"@id":"https:\/\/macite.tg\/#\/schema\/person\/e9f2de7e5dbbe7770a9402c7ce82f5c2"},"breadcrumb":{"@id":"https:\/\/macite.tg\/?p=25727#breadcrumb"},"inLanguage":"fr-FR","potentialAction":[{"@type":"ReadAction","target":["https:\/\/macite.tg\/?p=25727"]}]},{"@type":"ImageObject","inLanguage":"fr-FR","@id":"https:\/\/macite.tg\/?p=25727#primaryimage","url":"https:\/\/macite.tg\/wp-content\/uploads\/2025\/10\/image-131.png","contentUrl":"https:\/\/macite.tg\/wp-content\/uploads\/2025\/10\/image-131.png","width":500,"height":410},{"@type":"BreadcrumbList","@id":"https:\/\/macite.tg\/?p=25727#breadcrumb","itemListElement":[{"@type":"ListItem","position":1,"name":"Accueil","item":"https:\/\/macite.tg\/"},{"@type":"ListItem","position":2,"name":"SECURITE SOCIALE: O3 novembre prochain, d\u00e9marrage d\u2019une campagne de contr\u00f4le de vie\u2026"}]},{"@type":"WebSite","@id":"https:\/\/macite.tg\/#website","url":"https:\/\/macite.tg\/","name":"","description":"L&#039;information, la bonne!!!","potentialAction":[{"@type":"SearchAction","target":{"@type":"EntryPoint","urlTemplate":"https:\/\/macite.tg\/?s={search_term_string}"},"query-input":{"@type":"PropertyValueSpecification","valueRequired":true,"valueName":"search_term_string"}}],"inLanguage":"fr-FR"},{"@type":"Person","@id":"https:\/\/macite.tg\/#\/schema\/person\/e9f2de7e5dbbe7770a9402c7ce82f5c2","name":"Jean Pierre BAWELA","image":{"@type":"ImageObject","inLanguage":"fr-FR","@id":"https:\/\/macite.tg\/wp-content\/uploads\/2023\/09\/WhatsApp-Image-2023-09-19-at-14.44.41-122x122.jpeg","url":"https:\/\/macite.tg\/wp-content\/uploads\/2023\/09\/WhatsApp-Image-2023-09-19-at-14.44.41-122x122.jpeg","contentUrl":"https:\/\/macite.tg\/wp-content\/uploads\/2023\/09\/WhatsApp-Image-2023-09-19-at-14.44.41-122x122.jpeg","caption":"Jean Pierre BAWELA"},"url":"https:\/\/macite.tg\/?author=2"}]}},"_links":{"self":[{"href":"https:\/\/macite.tg\/index.php?rest_route=\/wp\/v2\/posts\/25727","targetHints":{"allow":["GET"]}}],"collection":[{"href":"https:\/\/macite.tg\/index.php?rest_route=\/wp\/v2\/posts"}],"about":[{"href":"https:\/\/macite.tg\/index.php?rest_route=\/wp\/v2\/types\/post"}],"author":[{"embeddable":true,"href":"https:\/\/macite.tg\/index.php?rest_route=\/wp\/v2\/users\/2"}],"replies":[{"embeddable":true,"href":"https:\/\/macite.tg\/index.php?rest_route=%2Fwp%2Fv2%2Fcomments&post=25727"}],"version-history":[{"count":0,"href":"https:\/\/macite.tg\/index.php?rest_route=\/wp\/v2\/posts\/25727\/revisions"}],"wp:featuredmedia":[{"embeddable":true,"href":"https:\/\/macite.tg\/index.php?rest_route=\/wp\/v2\/media\/25728"}],"wp:attachment":[{"href":"https:\/\/macite.tg\/index.php?rest_route=%2Fwp%2Fv2%2Fmedia&parent=25727"}],"wp:term":[{"taxonomy":"category","embeddable":true,"href":"https:\/\/macite.tg\/index.php?rest_route=%2Fwp%2Fv2%2Fcategories&post=25727"},{"taxonomy":"post_tag","embeddable":true,"href":"https:\/\/macite.tg\/index.php?rest_route=%2Fwp%2Fv2%2Ftags&post=25727"}],"curies":[{"name":"wp","href":"https:\/\/api.w.org\/{rel}","templated":true}]}}