{"id":25724,"date":"2025-10-27T13:23:36","date_gmt":"2025-10-27T13:23:36","guid":{"rendered":"https:\/\/macite.tg\/?p=25724"},"modified":"2025-10-27T13:23:39","modified_gmt":"2025-10-27T13:23:39","slug":"dedicace-le-senateur-koudjolou-dogo-celebre-eyadema-avec-son-ouvrage-a-lombre-du-baobab","status":"publish","type":"post","link":"https:\/\/macite.tg\/?p=25724","title":{"rendered":"DEDICACE\u00a0: Le s\u00e9nateur Koudjolou Dogo c\u00e9l\u00e8bre Eyad\u00e9ma avec son ouvrage \u2018\u2019A l\u2019ombre du Baobab\u2019\u2019"},"content":{"rendered":"\n<p class=\"wp-block-paragraph\"><strong><em>L\u2019ouvrage intitul\u00e9 \u2018\u2019A l\u2019ombre du Baobab\u2019\u2019, en hommage au P\u00e8re de la Nation, Gnassingb\u00e9 Eyad\u00e9ma, une publication de l\u2019honorable ministre s\u00e9nateur Henri Koudjolou Dogo, actuel doyen d\u2019\u00e2ge et vice-pr\u00e9sident du s\u00e9nat, livrant sous le signe de la symbolique du baobab ses m\u00e9moires \u00e0 la post\u00e9rit\u00e9 et \u00e0 la jeunesse togolaise, a \u00e9t\u00e9 pr\u00e9sent\u00e9 et d\u00e9dicac\u00e9 au cours de l\u2019apr\u00e8s-midi du samedi18 octobre 2025 \u00e0 la salle Fazao de l\u2019h\u00f4tel 2 f\u00e9vrier \u00e0 Lom\u00e9.<\/em><\/strong><\/p>\n\n\n\n<p class=\"wp-block-paragraph\">Cette manifestation majeure de d\u00e9dicace exceptionnelle est plac\u00e9e sous le haut patronage de Son Excellence Faure Essozimna Gnassingb\u00e9, pr\u00e9sident du Conseil. Elle s\u2019inscrit dans le cadre des festivit\u00e9s de la comm\u00e9moration en cette ann\u00e9e 2025 des 20 ans du rappel \u00e0 Dieu le 05 f\u00e9vrier 2005 de feu pr\u00e9sident de la R\u00e9publique d\u2019alors, le G\u00e9n\u00e9ral Gnassingb\u00e9 Eyad\u00e9ma.<\/p>\n\n\n\n<p class=\"wp-block-paragraph\">Elle s\u2019est d\u00e9roul\u00e9e sous la pr\u00e9sidence du pr\u00e9sident du S\u00e9nat, monsieur Barry Moussa Barqu\u00e9, repr\u00e9sentant personnel du pr\u00e9sident du Conseil. Celui-ci \u00e9tait entour\u00e9 de plusieurs personnalit\u00e9s politiques parmi lesquelles le ministre de l\u2019administration territoriale, de la gouvernance locale et des affaires coutumi\u00e8res, le Colonel Awat\u00e9 Hodabalo, pr\u00e9sident du comit\u00e9 national d\u2019organisation des festivit\u00e9s comm\u00e9moratives du 20\u00e8me anniversaire du rappel \u00e0 Dieu du P\u00e8re de la nation, feu Gal Gnassingb\u00e9 Eyad\u00e9ma.<\/p>\n\n\n<div class=\"wp-block-image\">\n<figure class=\"aligncenter size-large\"><img loading=\"lazy\" decoding=\"async\" width=\"724\" height=\"1024\" src=\"https:\/\/macite.tg\/wp-content\/uploads\/2025\/10\/VENTE-AUX-ENCHERES-PUBLIQUES-724x1024.jpg\" alt=\"\" class=\"wp-image-25653\" srcset=\"https:\/\/macite.tg\/wp-content\/uploads\/2025\/10\/VENTE-AUX-ENCHERES-PUBLIQUES-724x1024.jpg 724w, https:\/\/macite.tg\/wp-content\/uploads\/2025\/10\/VENTE-AUX-ENCHERES-PUBLIQUES-212x300.jpg 212w, https:\/\/macite.tg\/wp-content\/uploads\/2025\/10\/VENTE-AUX-ENCHERES-PUBLIQUES-768x1086.jpg 768w, https:\/\/macite.tg\/wp-content\/uploads\/2025\/10\/VENTE-AUX-ENCHERES-PUBLIQUES-1086x1536.jpg 1086w, https:\/\/macite.tg\/wp-content\/uploads\/2025\/10\/VENTE-AUX-ENCHERES-PUBLIQUES-1448x2048.jpg 1448w, https:\/\/macite.tg\/wp-content\/uploads\/2025\/10\/VENTE-AUX-ENCHERES-PUBLIQUES-scaled.jpg 1810w\" sizes=\"auto, (max-width: 724px) 100vw, 724px\" \/><\/figure>\n<\/div>\n\n\n<p class=\"wp-block-paragraph\">Au rang des invit\u00e9s, des membres du gouvernement, des personnalit\u00e9s du monde diplomatique accr\u00e9dit\u00e9 au Togo, des milieux universitaires ainsi que des acteurs culturels et m\u00e9diatiques. Aux c\u00f4t\u00e9s de ceux-ci, les membres de la famille, amis et relations de l\u2019auteur.<\/p>\n\n\n\n<p class=\"wp-block-paragraph\">A travers cette publication de genre des m\u00e9moires politiques en 352 pages, articul\u00e9e en neuf (09) chapitres, en format 16 sur 24 centim\u00e8tres, en ISBN&nbsp;: 979-10-361-0079-6, et parue en cette ann\u00e9e 2025 aux \u00e9ditions <em>\u00ab&nbsp;Graines de Pens\u00e9es&nbsp;\u00bb, <\/em>l\u2019honorable s\u00e9nateur de la V\u00e8me R\u00e9publique togolaise, Henri Koudjolou Dogo, a sign\u00e9 ainsi \u00e0 l\u2019occasion de la comm\u00e9moration du 20\u00e8me anniversaire du rappel \u00e0 Dieu du P\u00e8re de la nation, ses m\u00e9moires politiques en forme d\u2019hommage et de m\u00e9ditation sur un demi-si\u00e8cle d\u2019histoire nationale.<\/p>\n\n\n\n<p class=\"wp-block-paragraph\">Tr\u00e8s d\u00e9tendu et joyeux devant un large public des sommit\u00e9s de la R\u00e9publique, l\u2019auteur en sa qualit\u00e9 d\u2019un t\u00e9moin direct, ancien ministre et parfois confident privil\u00e9gi\u00e9 du pr\u00e9sident Eyad\u00e9ma, a pr\u00e9sent\u00e9 un r\u00e9cit personnel d\u2019une grande richesse sur les coulisses du pouvoir sous la pr\u00e9sidence de feu G\u00e9n\u00e9ral Gnassingb\u00e9 Eyad\u00e9ma.<\/p>\n\n\n\n<p class=\"wp-block-paragraph\">Au moyen de son chef-d\u2019\u0153uvre, le haut fonctionnaire Dogo devenu acteur politique de premier plan, partage les souvenirs encore vifs du r\u00e9gime de la naissance \u00e0 sa long\u00e9vit\u00e9 exceptionnelle, m\u00ealant dynamiques internes, d\u00e9fis \u00e9conomiques et sociaux ainsi que les relations internationales du Togo durant cette \u00e8re. Par son ouvrage, l\u2019auteur entend selon ses propres termes, \u2018\u2019apporter une contribution aussi pr\u00e9cieuse \u00e0 la compr\u00e9hension d\u2019une \u00e9poque complexe\u2019\u2019.<\/p>\n\n\n<div class=\"wp-block-image\">\n<figure class=\"aligncenter size-full\"><img loading=\"lazy\" decoding=\"async\" width=\"851\" height=\"315\" src=\"https:\/\/macite.tg\/wp-content\/uploads\/2025\/10\/OTR_Bandeau-Renseignements-1.jpg\" alt=\"\" class=\"wp-image-25417\" srcset=\"https:\/\/macite.tg\/wp-content\/uploads\/2025\/10\/OTR_Bandeau-Renseignements-1.jpg 851w, https:\/\/macite.tg\/wp-content\/uploads\/2025\/10\/OTR_Bandeau-Renseignements-1-300x111.jpg 300w, https:\/\/macite.tg\/wp-content\/uploads\/2025\/10\/OTR_Bandeau-Renseignements-1-768x284.jpg 768w\" sizes=\"auto, (max-width: 851px) 100vw, 851px\" \/><\/figure>\n<\/div>\n\n\n<p class=\"wp-block-paragraph\">N\u00e9 vers 1938 \u00e0 Pagouda, chef-lieu de la pr\u00e9fecture de la Binah au Togo, l\u2019ancien ministre Henri Koudjolou Dogo, un compagnon du pr\u00e9sident Eyad\u00e9ma jusqu\u2019\u00e0 son d\u00e9c\u00e8s en 2005, est dipl\u00f4m\u00e9 en droit et sciences \u00e9conomiques \u00e0 l\u2019universit\u00e9 de Dakar puis \u00e0 l\u2019institut africain des nations unies pour le d\u00e9veloppement \u00e9conomique et de la planification d\u00e9nomm\u00e9 IDEP en 1965&nbsp;: il reste et demeure \u00e0 ce jour un monument encore vivant incontournable de la vie politique nationale au pied duquel peuvent s\u2019abreuvoir la jeunesse togolaise et bien des avis\u00e9s en qu\u00eate du savoir pour comprendre les faits d\u2019un pan de l\u2019histoire nationale \u00e0 transmettre aux g\u00e9n\u00e9rations, afin d\u2019\u00e9difier la conscience \u00e0 la fois individuelle et collective pour un vivre-ensemble.<\/p>\n\n\n\n<p class=\"wp-block-paragraph\">A l\u2019occasion, le ministre de l\u2019administration territoriale, de la gouvernance locale et des affaires coutumi\u00e8res (MATGLAC), prenant la parole en sa qualit\u00e9 de pr\u00e9sident du comit\u00e9 national d\u2019organisation des festivit\u00e9s comm\u00e9moratives du 20\u00e8me anniversaire du rappel \u00e0 Dieu du P\u00e8re de la nation, feu Gal Gnassingb\u00e9 Eyad\u00e9ma, a salu\u00e9 la place de choix que la promotion de la culture, de l\u2019\u00e9ducation \u00e0 la citoyennet\u00e9, de la m\u00e9moire nationale et du patriotisme occupe au c\u0153ur de l\u2019action gouvernementale, sous le leadership \u00e9clair\u00e9 du pr\u00e9sident du Conseil, Son Excellence Faure Essozimna Gnassingb\u00e9.<\/p>\n\n\n\n<p class=\"wp-block-paragraph\"><em>\u00ab&nbsp;L\u2019acte que nous posons aujourd\u2019hui va donc bien au-del\u00e0 d\u2019une simple pr\u00e9sentation d\u2019ouvrage&nbsp;; il s\u2019agit d\u2019un v\u00e9ritable devoir de m\u00e9moire, d\u2019une continuit\u00e9 vivante de la pens\u00e9e et de l\u2019action du P\u00e8re de la nation&nbsp;\u00bb,<\/em> a d\u00e9clar\u00e9 solennellement le ministre Awat\u00e9 Hodabalo. <em>\u00ab&nbsp;Je voudrais donc f\u00e9liciter et remercier tr\u00e8s chaleureusement le Doyen et ain\u00e9, Honorable S\u00e9nateur, Ancien ministre et auteur du livre, \u00ab&nbsp;A l\u2019ombre du Baobab&nbsp;\u00bb, pour cette immense contribution \u00e0 la restauration de notre m\u00e9moire collective&nbsp;\u00bb<\/em>.<\/p>\n\n\n\n<p class=\"wp-block-paragraph\">Cette \u0153uvre de l\u2019esprit, qui constitue un t\u00e9moignage vibrant d\u2019un citoyen qui a servi avec loyaut\u00e9 aux c\u00f4t\u00e9s du P\u00e8re de la nation en qualit\u00e9 de Ministre, permet aux g\u00e9n\u00e9rations pr\u00e9sentes et futures de se ressourcer <em>\u00ab&nbsp;\u00e0 l\u2019ombre du Baobab&nbsp;\u00bb,<\/em> a martel\u00e9 le pr\u00e9sident du comit\u00e9 national d\u2019organisation, monsieur Awat\u00e9 Hodabalo.<\/p>\n\n\n<div class=\"wp-block-image\">\n<figure class=\"aligncenter size-full is-resized\"><img loading=\"lazy\" decoding=\"async\" width=\"690\" height=\"170\" src=\"https:\/\/macite.tg\/wp-content\/uploads\/2025\/10\/OTR_TVM.jpg\" alt=\"\" class=\"wp-image-25407\" style=\"width:840px;height:auto\" srcset=\"https:\/\/macite.tg\/wp-content\/uploads\/2025\/10\/OTR_TVM.jpg 690w, https:\/\/macite.tg\/wp-content\/uploads\/2025\/10\/OTR_TVM-300x74.jpg 300w\" sizes=\"auto, (max-width: 690px) 100vw, 690px\" \/><\/figure>\n<\/div>\n\n\n<p class=\"wp-block-paragraph\">Le pr\u00e9sident du comit\u00e9 national d\u2019organisation a clos ses propos en priant avec respect et consid\u00e9ration le pr\u00e9sident du S\u00e9nat, monsieur Barry Moussa Barqu\u00e9, de transmettre, selon ses propres termes, <em>\u00ab&nbsp;la reconnaissance et les remerciements du peuple togolais \u00e0 Son Excellence Monsieur le Pr\u00e9sident du Conseil, Son Excellence Monsieur Faure Essozimna Gnassingb\u00e9, pour sa vision et sa clairvoyance politique caract\u00e9ris\u00e9es par la capitalisation des acquis et le d\u00e9veloppement de nos territoires \u00e0 travers des actions patriotiques et civiques&nbsp;\u00bb.<\/em><\/p>\n\n\n\n<p class=\"wp-block-paragraph\">A cette s\u00e9ance de d\u00e9dicace exceptionnelle conduite sous les regards bienveillants du pr\u00e9sident de la commission scientifique du comit\u00e9 national d\u2019organisation, le Professeur Kodjona Kadanga, et du pr\u00e9sident de la commission communication du comit\u00e9 national d\u2019organisation, Dr Wiyao Evalo, \u00e9taient aux manettes de la pr\u00e9sentation de l\u2019auteur, madame le Professeur Afi Akp\u00e9 Kuagbenu, de la pr\u00e9sentation de l\u2019ouvrage <em>\u00ab&nbsp;A l\u2019ombre du Baobab&nbsp;\u00bb,<\/em> le Professeur Mawusse Kpakpo Akue Adotevi, de la mod\u00e9ration de la d\u00e9dicace, le Professeur Essohanam Batchana, vice-pr\u00e9sident de la commission scientifique du comit\u00e9 national d\u2019organisation, du ma\u00eetre de c\u00e9r\u00e9monie, le Professeur Palaky\u00e9m Stephen Mouzou, du rapporteur principal, le Professeur Sadji Gbandey.<\/p>\n\n\n<div class=\"wp-block-image\">\n<figure class=\"aligncenter size-large is-resized\"><img loading=\"lazy\" decoding=\"async\" width=\"1024\" height=\"1024\" src=\"https:\/\/macite.tg\/wp-content\/uploads\/2025\/10\/OTR_Octobre-Rose-1024x1024.jpg\" alt=\"\" class=\"wp-image-25508\" style=\"width:506px;height:auto\" srcset=\"https:\/\/macite.tg\/wp-content\/uploads\/2025\/10\/OTR_Octobre-Rose-1024x1024.jpg 1024w, https:\/\/macite.tg\/wp-content\/uploads\/2025\/10\/OTR_Octobre-Rose-300x300.jpg 300w, https:\/\/macite.tg\/wp-content\/uploads\/2025\/10\/OTR_Octobre-Rose-150x150.jpg 150w, https:\/\/macite.tg\/wp-content\/uploads\/2025\/10\/OTR_Octobre-Rose-768x768.jpg 768w, https:\/\/macite.tg\/wp-content\/uploads\/2025\/10\/OTR_Octobre-Rose-122x122.jpg 122w, https:\/\/macite.tg\/wp-content\/uploads\/2025\/10\/OTR_Octobre-Rose.jpg 1440w\" sizes=\"auto, (max-width: 1024px) 100vw, 1024px\" \/><\/figure>\n<\/div>\n\n\n<p class=\"wp-block-paragraph\">Cette manifestation a pris fin avec un temps fort de d\u00e9dicace de l\u2019ouvrage sign\u00e9 de son auteur \u00e0 de nombreuses personnalit\u00e9s pr\u00e9sentes au-devant desquelles le pr\u00e9sident du S\u00e9nat, Barry Moussa Barqu\u00e9, ayant re\u00e7u le chef-d\u2019\u0153uvre d\u00e9dicac\u00e9 en exclusivit\u00e9 au pr\u00e9sident du Conseil, Son Excellence Faure Essozimna Gnassingb\u00e9.<\/p>\n\n\n\n<p class=\"wp-block-paragraph\"><strong>&nbsp;Daniel A. (In CHRONIQUE DE LA SEMAINEN\u00b0746 du 23 Octobre 2025)<\/strong><\/p>\n\n\n\n<p class=\"wp-block-paragraph\"><strong><em>@macite.tg&nbsp;&nbsp;&nbsp;&nbsp;&nbsp;&nbsp;&nbsp;&nbsp;<\/em><\/strong><\/p>\n\n\n\n<p class=\"wp-block-paragraph\"><strong><em>E-mail&nbsp;: <\/em><\/strong><a href=\"mailto:maciteinfo@gmail.com\"><strong><em>maciteinfo@gmail.com<\/em><\/strong><\/a><strong><em>; <\/em><\/strong><a href=\"mailto:bawela1@gmail.com\"><strong><em>bawela1@gmail.com<\/em><\/strong><\/a><strong><em><\/em><\/strong><\/p>\n\n\n\n<p class=\"wp-block-paragraph\"><strong><em>Pour vos annonces, (publi)reportages, etc., joignez-nous au (00228)91515309\/<strong>79872224 <\/strong><strong><\/strong><\/em><\/strong><\/p>\n\n\n\n<p class=\"wp-block-paragraph\"><strong><em>www.macite.tg, L\u2019information, la bonne&nbsp;!<\/em><\/strong><\/p>\n\n\n\n<p class=\"wp-block-paragraph\"><\/p>\n","protected":false},"excerpt":{"rendered":"<p class=\"text-justify mb-2\" >L\u2019ouvrage intitul\u00e9 \u2018\u2019A l\u2019ombre du Baobab\u2019\u2019, en hommage au P\u00e8re de la Nation, Gnassingb\u00e9 Eyad\u00e9ma, une publication de l\u2019honorable ministre s\u00e9nateur Henri Koudjolou Dogo, actuel doyen d\u2019\u00e2ge et vice-pr\u00e9sident du s\u00e9nat, livrant sous le signe de la symbolique du baobab ses m\u00e9moires \u00e0 la post\u00e9rit\u00e9 [&hellip;]<\/p>\n","protected":false},"author":2,"featured_media":25725,"comment_status":"open","ping_status":"open","sticky":false,"template":"","format":"standard","meta":{"footnotes":""},"categories":[20,32],"tags":[],"class_list":["post-25724","post","type-post","status-publish","format-standard","has-post-thumbnail","hentry","category-actualite","category-litterature"],"yoast_head":"<!-- This site is optimized with the Yoast SEO plugin v28.4 - https:\/\/yoast.com\/product\/yoast-seo-wordpress\/ -->\n<title>DEDICACE\u00a0: Le s\u00e9nateur Koudjolou Dogo c\u00e9l\u00e8bre Eyad\u00e9ma avec son ouvrage \u2018\u2019A l\u2019ombre du Baobab\u2019\u2019 -<\/title>\n<meta name=\"robots\" content=\"index, follow, max-snippet:-1, max-image-preview:large, max-video-preview:-1\" \/>\n<link rel=\"canonical\" href=\"https:\/\/macite.tg\/?p=25724\" \/>\n<meta property=\"og:locale\" content=\"fr_FR\" \/>\n<meta property=\"og:type\" content=\"article\" \/>\n<meta property=\"og:title\" content=\"DEDICACE\u00a0: Le s\u00e9nateur Koudjolou Dogo c\u00e9l\u00e8bre Eyad\u00e9ma avec son ouvrage \u2018\u2019A l\u2019ombre du Baobab\u2019\u2019 -\" \/>\n<meta property=\"og:description\" content=\"L\u2019ouvrage intitul\u00e9 \u2018\u2019A l\u2019ombre du Baobab\u2019\u2019, en hommage au P\u00e8re de la Nation, Gnassingb\u00e9 Eyad\u00e9ma, une publication de l\u2019honorable ministre s\u00e9nateur Henri Koudjolou Dogo, actuel doyen d\u2019\u00e2ge et vice-pr\u00e9sident du s\u00e9nat, livrant sous le signe de la symbolique du baobab ses m\u00e9moires \u00e0 la post\u00e9rit\u00e9 [&hellip;]\" \/>\n<meta property=\"og:url\" content=\"https:\/\/macite.tg\/?p=25724\" \/>\n<meta property=\"article:published_time\" content=\"2025-10-27T13:23:36+00:00\" \/>\n<meta property=\"article:modified_time\" content=\"2025-10-27T13:23:39+00:00\" \/>\n<meta property=\"og:image\" content=\"https:\/\/macite.tg\/wp-content\/uploads\/2025\/10\/image-130.png\" \/>\n\t<meta property=\"og:image:width\" content=\"348\" \/>\n\t<meta property=\"og:image:height\" content=\"270\" \/>\n\t<meta property=\"og:image:type\" content=\"image\/png\" \/>\n<meta name=\"author\" content=\"Jean Pierre BAWELA\" \/>\n<meta name=\"twitter:card\" content=\"summary_large_image\" \/>\n<meta name=\"twitter:label1\" content=\"\u00c9crit par\" \/>\n\t<meta name=\"twitter:data1\" content=\"Jean Pierre BAWELA\" \/>\n\t<meta name=\"twitter:label2\" content=\"Dur\u00e9e de lecture estim\u00e9e\" \/>\n\t<meta name=\"twitter:data2\" content=\"7 minutes\" \/>\n<script type=\"application\/ld+json\" class=\"yoast-schema-graph\">{\"@context\":\"https:\\\/\\\/schema.org\",\"@graph\":[{\"@type\":\"Article\",\"@id\":\"https:\\\/\\\/macite.tg\\\/?p=25724#article\",\"isPartOf\":{\"@id\":\"https:\\\/\\\/macite.tg\\\/?p=25724\"},\"author\":{\"name\":\"Jean Pierre BAWELA\",\"@id\":\"https:\\\/\\\/macite.tg\\\/#\\\/schema\\\/person\\\/e9f2de7e5dbbe7770a9402c7ce82f5c2\"},\"headline\":\"DEDICACE\u00a0: Le s\u00e9nateur Koudjolou Dogo c\u00e9l\u00e8bre Eyad\u00e9ma avec son ouvrage \u2018\u2019A l\u2019ombre du Baobab\u2019\u2019\",\"datePublished\":\"2025-10-27T13:23:36+00:00\",\"dateModified\":\"2025-10-27T13:23:39+00:00\",\"mainEntityOfPage\":{\"@id\":\"https:\\\/\\\/macite.tg\\\/?p=25724\"},\"wordCount\":1247,\"commentCount\":0,\"image\":{\"@id\":\"https:\\\/\\\/macite.tg\\\/?p=25724#primaryimage\"},\"thumbnailUrl\":\"https:\\\/\\\/macite.tg\\\/wp-content\\\/uploads\\\/2025\\\/10\\\/image-130.png\",\"articleSection\":[\"ACTUALITE\",\"LITTERATURE\"],\"inLanguage\":\"fr-FR\",\"potentialAction\":[{\"@type\":\"CommentAction\",\"name\":\"Comment\",\"target\":[\"https:\\\/\\\/macite.tg\\\/?p=25724#respond\"]}]},{\"@type\":\"WebPage\",\"@id\":\"https:\\\/\\\/macite.tg\\\/?p=25724\",\"url\":\"https:\\\/\\\/macite.tg\\\/?p=25724\",\"name\":\"DEDICACE\u00a0: Le s\u00e9nateur Koudjolou Dogo c\u00e9l\u00e8bre Eyad\u00e9ma avec son ouvrage \u2018\u2019A l\u2019ombre du Baobab\u2019\u2019 -\",\"isPartOf\":{\"@id\":\"https:\\\/\\\/macite.tg\\\/#website\"},\"primaryImageOfPage\":{\"@id\":\"https:\\\/\\\/macite.tg\\\/?p=25724#primaryimage\"},\"image\":{\"@id\":\"https:\\\/\\\/macite.tg\\\/?p=25724#primaryimage\"},\"thumbnailUrl\":\"https:\\\/\\\/macite.tg\\\/wp-content\\\/uploads\\\/2025\\\/10\\\/image-130.png\",\"datePublished\":\"2025-10-27T13:23:36+00:00\",\"dateModified\":\"2025-10-27T13:23:39+00:00\",\"author\":{\"@id\":\"https:\\\/\\\/macite.tg\\\/#\\\/schema\\\/person\\\/e9f2de7e5dbbe7770a9402c7ce82f5c2\"},\"breadcrumb\":{\"@id\":\"https:\\\/\\\/macite.tg\\\/?p=25724#breadcrumb\"},\"inLanguage\":\"fr-FR\",\"potentialAction\":[{\"@type\":\"ReadAction\",\"target\":[\"https:\\\/\\\/macite.tg\\\/?p=25724\"]}]},{\"@type\":\"ImageObject\",\"inLanguage\":\"fr-FR\",\"@id\":\"https:\\\/\\\/macite.tg\\\/?p=25724#primaryimage\",\"url\":\"https:\\\/\\\/macite.tg\\\/wp-content\\\/uploads\\\/2025\\\/10\\\/image-130.png\",\"contentUrl\":\"https:\\\/\\\/macite.tg\\\/wp-content\\\/uploads\\\/2025\\\/10\\\/image-130.png\",\"width\":348,\"height\":270},{\"@type\":\"BreadcrumbList\",\"@id\":\"https:\\\/\\\/macite.tg\\\/?p=25724#breadcrumb\",\"itemListElement\":[{\"@type\":\"ListItem\",\"position\":1,\"name\":\"Accueil\",\"item\":\"https:\\\/\\\/macite.tg\\\/\"},{\"@type\":\"ListItem\",\"position\":2,\"name\":\"DEDICACE\u00a0: Le s\u00e9nateur Koudjolou Dogo c\u00e9l\u00e8bre Eyad\u00e9ma avec son ouvrage \u2018\u2019A l\u2019ombre du Baobab\u2019\u2019\"}]},{\"@type\":\"WebSite\",\"@id\":\"https:\\\/\\\/macite.tg\\\/#website\",\"url\":\"https:\\\/\\\/macite.tg\\\/\",\"name\":\"\",\"description\":\"L&#039;information, la bonne!!!\",\"potentialAction\":[{\"@type\":\"SearchAction\",\"target\":{\"@type\":\"EntryPoint\",\"urlTemplate\":\"https:\\\/\\\/macite.tg\\\/?s={search_term_string}\"},\"query-input\":{\"@type\":\"PropertyValueSpecification\",\"valueRequired\":true,\"valueName\":\"search_term_string\"}}],\"inLanguage\":\"fr-FR\"},{\"@type\":\"Person\",\"@id\":\"https:\\\/\\\/macite.tg\\\/#\\\/schema\\\/person\\\/e9f2de7e5dbbe7770a9402c7ce82f5c2\",\"name\":\"Jean Pierre BAWELA\",\"image\":{\"@type\":\"ImageObject\",\"inLanguage\":\"fr-FR\",\"@id\":\"https:\\\/\\\/macite.tg\\\/wp-content\\\/uploads\\\/2023\\\/09\\\/WhatsApp-Image-2023-09-19-at-14.44.41-122x122.jpeg\",\"url\":\"https:\\\/\\\/macite.tg\\\/wp-content\\\/uploads\\\/2023\\\/09\\\/WhatsApp-Image-2023-09-19-at-14.44.41-122x122.jpeg\",\"contentUrl\":\"https:\\\/\\\/macite.tg\\\/wp-content\\\/uploads\\\/2023\\\/09\\\/WhatsApp-Image-2023-09-19-at-14.44.41-122x122.jpeg\",\"caption\":\"Jean Pierre BAWELA\"},\"url\":\"https:\\\/\\\/macite.tg\\\/?author=2\"}]}<\/script>\n<!-- \/ Yoast SEO plugin. -->","yoast_head_json":{"title":"DEDICACE\u00a0: Le s\u00e9nateur Koudjolou Dogo c\u00e9l\u00e8bre Eyad\u00e9ma avec son ouvrage \u2018\u2019A l\u2019ombre du Baobab\u2019\u2019 -","robots":{"index":"index","follow":"follow","max-snippet":"max-snippet:-1","max-image-preview":"max-image-preview:large","max-video-preview":"max-video-preview:-1"},"canonical":"https:\/\/macite.tg\/?p=25724","og_locale":"fr_FR","og_type":"article","og_title":"DEDICACE\u00a0: Le s\u00e9nateur Koudjolou Dogo c\u00e9l\u00e8bre Eyad\u00e9ma avec son ouvrage \u2018\u2019A l\u2019ombre du Baobab\u2019\u2019 -","og_description":"L\u2019ouvrage intitul\u00e9 \u2018\u2019A l\u2019ombre du Baobab\u2019\u2019, en hommage au P\u00e8re de la Nation, Gnassingb\u00e9 Eyad\u00e9ma, une publication de l\u2019honorable ministre s\u00e9nateur Henri Koudjolou Dogo, actuel doyen d\u2019\u00e2ge et vice-pr\u00e9sident du s\u00e9nat, livrant sous le signe de la symbolique du baobab ses m\u00e9moires \u00e0 la post\u00e9rit\u00e9 [&hellip;]","og_url":"https:\/\/macite.tg\/?p=25724","article_published_time":"2025-10-27T13:23:36+00:00","article_modified_time":"2025-10-27T13:23:39+00:00","og_image":[{"width":348,"height":270,"url":"https:\/\/macite.tg\/wp-content\/uploads\/2025\/10\/image-130.png","type":"image\/png"}],"author":"Jean Pierre BAWELA","twitter_card":"summary_large_image","twitter_misc":{"\u00c9crit par":"Jean Pierre BAWELA","Dur\u00e9e de lecture estim\u00e9e":"7 minutes"},"schema":{"@context":"https:\/\/schema.org","@graph":[{"@type":"Article","@id":"https:\/\/macite.tg\/?p=25724#article","isPartOf":{"@id":"https:\/\/macite.tg\/?p=25724"},"author":{"name":"Jean Pierre BAWELA","@id":"https:\/\/macite.tg\/#\/schema\/person\/e9f2de7e5dbbe7770a9402c7ce82f5c2"},"headline":"DEDICACE\u00a0: Le s\u00e9nateur Koudjolou Dogo c\u00e9l\u00e8bre Eyad\u00e9ma avec son ouvrage \u2018\u2019A l\u2019ombre du Baobab\u2019\u2019","datePublished":"2025-10-27T13:23:36+00:00","dateModified":"2025-10-27T13:23:39+00:00","mainEntityOfPage":{"@id":"https:\/\/macite.tg\/?p=25724"},"wordCount":1247,"commentCount":0,"image":{"@id":"https:\/\/macite.tg\/?p=25724#primaryimage"},"thumbnailUrl":"https:\/\/macite.tg\/wp-content\/uploads\/2025\/10\/image-130.png","articleSection":["ACTUALITE","LITTERATURE"],"inLanguage":"fr-FR","potentialAction":[{"@type":"CommentAction","name":"Comment","target":["https:\/\/macite.tg\/?p=25724#respond"]}]},{"@type":"WebPage","@id":"https:\/\/macite.tg\/?p=25724","url":"https:\/\/macite.tg\/?p=25724","name":"DEDICACE\u00a0: Le s\u00e9nateur Koudjolou Dogo c\u00e9l\u00e8bre Eyad\u00e9ma avec son ouvrage \u2018\u2019A l\u2019ombre du Baobab\u2019\u2019 -","isPartOf":{"@id":"https:\/\/macite.tg\/#website"},"primaryImageOfPage":{"@id":"https:\/\/macite.tg\/?p=25724#primaryimage"},"image":{"@id":"https:\/\/macite.tg\/?p=25724#primaryimage"},"thumbnailUrl":"https:\/\/macite.tg\/wp-content\/uploads\/2025\/10\/image-130.png","datePublished":"2025-10-27T13:23:36+00:00","dateModified":"2025-10-27T13:23:39+00:00","author":{"@id":"https:\/\/macite.tg\/#\/schema\/person\/e9f2de7e5dbbe7770a9402c7ce82f5c2"},"breadcrumb":{"@id":"https:\/\/macite.tg\/?p=25724#breadcrumb"},"inLanguage":"fr-FR","potentialAction":[{"@type":"ReadAction","target":["https:\/\/macite.tg\/?p=25724"]}]},{"@type":"ImageObject","inLanguage":"fr-FR","@id":"https:\/\/macite.tg\/?p=25724#primaryimage","url":"https:\/\/macite.tg\/wp-content\/uploads\/2025\/10\/image-130.png","contentUrl":"https:\/\/macite.tg\/wp-content\/uploads\/2025\/10\/image-130.png","width":348,"height":270},{"@type":"BreadcrumbList","@id":"https:\/\/macite.tg\/?p=25724#breadcrumb","itemListElement":[{"@type":"ListItem","position":1,"name":"Accueil","item":"https:\/\/macite.tg\/"},{"@type":"ListItem","position":2,"name":"DEDICACE\u00a0: Le s\u00e9nateur Koudjolou Dogo c\u00e9l\u00e8bre Eyad\u00e9ma avec son ouvrage \u2018\u2019A l\u2019ombre du Baobab\u2019\u2019"}]},{"@type":"WebSite","@id":"https:\/\/macite.tg\/#website","url":"https:\/\/macite.tg\/","name":"","description":"L&#039;information, la bonne!!!","potentialAction":[{"@type":"SearchAction","target":{"@type":"EntryPoint","urlTemplate":"https:\/\/macite.tg\/?s={search_term_string}"},"query-input":{"@type":"PropertyValueSpecification","valueRequired":true,"valueName":"search_term_string"}}],"inLanguage":"fr-FR"},{"@type":"Person","@id":"https:\/\/macite.tg\/#\/schema\/person\/e9f2de7e5dbbe7770a9402c7ce82f5c2","name":"Jean Pierre BAWELA","image":{"@type":"ImageObject","inLanguage":"fr-FR","@id":"https:\/\/macite.tg\/wp-content\/uploads\/2023\/09\/WhatsApp-Image-2023-09-19-at-14.44.41-122x122.jpeg","url":"https:\/\/macite.tg\/wp-content\/uploads\/2023\/09\/WhatsApp-Image-2023-09-19-at-14.44.41-122x122.jpeg","contentUrl":"https:\/\/macite.tg\/wp-content\/uploads\/2023\/09\/WhatsApp-Image-2023-09-19-at-14.44.41-122x122.jpeg","caption":"Jean Pierre BAWELA"},"url":"https:\/\/macite.tg\/?author=2"}]}},"_links":{"self":[{"href":"https:\/\/macite.tg\/index.php?rest_route=\/wp\/v2\/posts\/25724","targetHints":{"allow":["GET"]}}],"collection":[{"href":"https:\/\/macite.tg\/index.php?rest_route=\/wp\/v2\/posts"}],"about":[{"href":"https:\/\/macite.tg\/index.php?rest_route=\/wp\/v2\/types\/post"}],"author":[{"embeddable":true,"href":"https:\/\/macite.tg\/index.php?rest_route=\/wp\/v2\/users\/2"}],"replies":[{"embeddable":true,"href":"https:\/\/macite.tg\/index.php?rest_route=%2Fwp%2Fv2%2Fcomments&post=25724"}],"version-history":[{"count":0,"href":"https:\/\/macite.tg\/index.php?rest_route=\/wp\/v2\/posts\/25724\/revisions"}],"wp:featuredmedia":[{"embeddable":true,"href":"https:\/\/macite.tg\/index.php?rest_route=\/wp\/v2\/media\/25725"}],"wp:attachment":[{"href":"https:\/\/macite.tg\/index.php?rest_route=%2Fwp%2Fv2%2Fmedia&parent=25724"}],"wp:term":[{"taxonomy":"category","embeddable":true,"href":"https:\/\/macite.tg\/index.php?rest_route=%2Fwp%2Fv2%2Fcategories&post=25724"},{"taxonomy":"post_tag","embeddable":true,"href":"https:\/\/macite.tg\/index.php?rest_route=%2Fwp%2Fv2%2Ftags&post=25724"}],"curies":[{"name":"wp","href":"https:\/\/api.w.org\/{rel}","templated":true}]}}