{"id":25718,"date":"2025-10-27T12:52:19","date_gmt":"2025-10-27T12:52:19","guid":{"rendered":"https:\/\/macite.tg\/?p=25718"},"modified":"2025-10-27T12:52:23","modified_gmt":"2025-10-27T12:52:23","slug":"paix-et-prosperite-dans-les-grands-lacs-paris-et-lome-en-conference-de-soutien","status":"publish","type":"post","link":"https:\/\/macite.tg\/?p=25718","title":{"rendered":"PAIX ET PROSPERITE DANS LES GRANDS LACS\u00a0: Paris et Lom\u00e9 en Conf\u00e9rence de soutien"},"content":{"rendered":"\n<p class=\"wp-block-paragraph\"><strong><em>La capitale fran\u00e7aise accueillera le 30 octobre prochain, une Conf\u00e9rence de soutien \u00e0 la paix et \u00e0 la prosp\u00e9rit\u00e9 dans la r\u00e9gion des Grands Lacs. Organis\u00e9 en \u00e9troite coordination par la France et le Togo, m\u00e9diateur de l\u2019Union africaine sur les Grands Lacs, l&rsquo;\u00e9v\u00e9nement vise principalement \u00e0 mobiliser la communaut\u00e9 internationale afin de r\u00e9pondre \u00e0 l\u2019urgence humanitaire \u00e0 l\u2019est de la R\u00e9publique D\u00e9mocratique du Congo (RDC) et dans la r\u00e9gion.<\/em><\/strong><\/p>\n\n\n\n<p class=\"wp-block-paragraph\">Les travaux, auxquels sont attendues d\u2019\u00e9minentes personnalit\u00e9s, doivent \u00e9galement permettre de soutenir la dynamique de n\u00e9gociation et de m\u00e9diation en cours, port\u00e9e par les Etats-Unis, le Qatar et l\u2019Union africaine. <\/p>\n\n\n<div class=\"wp-block-image\">\n<figure class=\"aligncenter size-large\"><img loading=\"lazy\" decoding=\"async\" width=\"724\" height=\"1024\" src=\"https:\/\/macite.tg\/wp-content\/uploads\/2025\/10\/VENTE-AUX-ENCHERES-PUBLIQUES-724x1024.jpg\" alt=\"\" class=\"wp-image-25653\" srcset=\"https:\/\/macite.tg\/wp-content\/uploads\/2025\/10\/VENTE-AUX-ENCHERES-PUBLIQUES-724x1024.jpg 724w, https:\/\/macite.tg\/wp-content\/uploads\/2025\/10\/VENTE-AUX-ENCHERES-PUBLIQUES-212x300.jpg 212w, https:\/\/macite.tg\/wp-content\/uploads\/2025\/10\/VENTE-AUX-ENCHERES-PUBLIQUES-768x1086.jpg 768w, https:\/\/macite.tg\/wp-content\/uploads\/2025\/10\/VENTE-AUX-ENCHERES-PUBLIQUES-1086x1536.jpg 1086w, https:\/\/macite.tg\/wp-content\/uploads\/2025\/10\/VENTE-AUX-ENCHERES-PUBLIQUES-1448x2048.jpg 1448w, https:\/\/macite.tg\/wp-content\/uploads\/2025\/10\/VENTE-AUX-ENCHERES-PUBLIQUES-scaled.jpg 1810w\" sizes=\"auto, (max-width: 724px) 100vw, 724px\" \/><\/figure>\n<\/div>\n\n\n<p class=\"wp-block-paragraph\">Depuis la d\u00e9signation du Togo, \u00e0 travers le Pr\u00e9sident du Conseil, pour la m\u00e9diation entre la RDC et le Rwanda, le pays a multipli\u00e9 les initiatives diplomatiques et les concertations, \u00e0 Lom\u00e9 comme dans d\u2019autres capitales.<\/p>\n\n\n<div class=\"wp-block-image\">\n<figure class=\"aligncenter size-large is-resized\"><img loading=\"lazy\" decoding=\"async\" width=\"1024\" height=\"1024\" src=\"https:\/\/macite.tg\/wp-content\/uploads\/2025\/10\/OTR_Octobre-Rose-1024x1024.jpg\" alt=\"\" class=\"wp-image-25508\" style=\"width:602px;height:auto\" srcset=\"https:\/\/macite.tg\/wp-content\/uploads\/2025\/10\/OTR_Octobre-Rose-1024x1024.jpg 1024w, https:\/\/macite.tg\/wp-content\/uploads\/2025\/10\/OTR_Octobre-Rose-300x300.jpg 300w, https:\/\/macite.tg\/wp-content\/uploads\/2025\/10\/OTR_Octobre-Rose-150x150.jpg 150w, https:\/\/macite.tg\/wp-content\/uploads\/2025\/10\/OTR_Octobre-Rose-768x768.jpg 768w, https:\/\/macite.tg\/wp-content\/uploads\/2025\/10\/OTR_Octobre-Rose-122x122.jpg 122w, https:\/\/macite.tg\/wp-content\/uploads\/2025\/10\/OTR_Octobre-Rose.jpg 1440w\" sizes=\"auto, (max-width: 1024px) 100vw, 1024px\" \/><\/figure>\n<\/div>\n\n\n<p class=\"wp-block-paragraph\">A ce jour, plusieurs pays, partenaires, organisations r\u00e9gionales et internationales (ONU, OIF, MONUSCO\u2026) ont formellement annonc\u00e9 leur soutien et appui aux efforts togolais pour la r\u00e9solution de la crise et la promotion de la paix et de la prosp\u00e9rit\u00e9.<\/p>\n\n\n\n<p class=\"wp-block-paragraph\"><strong>Daniel A.<\/strong><\/p>\n\n\n\n<p class=\"wp-block-paragraph\"><a><strong><em>@macite.tg&nbsp;&nbsp;&nbsp;&nbsp;&nbsp;&nbsp;&nbsp;&nbsp;<\/em><\/strong><\/a><\/p>\n\n\n\n<p class=\"wp-block-paragraph\"><strong><em>E-mail&nbsp;: <\/em><\/strong><a href=\"mailto:maciteinfo@gmail.com\"><strong><em>maciteinfo@gmail.com<\/em><\/strong><\/a><strong><em>; <\/em><\/strong><a href=\"mailto:bawela1@gmail.com\"><strong><em>bawela1@gmail.com<\/em><\/strong><\/a><strong><em><\/em><\/strong><\/p>\n\n\n\n<p class=\"wp-block-paragraph\"><strong><em>Pour vos annonces, (publi)reportages, etc., joignez-nous au (00228)91515309\/<strong>79872224 <\/strong><strong><\/strong><\/em><\/strong><\/p>\n\n\n\n<p class=\"wp-block-paragraph\"><strong><em>www.macite.tg, L\u2019information, la bonne&nbsp;!<\/em><\/strong><\/p>\n\n\n\n<p class=\"wp-block-paragraph\"><\/p>\n","protected":false},"excerpt":{"rendered":"<p class=\"text-justify mb-2\" >La capitale fran\u00e7aise accueillera le 30 octobre prochain, une Conf\u00e9rence de soutien \u00e0 la paix et \u00e0 la prosp\u00e9rit\u00e9 dans la r\u00e9gion des Grands Lacs. Organis\u00e9 en \u00e9troite coordination par la France et le Togo, m\u00e9diateur de l\u2019Union africaine sur les Grands Lacs, l&rsquo;\u00e9v\u00e9nement vise [&hellip;]<\/p>\n","protected":false},"author":2,"featured_media":25722,"comment_status":"open","ping_status":"open","sticky":false,"template":"","format":"standard","meta":{"footnotes":""},"categories":[20,70],"tags":[],"class_list":["post-25718","post","type-post","status-publish","format-standard","has-post-thumbnail","hentry","category-actualite","category-paix-securite"],"yoast_head":"<!-- This site is optimized with the Yoast SEO plugin v28.4 - https:\/\/yoast.com\/product\/yoast-seo-wordpress\/ -->\n<title>PAIX ET PROSPERITE DANS LES GRANDS LACS\u00a0: Paris et Lom\u00e9 en Conf\u00e9rence de soutien -<\/title>\n<meta name=\"robots\" content=\"index, follow, max-snippet:-1, max-image-preview:large, max-video-preview:-1\" \/>\n<link rel=\"canonical\" href=\"https:\/\/macite.tg\/?p=25718\" \/>\n<meta property=\"og:locale\" content=\"fr_FR\" \/>\n<meta property=\"og:type\" content=\"article\" \/>\n<meta property=\"og:title\" content=\"PAIX ET PROSPERITE DANS LES GRANDS LACS\u00a0: Paris et Lom\u00e9 en Conf\u00e9rence de soutien -\" \/>\n<meta property=\"og:description\" content=\"La capitale fran\u00e7aise accueillera le 30 octobre prochain, une Conf\u00e9rence de soutien \u00e0 la paix et \u00e0 la prosp\u00e9rit\u00e9 dans la r\u00e9gion des Grands Lacs. Organis\u00e9 en \u00e9troite coordination par la France et le Togo, m\u00e9diateur de l\u2019Union africaine sur les Grands Lacs, l&rsquo;\u00e9v\u00e9nement vise [&hellip;]\" \/>\n<meta property=\"og:url\" content=\"https:\/\/macite.tg\/?p=25718\" \/>\n<meta property=\"article:published_time\" content=\"2025-10-27T12:52:19+00:00\" \/>\n<meta property=\"article:modified_time\" content=\"2025-10-27T12:52:23+00:00\" \/>\n<meta property=\"og:image\" content=\"https:\/\/macite.tg\/wp-content\/uploads\/2025\/10\/image-129.png\" \/>\n\t<meta property=\"og:image:width\" content=\"388\" \/>\n\t<meta property=\"og:image:height\" content=\"270\" \/>\n\t<meta property=\"og:image:type\" content=\"image\/png\" \/>\n<meta name=\"author\" content=\"Jean Pierre BAWELA\" \/>\n<meta name=\"twitter:card\" content=\"summary_large_image\" \/>\n<meta name=\"twitter:label1\" content=\"\u00c9crit par\" \/>\n\t<meta name=\"twitter:data1\" content=\"Jean Pierre BAWELA\" \/>\n\t<meta name=\"twitter:label2\" content=\"Dur\u00e9e de lecture estim\u00e9e\" \/>\n\t<meta name=\"twitter:data2\" content=\"2 minutes\" \/>\n<script type=\"application\/ld+json\" class=\"yoast-schema-graph\">{\"@context\":\"https:\\\/\\\/schema.org\",\"@graph\":[{\"@type\":\"Article\",\"@id\":\"https:\\\/\\\/macite.tg\\\/?p=25718#article\",\"isPartOf\":{\"@id\":\"https:\\\/\\\/macite.tg\\\/?p=25718\"},\"author\":{\"name\":\"Jean Pierre BAWELA\",\"@id\":\"https:\\\/\\\/macite.tg\\\/#\\\/schema\\\/person\\\/e9f2de7e5dbbe7770a9402c7ce82f5c2\"},\"headline\":\"PAIX ET PROSPERITE DANS LES GRANDS LACS\u00a0: Paris et Lom\u00e9 en Conf\u00e9rence de soutien\",\"datePublished\":\"2025-10-27T12:52:19+00:00\",\"dateModified\":\"2025-10-27T12:52:23+00:00\",\"mainEntityOfPage\":{\"@id\":\"https:\\\/\\\/macite.tg\\\/?p=25718\"},\"wordCount\":245,\"commentCount\":0,\"image\":{\"@id\":\"https:\\\/\\\/macite.tg\\\/?p=25718#primaryimage\"},\"thumbnailUrl\":\"https:\\\/\\\/macite.tg\\\/wp-content\\\/uploads\\\/2025\\\/10\\\/image-129.png\",\"articleSection\":[\"ACTUALITE\",\"PAIX &amp; SECURITE\"],\"inLanguage\":\"fr-FR\",\"potentialAction\":[{\"@type\":\"CommentAction\",\"name\":\"Comment\",\"target\":[\"https:\\\/\\\/macite.tg\\\/?p=25718#respond\"]}]},{\"@type\":\"WebPage\",\"@id\":\"https:\\\/\\\/macite.tg\\\/?p=25718\",\"url\":\"https:\\\/\\\/macite.tg\\\/?p=25718\",\"name\":\"PAIX ET PROSPERITE DANS LES GRANDS LACS\u00a0: Paris et Lom\u00e9 en Conf\u00e9rence de soutien -\",\"isPartOf\":{\"@id\":\"https:\\\/\\\/macite.tg\\\/#website\"},\"primaryImageOfPage\":{\"@id\":\"https:\\\/\\\/macite.tg\\\/?p=25718#primaryimage\"},\"image\":{\"@id\":\"https:\\\/\\\/macite.tg\\\/?p=25718#primaryimage\"},\"thumbnailUrl\":\"https:\\\/\\\/macite.tg\\\/wp-content\\\/uploads\\\/2025\\\/10\\\/image-129.png\",\"datePublished\":\"2025-10-27T12:52:19+00:00\",\"dateModified\":\"2025-10-27T12:52:23+00:00\",\"author\":{\"@id\":\"https:\\\/\\\/macite.tg\\\/#\\\/schema\\\/person\\\/e9f2de7e5dbbe7770a9402c7ce82f5c2\"},\"breadcrumb\":{\"@id\":\"https:\\\/\\\/macite.tg\\\/?p=25718#breadcrumb\"},\"inLanguage\":\"fr-FR\",\"potentialAction\":[{\"@type\":\"ReadAction\",\"target\":[\"https:\\\/\\\/macite.tg\\\/?p=25718\"]}]},{\"@type\":\"ImageObject\",\"inLanguage\":\"fr-FR\",\"@id\":\"https:\\\/\\\/macite.tg\\\/?p=25718#primaryimage\",\"url\":\"https:\\\/\\\/macite.tg\\\/wp-content\\\/uploads\\\/2025\\\/10\\\/image-129.png\",\"contentUrl\":\"https:\\\/\\\/macite.tg\\\/wp-content\\\/uploads\\\/2025\\\/10\\\/image-129.png\",\"width\":388,\"height\":270},{\"@type\":\"BreadcrumbList\",\"@id\":\"https:\\\/\\\/macite.tg\\\/?p=25718#breadcrumb\",\"itemListElement\":[{\"@type\":\"ListItem\",\"position\":1,\"name\":\"Accueil\",\"item\":\"https:\\\/\\\/macite.tg\\\/\"},{\"@type\":\"ListItem\",\"position\":2,\"name\":\"PAIX ET PROSPERITE DANS LES GRANDS LACS\u00a0: Paris et Lom\u00e9 en Conf\u00e9rence de soutien\"}]},{\"@type\":\"WebSite\",\"@id\":\"https:\\\/\\\/macite.tg\\\/#website\",\"url\":\"https:\\\/\\\/macite.tg\\\/\",\"name\":\"\",\"description\":\"L&#039;information, la bonne!!!\",\"potentialAction\":[{\"@type\":\"SearchAction\",\"target\":{\"@type\":\"EntryPoint\",\"urlTemplate\":\"https:\\\/\\\/macite.tg\\\/?s={search_term_string}\"},\"query-input\":{\"@type\":\"PropertyValueSpecification\",\"valueRequired\":true,\"valueName\":\"search_term_string\"}}],\"inLanguage\":\"fr-FR\"},{\"@type\":\"Person\",\"@id\":\"https:\\\/\\\/macite.tg\\\/#\\\/schema\\\/person\\\/e9f2de7e5dbbe7770a9402c7ce82f5c2\",\"name\":\"Jean Pierre BAWELA\",\"image\":{\"@type\":\"ImageObject\",\"inLanguage\":\"fr-FR\",\"@id\":\"https:\\\/\\\/macite.tg\\\/wp-content\\\/uploads\\\/2023\\\/09\\\/WhatsApp-Image-2023-09-19-at-14.44.41-122x122.jpeg\",\"url\":\"https:\\\/\\\/macite.tg\\\/wp-content\\\/uploads\\\/2023\\\/09\\\/WhatsApp-Image-2023-09-19-at-14.44.41-122x122.jpeg\",\"contentUrl\":\"https:\\\/\\\/macite.tg\\\/wp-content\\\/uploads\\\/2023\\\/09\\\/WhatsApp-Image-2023-09-19-at-14.44.41-122x122.jpeg\",\"caption\":\"Jean Pierre BAWELA\"},\"url\":\"https:\\\/\\\/macite.tg\\\/?author=2\"}]}<\/script>\n<!-- \/ Yoast SEO plugin. -->","yoast_head_json":{"title":"PAIX ET PROSPERITE DANS LES GRANDS LACS\u00a0: Paris et Lom\u00e9 en Conf\u00e9rence de soutien -","robots":{"index":"index","follow":"follow","max-snippet":"max-snippet:-1","max-image-preview":"max-image-preview:large","max-video-preview":"max-video-preview:-1"},"canonical":"https:\/\/macite.tg\/?p=25718","og_locale":"fr_FR","og_type":"article","og_title":"PAIX ET PROSPERITE DANS LES GRANDS LACS\u00a0: Paris et Lom\u00e9 en Conf\u00e9rence de soutien -","og_description":"La capitale fran\u00e7aise accueillera le 30 octobre prochain, une Conf\u00e9rence de soutien \u00e0 la paix et \u00e0 la prosp\u00e9rit\u00e9 dans la r\u00e9gion des Grands Lacs. Organis\u00e9 en \u00e9troite coordination par la France et le Togo, m\u00e9diateur de l\u2019Union africaine sur les Grands Lacs, l&rsquo;\u00e9v\u00e9nement vise [&hellip;]","og_url":"https:\/\/macite.tg\/?p=25718","article_published_time":"2025-10-27T12:52:19+00:00","article_modified_time":"2025-10-27T12:52:23+00:00","og_image":[{"width":388,"height":270,"url":"https:\/\/macite.tg\/wp-content\/uploads\/2025\/10\/image-129.png","type":"image\/png"}],"author":"Jean Pierre BAWELA","twitter_card":"summary_large_image","twitter_misc":{"\u00c9crit par":"Jean Pierre BAWELA","Dur\u00e9e de lecture estim\u00e9e":"2 minutes"},"schema":{"@context":"https:\/\/schema.org","@graph":[{"@type":"Article","@id":"https:\/\/macite.tg\/?p=25718#article","isPartOf":{"@id":"https:\/\/macite.tg\/?p=25718"},"author":{"name":"Jean Pierre BAWELA","@id":"https:\/\/macite.tg\/#\/schema\/person\/e9f2de7e5dbbe7770a9402c7ce82f5c2"},"headline":"PAIX ET PROSPERITE DANS LES GRANDS LACS\u00a0: Paris et Lom\u00e9 en Conf\u00e9rence de soutien","datePublished":"2025-10-27T12:52:19+00:00","dateModified":"2025-10-27T12:52:23+00:00","mainEntityOfPage":{"@id":"https:\/\/macite.tg\/?p=25718"},"wordCount":245,"commentCount":0,"image":{"@id":"https:\/\/macite.tg\/?p=25718#primaryimage"},"thumbnailUrl":"https:\/\/macite.tg\/wp-content\/uploads\/2025\/10\/image-129.png","articleSection":["ACTUALITE","PAIX &amp; SECURITE"],"inLanguage":"fr-FR","potentialAction":[{"@type":"CommentAction","name":"Comment","target":["https:\/\/macite.tg\/?p=25718#respond"]}]},{"@type":"WebPage","@id":"https:\/\/macite.tg\/?p=25718","url":"https:\/\/macite.tg\/?p=25718","name":"PAIX ET PROSPERITE DANS LES GRANDS LACS\u00a0: Paris et Lom\u00e9 en Conf\u00e9rence de soutien -","isPartOf":{"@id":"https:\/\/macite.tg\/#website"},"primaryImageOfPage":{"@id":"https:\/\/macite.tg\/?p=25718#primaryimage"},"image":{"@id":"https:\/\/macite.tg\/?p=25718#primaryimage"},"thumbnailUrl":"https:\/\/macite.tg\/wp-content\/uploads\/2025\/10\/image-129.png","datePublished":"2025-10-27T12:52:19+00:00","dateModified":"2025-10-27T12:52:23+00:00","author":{"@id":"https:\/\/macite.tg\/#\/schema\/person\/e9f2de7e5dbbe7770a9402c7ce82f5c2"},"breadcrumb":{"@id":"https:\/\/macite.tg\/?p=25718#breadcrumb"},"inLanguage":"fr-FR","potentialAction":[{"@type":"ReadAction","target":["https:\/\/macite.tg\/?p=25718"]}]},{"@type":"ImageObject","inLanguage":"fr-FR","@id":"https:\/\/macite.tg\/?p=25718#primaryimage","url":"https:\/\/macite.tg\/wp-content\/uploads\/2025\/10\/image-129.png","contentUrl":"https:\/\/macite.tg\/wp-content\/uploads\/2025\/10\/image-129.png","width":388,"height":270},{"@type":"BreadcrumbList","@id":"https:\/\/macite.tg\/?p=25718#breadcrumb","itemListElement":[{"@type":"ListItem","position":1,"name":"Accueil","item":"https:\/\/macite.tg\/"},{"@type":"ListItem","position":2,"name":"PAIX ET PROSPERITE DANS LES GRANDS LACS\u00a0: Paris et Lom\u00e9 en Conf\u00e9rence de soutien"}]},{"@type":"WebSite","@id":"https:\/\/macite.tg\/#website","url":"https:\/\/macite.tg\/","name":"","description":"L&#039;information, la bonne!!!","potentialAction":[{"@type":"SearchAction","target":{"@type":"EntryPoint","urlTemplate":"https:\/\/macite.tg\/?s={search_term_string}"},"query-input":{"@type":"PropertyValueSpecification","valueRequired":true,"valueName":"search_term_string"}}],"inLanguage":"fr-FR"},{"@type":"Person","@id":"https:\/\/macite.tg\/#\/schema\/person\/e9f2de7e5dbbe7770a9402c7ce82f5c2","name":"Jean Pierre BAWELA","image":{"@type":"ImageObject","inLanguage":"fr-FR","@id":"https:\/\/macite.tg\/wp-content\/uploads\/2023\/09\/WhatsApp-Image-2023-09-19-at-14.44.41-122x122.jpeg","url":"https:\/\/macite.tg\/wp-content\/uploads\/2023\/09\/WhatsApp-Image-2023-09-19-at-14.44.41-122x122.jpeg","contentUrl":"https:\/\/macite.tg\/wp-content\/uploads\/2023\/09\/WhatsApp-Image-2023-09-19-at-14.44.41-122x122.jpeg","caption":"Jean Pierre BAWELA"},"url":"https:\/\/macite.tg\/?author=2"}]}},"_links":{"self":[{"href":"https:\/\/macite.tg\/index.php?rest_route=\/wp\/v2\/posts\/25718","targetHints":{"allow":["GET"]}}],"collection":[{"href":"https:\/\/macite.tg\/index.php?rest_route=\/wp\/v2\/posts"}],"about":[{"href":"https:\/\/macite.tg\/index.php?rest_route=\/wp\/v2\/types\/post"}],"author":[{"embeddable":true,"href":"https:\/\/macite.tg\/index.php?rest_route=\/wp\/v2\/users\/2"}],"replies":[{"embeddable":true,"href":"https:\/\/macite.tg\/index.php?rest_route=%2Fwp%2Fv2%2Fcomments&post=25718"}],"version-history":[{"count":0,"href":"https:\/\/macite.tg\/index.php?rest_route=\/wp\/v2\/posts\/25718\/revisions"}],"wp:featuredmedia":[{"embeddable":true,"href":"https:\/\/macite.tg\/index.php?rest_route=\/wp\/v2\/media\/25722"}],"wp:attachment":[{"href":"https:\/\/macite.tg\/index.php?rest_route=%2Fwp%2Fv2%2Fmedia&parent=25718"}],"wp:term":[{"taxonomy":"category","embeddable":true,"href":"https:\/\/macite.tg\/index.php?rest_route=%2Fwp%2Fv2%2Fcategories&post=25718"},{"taxonomy":"post_tag","embeddable":true,"href":"https:\/\/macite.tg\/index.php?rest_route=%2Fwp%2Fv2%2Ftags&post=25718"}],"curies":[{"name":"wp","href":"https:\/\/api.w.org\/{rel}","templated":true}]}}