{"id":25456,"date":"2025-10-16T12:10:51","date_gmt":"2025-10-16T12:10:51","guid":{"rendered":"https:\/\/macite.tg\/?p=25456"},"modified":"2025-10-16T12:28:26","modified_gmt":"2025-10-16T12:28:26","slug":"sommet-du-processus-daqaba-a-rome-faure-gnassingbe-appelle-a-une-reponse-collective-adaptee-face-a-la-crise-securitaire","status":"publish","type":"post","link":"https:\/\/macite.tg\/?p=25456","title":{"rendered":"SOMMET DU PROCESSUS D\u2019AQABA : A Rome, Faure Gnassingb\u00e9 appelle \u00e0 une r\u00e9ponse collective adapt\u00e9e face \u00e0 la crise s\u00e9curitaire"},"content":{"rendered":"\n<p class=\"wp-block-paragraph\"><strong><em>C\u2019est ce mercredi 15 octobre que se tient \u00e0 Rome, en Italie, le Sommet du Processus d\u2019Aqaba, ax\u00e9 sur la crise s\u00e9curitaire en Afrique de l\u2019Ouest. Les travaux de cet \u00e9v\u00e9nement qui est \u00e0 sa 10<sup>\u00e8me<\/sup> \u00e9dition et auxquels participent le Pr\u00e9sident du Conseil togolais, Faure Essozimna Gnassingb\u00e9, ont \u00e9t\u00e9 co-pr\u00e9sid\u00e9s par le Roi Abdallah II de Jordanie et la Pr\u00e9sidente du Conseil italien, Giorgia Meloni.<\/em><\/strong><\/p>\n\n\n\n<p class=\"wp-block-paragraph\">Cette dixi\u00e8me \u00e9dition du Sommet du Processus d\u2019Aqaba, avait pour ambition de promouvoir une r\u00e9ponse coordonn\u00e9e, pragmatique et inclusive aux d\u00e9fis transnationaux, en s\u2019appuyant sur les r\u00e9flexions de dirigeants politiques pour qui la consolidation de la paix demeure un axe central de leur gouvernance.<\/p>\n\n\n\n<p class=\"wp-block-paragraph\">Lors des travaux, orient\u00e9s autour de la promotion d\u2019une r\u00e9ponse coordonn\u00e9e, pragmatique et inclusive aux d\u00e9fis transnationaux, en s\u2019appuyant sur les r\u00e9flexions de dirigeants politiques, les participants ont examin\u00e9 les enjeux de s\u00e9curit\u00e9 r\u00e9gionale.<\/p>\n\n\n\n<figure class=\"wp-block-image size-full\"><img loading=\"lazy\" decoding=\"async\" width=\"754\" height=\"460\" src=\"https:\/\/macite.tg\/wp-content\/uploads\/2025\/10\/image-72.png\" alt=\"\" class=\"wp-image-25458\" srcset=\"https:\/\/macite.tg\/wp-content\/uploads\/2025\/10\/image-72.png 754w, https:\/\/macite.tg\/wp-content\/uploads\/2025\/10\/image-72-300x183.png 300w\" sizes=\"auto, (max-width: 754px) 100vw, 754px\" \/><\/figure>\n\n\n\n<p class=\"wp-block-paragraph\">Ainsi, des strat\u00e9gies concert\u00e9es ont \u00e9t\u00e9 d\u00e9finies, dans l\u2019optique de s\u2019attaquer aux causes profondes de l\u2019instabilit\u00e9 dans la r\u00e9gion, en articulant les volets s\u00e9curit\u00e9, d\u00e9veloppement et gouvernance. Ceci, en s\u2019appuyant sur l\u2019ambitieux projet italien d\u00e9nomm\u00e9 \u2018\u2019Plan Mattei pour l\u2019Afrique\u2019\u2019.<\/p>\n\n\n\n<p class=\"wp-block-paragraph\">C\u2019est dans cette dynamique que le Pr\u00e9sident du Conseil togolais s\u2019est, dans son intervention, appesanti sur trois axes principaux au titre de pistes pour faire face aux crises s\u00e9curitaires. Il s\u2019agit de la responsabilit\u00e9 partag\u00e9e, une solution \u00e0 l\u2019africaine avec l\u2019approche int\u00e9gr\u00e9e, et une bataille int\u00e9grant le volet informations.<\/p>\n\n\n\n<p class=\"wp-block-paragraph\">Apr\u00e8s avoir a pr\u00e9sent\u00e9 la situation de la crise s\u00e9curitaire dans la sous-r\u00e9gion, qui s\u2019aggrave rapidement avec l\u2019expansion du terrorisme des foyers sah\u00e9liens vers les pays c\u00f4tiers, suivie de la reconfiguration des r\u00e9seaux criminels jusqu\u2019aux routes maritimes du golfe de Guin\u00e9e, le Pr\u00e9sident Faure Gnassingb\u00e9 n\u2019est pas pass\u00e9 sous silence la cybermenace croissante.<\/p>\n\n\n\n<figure class=\"wp-block-image size-full\"><img loading=\"lazy\" decoding=\"async\" width=\"851\" height=\"315\" src=\"https:\/\/macite.tg\/wp-content\/uploads\/2025\/10\/OTR_Bandeau-Renseignements-1.jpg\" alt=\"\" class=\"wp-image-25417\" srcset=\"https:\/\/macite.tg\/wp-content\/uploads\/2025\/10\/OTR_Bandeau-Renseignements-1.jpg 851w, https:\/\/macite.tg\/wp-content\/uploads\/2025\/10\/OTR_Bandeau-Renseignements-1-300x111.jpg 300w, https:\/\/macite.tg\/wp-content\/uploads\/2025\/10\/OTR_Bandeau-Renseignements-1-768x284.jpg 768w\" sizes=\"auto, (max-width: 851px) 100vw, 851px\" \/><\/figure>\n\n\n\n<p class=\"wp-block-paragraph\">Pour le Pr\u00e9sident du Conseil togolais, <em>\u00ab&nbsp;la<\/em> <em>s\u00e9curit\u00e9 de l\u2019Afrique de l\u2019ouest n\u2019est plus un dossier strictement r\u00e9gional&nbsp;: elle croise nos souverainet\u00e9s, nos \u00e9conomies, nos soci\u00e9t\u00e9s. Ce combat, nous devons n\u00e9cessairement le mener ensemble, parce que les groupes arm\u00e9s ne s\u2019arr\u00eatent pas aux fronti\u00e8res, les trafics alimentent des r\u00e9seaux globaux et la d\u00e9stabilisation nourrit la migration&nbsp;\u00bb.<\/em><\/p>\n\n\n\n<p class=\"wp-block-paragraph\">Tout en rappelant qu\u2019il s\u2019agit \u00ab&nbsp;<em>d\u2019un bien public mondial&nbsp;\u00bb, <\/em>Faure Gnassingb\u00e9 a indiqu\u00e9 qu\u2019il \u00e9tait<em> \u00ab&nbsp;temps d\u2019en tirer les cons\u00e9quences, y compris dans les r\u00e8gles d\u2019acc\u00e8s aux financements. Aujourd\u2019hui nous ne pouvons financer notre s\u00e9curit\u00e9 qu\u2019en creusant notre dette. On ne peut pas continuer \u00e0 p\u00e9naliser ainsi la paix au nom d\u2019une orthodoxie court-termiste. Pour les \u00c9tats de premi\u00e8re ligne, les d\u00e9penses s\u00e9curitaires doivent \u00eatre reconnues comme des investissements, au m\u00eame titre qu\u2019un barrage ou une \u00e9cole&nbsp;\u00bb.<\/em><\/p>\n\n\n\n<p class=\"wp-block-paragraph\">Rappelant que <em>\u00ab&nbsp;l\u2019on ne gagne pas une guerre des esprits uniquement avec des fusils&nbsp;\u00bb, <\/em>et que<em> \u00ab&nbsp;la bataille se joue d\u2019abord sur le champ de l\u2019information&nbsp;\u00bb, <\/em>le Pr\u00e9sident Faure Gnassingb\u00e9 a fait noter que<em> \u00ab&nbsp;les groupes terroristes exploitent les porosit\u00e9s de nos syst\u00e8mes physiques comme num\u00e9riques. Nos r\u00e9ponses doivent donc \u00eatre collectives et coordonn\u00e9es&nbsp;\u00bb<\/em>.&nbsp;<\/p>\n\n\n<div class=\"wp-block-image\">\n<figure class=\"aligncenter size-large\"><img loading=\"lazy\" decoding=\"async\" width=\"728\" height=\"1024\" src=\"https:\/\/macite.tg\/wp-content\/uploads\/2025\/10\/image-51-728x1024.png\" alt=\"\" class=\"wp-image-25339\" srcset=\"https:\/\/macite.tg\/wp-content\/uploads\/2025\/10\/image-51-728x1024.png 728w, https:\/\/macite.tg\/wp-content\/uploads\/2025\/10\/image-51-213x300.png 213w, https:\/\/macite.tg\/wp-content\/uploads\/2025\/10\/image-51-768x1080.png 768w, https:\/\/macite.tg\/wp-content\/uploads\/2025\/10\/image-51-1092x1536.png 1092w, https:\/\/macite.tg\/wp-content\/uploads\/2025\/10\/image-51.png 1165w\" sizes=\"auto, (max-width: 728px) 100vw, 728px\" \/><\/figure>\n<\/div>\n\n\n<p class=\"wp-block-paragraph\">Le leader togolais a conclu son propos en plaidant pour une r\u00e9ponse collective. <em>\u00ab&nbsp;Des initiatives existent d\u00e9j\u00e0, port\u00e9es par les institutions sous-r\u00e9gionales et l\u2019Union africaine, et qui t\u00e9moignent de la volont\u00e9 d\u2019une r\u00e9ponse africaine aux d\u00e9fis actuels, mais une r\u00e9ponse qui se veut collective&nbsp;\u00bb<\/em>, a-t-il d\u00e9clar\u00e9.<\/p>\n\n\n\n<p class=\"wp-block-paragraph\"><strong>JPB<\/strong><\/p>\n\n\n\n<p class=\"wp-block-paragraph\"><a><strong><em>@macite.tg&nbsp;&nbsp;&nbsp;&nbsp;&nbsp;&nbsp;&nbsp;&nbsp;<\/em><\/strong><\/a><\/p>\n\n\n\n<p class=\"wp-block-paragraph\"><strong><em>E-mail&nbsp;: <\/em><\/strong><a href=\"mailto:maciteinfo@gmail.com\"><strong><em>maciteinfo@gmail.com<\/em><\/strong><\/a><strong><em>; <\/em><\/strong><a href=\"mailto:bawela1@gmail.com\"><strong><em>bawela1@gmail.com<\/em><\/strong><\/a><strong><em><\/em><\/strong><\/p>\n\n\n\n<p class=\"wp-block-paragraph\"><strong><em>Pour vos annonces, (publi)reportages, etc., joignez-nous au (00228)91515309\/<strong>79872224 <\/strong><strong><\/strong><\/em><\/strong><\/p>\n\n\n\n<p class=\"wp-block-paragraph\"><strong><em>www.macite.tg, L\u2019information, la bonne&nbsp;!<\/em><\/strong><\/p>\n\n\n\n<p class=\"wp-block-paragraph\"><\/p>\n","protected":false},"excerpt":{"rendered":"<p class=\"text-justify mb-2\" >C\u2019est ce mercredi 15 octobre que se tient \u00e0 Rome, en Italie, le Sommet du Processus d\u2019Aqaba, ax\u00e9 sur la crise s\u00e9curitaire en Afrique de l\u2019Ouest. Les travaux de cet \u00e9v\u00e9nement qui est \u00e0 sa 10\u00e8me \u00e9dition et auxquels participent le Pr\u00e9sident du Conseil togolais, [&hellip;]<\/p>\n","protected":false},"author":2,"featured_media":25461,"comment_status":"open","ping_status":"open","sticky":false,"template":"","format":"standard","meta":{"footnotes":""},"categories":[20,70],"tags":[],"class_list":["post-25456","post","type-post","status-publish","format-standard","has-post-thumbnail","hentry","category-actualite","category-paix-securite"],"yoast_head":"<!-- This site is optimized with the Yoast SEO plugin v28.4 - https:\/\/yoast.com\/product\/yoast-seo-wordpress\/ -->\n<title>SOMMET DU PROCESSUS D\u2019AQABA : A Rome, Faure Gnassingb\u00e9 appelle \u00e0 une r\u00e9ponse collective adapt\u00e9e face \u00e0 la crise s\u00e9curitaire -<\/title>\n<meta name=\"robots\" content=\"index, follow, max-snippet:-1, max-image-preview:large, max-video-preview:-1\" \/>\n<link rel=\"canonical\" href=\"https:\/\/macite.tg\/?p=25456\" \/>\n<meta property=\"og:locale\" content=\"fr_FR\" \/>\n<meta property=\"og:type\" content=\"article\" \/>\n<meta property=\"og:title\" content=\"SOMMET DU PROCESSUS D\u2019AQABA : A Rome, Faure Gnassingb\u00e9 appelle \u00e0 une r\u00e9ponse collective adapt\u00e9e face \u00e0 la crise s\u00e9curitaire -\" \/>\n<meta property=\"og:description\" content=\"C\u2019est ce mercredi 15 octobre que se tient \u00e0 Rome, en Italie, le Sommet du Processus d\u2019Aqaba, ax\u00e9 sur la crise s\u00e9curitaire en Afrique de l\u2019Ouest. Les travaux de cet \u00e9v\u00e9nement qui est \u00e0 sa 10\u00e8me \u00e9dition et auxquels participent le Pr\u00e9sident du Conseil togolais, [&hellip;]\" \/>\n<meta property=\"og:url\" content=\"https:\/\/macite.tg\/?p=25456\" \/>\n<meta property=\"article:published_time\" content=\"2025-10-16T12:10:51+00:00\" \/>\n<meta property=\"article:modified_time\" content=\"2025-10-16T12:28:26+00:00\" \/>\n<meta property=\"og:image\" content=\"https:\/\/macite.tg\/wp-content\/uploads\/2025\/10\/A-ROME.jpg\" \/>\n\t<meta property=\"og:image:width\" content=\"300\" \/>\n\t<meta property=\"og:image:height\" content=\"240\" \/>\n\t<meta property=\"og:image:type\" content=\"image\/jpeg\" \/>\n<meta name=\"author\" content=\"Jean Pierre BAWELA\" \/>\n<meta name=\"twitter:card\" content=\"summary_large_image\" \/>\n<meta name=\"twitter:label1\" content=\"\u00c9crit par\" \/>\n\t<meta name=\"twitter:data1\" content=\"Jean Pierre BAWELA\" \/>\n\t<meta name=\"twitter:label2\" content=\"Dur\u00e9e de lecture estim\u00e9e\" \/>\n\t<meta name=\"twitter:data2\" content=\"4 minutes\" \/>\n<script type=\"application\/ld+json\" class=\"yoast-schema-graph\">{\"@context\":\"https:\\\/\\\/schema.org\",\"@graph\":[{\"@type\":\"Article\",\"@id\":\"https:\\\/\\\/macite.tg\\\/?p=25456#article\",\"isPartOf\":{\"@id\":\"https:\\\/\\\/macite.tg\\\/?p=25456\"},\"author\":{\"name\":\"Jean Pierre BAWELA\",\"@id\":\"https:\\\/\\\/macite.tg\\\/#\\\/schema\\\/person\\\/e9f2de7e5dbbe7770a9402c7ce82f5c2\"},\"headline\":\"SOMMET DU PROCESSUS D\u2019AQABA : A Rome, Faure Gnassingb\u00e9 appelle \u00e0 une r\u00e9ponse collective adapt\u00e9e face \u00e0 la crise s\u00e9curitaire\",\"datePublished\":\"2025-10-16T12:10:51+00:00\",\"dateModified\":\"2025-10-16T12:28:26+00:00\",\"mainEntityOfPage\":{\"@id\":\"https:\\\/\\\/macite.tg\\\/?p=25456\"},\"wordCount\":702,\"commentCount\":0,\"image\":{\"@id\":\"https:\\\/\\\/macite.tg\\\/?p=25456#primaryimage\"},\"thumbnailUrl\":\"https:\\\/\\\/macite.tg\\\/wp-content\\\/uploads\\\/2025\\\/10\\\/A-ROME.jpg\",\"articleSection\":[\"ACTUALITE\",\"PAIX &amp; SECURITE\"],\"inLanguage\":\"fr-FR\",\"potentialAction\":[{\"@type\":\"CommentAction\",\"name\":\"Comment\",\"target\":[\"https:\\\/\\\/macite.tg\\\/?p=25456#respond\"]}]},{\"@type\":\"WebPage\",\"@id\":\"https:\\\/\\\/macite.tg\\\/?p=25456\",\"url\":\"https:\\\/\\\/macite.tg\\\/?p=25456\",\"name\":\"SOMMET DU PROCESSUS D\u2019AQABA : A Rome, Faure Gnassingb\u00e9 appelle \u00e0 une r\u00e9ponse collective adapt\u00e9e face \u00e0 la crise s\u00e9curitaire -\",\"isPartOf\":{\"@id\":\"https:\\\/\\\/macite.tg\\\/#website\"},\"primaryImageOfPage\":{\"@id\":\"https:\\\/\\\/macite.tg\\\/?p=25456#primaryimage\"},\"image\":{\"@id\":\"https:\\\/\\\/macite.tg\\\/?p=25456#primaryimage\"},\"thumbnailUrl\":\"https:\\\/\\\/macite.tg\\\/wp-content\\\/uploads\\\/2025\\\/10\\\/A-ROME.jpg\",\"datePublished\":\"2025-10-16T12:10:51+00:00\",\"dateModified\":\"2025-10-16T12:28:26+00:00\",\"author\":{\"@id\":\"https:\\\/\\\/macite.tg\\\/#\\\/schema\\\/person\\\/e9f2de7e5dbbe7770a9402c7ce82f5c2\"},\"breadcrumb\":{\"@id\":\"https:\\\/\\\/macite.tg\\\/?p=25456#breadcrumb\"},\"inLanguage\":\"fr-FR\",\"potentialAction\":[{\"@type\":\"ReadAction\",\"target\":[\"https:\\\/\\\/macite.tg\\\/?p=25456\"]}]},{\"@type\":\"ImageObject\",\"inLanguage\":\"fr-FR\",\"@id\":\"https:\\\/\\\/macite.tg\\\/?p=25456#primaryimage\",\"url\":\"https:\\\/\\\/macite.tg\\\/wp-content\\\/uploads\\\/2025\\\/10\\\/A-ROME.jpg\",\"contentUrl\":\"https:\\\/\\\/macite.tg\\\/wp-content\\\/uploads\\\/2025\\\/10\\\/A-ROME.jpg\",\"width\":300,\"height\":240},{\"@type\":\"BreadcrumbList\",\"@id\":\"https:\\\/\\\/macite.tg\\\/?p=25456#breadcrumb\",\"itemListElement\":[{\"@type\":\"ListItem\",\"position\":1,\"name\":\"Accueil\",\"item\":\"https:\\\/\\\/macite.tg\\\/\"},{\"@type\":\"ListItem\",\"position\":2,\"name\":\"SOMMET DU PROCESSUS D\u2019AQABA : A Rome, Faure Gnassingb\u00e9 appelle \u00e0 une r\u00e9ponse collective adapt\u00e9e face \u00e0 la crise s\u00e9curitaire\"}]},{\"@type\":\"WebSite\",\"@id\":\"https:\\\/\\\/macite.tg\\\/#website\",\"url\":\"https:\\\/\\\/macite.tg\\\/\",\"name\":\"\",\"description\":\"L&#039;information, la bonne!!!\",\"potentialAction\":[{\"@type\":\"SearchAction\",\"target\":{\"@type\":\"EntryPoint\",\"urlTemplate\":\"https:\\\/\\\/macite.tg\\\/?s={search_term_string}\"},\"query-input\":{\"@type\":\"PropertyValueSpecification\",\"valueRequired\":true,\"valueName\":\"search_term_string\"}}],\"inLanguage\":\"fr-FR\"},{\"@type\":\"Person\",\"@id\":\"https:\\\/\\\/macite.tg\\\/#\\\/schema\\\/person\\\/e9f2de7e5dbbe7770a9402c7ce82f5c2\",\"name\":\"Jean Pierre BAWELA\",\"image\":{\"@type\":\"ImageObject\",\"inLanguage\":\"fr-FR\",\"@id\":\"https:\\\/\\\/macite.tg\\\/wp-content\\\/uploads\\\/2023\\\/09\\\/WhatsApp-Image-2023-09-19-at-14.44.41-122x122.jpeg\",\"url\":\"https:\\\/\\\/macite.tg\\\/wp-content\\\/uploads\\\/2023\\\/09\\\/WhatsApp-Image-2023-09-19-at-14.44.41-122x122.jpeg\",\"contentUrl\":\"https:\\\/\\\/macite.tg\\\/wp-content\\\/uploads\\\/2023\\\/09\\\/WhatsApp-Image-2023-09-19-at-14.44.41-122x122.jpeg\",\"caption\":\"Jean Pierre BAWELA\"},\"url\":\"https:\\\/\\\/macite.tg\\\/?author=2\"}]}<\/script>\n<!-- \/ Yoast SEO plugin. -->","yoast_head_json":{"title":"SOMMET DU PROCESSUS D\u2019AQABA : A Rome, Faure Gnassingb\u00e9 appelle \u00e0 une r\u00e9ponse collective adapt\u00e9e face \u00e0 la crise s\u00e9curitaire -","robots":{"index":"index","follow":"follow","max-snippet":"max-snippet:-1","max-image-preview":"max-image-preview:large","max-video-preview":"max-video-preview:-1"},"canonical":"https:\/\/macite.tg\/?p=25456","og_locale":"fr_FR","og_type":"article","og_title":"SOMMET DU PROCESSUS D\u2019AQABA : A Rome, Faure Gnassingb\u00e9 appelle \u00e0 une r\u00e9ponse collective adapt\u00e9e face \u00e0 la crise s\u00e9curitaire -","og_description":"C\u2019est ce mercredi 15 octobre que se tient \u00e0 Rome, en Italie, le Sommet du Processus d\u2019Aqaba, ax\u00e9 sur la crise s\u00e9curitaire en Afrique de l\u2019Ouest. Les travaux de cet \u00e9v\u00e9nement qui est \u00e0 sa 10\u00e8me \u00e9dition et auxquels participent le Pr\u00e9sident du Conseil togolais, [&hellip;]","og_url":"https:\/\/macite.tg\/?p=25456","article_published_time":"2025-10-16T12:10:51+00:00","article_modified_time":"2025-10-16T12:28:26+00:00","og_image":[{"width":300,"height":240,"url":"https:\/\/macite.tg\/wp-content\/uploads\/2025\/10\/A-ROME.jpg","type":"image\/jpeg"}],"author":"Jean Pierre BAWELA","twitter_card":"summary_large_image","twitter_misc":{"\u00c9crit par":"Jean Pierre BAWELA","Dur\u00e9e de lecture estim\u00e9e":"4 minutes"},"schema":{"@context":"https:\/\/schema.org","@graph":[{"@type":"Article","@id":"https:\/\/macite.tg\/?p=25456#article","isPartOf":{"@id":"https:\/\/macite.tg\/?p=25456"},"author":{"name":"Jean Pierre BAWELA","@id":"https:\/\/macite.tg\/#\/schema\/person\/e9f2de7e5dbbe7770a9402c7ce82f5c2"},"headline":"SOMMET DU PROCESSUS D\u2019AQABA : A Rome, Faure Gnassingb\u00e9 appelle \u00e0 une r\u00e9ponse collective adapt\u00e9e face \u00e0 la crise s\u00e9curitaire","datePublished":"2025-10-16T12:10:51+00:00","dateModified":"2025-10-16T12:28:26+00:00","mainEntityOfPage":{"@id":"https:\/\/macite.tg\/?p=25456"},"wordCount":702,"commentCount":0,"image":{"@id":"https:\/\/macite.tg\/?p=25456#primaryimage"},"thumbnailUrl":"https:\/\/macite.tg\/wp-content\/uploads\/2025\/10\/A-ROME.jpg","articleSection":["ACTUALITE","PAIX &amp; SECURITE"],"inLanguage":"fr-FR","potentialAction":[{"@type":"CommentAction","name":"Comment","target":["https:\/\/macite.tg\/?p=25456#respond"]}]},{"@type":"WebPage","@id":"https:\/\/macite.tg\/?p=25456","url":"https:\/\/macite.tg\/?p=25456","name":"SOMMET DU PROCESSUS D\u2019AQABA : A Rome, Faure Gnassingb\u00e9 appelle \u00e0 une r\u00e9ponse collective adapt\u00e9e face \u00e0 la crise s\u00e9curitaire -","isPartOf":{"@id":"https:\/\/macite.tg\/#website"},"primaryImageOfPage":{"@id":"https:\/\/macite.tg\/?p=25456#primaryimage"},"image":{"@id":"https:\/\/macite.tg\/?p=25456#primaryimage"},"thumbnailUrl":"https:\/\/macite.tg\/wp-content\/uploads\/2025\/10\/A-ROME.jpg","datePublished":"2025-10-16T12:10:51+00:00","dateModified":"2025-10-16T12:28:26+00:00","author":{"@id":"https:\/\/macite.tg\/#\/schema\/person\/e9f2de7e5dbbe7770a9402c7ce82f5c2"},"breadcrumb":{"@id":"https:\/\/macite.tg\/?p=25456#breadcrumb"},"inLanguage":"fr-FR","potentialAction":[{"@type":"ReadAction","target":["https:\/\/macite.tg\/?p=25456"]}]},{"@type":"ImageObject","inLanguage":"fr-FR","@id":"https:\/\/macite.tg\/?p=25456#primaryimage","url":"https:\/\/macite.tg\/wp-content\/uploads\/2025\/10\/A-ROME.jpg","contentUrl":"https:\/\/macite.tg\/wp-content\/uploads\/2025\/10\/A-ROME.jpg","width":300,"height":240},{"@type":"BreadcrumbList","@id":"https:\/\/macite.tg\/?p=25456#breadcrumb","itemListElement":[{"@type":"ListItem","position":1,"name":"Accueil","item":"https:\/\/macite.tg\/"},{"@type":"ListItem","position":2,"name":"SOMMET DU PROCESSUS D\u2019AQABA : A Rome, Faure Gnassingb\u00e9 appelle \u00e0 une r\u00e9ponse collective adapt\u00e9e face \u00e0 la crise s\u00e9curitaire"}]},{"@type":"WebSite","@id":"https:\/\/macite.tg\/#website","url":"https:\/\/macite.tg\/","name":"","description":"L&#039;information, la bonne!!!","potentialAction":[{"@type":"SearchAction","target":{"@type":"EntryPoint","urlTemplate":"https:\/\/macite.tg\/?s={search_term_string}"},"query-input":{"@type":"PropertyValueSpecification","valueRequired":true,"valueName":"search_term_string"}}],"inLanguage":"fr-FR"},{"@type":"Person","@id":"https:\/\/macite.tg\/#\/schema\/person\/e9f2de7e5dbbe7770a9402c7ce82f5c2","name":"Jean Pierre BAWELA","image":{"@type":"ImageObject","inLanguage":"fr-FR","@id":"https:\/\/macite.tg\/wp-content\/uploads\/2023\/09\/WhatsApp-Image-2023-09-19-at-14.44.41-122x122.jpeg","url":"https:\/\/macite.tg\/wp-content\/uploads\/2023\/09\/WhatsApp-Image-2023-09-19-at-14.44.41-122x122.jpeg","contentUrl":"https:\/\/macite.tg\/wp-content\/uploads\/2023\/09\/WhatsApp-Image-2023-09-19-at-14.44.41-122x122.jpeg","caption":"Jean Pierre BAWELA"},"url":"https:\/\/macite.tg\/?author=2"}]}},"_links":{"self":[{"href":"https:\/\/macite.tg\/index.php?rest_route=\/wp\/v2\/posts\/25456","targetHints":{"allow":["GET"]}}],"collection":[{"href":"https:\/\/macite.tg\/index.php?rest_route=\/wp\/v2\/posts"}],"about":[{"href":"https:\/\/macite.tg\/index.php?rest_route=\/wp\/v2\/types\/post"}],"author":[{"embeddable":true,"href":"https:\/\/macite.tg\/index.php?rest_route=\/wp\/v2\/users\/2"}],"replies":[{"embeddable":true,"href":"https:\/\/macite.tg\/index.php?rest_route=%2Fwp%2Fv2%2Fcomments&post=25456"}],"version-history":[{"count":0,"href":"https:\/\/macite.tg\/index.php?rest_route=\/wp\/v2\/posts\/25456\/revisions"}],"wp:featuredmedia":[{"embeddable":true,"href":"https:\/\/macite.tg\/index.php?rest_route=\/wp\/v2\/media\/25461"}],"wp:attachment":[{"href":"https:\/\/macite.tg\/index.php?rest_route=%2Fwp%2Fv2%2Fmedia&parent=25456"}],"wp:term":[{"taxonomy":"category","embeddable":true,"href":"https:\/\/macite.tg\/index.php?rest_route=%2Fwp%2Fv2%2Fcategories&post=25456"},{"taxonomy":"post_tag","embeddable":true,"href":"https:\/\/macite.tg\/index.php?rest_route=%2Fwp%2Fv2%2Ftags&post=25456"}],"curies":[{"name":"wp","href":"https:\/\/api.w.org\/{rel}","templated":true}]}}