{"id":25453,"date":"2025-10-16T10:53:16","date_gmt":"2025-10-16T10:53:16","guid":{"rendered":"https:\/\/macite.tg\/?p=25453"},"modified":"2025-10-16T10:53:21","modified_gmt":"2025-10-16T10:53:21","slug":"togo-une-bonne-readaptation-accompagnee-pour-les-personnes-vivant-avec-un-handicap","status":"publish","type":"post","link":"https:\/\/macite.tg\/?p=25453","title":{"rendered":"TOGO : Une bonne r\u00e9adaptation accompagn\u00e9e pour les personnes vivant avec un handicap"},"content":{"rendered":"\n<p class=\"wp-block-paragraph\"><strong><em>Les personnes vivant avec un handicap ne sont plus des laiss\u00e9es pour compte. Gr\u00e2ce \u00e0 une politique sanitaire inclusive et des efforts soutenus des autorit\u00e9s, un pourcentage satisfaisant d&rsquo;entre elles b\u00e9n\u00e9ficie d&rsquo;une prise en charge en r\u00e9adaptation physique. Cette avanc\u00e9e t\u00e9moigne de la volont\u00e9 du pays de b\u00e2tir une soci\u00e9t\u00e9 plus juste, o\u00f9 chaque citoyen, quelles que soient ses limitations, trouve sa place et son autonomie.<\/em><\/strong><\/p>\n\n\n\n<p class=\"wp-block-paragraph\">La r\u00e9adaptation physique \u00e9tait per\u00e7ue comme un domaine marginal. Elle s&rsquo;impose d\u00e9sormais comme une composante essentielle du syst\u00e8me de sant\u00e9 togolais. Des centres sp\u00e9cialis\u00e9s, appuy\u00e9s par des \u00e9quipes pluridisciplinaires, \u0153uvrent chaque jour \u00e0 redonner mobilit\u00e9, dignit\u00e9 et confiance \u00e0 des milliers de patients.<\/p>\n\n\n\n<figure class=\"wp-block-image size-full\"><img loading=\"lazy\" decoding=\"async\" width=\"851\" height=\"315\" src=\"https:\/\/macite.tg\/wp-content\/uploads\/2025\/10\/OTR_Bandeau-Renseignements-1.jpg\" alt=\"\" class=\"wp-image-25417\" srcset=\"https:\/\/macite.tg\/wp-content\/uploads\/2025\/10\/OTR_Bandeau-Renseignements-1.jpg 851w, https:\/\/macite.tg\/wp-content\/uploads\/2025\/10\/OTR_Bandeau-Renseignements-1-300x111.jpg 300w, https:\/\/macite.tg\/wp-content\/uploads\/2025\/10\/OTR_Bandeau-Renseignements-1-768x284.jpg 768w\" sizes=\"auto, (max-width: 851px) 100vw, 851px\" \/><\/figure>\n\n\n\n<p class=\"wp-block-paragraph\">Qu&rsquo;il s&rsquo;agisse de proth\u00e8ses, d&rsquo;orth\u00e8ses, de physioth\u00e9rapie ou d&rsquo;accompagnement psychosocial, la cha\u00eene de soins s&rsquo;est structur\u00e9e et professionnalis\u00e9e pour r\u00e9pondre \u00e0 des besoins croissants. Le gouvernement, \u00e0 travers le minist\u00e8re de la Sant\u00e9, de l&rsquo;Hygi\u00e8ne publique et de l&rsquo;Acc\u00e8s universel aux soins, fait de la r\u00e9adaptation physique son combat.<\/p>\n\n\n\n<p class=\"wp-block-paragraph\">Des investissements cons\u00e9quents sont ainsi consentis pour \u00e9quiper les centres r\u00e9gionaux, former les techniciens et rendre les soins accessibles, m\u00eame dans les zones rurales. Cette politique porte ses fruits : la proportion de personnes handicap\u00e9es b\u00e9n\u00e9ficiant d&rsquo;une prise en charge effective n&rsquo;a jamais \u00e9t\u00e9 aussi \u00e9lev\u00e9e.<\/p>\n\n\n\n<p class=\"wp-block-paragraph\"><strong>Le handicap n&rsquo;est pas une fatalit\u00e9<\/strong><\/p>\n\n\n\n<p class=\"wp-block-paragraph\">Le Plan national de d\u00e9veloppement sanitaire (PNDS 2023-2027) voit les choses en grand. D\u00e9j\u00e0, il reconna\u00eet que les capacit\u00e9s de prise en charge des maladies et conditions de sant\u00e9, notamment en ce qui concerne la sant\u00e9 oculaire et le handicap physique, sont renforc\u00e9es.<\/p>\n\n\n\n<p class=\"wp-block-paragraph\">Selon le rapport, le pourcentage de personnes vivant avec un handicap, qui sont prises en charge en r\u00e9adaptation physique, \u00e9tait de 79 % en 2021. Jusqu&rsquo;en 2027, p\u00e9riode \u00e0 laquelle le PNDS est cens\u00e9 arriver \u00e0 sa fin, ce taux devrait monter \u00e0 88,0 % selon la pr\u00e9vision. <\/p>\n\n\n<div class=\"wp-block-image\">\n<figure class=\"aligncenter size-full\"><img loading=\"lazy\" decoding=\"async\" width=\"500\" height=\"503\" src=\"https:\/\/macite.tg\/wp-content\/uploads\/2025\/10\/Gest-exo_PUB-2.jpg\" alt=\"\" class=\"wp-image-25335\" srcset=\"https:\/\/macite.tg\/wp-content\/uploads\/2025\/10\/Gest-exo_PUB-2.jpg 500w, https:\/\/macite.tg\/wp-content\/uploads\/2025\/10\/Gest-exo_PUB-2-298x300.jpg 298w, https:\/\/macite.tg\/wp-content\/uploads\/2025\/10\/Gest-exo_PUB-2-150x150.jpg 150w, https:\/\/macite.tg\/wp-content\/uploads\/2025\/10\/Gest-exo_PUB-2-122x122.jpg 122w\" sizes=\"auto, (max-width: 500px) 100vw, 500px\" \/><\/figure>\n<\/div>\n\n\n<p class=\"wp-block-paragraph\">Au niveau des yeux, o\u00f9 les personnes \u00e2g\u00e9es sont d&rsquo;habitude les plus touch\u00e9es, selon le Programme national de lutte contre la c\u00e9cit\u00e9 (PNLC), le taux de chirurgie de la cataracte pour 1.000.000 d&rsquo;habitants est de 1.153 en 2021, avec une cible de 1.500 d&rsquo;ici 2027.<\/p>\n\n\n\n<p class=\"wp-block-paragraph\"><strong>Les patients heureux<\/strong><\/p>\n\n\n\n<p class=\"wp-block-paragraph\">Dans les centres de r\u00e9\u00e9ducation, les t\u00e9moignages foisonnent. Des enfants atteints de paralysie c\u00e9r\u00e9brale r\u00e9apprennent \u00e0 marcher, des victimes d&rsquo;accidents retrouvent leur autonomie, des personnes amput\u00e9es renouent avec une vie active gr\u00e2ce \u00e0 des proth\u00e8ses modernes fabriqu\u00e9es sur place.<\/p>\n\n\n\n<p class=\"wp-block-paragraph\">Au-del\u00e0 de la dimension m\u00e9dicale, c&rsquo;est une v\u00e9ritable renaissance sociale qui s&rsquo;op\u00e8re. Cette r\u00e9ussite repose sur une approche globale : diagnostic pr\u00e9coce, accompagnement m\u00e9dical, soutien psychologique, formation \u00e0 la vie autonome et insertion socioprofessionnelle de plus en plus assur\u00e9e sur demande du pr\u00e9sident du Conseil, Faure Essozimna Gnassingb\u00e9.<\/p>\n\n\n<div class=\"wp-block-image\">\n<figure class=\"aligncenter size-large is-resized\"><img loading=\"lazy\" decoding=\"async\" width=\"1024\" height=\"1024\" src=\"https:\/\/macite.tg\/wp-content\/uploads\/2025\/10\/a85f0ce4-ba89-497d-a417-b4838d5a0d21-1024x1024.jpg\" alt=\"\" class=\"wp-image-25306\" style=\"width:576px;height:auto\" srcset=\"https:\/\/macite.tg\/wp-content\/uploads\/2025\/10\/a85f0ce4-ba89-497d-a417-b4838d5a0d21-1024x1024.jpg 1024w, https:\/\/macite.tg\/wp-content\/uploads\/2025\/10\/a85f0ce4-ba89-497d-a417-b4838d5a0d21-300x300.jpg 300w, https:\/\/macite.tg\/wp-content\/uploads\/2025\/10\/a85f0ce4-ba89-497d-a417-b4838d5a0d21-150x150.jpg 150w, https:\/\/macite.tg\/wp-content\/uploads\/2025\/10\/a85f0ce4-ba89-497d-a417-b4838d5a0d21-768x768.jpg 768w, https:\/\/macite.tg\/wp-content\/uploads\/2025\/10\/a85f0ce4-ba89-497d-a417-b4838d5a0d21-122x122.jpg 122w, https:\/\/macite.tg\/wp-content\/uploads\/2025\/10\/a85f0ce4-ba89-497d-a417-b4838d5a0d21.jpg 1080w\" sizes=\"auto, (max-width: 1024px) 100vw, 1024px\" \/><\/figure>\n<\/div>\n\n\n<p class=\"wp-block-paragraph\">L&rsquo;accent mis sur la proximit\u00e9 permet de briser les barri\u00e8res d&rsquo;acc\u00e8s aux soins et de r\u00e9duire la stigmatisation. Cet \u00e9lan s&rsquo;inscrit dans la vision nationale de d\u00e9veloppement humain durable, favorisant l&rsquo;autonomie des personnes vivant avec un handicap, dont les capacit\u00e9s \u00e9taient souvent sous-estim\u00e9es, pourtant essentielles au progr\u00e8s collectif.<\/p>\n\n\n\n<p class=\"wp-block-paragraph\"><strong>Samir B.<\/strong><\/p>\n\n\n\n<p class=\"wp-block-paragraph\"><a><strong><em>@macite.tg&nbsp;&nbsp;&nbsp;&nbsp;&nbsp;&nbsp;&nbsp;&nbsp;<\/em><\/strong><\/a><\/p>\n\n\n\n<p class=\"wp-block-paragraph\"><strong><em>E-mail&nbsp;: <\/em><\/strong><a href=\"mailto:maciteinfo@gmail.com\"><strong><em>maciteinfo@gmail.com<\/em><\/strong><\/a><strong><em>; <\/em><\/strong><a href=\"mailto:bawela1@gmail.com\"><strong><em>bawela1@gmail.com<\/em><\/strong><\/a><strong><em><\/em><\/strong><\/p>\n\n\n\n<p class=\"wp-block-paragraph\"><strong><em>Pour vos annonces, (publi)reportages, etc., joignez-nous au (00228)91515309\/<strong>79872224 <\/strong><strong><\/strong><\/em><\/strong><\/p>\n\n\n\n<p class=\"wp-block-paragraph\"><strong><em>www.macite.tg, L\u2019information, la bonne&nbsp;!<\/em><\/strong><\/p>\n\n\n\n<p class=\"wp-block-paragraph\"><\/p>\n","protected":false},"excerpt":{"rendered":"<p class=\"text-justify mb-2\" >Les personnes vivant avec un handicap ne sont plus des laiss\u00e9es pour compte. Gr\u00e2ce \u00e0 une politique sanitaire inclusive et des efforts soutenus des autorit\u00e9s, un pourcentage satisfaisant d&rsquo;entre elles b\u00e9n\u00e9ficie d&rsquo;une prise en charge en r\u00e9adaptation physique. Cette avanc\u00e9e t\u00e9moigne de la volont\u00e9 du [&hellip;]<\/p>\n","protected":false},"author":2,"featured_media":25454,"comment_status":"open","ping_status":"open","sticky":false,"template":"","format":"standard","meta":{"footnotes":""},"categories":[20,6],"tags":[],"class_list":["post-25453","post","type-post","status-publish","format-standard","has-post-thumbnail","hentry","category-actualite","category-societe"],"yoast_head":"<!-- This site is optimized with the Yoast SEO plugin v28.4 - https:\/\/yoast.com\/product\/yoast-seo-wordpress\/ -->\n<title>TOGO : Une bonne r\u00e9adaptation accompagn\u00e9e pour les personnes vivant avec un handicap -<\/title>\n<meta name=\"robots\" content=\"index, follow, max-snippet:-1, max-image-preview:large, max-video-preview:-1\" \/>\n<link rel=\"canonical\" href=\"https:\/\/macite.tg\/?p=25453\" \/>\n<meta property=\"og:locale\" content=\"fr_FR\" \/>\n<meta property=\"og:type\" content=\"article\" \/>\n<meta property=\"og:title\" content=\"TOGO : Une bonne r\u00e9adaptation accompagn\u00e9e pour les personnes vivant avec un handicap -\" \/>\n<meta property=\"og:description\" content=\"Les personnes vivant avec un handicap ne sont plus des laiss\u00e9es pour compte. Gr\u00e2ce \u00e0 une politique sanitaire inclusive et des efforts soutenus des autorit\u00e9s, un pourcentage satisfaisant d&rsquo;entre elles b\u00e9n\u00e9ficie d&rsquo;une prise en charge en r\u00e9adaptation physique. Cette avanc\u00e9e t\u00e9moigne de la volont\u00e9 du [&hellip;]\" \/>\n<meta property=\"og:url\" content=\"https:\/\/macite.tg\/?p=25453\" \/>\n<meta property=\"article:published_time\" content=\"2025-10-16T10:53:16+00:00\" \/>\n<meta property=\"article:modified_time\" content=\"2025-10-16T10:53:21+00:00\" \/>\n<meta property=\"og:image\" content=\"https:\/\/macite.tg\/wp-content\/uploads\/2025\/10\/image-71.png\" \/>\n\t<meta property=\"og:image:width\" content=\"394\" \/>\n\t<meta property=\"og:image:height\" content=\"270\" \/>\n\t<meta property=\"og:image:type\" content=\"image\/png\" \/>\n<meta name=\"author\" content=\"Jean Pierre BAWELA\" \/>\n<meta name=\"twitter:card\" content=\"summary_large_image\" \/>\n<meta name=\"twitter:label1\" content=\"\u00c9crit par\" \/>\n\t<meta name=\"twitter:data1\" content=\"Jean Pierre BAWELA\" \/>\n\t<meta name=\"twitter:label2\" content=\"Dur\u00e9e de lecture estim\u00e9e\" \/>\n\t<meta name=\"twitter:data2\" content=\"4 minutes\" \/>\n<script type=\"application\/ld+json\" class=\"yoast-schema-graph\">{\"@context\":\"https:\\\/\\\/schema.org\",\"@graph\":[{\"@type\":\"Article\",\"@id\":\"https:\\\/\\\/macite.tg\\\/?p=25453#article\",\"isPartOf\":{\"@id\":\"https:\\\/\\\/macite.tg\\\/?p=25453\"},\"author\":{\"name\":\"Jean Pierre BAWELA\",\"@id\":\"https:\\\/\\\/macite.tg\\\/#\\\/schema\\\/person\\\/e9f2de7e5dbbe7770a9402c7ce82f5c2\"},\"headline\":\"TOGO : Une bonne r\u00e9adaptation accompagn\u00e9e pour les personnes vivant avec un handicap\",\"datePublished\":\"2025-10-16T10:53:16+00:00\",\"dateModified\":\"2025-10-16T10:53:21+00:00\",\"mainEntityOfPage\":{\"@id\":\"https:\\\/\\\/macite.tg\\\/?p=25453\"},\"wordCount\":604,\"commentCount\":0,\"image\":{\"@id\":\"https:\\\/\\\/macite.tg\\\/?p=25453#primaryimage\"},\"thumbnailUrl\":\"https:\\\/\\\/macite.tg\\\/wp-content\\\/uploads\\\/2025\\\/10\\\/image-71.png\",\"articleSection\":[\"ACTUALITE\",\"SOCIETE\"],\"inLanguage\":\"fr-FR\",\"potentialAction\":[{\"@type\":\"CommentAction\",\"name\":\"Comment\",\"target\":[\"https:\\\/\\\/macite.tg\\\/?p=25453#respond\"]}]},{\"@type\":\"WebPage\",\"@id\":\"https:\\\/\\\/macite.tg\\\/?p=25453\",\"url\":\"https:\\\/\\\/macite.tg\\\/?p=25453\",\"name\":\"TOGO : Une bonne r\u00e9adaptation accompagn\u00e9e pour les personnes vivant avec un handicap -\",\"isPartOf\":{\"@id\":\"https:\\\/\\\/macite.tg\\\/#website\"},\"primaryImageOfPage\":{\"@id\":\"https:\\\/\\\/macite.tg\\\/?p=25453#primaryimage\"},\"image\":{\"@id\":\"https:\\\/\\\/macite.tg\\\/?p=25453#primaryimage\"},\"thumbnailUrl\":\"https:\\\/\\\/macite.tg\\\/wp-content\\\/uploads\\\/2025\\\/10\\\/image-71.png\",\"datePublished\":\"2025-10-16T10:53:16+00:00\",\"dateModified\":\"2025-10-16T10:53:21+00:00\",\"author\":{\"@id\":\"https:\\\/\\\/macite.tg\\\/#\\\/schema\\\/person\\\/e9f2de7e5dbbe7770a9402c7ce82f5c2\"},\"breadcrumb\":{\"@id\":\"https:\\\/\\\/macite.tg\\\/?p=25453#breadcrumb\"},\"inLanguage\":\"fr-FR\",\"potentialAction\":[{\"@type\":\"ReadAction\",\"target\":[\"https:\\\/\\\/macite.tg\\\/?p=25453\"]}]},{\"@type\":\"ImageObject\",\"inLanguage\":\"fr-FR\",\"@id\":\"https:\\\/\\\/macite.tg\\\/?p=25453#primaryimage\",\"url\":\"https:\\\/\\\/macite.tg\\\/wp-content\\\/uploads\\\/2025\\\/10\\\/image-71.png\",\"contentUrl\":\"https:\\\/\\\/macite.tg\\\/wp-content\\\/uploads\\\/2025\\\/10\\\/image-71.png\",\"width\":394,\"height\":270,\"caption\":\"Des personnes vivant avec un handicap soutenues par l'Etat via des initiatives entrepreneuriales\"},{\"@type\":\"BreadcrumbList\",\"@id\":\"https:\\\/\\\/macite.tg\\\/?p=25453#breadcrumb\",\"itemListElement\":[{\"@type\":\"ListItem\",\"position\":1,\"name\":\"Accueil\",\"item\":\"https:\\\/\\\/macite.tg\\\/\"},{\"@type\":\"ListItem\",\"position\":2,\"name\":\"TOGO : Une bonne r\u00e9adaptation accompagn\u00e9e pour les personnes vivant avec un handicap\"}]},{\"@type\":\"WebSite\",\"@id\":\"https:\\\/\\\/macite.tg\\\/#website\",\"url\":\"https:\\\/\\\/macite.tg\\\/\",\"name\":\"\",\"description\":\"L&#039;information, la bonne!!!\",\"potentialAction\":[{\"@type\":\"SearchAction\",\"target\":{\"@type\":\"EntryPoint\",\"urlTemplate\":\"https:\\\/\\\/macite.tg\\\/?s={search_term_string}\"},\"query-input\":{\"@type\":\"PropertyValueSpecification\",\"valueRequired\":true,\"valueName\":\"search_term_string\"}}],\"inLanguage\":\"fr-FR\"},{\"@type\":\"Person\",\"@id\":\"https:\\\/\\\/macite.tg\\\/#\\\/schema\\\/person\\\/e9f2de7e5dbbe7770a9402c7ce82f5c2\",\"name\":\"Jean Pierre BAWELA\",\"image\":{\"@type\":\"ImageObject\",\"inLanguage\":\"fr-FR\",\"@id\":\"https:\\\/\\\/macite.tg\\\/wp-content\\\/uploads\\\/2023\\\/09\\\/WhatsApp-Image-2023-09-19-at-14.44.41-122x122.jpeg\",\"url\":\"https:\\\/\\\/macite.tg\\\/wp-content\\\/uploads\\\/2023\\\/09\\\/WhatsApp-Image-2023-09-19-at-14.44.41-122x122.jpeg\",\"contentUrl\":\"https:\\\/\\\/macite.tg\\\/wp-content\\\/uploads\\\/2023\\\/09\\\/WhatsApp-Image-2023-09-19-at-14.44.41-122x122.jpeg\",\"caption\":\"Jean Pierre BAWELA\"},\"url\":\"https:\\\/\\\/macite.tg\\\/?author=2\"}]}<\/script>\n<!-- \/ Yoast SEO plugin. -->","yoast_head_json":{"title":"TOGO : Une bonne r\u00e9adaptation accompagn\u00e9e pour les personnes vivant avec un handicap -","robots":{"index":"index","follow":"follow","max-snippet":"max-snippet:-1","max-image-preview":"max-image-preview:large","max-video-preview":"max-video-preview:-1"},"canonical":"https:\/\/macite.tg\/?p=25453","og_locale":"fr_FR","og_type":"article","og_title":"TOGO : Une bonne r\u00e9adaptation accompagn\u00e9e pour les personnes vivant avec un handicap -","og_description":"Les personnes vivant avec un handicap ne sont plus des laiss\u00e9es pour compte. Gr\u00e2ce \u00e0 une politique sanitaire inclusive et des efforts soutenus des autorit\u00e9s, un pourcentage satisfaisant d&rsquo;entre elles b\u00e9n\u00e9ficie d&rsquo;une prise en charge en r\u00e9adaptation physique. Cette avanc\u00e9e t\u00e9moigne de la volont\u00e9 du [&hellip;]","og_url":"https:\/\/macite.tg\/?p=25453","article_published_time":"2025-10-16T10:53:16+00:00","article_modified_time":"2025-10-16T10:53:21+00:00","og_image":[{"width":394,"height":270,"url":"https:\/\/macite.tg\/wp-content\/uploads\/2025\/10\/image-71.png","type":"image\/png"}],"author":"Jean Pierre BAWELA","twitter_card":"summary_large_image","twitter_misc":{"\u00c9crit par":"Jean Pierre BAWELA","Dur\u00e9e de lecture estim\u00e9e":"4 minutes"},"schema":{"@context":"https:\/\/schema.org","@graph":[{"@type":"Article","@id":"https:\/\/macite.tg\/?p=25453#article","isPartOf":{"@id":"https:\/\/macite.tg\/?p=25453"},"author":{"name":"Jean Pierre BAWELA","@id":"https:\/\/macite.tg\/#\/schema\/person\/e9f2de7e5dbbe7770a9402c7ce82f5c2"},"headline":"TOGO : Une bonne r\u00e9adaptation accompagn\u00e9e pour les personnes vivant avec un handicap","datePublished":"2025-10-16T10:53:16+00:00","dateModified":"2025-10-16T10:53:21+00:00","mainEntityOfPage":{"@id":"https:\/\/macite.tg\/?p=25453"},"wordCount":604,"commentCount":0,"image":{"@id":"https:\/\/macite.tg\/?p=25453#primaryimage"},"thumbnailUrl":"https:\/\/macite.tg\/wp-content\/uploads\/2025\/10\/image-71.png","articleSection":["ACTUALITE","SOCIETE"],"inLanguage":"fr-FR","potentialAction":[{"@type":"CommentAction","name":"Comment","target":["https:\/\/macite.tg\/?p=25453#respond"]}]},{"@type":"WebPage","@id":"https:\/\/macite.tg\/?p=25453","url":"https:\/\/macite.tg\/?p=25453","name":"TOGO : Une bonne r\u00e9adaptation accompagn\u00e9e pour les personnes vivant avec un handicap -","isPartOf":{"@id":"https:\/\/macite.tg\/#website"},"primaryImageOfPage":{"@id":"https:\/\/macite.tg\/?p=25453#primaryimage"},"image":{"@id":"https:\/\/macite.tg\/?p=25453#primaryimage"},"thumbnailUrl":"https:\/\/macite.tg\/wp-content\/uploads\/2025\/10\/image-71.png","datePublished":"2025-10-16T10:53:16+00:00","dateModified":"2025-10-16T10:53:21+00:00","author":{"@id":"https:\/\/macite.tg\/#\/schema\/person\/e9f2de7e5dbbe7770a9402c7ce82f5c2"},"breadcrumb":{"@id":"https:\/\/macite.tg\/?p=25453#breadcrumb"},"inLanguage":"fr-FR","potentialAction":[{"@type":"ReadAction","target":["https:\/\/macite.tg\/?p=25453"]}]},{"@type":"ImageObject","inLanguage":"fr-FR","@id":"https:\/\/macite.tg\/?p=25453#primaryimage","url":"https:\/\/macite.tg\/wp-content\/uploads\/2025\/10\/image-71.png","contentUrl":"https:\/\/macite.tg\/wp-content\/uploads\/2025\/10\/image-71.png","width":394,"height":270,"caption":"Des personnes vivant avec un handicap soutenues par l'Etat via des initiatives entrepreneuriales"},{"@type":"BreadcrumbList","@id":"https:\/\/macite.tg\/?p=25453#breadcrumb","itemListElement":[{"@type":"ListItem","position":1,"name":"Accueil","item":"https:\/\/macite.tg\/"},{"@type":"ListItem","position":2,"name":"TOGO : Une bonne r\u00e9adaptation accompagn\u00e9e pour les personnes vivant avec un handicap"}]},{"@type":"WebSite","@id":"https:\/\/macite.tg\/#website","url":"https:\/\/macite.tg\/","name":"","description":"L&#039;information, la bonne!!!","potentialAction":[{"@type":"SearchAction","target":{"@type":"EntryPoint","urlTemplate":"https:\/\/macite.tg\/?s={search_term_string}"},"query-input":{"@type":"PropertyValueSpecification","valueRequired":true,"valueName":"search_term_string"}}],"inLanguage":"fr-FR"},{"@type":"Person","@id":"https:\/\/macite.tg\/#\/schema\/person\/e9f2de7e5dbbe7770a9402c7ce82f5c2","name":"Jean Pierre BAWELA","image":{"@type":"ImageObject","inLanguage":"fr-FR","@id":"https:\/\/macite.tg\/wp-content\/uploads\/2023\/09\/WhatsApp-Image-2023-09-19-at-14.44.41-122x122.jpeg","url":"https:\/\/macite.tg\/wp-content\/uploads\/2023\/09\/WhatsApp-Image-2023-09-19-at-14.44.41-122x122.jpeg","contentUrl":"https:\/\/macite.tg\/wp-content\/uploads\/2023\/09\/WhatsApp-Image-2023-09-19-at-14.44.41-122x122.jpeg","caption":"Jean Pierre BAWELA"},"url":"https:\/\/macite.tg\/?author=2"}]}},"_links":{"self":[{"href":"https:\/\/macite.tg\/index.php?rest_route=\/wp\/v2\/posts\/25453","targetHints":{"allow":["GET"]}}],"collection":[{"href":"https:\/\/macite.tg\/index.php?rest_route=\/wp\/v2\/posts"}],"about":[{"href":"https:\/\/macite.tg\/index.php?rest_route=\/wp\/v2\/types\/post"}],"author":[{"embeddable":true,"href":"https:\/\/macite.tg\/index.php?rest_route=\/wp\/v2\/users\/2"}],"replies":[{"embeddable":true,"href":"https:\/\/macite.tg\/index.php?rest_route=%2Fwp%2Fv2%2Fcomments&post=25453"}],"version-history":[{"count":0,"href":"https:\/\/macite.tg\/index.php?rest_route=\/wp\/v2\/posts\/25453\/revisions"}],"wp:featuredmedia":[{"embeddable":true,"href":"https:\/\/macite.tg\/index.php?rest_route=\/wp\/v2\/media\/25454"}],"wp:attachment":[{"href":"https:\/\/macite.tg\/index.php?rest_route=%2Fwp%2Fv2%2Fmedia&parent=25453"}],"wp:term":[{"taxonomy":"category","embeddable":true,"href":"https:\/\/macite.tg\/index.php?rest_route=%2Fwp%2Fv2%2Fcategories&post=25453"},{"taxonomy":"post_tag","embeddable":true,"href":"https:\/\/macite.tg\/index.php?rest_route=%2Fwp%2Fv2%2Ftags&post=25453"}],"curies":[{"name":"wp","href":"https:\/\/api.w.org\/{rel}","templated":true}]}}