{"id":25447,"date":"2025-10-15T18:19:06","date_gmt":"2025-10-15T18:19:06","guid":{"rendered":"https:\/\/macite.tg\/?p=25447"},"modified":"2025-10-15T18:19:13","modified_gmt":"2025-10-15T18:19:13","slug":"deces-de-raila-odinga-le-kenya-pleure-une-figure-emblematique-de-lopposition","status":"publish","type":"post","link":"https:\/\/macite.tg\/?p=25447","title":{"rendered":"DECES DE RAILA ODINGA\u00a0: Le Kenya pleure une figure embl\u00e9matique de l\u2019opposition"},"content":{"rendered":"\n<p class=\"wp-block-paragraph\"><strong><em>Le chef de l\u2019opposition k\u00e9nyane, Raila Odinga, 80 ans, est d\u00e9c\u00e9d\u00e9 mercredi matin dans le sud de l\u2019Inde, apr\u00e8s avoir perdu connaissance lors d\u2019une promenade, a-t-on appris aupr\u00e8s de la police indienne.<\/em><\/strong><\/p>\n\n\n\n<p class=\"wp-block-paragraph\"><em>\u00ab&nbsp;La mort est confirm\u00e9e&nbsp;\u00bb,<\/em> a d\u00e9clar\u00e9 un responsable de la police du district d\u2019Ernakumam, Krishnan M. <em>\u00ab&nbsp;Il se promenait avec sa s\u0153ur, sa fille et son m\u00e9decin lorsqu\u2019il s\u2019est \u00e9croul\u00e9 [\u2026] Il a \u00e9t\u00e9 conduit dans un h\u00f4pital o\u00f9 il a \u00e9t\u00e9 d\u00e9clar\u00e9 mort&nbsp;\u00bb.<\/em><\/p>\n\n\n\n<figure class=\"wp-block-image size-full\"><img loading=\"lazy\" decoding=\"async\" width=\"851\" height=\"315\" src=\"https:\/\/macite.tg\/wp-content\/uploads\/2025\/10\/OTR_Bandeau-Renseignements-1.jpg\" alt=\"\" class=\"wp-image-25417\" srcset=\"https:\/\/macite.tg\/wp-content\/uploads\/2025\/10\/OTR_Bandeau-Renseignements-1.jpg 851w, https:\/\/macite.tg\/wp-content\/uploads\/2025\/10\/OTR_Bandeau-Renseignements-1-300x111.jpg 300w, https:\/\/macite.tg\/wp-content\/uploads\/2025\/10\/OTR_Bandeau-Renseignements-1-768x284.jpg 768w\" sizes=\"auto, (max-width: 851px) 100vw, 851px\" \/><\/figure>\n\n\n\n<p class=\"wp-block-paragraph\"><strong>Deuil national<\/strong><\/p>\n\n\n\n<p class=\"wp-block-paragraph\">Le pr\u00e9sident William Ruto, qui s\u2019est rendu au domicile familial de Raila Odinga \u00e0 Nairobi, a d\u00e9cr\u00e9t\u00e9 sept jours de deuil national, \u00e9voquant <em>\u00ab&nbsp;l\u2019un des plus grands hommes d\u2019\u00c9tat du Kenya et l\u2019un des plus grands fils de l\u2019Afrique (\u2026) un g\u00e9ant de la d\u00e9mocratie, un combattant intr\u00e9pide de la libert\u00e9 et un guerrier infatigable de la bonne gouvernance&nbsp;\u00bb.<\/em>&nbsp;<\/p>\n\n\n<div class=\"wp-block-image\">\n<figure class=\"aligncenter size-large\"><img loading=\"lazy\" decoding=\"async\" width=\"728\" height=\"1024\" src=\"https:\/\/macite.tg\/wp-content\/uploads\/2025\/10\/image-51-728x1024.png\" alt=\"\" class=\"wp-image-25339\" srcset=\"https:\/\/macite.tg\/wp-content\/uploads\/2025\/10\/image-51-728x1024.png 728w, https:\/\/macite.tg\/wp-content\/uploads\/2025\/10\/image-51-213x300.png 213w, https:\/\/macite.tg\/wp-content\/uploads\/2025\/10\/image-51-768x1080.png 768w, https:\/\/macite.tg\/wp-content\/uploads\/2025\/10\/image-51-1092x1536.png 1092w, https:\/\/macite.tg\/wp-content\/uploads\/2025\/10\/image-51.png 1165w\" sizes=\"auto, (max-width: 728px) 100vw, 728px\" \/><\/figure>\n<\/div>\n\n\n<p class=\"wp-block-paragraph\">Durant cette p\u00e9riode, en hommage \u00e0 la <em>\u00ab&nbsp;contribution extraordinaire&nbsp;\u00bb <\/em>de Raila Odinga pour le pays, <em>\u00ab&nbsp;le drapeau national devrait \u00eatre mis en berne \u00e0 travers la R\u00e9publique (\u2026) dans toutes nos missions \u00e0 l\u2019\u00e9tranger&nbsp;\u00bb,<\/em> a d\u00e9clar\u00e9 William Ruto lors d\u2019une allocution au palais pr\u00e9sidentiel.<\/p>\n\n\n\n<p class=\"wp-block-paragraph\"><strong>(Avec AFP)<\/strong><\/p>\n\n\n\n<p class=\"wp-block-paragraph\"><a><strong><em>@macite.tg&nbsp;&nbsp;&nbsp;&nbsp;&nbsp;&nbsp;&nbsp;&nbsp;<\/em><\/strong><\/a><\/p>\n\n\n\n<p class=\"wp-block-paragraph\"><strong><em>E-mail&nbsp;: <\/em><\/strong><a href=\"mailto:maciteinfo@gmail.com\"><strong><em>maciteinfo@gmail.com<\/em><\/strong><\/a><strong><em>; <\/em><\/strong><a href=\"mailto:bawela1@gmail.com\"><strong><em>bawela1@gmail.com<\/em><\/strong><\/a><strong><em><\/em><\/strong><\/p>\n\n\n\n<p class=\"wp-block-paragraph\"><strong><em>Pour vos annonces, (publi)reportages, etc., joignez-nous au (00228)91515309\/<strong>79872224 <\/strong><strong><\/strong><\/em><\/strong><\/p>\n\n\n\n<p class=\"wp-block-paragraph\"><strong><em>www.macite.tg, L\u2019information, la bonne&nbsp;!<\/em><\/strong><\/p>\n\n\n\n<p class=\"wp-block-paragraph\"><\/p>\n","protected":false},"excerpt":{"rendered":"<p class=\"text-justify mb-2\" >Le chef de l\u2019opposition k\u00e9nyane, Raila Odinga, 80 ans, est d\u00e9c\u00e9d\u00e9 mercredi matin dans le sud de l\u2019Inde, apr\u00e8s avoir perdu connaissance lors d\u2019une promenade, a-t-on appris aupr\u00e8s de la police indienne. \u00ab&nbsp;La mort est confirm\u00e9e&nbsp;\u00bb, a d\u00e9clar\u00e9 un responsable de la police du district [&hellip;]<\/p>\n","protected":false},"author":2,"featured_media":25448,"comment_status":"open","ping_status":"open","sticky":false,"template":"","format":"standard","meta":{"footnotes":""},"categories":[20,35],"tags":[],"class_list":["post-25447","post","type-post","status-publish","format-standard","has-post-thumbnail","hentry","category-actualite","category-necrologie"],"yoast_head":"<!-- This site is optimized with the Yoast SEO plugin v28.4 - https:\/\/yoast.com\/product\/yoast-seo-wordpress\/ -->\n<title>DECES DE RAILA ODINGA\u00a0: Le Kenya pleure une figure embl\u00e9matique de l\u2019opposition -<\/title>\n<meta name=\"robots\" content=\"index, follow, max-snippet:-1, max-image-preview:large, max-video-preview:-1\" \/>\n<link rel=\"canonical\" href=\"https:\/\/macite.tg\/?p=25447\" \/>\n<meta property=\"og:locale\" content=\"fr_FR\" \/>\n<meta property=\"og:type\" content=\"article\" \/>\n<meta property=\"og:title\" content=\"DECES DE RAILA ODINGA\u00a0: Le Kenya pleure une figure embl\u00e9matique de l\u2019opposition -\" \/>\n<meta property=\"og:description\" content=\"Le chef de l\u2019opposition k\u00e9nyane, Raila Odinga, 80 ans, est d\u00e9c\u00e9d\u00e9 mercredi matin dans le sud de l\u2019Inde, apr\u00e8s avoir perdu connaissance lors d\u2019une promenade, a-t-on appris aupr\u00e8s de la police indienne. \u00ab&nbsp;La mort est confirm\u00e9e&nbsp;\u00bb, a d\u00e9clar\u00e9 un responsable de la police du district [&hellip;]\" \/>\n<meta property=\"og:url\" content=\"https:\/\/macite.tg\/?p=25447\" \/>\n<meta property=\"article:published_time\" content=\"2025-10-15T18:19:06+00:00\" \/>\n<meta property=\"article:modified_time\" content=\"2025-10-15T18:19:13+00:00\" \/>\n<meta property=\"og:image\" content=\"https:\/\/macite.tg\/wp-content\/uploads\/2025\/10\/image-70.png\" \/>\n\t<meta property=\"og:image:width\" content=\"534\" \/>\n\t<meta property=\"og:image:height\" content=\"267\" \/>\n\t<meta property=\"og:image:type\" content=\"image\/png\" \/>\n<meta name=\"author\" content=\"Jean Pierre BAWELA\" \/>\n<meta name=\"twitter:card\" content=\"summary_large_image\" \/>\n<meta name=\"twitter:label1\" content=\"\u00c9crit par\" \/>\n\t<meta name=\"twitter:data1\" content=\"Jean Pierre BAWELA\" \/>\n\t<meta name=\"twitter:label2\" content=\"Dur\u00e9e de lecture estim\u00e9e\" \/>\n\t<meta name=\"twitter:data2\" content=\"2 minutes\" \/>\n<script type=\"application\/ld+json\" class=\"yoast-schema-graph\">{\"@context\":\"https:\\\/\\\/schema.org\",\"@graph\":[{\"@type\":\"Article\",\"@id\":\"https:\\\/\\\/macite.tg\\\/?p=25447#article\",\"isPartOf\":{\"@id\":\"https:\\\/\\\/macite.tg\\\/?p=25447\"},\"author\":{\"name\":\"Jean Pierre BAWELA\",\"@id\":\"https:\\\/\\\/macite.tg\\\/#\\\/schema\\\/person\\\/e9f2de7e5dbbe7770a9402c7ce82f5c2\"},\"headline\":\"DECES DE RAILA ODINGA\u00a0: Le Kenya pleure une figure embl\u00e9matique de l\u2019opposition\",\"datePublished\":\"2025-10-15T18:19:06+00:00\",\"dateModified\":\"2025-10-15T18:19:13+00:00\",\"mainEntityOfPage\":{\"@id\":\"https:\\\/\\\/macite.tg\\\/?p=25447\"},\"wordCount\":268,\"commentCount\":0,\"image\":{\"@id\":\"https:\\\/\\\/macite.tg\\\/?p=25447#primaryimage\"},\"thumbnailUrl\":\"https:\\\/\\\/macite.tg\\\/wp-content\\\/uploads\\\/2025\\\/10\\\/image-70.png\",\"articleSection\":[\"ACTUALITE\",\"NECROLOGIE\"],\"inLanguage\":\"fr-FR\",\"potentialAction\":[{\"@type\":\"CommentAction\",\"name\":\"Comment\",\"target\":[\"https:\\\/\\\/macite.tg\\\/?p=25447#respond\"]}]},{\"@type\":\"WebPage\",\"@id\":\"https:\\\/\\\/macite.tg\\\/?p=25447\",\"url\":\"https:\\\/\\\/macite.tg\\\/?p=25447\",\"name\":\"DECES DE RAILA ODINGA\u00a0: Le Kenya pleure une figure embl\u00e9matique de l\u2019opposition -\",\"isPartOf\":{\"@id\":\"https:\\\/\\\/macite.tg\\\/#website\"},\"primaryImageOfPage\":{\"@id\":\"https:\\\/\\\/macite.tg\\\/?p=25447#primaryimage\"},\"image\":{\"@id\":\"https:\\\/\\\/macite.tg\\\/?p=25447#primaryimage\"},\"thumbnailUrl\":\"https:\\\/\\\/macite.tg\\\/wp-content\\\/uploads\\\/2025\\\/10\\\/image-70.png\",\"datePublished\":\"2025-10-15T18:19:06+00:00\",\"dateModified\":\"2025-10-15T18:19:13+00:00\",\"author\":{\"@id\":\"https:\\\/\\\/macite.tg\\\/#\\\/schema\\\/person\\\/e9f2de7e5dbbe7770a9402c7ce82f5c2\"},\"breadcrumb\":{\"@id\":\"https:\\\/\\\/macite.tg\\\/?p=25447#breadcrumb\"},\"inLanguage\":\"fr-FR\",\"potentialAction\":[{\"@type\":\"ReadAction\",\"target\":[\"https:\\\/\\\/macite.tg\\\/?p=25447\"]}]},{\"@type\":\"ImageObject\",\"inLanguage\":\"fr-FR\",\"@id\":\"https:\\\/\\\/macite.tg\\\/?p=25447#primaryimage\",\"url\":\"https:\\\/\\\/macite.tg\\\/wp-content\\\/uploads\\\/2025\\\/10\\\/image-70.png\",\"contentUrl\":\"https:\\\/\\\/macite.tg\\\/wp-content\\\/uploads\\\/2025\\\/10\\\/image-70.png\",\"width\":534,\"height\":267,\"caption\":\"Feu Raila Odinga\"},{\"@type\":\"BreadcrumbList\",\"@id\":\"https:\\\/\\\/macite.tg\\\/?p=25447#breadcrumb\",\"itemListElement\":[{\"@type\":\"ListItem\",\"position\":1,\"name\":\"Accueil\",\"item\":\"https:\\\/\\\/macite.tg\\\/\"},{\"@type\":\"ListItem\",\"position\":2,\"name\":\"DECES DE RAILA ODINGA\u00a0: Le Kenya pleure une figure embl\u00e9matique de l\u2019opposition\"}]},{\"@type\":\"WebSite\",\"@id\":\"https:\\\/\\\/macite.tg\\\/#website\",\"url\":\"https:\\\/\\\/macite.tg\\\/\",\"name\":\"\",\"description\":\"L&#039;information, la bonne!!!\",\"potentialAction\":[{\"@type\":\"SearchAction\",\"target\":{\"@type\":\"EntryPoint\",\"urlTemplate\":\"https:\\\/\\\/macite.tg\\\/?s={search_term_string}\"},\"query-input\":{\"@type\":\"PropertyValueSpecification\",\"valueRequired\":true,\"valueName\":\"search_term_string\"}}],\"inLanguage\":\"fr-FR\"},{\"@type\":\"Person\",\"@id\":\"https:\\\/\\\/macite.tg\\\/#\\\/schema\\\/person\\\/e9f2de7e5dbbe7770a9402c7ce82f5c2\",\"name\":\"Jean Pierre BAWELA\",\"image\":{\"@type\":\"ImageObject\",\"inLanguage\":\"fr-FR\",\"@id\":\"https:\\\/\\\/macite.tg\\\/wp-content\\\/uploads\\\/2023\\\/09\\\/WhatsApp-Image-2023-09-19-at-14.44.41-122x122.jpeg\",\"url\":\"https:\\\/\\\/macite.tg\\\/wp-content\\\/uploads\\\/2023\\\/09\\\/WhatsApp-Image-2023-09-19-at-14.44.41-122x122.jpeg\",\"contentUrl\":\"https:\\\/\\\/macite.tg\\\/wp-content\\\/uploads\\\/2023\\\/09\\\/WhatsApp-Image-2023-09-19-at-14.44.41-122x122.jpeg\",\"caption\":\"Jean Pierre BAWELA\"},\"url\":\"https:\\\/\\\/macite.tg\\\/?author=2\"}]}<\/script>\n<!-- \/ Yoast SEO plugin. -->","yoast_head_json":{"title":"DECES DE RAILA ODINGA\u00a0: Le Kenya pleure une figure embl\u00e9matique de l\u2019opposition -","robots":{"index":"index","follow":"follow","max-snippet":"max-snippet:-1","max-image-preview":"max-image-preview:large","max-video-preview":"max-video-preview:-1"},"canonical":"https:\/\/macite.tg\/?p=25447","og_locale":"fr_FR","og_type":"article","og_title":"DECES DE RAILA ODINGA\u00a0: Le Kenya pleure une figure embl\u00e9matique de l\u2019opposition -","og_description":"Le chef de l\u2019opposition k\u00e9nyane, Raila Odinga, 80 ans, est d\u00e9c\u00e9d\u00e9 mercredi matin dans le sud de l\u2019Inde, apr\u00e8s avoir perdu connaissance lors d\u2019une promenade, a-t-on appris aupr\u00e8s de la police indienne. \u00ab&nbsp;La mort est confirm\u00e9e&nbsp;\u00bb, a d\u00e9clar\u00e9 un responsable de la police du district [&hellip;]","og_url":"https:\/\/macite.tg\/?p=25447","article_published_time":"2025-10-15T18:19:06+00:00","article_modified_time":"2025-10-15T18:19:13+00:00","og_image":[{"width":534,"height":267,"url":"https:\/\/macite.tg\/wp-content\/uploads\/2025\/10\/image-70.png","type":"image\/png"}],"author":"Jean Pierre BAWELA","twitter_card":"summary_large_image","twitter_misc":{"\u00c9crit par":"Jean Pierre BAWELA","Dur\u00e9e de lecture estim\u00e9e":"2 minutes"},"schema":{"@context":"https:\/\/schema.org","@graph":[{"@type":"Article","@id":"https:\/\/macite.tg\/?p=25447#article","isPartOf":{"@id":"https:\/\/macite.tg\/?p=25447"},"author":{"name":"Jean Pierre BAWELA","@id":"https:\/\/macite.tg\/#\/schema\/person\/e9f2de7e5dbbe7770a9402c7ce82f5c2"},"headline":"DECES DE RAILA ODINGA\u00a0: Le Kenya pleure une figure embl\u00e9matique de l\u2019opposition","datePublished":"2025-10-15T18:19:06+00:00","dateModified":"2025-10-15T18:19:13+00:00","mainEntityOfPage":{"@id":"https:\/\/macite.tg\/?p=25447"},"wordCount":268,"commentCount":0,"image":{"@id":"https:\/\/macite.tg\/?p=25447#primaryimage"},"thumbnailUrl":"https:\/\/macite.tg\/wp-content\/uploads\/2025\/10\/image-70.png","articleSection":["ACTUALITE","NECROLOGIE"],"inLanguage":"fr-FR","potentialAction":[{"@type":"CommentAction","name":"Comment","target":["https:\/\/macite.tg\/?p=25447#respond"]}]},{"@type":"WebPage","@id":"https:\/\/macite.tg\/?p=25447","url":"https:\/\/macite.tg\/?p=25447","name":"DECES DE RAILA ODINGA\u00a0: Le Kenya pleure une figure embl\u00e9matique de l\u2019opposition -","isPartOf":{"@id":"https:\/\/macite.tg\/#website"},"primaryImageOfPage":{"@id":"https:\/\/macite.tg\/?p=25447#primaryimage"},"image":{"@id":"https:\/\/macite.tg\/?p=25447#primaryimage"},"thumbnailUrl":"https:\/\/macite.tg\/wp-content\/uploads\/2025\/10\/image-70.png","datePublished":"2025-10-15T18:19:06+00:00","dateModified":"2025-10-15T18:19:13+00:00","author":{"@id":"https:\/\/macite.tg\/#\/schema\/person\/e9f2de7e5dbbe7770a9402c7ce82f5c2"},"breadcrumb":{"@id":"https:\/\/macite.tg\/?p=25447#breadcrumb"},"inLanguage":"fr-FR","potentialAction":[{"@type":"ReadAction","target":["https:\/\/macite.tg\/?p=25447"]}]},{"@type":"ImageObject","inLanguage":"fr-FR","@id":"https:\/\/macite.tg\/?p=25447#primaryimage","url":"https:\/\/macite.tg\/wp-content\/uploads\/2025\/10\/image-70.png","contentUrl":"https:\/\/macite.tg\/wp-content\/uploads\/2025\/10\/image-70.png","width":534,"height":267,"caption":"Feu Raila Odinga"},{"@type":"BreadcrumbList","@id":"https:\/\/macite.tg\/?p=25447#breadcrumb","itemListElement":[{"@type":"ListItem","position":1,"name":"Accueil","item":"https:\/\/macite.tg\/"},{"@type":"ListItem","position":2,"name":"DECES DE RAILA ODINGA\u00a0: Le Kenya pleure une figure embl\u00e9matique de l\u2019opposition"}]},{"@type":"WebSite","@id":"https:\/\/macite.tg\/#website","url":"https:\/\/macite.tg\/","name":"","description":"L&#039;information, la bonne!!!","potentialAction":[{"@type":"SearchAction","target":{"@type":"EntryPoint","urlTemplate":"https:\/\/macite.tg\/?s={search_term_string}"},"query-input":{"@type":"PropertyValueSpecification","valueRequired":true,"valueName":"search_term_string"}}],"inLanguage":"fr-FR"},{"@type":"Person","@id":"https:\/\/macite.tg\/#\/schema\/person\/e9f2de7e5dbbe7770a9402c7ce82f5c2","name":"Jean Pierre BAWELA","image":{"@type":"ImageObject","inLanguage":"fr-FR","@id":"https:\/\/macite.tg\/wp-content\/uploads\/2023\/09\/WhatsApp-Image-2023-09-19-at-14.44.41-122x122.jpeg","url":"https:\/\/macite.tg\/wp-content\/uploads\/2023\/09\/WhatsApp-Image-2023-09-19-at-14.44.41-122x122.jpeg","contentUrl":"https:\/\/macite.tg\/wp-content\/uploads\/2023\/09\/WhatsApp-Image-2023-09-19-at-14.44.41-122x122.jpeg","caption":"Jean Pierre BAWELA"},"url":"https:\/\/macite.tg\/?author=2"}]}},"_links":{"self":[{"href":"https:\/\/macite.tg\/index.php?rest_route=\/wp\/v2\/posts\/25447","targetHints":{"allow":["GET"]}}],"collection":[{"href":"https:\/\/macite.tg\/index.php?rest_route=\/wp\/v2\/posts"}],"about":[{"href":"https:\/\/macite.tg\/index.php?rest_route=\/wp\/v2\/types\/post"}],"author":[{"embeddable":true,"href":"https:\/\/macite.tg\/index.php?rest_route=\/wp\/v2\/users\/2"}],"replies":[{"embeddable":true,"href":"https:\/\/macite.tg\/index.php?rest_route=%2Fwp%2Fv2%2Fcomments&post=25447"}],"version-history":[{"count":0,"href":"https:\/\/macite.tg\/index.php?rest_route=\/wp\/v2\/posts\/25447\/revisions"}],"wp:featuredmedia":[{"embeddable":true,"href":"https:\/\/macite.tg\/index.php?rest_route=\/wp\/v2\/media\/25448"}],"wp:attachment":[{"href":"https:\/\/macite.tg\/index.php?rest_route=%2Fwp%2Fv2%2Fmedia&parent=25447"}],"wp:term":[{"taxonomy":"category","embeddable":true,"href":"https:\/\/macite.tg\/index.php?rest_route=%2Fwp%2Fv2%2Fcategories&post=25447"},{"taxonomy":"post_tag","embeddable":true,"href":"https:\/\/macite.tg\/index.php?rest_route=%2Fwp%2Fv2%2Ftags&post=25447"}],"curies":[{"name":"wp","href":"https:\/\/api.w.org\/{rel}","templated":true}]}}