{"id":25444,"date":"2025-10-15T18:04:41","date_gmt":"2025-10-15T18:04:41","guid":{"rendered":"https:\/\/macite.tg\/?p=25444"},"modified":"2025-10-15T18:04:48","modified_gmt":"2025-10-15T18:04:48","slug":"prison-de-la-sante-de-paris-lex-president-nicolas-sarkozy-le-nouveau-locataire-des-le-21-octobre-prochain","status":"publish","type":"post","link":"https:\/\/macite.tg\/?p=25444","title":{"rendered":"PRISON DE LA SANTE DE PARIS\u00a0: L\u2019ex pr\u00e9sident Nicolas Sarkozy, le nouveau locataire\u2026 d\u00e8s le 21 octobre prochain"},"content":{"rendered":"\n<p class=\"wp-block-paragraph\"><strong><em>L\u2019ex-pr\u00e9sident fran\u00e7ais Nicolas Sarkozy s\u2019est vu notifier lundi dernier au tribunal judiciaire de Paris, la date et le lieu de son incarc\u00e9ration, apr\u00e8s sa condamnation dans le cadre du dossier libyen. Il sera incarc\u00e9r\u00e9 le 21 octobre \u00e0 la prison de la Sant\u00e9 \u00e0 Paris.<\/em><\/strong><em><\/em><\/p>\n\n\n\n<p class=\"wp-block-paragraph\">A 70 ans, Nicolas Sarkozy va devenir le premier ex-chef d\u2019Etat d\u2019un pays de l\u2019Union europ\u00e9enne \u00e0 aller derri\u00e8re les barreaux.<\/p>\n\n\n\n<figure class=\"wp-block-image size-full\"><img loading=\"lazy\" decoding=\"async\" width=\"851\" height=\"315\" src=\"https:\/\/macite.tg\/wp-content\/uploads\/2025\/10\/OTR_Bandeau-Renseignements-1.jpg\" alt=\"\" class=\"wp-image-25417\" srcset=\"https:\/\/macite.tg\/wp-content\/uploads\/2025\/10\/OTR_Bandeau-Renseignements-1.jpg 851w, https:\/\/macite.tg\/wp-content\/uploads\/2025\/10\/OTR_Bandeau-Renseignements-1-300x111.jpg 300w, https:\/\/macite.tg\/wp-content\/uploads\/2025\/10\/OTR_Bandeau-Renseignements-1-768x284.jpg 768w\" sizes=\"auto, (max-width: 851px) 100vw, 851px\" \/><\/figure>\n\n\n\n<p class=\"wp-block-paragraph\">Le 25 septembre, l\u2019ancien chef de l\u2019Etat a \u00e9t\u00e9 condamn\u00e9 \u00e0 cinq ans de prison ferme avec ex\u00e9cution provisoire, le d\u00e9clarant coupable d\u2019association de malfaiteurs pour avoir laiss\u00e9 ses plus proches collaborateurs d\u00e9marcher la Libye de Mouammar Kadhafi en vue d\u2019un financement ill\u00e9gal de sa campagne pr\u00e9sidentielle victorieuse de 2007.<\/p>\n\n\n<div class=\"wp-block-image\">\n<figure class=\"aligncenter size-large\"><img loading=\"lazy\" decoding=\"async\" width=\"728\" height=\"1024\" src=\"https:\/\/macite.tg\/wp-content\/uploads\/2025\/10\/image-51-728x1024.png\" alt=\"\" class=\"wp-image-25339\" srcset=\"https:\/\/macite.tg\/wp-content\/uploads\/2025\/10\/image-51-728x1024.png 728w, https:\/\/macite.tg\/wp-content\/uploads\/2025\/10\/image-51-213x300.png 213w, https:\/\/macite.tg\/wp-content\/uploads\/2025\/10\/image-51-768x1080.png 768w, https:\/\/macite.tg\/wp-content\/uploads\/2025\/10\/image-51-1092x1536.png 1092w, https:\/\/macite.tg\/wp-content\/uploads\/2025\/10\/image-51.png 1165w\" sizes=\"auto, (max-width: 728px) 100vw, 728px\" \/><\/figure>\n<\/div>\n\n\n<p class=\"wp-block-paragraph\">L\u2019ex-pr\u00e9sident, arriv\u00e9 dans une voiture aux vitres fum\u00e9es vers 13H45 (11H45 GMT), est reparti \u00e0 14H25 (12H45 GMT) sans faire de d\u00e9claration. C\u2019est dans les locaux du parquet national financier que lui ont \u00e9t\u00e9 communiqu\u00e9es les modalit\u00e9s de son incarc\u00e9ration, qui n\u2019ont pas \u00e9t\u00e9 rendues publiques.<\/p>\n\n\n\n<p class=\"wp-block-paragraph\"><strong>MSN<\/strong><\/p>\n\n\n\n<p class=\"wp-block-paragraph\"><a><strong><em>@macite.tg&nbsp;&nbsp;&nbsp;&nbsp;&nbsp;&nbsp;&nbsp;&nbsp;<\/em><\/strong><\/a><\/p>\n\n\n\n<p class=\"wp-block-paragraph\"><strong><em>E-mail&nbsp;: <\/em><\/strong><a href=\"mailto:maciteinfo@gmail.com\"><strong><em>maciteinfo@gmail.com<\/em><\/strong><\/a><strong><em>; <\/em><\/strong><a href=\"mailto:bawela1@gmail.com\"><strong><em>bawela1@gmail.com<\/em><\/strong><\/a><strong><em><\/em><\/strong><\/p>\n\n\n\n<p class=\"wp-block-paragraph\"><strong><em>Pour vos annonces, (publi)reportages, etc., joignez-nous au (00228)91515309\/<strong>79872224 <\/strong><strong><\/strong><\/em><\/strong><\/p>\n\n\n\n<p class=\"wp-block-paragraph\"><strong><em>www.macite.tg, L\u2019information, la bonne&nbsp;!<\/em><\/strong><\/p>\n\n\n\n<p class=\"wp-block-paragraph\"><\/p>\n","protected":false},"excerpt":{"rendered":"<p class=\"text-justify mb-2\" >L\u2019ex-pr\u00e9sident fran\u00e7ais Nicolas Sarkozy s\u2019est vu notifier lundi dernier au tribunal judiciaire de Paris, la date et le lieu de son incarc\u00e9ration, apr\u00e8s sa condamnation dans le cadre du dossier libyen. Il sera incarc\u00e9r\u00e9 le 21 octobre \u00e0 la prison de la Sant\u00e9 \u00e0 Paris. [&hellip;]<\/p>\n","protected":false},"author":2,"featured_media":25445,"comment_status":"open","ping_status":"open","sticky":false,"template":"","format":"standard","meta":{"footnotes":""},"categories":[20,26],"tags":[],"class_list":["post-25444","post","type-post","status-publish","format-standard","has-post-thumbnail","hentry","category-actualite","category-justice"],"yoast_head":"<!-- This site is optimized with the Yoast SEO plugin v28.4 - https:\/\/yoast.com\/product\/yoast-seo-wordpress\/ -->\n<title>PRISON DE LA SANTE DE PARIS\u00a0: L\u2019ex pr\u00e9sident Nicolas Sarkozy, le nouveau locataire\u2026 d\u00e8s le 21 octobre prochain -<\/title>\n<meta name=\"robots\" content=\"index, follow, max-snippet:-1, max-image-preview:large, max-video-preview:-1\" \/>\n<link rel=\"canonical\" href=\"https:\/\/macite.tg\/?p=25444\" \/>\n<meta property=\"og:locale\" content=\"fr_FR\" \/>\n<meta property=\"og:type\" content=\"article\" \/>\n<meta property=\"og:title\" content=\"PRISON DE LA SANTE DE PARIS\u00a0: L\u2019ex pr\u00e9sident Nicolas Sarkozy, le nouveau locataire\u2026 d\u00e8s le 21 octobre prochain -\" \/>\n<meta property=\"og:description\" content=\"L\u2019ex-pr\u00e9sident fran\u00e7ais Nicolas Sarkozy s\u2019est vu notifier lundi dernier au tribunal judiciaire de Paris, la date et le lieu de son incarc\u00e9ration, apr\u00e8s sa condamnation dans le cadre du dossier libyen. Il sera incarc\u00e9r\u00e9 le 21 octobre \u00e0 la prison de la Sant\u00e9 \u00e0 Paris. [&hellip;]\" \/>\n<meta property=\"og:url\" content=\"https:\/\/macite.tg\/?p=25444\" \/>\n<meta property=\"article:published_time\" content=\"2025-10-15T18:04:41+00:00\" \/>\n<meta property=\"article:modified_time\" content=\"2025-10-15T18:04:48+00:00\" \/>\n<meta property=\"og:image\" content=\"https:\/\/macite.tg\/wp-content\/uploads\/2025\/10\/image-69.png\" \/>\n\t<meta property=\"og:image:width\" content=\"534\" \/>\n\t<meta property=\"og:image:height\" content=\"356\" \/>\n\t<meta property=\"og:image:type\" content=\"image\/png\" \/>\n<meta name=\"author\" content=\"Jean Pierre BAWELA\" \/>\n<meta name=\"twitter:card\" content=\"summary_large_image\" \/>\n<meta name=\"twitter:label1\" content=\"\u00c9crit par\" \/>\n\t<meta name=\"twitter:data1\" content=\"Jean Pierre BAWELA\" \/>\n\t<meta name=\"twitter:label2\" content=\"Dur\u00e9e de lecture estim\u00e9e\" \/>\n\t<meta name=\"twitter:data2\" content=\"2 minutes\" \/>\n<script type=\"application\/ld+json\" class=\"yoast-schema-graph\">{\"@context\":\"https:\\\/\\\/schema.org\",\"@graph\":[{\"@type\":\"Article\",\"@id\":\"https:\\\/\\\/macite.tg\\\/?p=25444#article\",\"isPartOf\":{\"@id\":\"https:\\\/\\\/macite.tg\\\/?p=25444\"},\"author\":{\"name\":\"Jean Pierre BAWELA\",\"@id\":\"https:\\\/\\\/macite.tg\\\/#\\\/schema\\\/person\\\/e9f2de7e5dbbe7770a9402c7ce82f5c2\"},\"headline\":\"PRISON DE LA SANTE DE PARIS\u00a0: L\u2019ex pr\u00e9sident Nicolas Sarkozy, le nouveau locataire\u2026 d\u00e8s le 21 octobre prochain\",\"datePublished\":\"2025-10-15T18:04:41+00:00\",\"dateModified\":\"2025-10-15T18:04:48+00:00\",\"mainEntityOfPage\":{\"@id\":\"https:\\\/\\\/macite.tg\\\/?p=25444\"},\"wordCount\":238,\"commentCount\":0,\"image\":{\"@id\":\"https:\\\/\\\/macite.tg\\\/?p=25444#primaryimage\"},\"thumbnailUrl\":\"https:\\\/\\\/macite.tg\\\/wp-content\\\/uploads\\\/2025\\\/10\\\/image-69.png\",\"articleSection\":[\"ACTUALITE\",\"JUSTICE\"],\"inLanguage\":\"fr-FR\",\"potentialAction\":[{\"@type\":\"CommentAction\",\"name\":\"Comment\",\"target\":[\"https:\\\/\\\/macite.tg\\\/?p=25444#respond\"]}]},{\"@type\":\"WebPage\",\"@id\":\"https:\\\/\\\/macite.tg\\\/?p=25444\",\"url\":\"https:\\\/\\\/macite.tg\\\/?p=25444\",\"name\":\"PRISON DE LA SANTE DE PARIS\u00a0: L\u2019ex pr\u00e9sident Nicolas Sarkozy, le nouveau locataire\u2026 d\u00e8s le 21 octobre prochain -\",\"isPartOf\":{\"@id\":\"https:\\\/\\\/macite.tg\\\/#website\"},\"primaryImageOfPage\":{\"@id\":\"https:\\\/\\\/macite.tg\\\/?p=25444#primaryimage\"},\"image\":{\"@id\":\"https:\\\/\\\/macite.tg\\\/?p=25444#primaryimage\"},\"thumbnailUrl\":\"https:\\\/\\\/macite.tg\\\/wp-content\\\/uploads\\\/2025\\\/10\\\/image-69.png\",\"datePublished\":\"2025-10-15T18:04:41+00:00\",\"dateModified\":\"2025-10-15T18:04:48+00:00\",\"author\":{\"@id\":\"https:\\\/\\\/macite.tg\\\/#\\\/schema\\\/person\\\/e9f2de7e5dbbe7770a9402c7ce82f5c2\"},\"breadcrumb\":{\"@id\":\"https:\\\/\\\/macite.tg\\\/?p=25444#breadcrumb\"},\"inLanguage\":\"fr-FR\",\"potentialAction\":[{\"@type\":\"ReadAction\",\"target\":[\"https:\\\/\\\/macite.tg\\\/?p=25444\"]}]},{\"@type\":\"ImageObject\",\"inLanguage\":\"fr-FR\",\"@id\":\"https:\\\/\\\/macite.tg\\\/?p=25444#primaryimage\",\"url\":\"https:\\\/\\\/macite.tg\\\/wp-content\\\/uploads\\\/2025\\\/10\\\/image-69.png\",\"contentUrl\":\"https:\\\/\\\/macite.tg\\\/wp-content\\\/uploads\\\/2025\\\/10\\\/image-69.png\",\"width\":534,\"height\":356,\"caption\":\"L'ex pr\u00e9sident fran\u00e7ais Nicolas Sarkozy\"},{\"@type\":\"BreadcrumbList\",\"@id\":\"https:\\\/\\\/macite.tg\\\/?p=25444#breadcrumb\",\"itemListElement\":[{\"@type\":\"ListItem\",\"position\":1,\"name\":\"Accueil\",\"item\":\"https:\\\/\\\/macite.tg\\\/\"},{\"@type\":\"ListItem\",\"position\":2,\"name\":\"PRISON DE LA SANTE DE PARIS\u00a0: L\u2019ex pr\u00e9sident Nicolas Sarkozy, le nouveau locataire\u2026 d\u00e8s le 21 octobre prochain\"}]},{\"@type\":\"WebSite\",\"@id\":\"https:\\\/\\\/macite.tg\\\/#website\",\"url\":\"https:\\\/\\\/macite.tg\\\/\",\"name\":\"\",\"description\":\"L&#039;information, la bonne!!!\",\"potentialAction\":[{\"@type\":\"SearchAction\",\"target\":{\"@type\":\"EntryPoint\",\"urlTemplate\":\"https:\\\/\\\/macite.tg\\\/?s={search_term_string}\"},\"query-input\":{\"@type\":\"PropertyValueSpecification\",\"valueRequired\":true,\"valueName\":\"search_term_string\"}}],\"inLanguage\":\"fr-FR\"},{\"@type\":\"Person\",\"@id\":\"https:\\\/\\\/macite.tg\\\/#\\\/schema\\\/person\\\/e9f2de7e5dbbe7770a9402c7ce82f5c2\",\"name\":\"Jean Pierre BAWELA\",\"image\":{\"@type\":\"ImageObject\",\"inLanguage\":\"fr-FR\",\"@id\":\"https:\\\/\\\/macite.tg\\\/wp-content\\\/uploads\\\/2023\\\/09\\\/WhatsApp-Image-2023-09-19-at-14.44.41-122x122.jpeg\",\"url\":\"https:\\\/\\\/macite.tg\\\/wp-content\\\/uploads\\\/2023\\\/09\\\/WhatsApp-Image-2023-09-19-at-14.44.41-122x122.jpeg\",\"contentUrl\":\"https:\\\/\\\/macite.tg\\\/wp-content\\\/uploads\\\/2023\\\/09\\\/WhatsApp-Image-2023-09-19-at-14.44.41-122x122.jpeg\",\"caption\":\"Jean Pierre BAWELA\"},\"url\":\"https:\\\/\\\/macite.tg\\\/?author=2\"}]}<\/script>\n<!-- \/ Yoast SEO plugin. -->","yoast_head_json":{"title":"PRISON DE LA SANTE DE PARIS\u00a0: L\u2019ex pr\u00e9sident Nicolas Sarkozy, le nouveau locataire\u2026 d\u00e8s le 21 octobre prochain -","robots":{"index":"index","follow":"follow","max-snippet":"max-snippet:-1","max-image-preview":"max-image-preview:large","max-video-preview":"max-video-preview:-1"},"canonical":"https:\/\/macite.tg\/?p=25444","og_locale":"fr_FR","og_type":"article","og_title":"PRISON DE LA SANTE DE PARIS\u00a0: L\u2019ex pr\u00e9sident Nicolas Sarkozy, le nouveau locataire\u2026 d\u00e8s le 21 octobre prochain -","og_description":"L\u2019ex-pr\u00e9sident fran\u00e7ais Nicolas Sarkozy s\u2019est vu notifier lundi dernier au tribunal judiciaire de Paris, la date et le lieu de son incarc\u00e9ration, apr\u00e8s sa condamnation dans le cadre du dossier libyen. Il sera incarc\u00e9r\u00e9 le 21 octobre \u00e0 la prison de la Sant\u00e9 \u00e0 Paris. [&hellip;]","og_url":"https:\/\/macite.tg\/?p=25444","article_published_time":"2025-10-15T18:04:41+00:00","article_modified_time":"2025-10-15T18:04:48+00:00","og_image":[{"width":534,"height":356,"url":"https:\/\/macite.tg\/wp-content\/uploads\/2025\/10\/image-69.png","type":"image\/png"}],"author":"Jean Pierre BAWELA","twitter_card":"summary_large_image","twitter_misc":{"\u00c9crit par":"Jean Pierre BAWELA","Dur\u00e9e de lecture estim\u00e9e":"2 minutes"},"schema":{"@context":"https:\/\/schema.org","@graph":[{"@type":"Article","@id":"https:\/\/macite.tg\/?p=25444#article","isPartOf":{"@id":"https:\/\/macite.tg\/?p=25444"},"author":{"name":"Jean Pierre BAWELA","@id":"https:\/\/macite.tg\/#\/schema\/person\/e9f2de7e5dbbe7770a9402c7ce82f5c2"},"headline":"PRISON DE LA SANTE DE PARIS\u00a0: L\u2019ex pr\u00e9sident Nicolas Sarkozy, le nouveau locataire\u2026 d\u00e8s le 21 octobre prochain","datePublished":"2025-10-15T18:04:41+00:00","dateModified":"2025-10-15T18:04:48+00:00","mainEntityOfPage":{"@id":"https:\/\/macite.tg\/?p=25444"},"wordCount":238,"commentCount":0,"image":{"@id":"https:\/\/macite.tg\/?p=25444#primaryimage"},"thumbnailUrl":"https:\/\/macite.tg\/wp-content\/uploads\/2025\/10\/image-69.png","articleSection":["ACTUALITE","JUSTICE"],"inLanguage":"fr-FR","potentialAction":[{"@type":"CommentAction","name":"Comment","target":["https:\/\/macite.tg\/?p=25444#respond"]}]},{"@type":"WebPage","@id":"https:\/\/macite.tg\/?p=25444","url":"https:\/\/macite.tg\/?p=25444","name":"PRISON DE LA SANTE DE PARIS\u00a0: L\u2019ex pr\u00e9sident Nicolas Sarkozy, le nouveau locataire\u2026 d\u00e8s le 21 octobre prochain -","isPartOf":{"@id":"https:\/\/macite.tg\/#website"},"primaryImageOfPage":{"@id":"https:\/\/macite.tg\/?p=25444#primaryimage"},"image":{"@id":"https:\/\/macite.tg\/?p=25444#primaryimage"},"thumbnailUrl":"https:\/\/macite.tg\/wp-content\/uploads\/2025\/10\/image-69.png","datePublished":"2025-10-15T18:04:41+00:00","dateModified":"2025-10-15T18:04:48+00:00","author":{"@id":"https:\/\/macite.tg\/#\/schema\/person\/e9f2de7e5dbbe7770a9402c7ce82f5c2"},"breadcrumb":{"@id":"https:\/\/macite.tg\/?p=25444#breadcrumb"},"inLanguage":"fr-FR","potentialAction":[{"@type":"ReadAction","target":["https:\/\/macite.tg\/?p=25444"]}]},{"@type":"ImageObject","inLanguage":"fr-FR","@id":"https:\/\/macite.tg\/?p=25444#primaryimage","url":"https:\/\/macite.tg\/wp-content\/uploads\/2025\/10\/image-69.png","contentUrl":"https:\/\/macite.tg\/wp-content\/uploads\/2025\/10\/image-69.png","width":534,"height":356,"caption":"L'ex pr\u00e9sident fran\u00e7ais Nicolas Sarkozy"},{"@type":"BreadcrumbList","@id":"https:\/\/macite.tg\/?p=25444#breadcrumb","itemListElement":[{"@type":"ListItem","position":1,"name":"Accueil","item":"https:\/\/macite.tg\/"},{"@type":"ListItem","position":2,"name":"PRISON DE LA SANTE DE PARIS\u00a0: L\u2019ex pr\u00e9sident Nicolas Sarkozy, le nouveau locataire\u2026 d\u00e8s le 21 octobre prochain"}]},{"@type":"WebSite","@id":"https:\/\/macite.tg\/#website","url":"https:\/\/macite.tg\/","name":"","description":"L&#039;information, la bonne!!!","potentialAction":[{"@type":"SearchAction","target":{"@type":"EntryPoint","urlTemplate":"https:\/\/macite.tg\/?s={search_term_string}"},"query-input":{"@type":"PropertyValueSpecification","valueRequired":true,"valueName":"search_term_string"}}],"inLanguage":"fr-FR"},{"@type":"Person","@id":"https:\/\/macite.tg\/#\/schema\/person\/e9f2de7e5dbbe7770a9402c7ce82f5c2","name":"Jean Pierre BAWELA","image":{"@type":"ImageObject","inLanguage":"fr-FR","@id":"https:\/\/macite.tg\/wp-content\/uploads\/2023\/09\/WhatsApp-Image-2023-09-19-at-14.44.41-122x122.jpeg","url":"https:\/\/macite.tg\/wp-content\/uploads\/2023\/09\/WhatsApp-Image-2023-09-19-at-14.44.41-122x122.jpeg","contentUrl":"https:\/\/macite.tg\/wp-content\/uploads\/2023\/09\/WhatsApp-Image-2023-09-19-at-14.44.41-122x122.jpeg","caption":"Jean Pierre BAWELA"},"url":"https:\/\/macite.tg\/?author=2"}]}},"_links":{"self":[{"href":"https:\/\/macite.tg\/index.php?rest_route=\/wp\/v2\/posts\/25444","targetHints":{"allow":["GET"]}}],"collection":[{"href":"https:\/\/macite.tg\/index.php?rest_route=\/wp\/v2\/posts"}],"about":[{"href":"https:\/\/macite.tg\/index.php?rest_route=\/wp\/v2\/types\/post"}],"author":[{"embeddable":true,"href":"https:\/\/macite.tg\/index.php?rest_route=\/wp\/v2\/users\/2"}],"replies":[{"embeddable":true,"href":"https:\/\/macite.tg\/index.php?rest_route=%2Fwp%2Fv2%2Fcomments&post=25444"}],"version-history":[{"count":0,"href":"https:\/\/macite.tg\/index.php?rest_route=\/wp\/v2\/posts\/25444\/revisions"}],"wp:featuredmedia":[{"embeddable":true,"href":"https:\/\/macite.tg\/index.php?rest_route=\/wp\/v2\/media\/25445"}],"wp:attachment":[{"href":"https:\/\/macite.tg\/index.php?rest_route=%2Fwp%2Fv2%2Fmedia&parent=25444"}],"wp:term":[{"taxonomy":"category","embeddable":true,"href":"https:\/\/macite.tg\/index.php?rest_route=%2Fwp%2Fv2%2Fcategories&post=25444"},{"taxonomy":"post_tag","embeddable":true,"href":"https:\/\/macite.tg\/index.php?rest_route=%2Fwp%2Fv2%2Ftags&post=25444"}],"curies":[{"name":"wp","href":"https:\/\/api.w.org\/{rel}","templated":true}]}}