{"id":25435,"date":"2025-10-15T16:31:19","date_gmt":"2025-10-15T16:31:19","guid":{"rendered":"https:\/\/macite.tg\/?p=25435"},"modified":"2025-10-15T16:31:23","modified_gmt":"2025-10-15T16:31:23","slug":"washington-le-partenariat-strategique-entre-le-togo-et-le-groupe-de-la-banque-mondiale-au-menu-des-echanges","status":"publish","type":"post","link":"https:\/\/macite.tg\/?p=25435","title":{"rendered":"WASHINGTON\u00a0: Le partenariat strat\u00e9gique entre le Togo et le Groupe de la Banque mondiale au menu des \u00e9changes"},"content":{"rendered":"\n<p class=\"wp-block-paragraph\"><strong><em>En marges des Assembl\u00e9es Annuelles du Fonds Mon\u00e9taire International (FMI) et du Groupe de la Banque Mondiale, qui se tiennent du 13 au 18 octobre 2025 \u00e0 Washington, une d\u00e9l\u00e9gation d\u2019officiels togolais a \u00e9chang\u00e9 avec le Vice-pr\u00e9sident de la Banque Mondiale pour l\u2019Afrique de l\u2019Ouest et du Centre, Ousmane Diagana, et son \u00e9quipe, en pr\u00e9sence de la Directrice de la Banque Mondiale pour la C\u00f4te d\u2019Ivoire, le B\u00e9nin, la Guin\u00e9e et le Togo, Mme Marie-Chantal Uwanyiligira.<\/em><\/strong><\/p>\n\n\n\n<p class=\"wp-block-paragraph\">La d\u00e9l\u00e9gation togolaise, conduite par le Gouverneur du Togo aupr\u00e8s de la Banque Mondiale, Dr Sandra Ablamba Johnson, a fait, avec la d\u00e9l\u00e9gation du groupe de la Banque mondiale, le point sur l\u2019\u00e9tat d\u2019avancement de la coop\u00e9ration entre le Togo et le Groupe de la Banque Mondiale, en particulier sur le portefeuille des projets en cours et les nouvelles initiatives en phase de finalisation ou de d\u00e9marrage.<\/p>\n\n\n<div class=\"wp-block-image\">\n<figure class=\"aligncenter size-large\"><img loading=\"lazy\" decoding=\"async\" width=\"728\" height=\"1024\" src=\"https:\/\/macite.tg\/wp-content\/uploads\/2025\/10\/image-51-728x1024.png\" alt=\"\" class=\"wp-image-25339\" srcset=\"https:\/\/macite.tg\/wp-content\/uploads\/2025\/10\/image-51-728x1024.png 728w, https:\/\/macite.tg\/wp-content\/uploads\/2025\/10\/image-51-213x300.png 213w, https:\/\/macite.tg\/wp-content\/uploads\/2025\/10\/image-51-768x1080.png 768w, https:\/\/macite.tg\/wp-content\/uploads\/2025\/10\/image-51-1092x1536.png 1092w, https:\/\/macite.tg\/wp-content\/uploads\/2025\/10\/image-51.png 1165w\" sizes=\"auto, (max-width: 728px) 100vw, 728px\" \/><\/figure>\n<\/div>\n\n\n<p class=\"wp-block-paragraph\">Au rang de ces initiatives phares figure en bonne place le Programme de Modernisation de l\u2019Agriculture Togolaise (ProMAT), \u00e0 travers lequel le Togo s\u2019affirme comme un leader r\u00e9gional en mati\u00e8re de transformation agricole durable.<\/p>\n\n\n\n<p class=\"wp-block-paragraph\">L\u2019autre volet des \u00e9changes, assez constructif, entre les deux parties, a permis de finaliser les discussions relatives au programme d\u2019appui budg\u00e9taire, en lien avec la promotion de l\u2019emploi et la consolidation des r\u00e9formes \u00e9conomiques.<\/p>\n\n\n\n<p class=\"wp-block-paragraph\">Notons que l\u2019ensemble de ces programmes sont, en r\u00e9alit\u00e9, une priorit\u00e9 strat\u00e9gique de d\u00e9veloppement pour le Togo, sous le leadership du Pr\u00e9sident du Conseil, Faure Gnassingb\u00e9, dont la vision place l\u2019investissement dans les secteurs productifs, la modernisation agricole et la cr\u00e9ation d\u2019emplois au c\u0153ur de la dynamique de croissance inclusive port\u00e9e par notre pays.<\/p>\n\n\n<div class=\"wp-block-image\">\n<figure class=\"aligncenter size-full\"><img loading=\"lazy\" decoding=\"async\" width=\"500\" height=\"500\" src=\"https:\/\/macite.tg\/wp-content\/uploads\/2025\/10\/LAISSEZ6PASSER-EN-UN-CLIC.jpg\" alt=\"\" class=\"wp-image-25305\" srcset=\"https:\/\/macite.tg\/wp-content\/uploads\/2025\/10\/LAISSEZ6PASSER-EN-UN-CLIC.jpg 500w, https:\/\/macite.tg\/wp-content\/uploads\/2025\/10\/LAISSEZ6PASSER-EN-UN-CLIC-300x300.jpg 300w, https:\/\/macite.tg\/wp-content\/uploads\/2025\/10\/LAISSEZ6PASSER-EN-UN-CLIC-150x150.jpg 150w, https:\/\/macite.tg\/wp-content\/uploads\/2025\/10\/LAISSEZ6PASSER-EN-UN-CLIC-122x122.jpg 122w\" sizes=\"auto, (max-width: 500px) 100vw, 500px\" \/><\/figure>\n<\/div>\n\n\n<p class=\"wp-block-paragraph\">Ces rencontres, il faut le souligner, confirment la solidit\u00e9 du partenariat strat\u00e9gique entre le Togo et le Groupe de la Banque Mondiale, fond\u00e9 sur la confiance, la performance et une ambition commune de d\u00e9veloppement durable et \u00e9quitable au service des populations.<\/p>\n\n\n\n<p class=\"wp-block-paragraph\"><strong>La R\u00e9daction<\/strong><\/p>\n\n\n\n<p class=\"wp-block-paragraph\"><a><strong><em>@macite.tg&nbsp;&nbsp;&nbsp;&nbsp;&nbsp;&nbsp;&nbsp;&nbsp;<\/em><\/strong><\/a><\/p>\n\n\n\n<p class=\"wp-block-paragraph\"><strong><em>E-mail&nbsp;: <\/em><\/strong><a href=\"mailto:maciteinfo@gmail.com\"><strong><em>maciteinfo@gmail.com<\/em><\/strong><\/a><strong><em>; <\/em><\/strong><a href=\"mailto:bawela1@gmail.com\"><strong><em>bawela1@gmail.com<\/em><\/strong><\/a><strong><em><\/em><\/strong><\/p>\n\n\n\n<p class=\"wp-block-paragraph\"><strong><em>Pour vos annonces, (publi)reportages, etc., joignez-nous au (00228)91515309\/<strong>79872224 <\/strong><strong><\/strong><\/em><\/strong><\/p>\n\n\n\n<p class=\"wp-block-paragraph\"><strong><em>www.macite.tg, L\u2019information, la bonne&nbsp;!<\/em><\/strong><\/p>\n\n\n\n<p class=\"wp-block-paragraph\"><\/p>\n","protected":false},"excerpt":{"rendered":"<p class=\"text-justify mb-2\" >En marges des Assembl\u00e9es Annuelles du Fonds Mon\u00e9taire International (FMI) et du Groupe de la Banque Mondiale, qui se tiennent du 13 au 18 octobre 2025 \u00e0 Washington, une d\u00e9l\u00e9gation d\u2019officiels togolais a \u00e9chang\u00e9 avec le Vice-pr\u00e9sident de la Banque Mondiale pour l\u2019Afrique de l\u2019Ouest [&hellip;]<\/p>\n","protected":false},"author":2,"featured_media":25436,"comment_status":"open","ping_status":"open","sticky":false,"template":"","format":"standard","meta":{"footnotes":""},"categories":[20,15,3],"tags":[],"class_list":["post-25435","post","type-post","status-publish","format-standard","has-post-thumbnail","hentry","category-actualite","category-developpement","category-economie"],"yoast_head":"<!-- This site is optimized with the Yoast SEO plugin v28.4 - https:\/\/yoast.com\/product\/yoast-seo-wordpress\/ -->\n<title>WASHINGTON\u00a0: Le partenariat strat\u00e9gique entre le Togo et le Groupe de la Banque mondiale au menu des \u00e9changes -<\/title>\n<meta name=\"robots\" content=\"index, follow, max-snippet:-1, max-image-preview:large, max-video-preview:-1\" \/>\n<link rel=\"canonical\" href=\"https:\/\/macite.tg\/?p=25435\" \/>\n<meta property=\"og:locale\" content=\"fr_FR\" \/>\n<meta property=\"og:type\" content=\"article\" \/>\n<meta property=\"og:title\" content=\"WASHINGTON\u00a0: Le partenariat strat\u00e9gique entre le Togo et le Groupe de la Banque mondiale au menu des \u00e9changes -\" \/>\n<meta property=\"og:description\" content=\"En marges des Assembl\u00e9es Annuelles du Fonds Mon\u00e9taire International (FMI) et du Groupe de la Banque Mondiale, qui se tiennent du 13 au 18 octobre 2025 \u00e0 Washington, une d\u00e9l\u00e9gation d\u2019officiels togolais a \u00e9chang\u00e9 avec le Vice-pr\u00e9sident de la Banque Mondiale pour l\u2019Afrique de l\u2019Ouest [&hellip;]\" \/>\n<meta property=\"og:url\" content=\"https:\/\/macite.tg\/?p=25435\" \/>\n<meta property=\"article:published_time\" content=\"2025-10-15T16:31:19+00:00\" \/>\n<meta property=\"article:modified_time\" content=\"2025-10-15T16:31:23+00:00\" \/>\n<meta property=\"og:image\" content=\"https:\/\/macite.tg\/wp-content\/uploads\/2025\/10\/BM-TOGO.jpg\" \/>\n\t<meta property=\"og:image:width\" content=\"500\" \/>\n\t<meta property=\"og:image:height\" content=\"339\" \/>\n\t<meta property=\"og:image:type\" content=\"image\/jpeg\" \/>\n<meta name=\"author\" content=\"Jean Pierre BAWELA\" \/>\n<meta name=\"twitter:card\" content=\"summary_large_image\" \/>\n<meta name=\"twitter:label1\" content=\"\u00c9crit par\" \/>\n\t<meta name=\"twitter:data1\" content=\"Jean Pierre BAWELA\" \/>\n\t<meta name=\"twitter:label2\" content=\"Dur\u00e9e de lecture estim\u00e9e\" \/>\n\t<meta name=\"twitter:data2\" content=\"3 minutes\" \/>\n<script type=\"application\/ld+json\" class=\"yoast-schema-graph\">{\"@context\":\"https:\\\/\\\/schema.org\",\"@graph\":[{\"@type\":\"Article\",\"@id\":\"https:\\\/\\\/macite.tg\\\/?p=25435#article\",\"isPartOf\":{\"@id\":\"https:\\\/\\\/macite.tg\\\/?p=25435\"},\"author\":{\"name\":\"Jean Pierre BAWELA\",\"@id\":\"https:\\\/\\\/macite.tg\\\/#\\\/schema\\\/person\\\/e9f2de7e5dbbe7770a9402c7ce82f5c2\"},\"headline\":\"WASHINGTON\u00a0: Le partenariat strat\u00e9gique entre le Togo et le Groupe de la Banque mondiale au menu des \u00e9changes\",\"datePublished\":\"2025-10-15T16:31:19+00:00\",\"dateModified\":\"2025-10-15T16:31:23+00:00\",\"mainEntityOfPage\":{\"@id\":\"https:\\\/\\\/macite.tg\\\/?p=25435\"},\"wordCount\":400,\"commentCount\":0,\"image\":{\"@id\":\"https:\\\/\\\/macite.tg\\\/?p=25435#primaryimage\"},\"thumbnailUrl\":\"https:\\\/\\\/macite.tg\\\/wp-content\\\/uploads\\\/2025\\\/10\\\/BM-TOGO.jpg\",\"articleSection\":[\"ACTUALITE\",\"DEVELOPPEMENT\",\"ECONOMIE\"],\"inLanguage\":\"fr-FR\",\"potentialAction\":[{\"@type\":\"CommentAction\",\"name\":\"Comment\",\"target\":[\"https:\\\/\\\/macite.tg\\\/?p=25435#respond\"]}]},{\"@type\":\"WebPage\",\"@id\":\"https:\\\/\\\/macite.tg\\\/?p=25435\",\"url\":\"https:\\\/\\\/macite.tg\\\/?p=25435\",\"name\":\"WASHINGTON\u00a0: Le partenariat strat\u00e9gique entre le Togo et le Groupe de la Banque mondiale au menu des \u00e9changes -\",\"isPartOf\":{\"@id\":\"https:\\\/\\\/macite.tg\\\/#website\"},\"primaryImageOfPage\":{\"@id\":\"https:\\\/\\\/macite.tg\\\/?p=25435#primaryimage\"},\"image\":{\"@id\":\"https:\\\/\\\/macite.tg\\\/?p=25435#primaryimage\"},\"thumbnailUrl\":\"https:\\\/\\\/macite.tg\\\/wp-content\\\/uploads\\\/2025\\\/10\\\/BM-TOGO.jpg\",\"datePublished\":\"2025-10-15T16:31:19+00:00\",\"dateModified\":\"2025-10-15T16:31:23+00:00\",\"author\":{\"@id\":\"https:\\\/\\\/macite.tg\\\/#\\\/schema\\\/person\\\/e9f2de7e5dbbe7770a9402c7ce82f5c2\"},\"breadcrumb\":{\"@id\":\"https:\\\/\\\/macite.tg\\\/?p=25435#breadcrumb\"},\"inLanguage\":\"fr-FR\",\"potentialAction\":[{\"@type\":\"ReadAction\",\"target\":[\"https:\\\/\\\/macite.tg\\\/?p=25435\"]}]},{\"@type\":\"ImageObject\",\"inLanguage\":\"fr-FR\",\"@id\":\"https:\\\/\\\/macite.tg\\\/?p=25435#primaryimage\",\"url\":\"https:\\\/\\\/macite.tg\\\/wp-content\\\/uploads\\\/2025\\\/10\\\/BM-TOGO.jpg\",\"contentUrl\":\"https:\\\/\\\/macite.tg\\\/wp-content\\\/uploads\\\/2025\\\/10\\\/BM-TOGO.jpg\",\"width\":500,\"height\":339},{\"@type\":\"BreadcrumbList\",\"@id\":\"https:\\\/\\\/macite.tg\\\/?p=25435#breadcrumb\",\"itemListElement\":[{\"@type\":\"ListItem\",\"position\":1,\"name\":\"Accueil\",\"item\":\"https:\\\/\\\/macite.tg\\\/\"},{\"@type\":\"ListItem\",\"position\":2,\"name\":\"WASHINGTON\u00a0: Le partenariat strat\u00e9gique entre le Togo et le Groupe de la Banque mondiale au menu des \u00e9changes\"}]},{\"@type\":\"WebSite\",\"@id\":\"https:\\\/\\\/macite.tg\\\/#website\",\"url\":\"https:\\\/\\\/macite.tg\\\/\",\"name\":\"\",\"description\":\"L&#039;information, la bonne!!!\",\"potentialAction\":[{\"@type\":\"SearchAction\",\"target\":{\"@type\":\"EntryPoint\",\"urlTemplate\":\"https:\\\/\\\/macite.tg\\\/?s={search_term_string}\"},\"query-input\":{\"@type\":\"PropertyValueSpecification\",\"valueRequired\":true,\"valueName\":\"search_term_string\"}}],\"inLanguage\":\"fr-FR\"},{\"@type\":\"Person\",\"@id\":\"https:\\\/\\\/macite.tg\\\/#\\\/schema\\\/person\\\/e9f2de7e5dbbe7770a9402c7ce82f5c2\",\"name\":\"Jean Pierre BAWELA\",\"image\":{\"@type\":\"ImageObject\",\"inLanguage\":\"fr-FR\",\"@id\":\"https:\\\/\\\/macite.tg\\\/wp-content\\\/uploads\\\/2023\\\/09\\\/WhatsApp-Image-2023-09-19-at-14.44.41-122x122.jpeg\",\"url\":\"https:\\\/\\\/macite.tg\\\/wp-content\\\/uploads\\\/2023\\\/09\\\/WhatsApp-Image-2023-09-19-at-14.44.41-122x122.jpeg\",\"contentUrl\":\"https:\\\/\\\/macite.tg\\\/wp-content\\\/uploads\\\/2023\\\/09\\\/WhatsApp-Image-2023-09-19-at-14.44.41-122x122.jpeg\",\"caption\":\"Jean Pierre BAWELA\"},\"url\":\"https:\\\/\\\/macite.tg\\\/?author=2\"}]}<\/script>\n<!-- \/ Yoast SEO plugin. -->","yoast_head_json":{"title":"WASHINGTON\u00a0: Le partenariat strat\u00e9gique entre le Togo et le Groupe de la Banque mondiale au menu des \u00e9changes -","robots":{"index":"index","follow":"follow","max-snippet":"max-snippet:-1","max-image-preview":"max-image-preview:large","max-video-preview":"max-video-preview:-1"},"canonical":"https:\/\/macite.tg\/?p=25435","og_locale":"fr_FR","og_type":"article","og_title":"WASHINGTON\u00a0: Le partenariat strat\u00e9gique entre le Togo et le Groupe de la Banque mondiale au menu des \u00e9changes -","og_description":"En marges des Assembl\u00e9es Annuelles du Fonds Mon\u00e9taire International (FMI) et du Groupe de la Banque Mondiale, qui se tiennent du 13 au 18 octobre 2025 \u00e0 Washington, une d\u00e9l\u00e9gation d\u2019officiels togolais a \u00e9chang\u00e9 avec le Vice-pr\u00e9sident de la Banque Mondiale pour l\u2019Afrique de l\u2019Ouest [&hellip;]","og_url":"https:\/\/macite.tg\/?p=25435","article_published_time":"2025-10-15T16:31:19+00:00","article_modified_time":"2025-10-15T16:31:23+00:00","og_image":[{"width":500,"height":339,"url":"https:\/\/macite.tg\/wp-content\/uploads\/2025\/10\/BM-TOGO.jpg","type":"image\/jpeg"}],"author":"Jean Pierre BAWELA","twitter_card":"summary_large_image","twitter_misc":{"\u00c9crit par":"Jean Pierre BAWELA","Dur\u00e9e de lecture estim\u00e9e":"3 minutes"},"schema":{"@context":"https:\/\/schema.org","@graph":[{"@type":"Article","@id":"https:\/\/macite.tg\/?p=25435#article","isPartOf":{"@id":"https:\/\/macite.tg\/?p=25435"},"author":{"name":"Jean Pierre BAWELA","@id":"https:\/\/macite.tg\/#\/schema\/person\/e9f2de7e5dbbe7770a9402c7ce82f5c2"},"headline":"WASHINGTON\u00a0: Le partenariat strat\u00e9gique entre le Togo et le Groupe de la Banque mondiale au menu des \u00e9changes","datePublished":"2025-10-15T16:31:19+00:00","dateModified":"2025-10-15T16:31:23+00:00","mainEntityOfPage":{"@id":"https:\/\/macite.tg\/?p=25435"},"wordCount":400,"commentCount":0,"image":{"@id":"https:\/\/macite.tg\/?p=25435#primaryimage"},"thumbnailUrl":"https:\/\/macite.tg\/wp-content\/uploads\/2025\/10\/BM-TOGO.jpg","articleSection":["ACTUALITE","DEVELOPPEMENT","ECONOMIE"],"inLanguage":"fr-FR","potentialAction":[{"@type":"CommentAction","name":"Comment","target":["https:\/\/macite.tg\/?p=25435#respond"]}]},{"@type":"WebPage","@id":"https:\/\/macite.tg\/?p=25435","url":"https:\/\/macite.tg\/?p=25435","name":"WASHINGTON\u00a0: Le partenariat strat\u00e9gique entre le Togo et le Groupe de la Banque mondiale au menu des \u00e9changes -","isPartOf":{"@id":"https:\/\/macite.tg\/#website"},"primaryImageOfPage":{"@id":"https:\/\/macite.tg\/?p=25435#primaryimage"},"image":{"@id":"https:\/\/macite.tg\/?p=25435#primaryimage"},"thumbnailUrl":"https:\/\/macite.tg\/wp-content\/uploads\/2025\/10\/BM-TOGO.jpg","datePublished":"2025-10-15T16:31:19+00:00","dateModified":"2025-10-15T16:31:23+00:00","author":{"@id":"https:\/\/macite.tg\/#\/schema\/person\/e9f2de7e5dbbe7770a9402c7ce82f5c2"},"breadcrumb":{"@id":"https:\/\/macite.tg\/?p=25435#breadcrumb"},"inLanguage":"fr-FR","potentialAction":[{"@type":"ReadAction","target":["https:\/\/macite.tg\/?p=25435"]}]},{"@type":"ImageObject","inLanguage":"fr-FR","@id":"https:\/\/macite.tg\/?p=25435#primaryimage","url":"https:\/\/macite.tg\/wp-content\/uploads\/2025\/10\/BM-TOGO.jpg","contentUrl":"https:\/\/macite.tg\/wp-content\/uploads\/2025\/10\/BM-TOGO.jpg","width":500,"height":339},{"@type":"BreadcrumbList","@id":"https:\/\/macite.tg\/?p=25435#breadcrumb","itemListElement":[{"@type":"ListItem","position":1,"name":"Accueil","item":"https:\/\/macite.tg\/"},{"@type":"ListItem","position":2,"name":"WASHINGTON\u00a0: Le partenariat strat\u00e9gique entre le Togo et le Groupe de la Banque mondiale au menu des \u00e9changes"}]},{"@type":"WebSite","@id":"https:\/\/macite.tg\/#website","url":"https:\/\/macite.tg\/","name":"","description":"L&#039;information, la bonne!!!","potentialAction":[{"@type":"SearchAction","target":{"@type":"EntryPoint","urlTemplate":"https:\/\/macite.tg\/?s={search_term_string}"},"query-input":{"@type":"PropertyValueSpecification","valueRequired":true,"valueName":"search_term_string"}}],"inLanguage":"fr-FR"},{"@type":"Person","@id":"https:\/\/macite.tg\/#\/schema\/person\/e9f2de7e5dbbe7770a9402c7ce82f5c2","name":"Jean Pierre BAWELA","image":{"@type":"ImageObject","inLanguage":"fr-FR","@id":"https:\/\/macite.tg\/wp-content\/uploads\/2023\/09\/WhatsApp-Image-2023-09-19-at-14.44.41-122x122.jpeg","url":"https:\/\/macite.tg\/wp-content\/uploads\/2023\/09\/WhatsApp-Image-2023-09-19-at-14.44.41-122x122.jpeg","contentUrl":"https:\/\/macite.tg\/wp-content\/uploads\/2023\/09\/WhatsApp-Image-2023-09-19-at-14.44.41-122x122.jpeg","caption":"Jean Pierre BAWELA"},"url":"https:\/\/macite.tg\/?author=2"}]}},"_links":{"self":[{"href":"https:\/\/macite.tg\/index.php?rest_route=\/wp\/v2\/posts\/25435","targetHints":{"allow":["GET"]}}],"collection":[{"href":"https:\/\/macite.tg\/index.php?rest_route=\/wp\/v2\/posts"}],"about":[{"href":"https:\/\/macite.tg\/index.php?rest_route=\/wp\/v2\/types\/post"}],"author":[{"embeddable":true,"href":"https:\/\/macite.tg\/index.php?rest_route=\/wp\/v2\/users\/2"}],"replies":[{"embeddable":true,"href":"https:\/\/macite.tg\/index.php?rest_route=%2Fwp%2Fv2%2Fcomments&post=25435"}],"version-history":[{"count":0,"href":"https:\/\/macite.tg\/index.php?rest_route=\/wp\/v2\/posts\/25435\/revisions"}],"wp:featuredmedia":[{"embeddable":true,"href":"https:\/\/macite.tg\/index.php?rest_route=\/wp\/v2\/media\/25436"}],"wp:attachment":[{"href":"https:\/\/macite.tg\/index.php?rest_route=%2Fwp%2Fv2%2Fmedia&parent=25435"}],"wp:term":[{"taxonomy":"category","embeddable":true,"href":"https:\/\/macite.tg\/index.php?rest_route=%2Fwp%2Fv2%2Fcategories&post=25435"},{"taxonomy":"post_tag","embeddable":true,"href":"https:\/\/macite.tg\/index.php?rest_route=%2Fwp%2Fv2%2Ftags&post=25435"}],"curies":[{"name":"wp","href":"https:\/\/api.w.org\/{rel}","templated":true}]}}