{"id":25421,"date":"2025-10-15T12:39:52","date_gmt":"2025-10-15T12:39:52","guid":{"rendered":"https:\/\/macite.tg\/?p=25421"},"modified":"2025-10-15T12:39:59","modified_gmt":"2025-10-15T12:39:59","slug":"togo-epicentre-diplomatique-dune-afrique-de-louest-en-quete-de-stabilite","status":"publish","type":"post","link":"https:\/\/macite.tg\/?p=25421","title":{"rendered":"TOGO\u00a0: Epicentre diplomatique d\u2019une Afrique de l\u2019Ouest en qu\u00eate de stabilit\u00e9"},"content":{"rendered":"\n<p class=\"wp-block-paragraph\"><strong><em>Le pr\u00e9sident du Conseil, Faure Essozimna Gnassingb\u00e9 a re\u00e7u, le dimanche 12 octobre dernier, en audience le repr\u00e9sentant sp\u00e9cial du secr\u00e9taire g\u00e9n\u00e9ral des Nations Unies pour l\u2019Afrique de l\u2019Ouest et le Sahel (UNOWAS), Leonardo Santos Simao. Cette rencontre, au-del\u00e0 de sa dimension protocolaire, confirme une tendance de fond. Le Togo s\u2019impose d\u00e9sormais comme un carrefour politique et diplomatique incontournable dans la sous-r\u00e9gion.<\/em><\/strong> <\/p>\n\n\n\n<p class=\"wp-block-paragraph\"><strong>Un espace de dialogue dans une r\u00e9gion fractur\u00e9e&nbsp;?<\/strong><\/p>\n\n\n\n<p class=\"wp-block-paragraph\">Dans un contexte marqu\u00e9 par les recompositions institutionnelles, les transitions politiques et les d\u00e9fis s\u00e9curitaires multiples, le Togo se distingue par sa constance diplomatique. Le pays r\u00e9ussit avec une rare habilit\u00e9 \u00e0 maintenir des canaux de dialogue ouverts entre des acteurs parfois oppos\u00e9s. Cette posture d\u2019\u00e9quilibre, patiemment construite a fait de Lom\u00e9 un havre de concertation pour des organisations r\u00e9gionales, des Nations Unies et des d\u00e9l\u00e9gations venues d\u2019horizons divers.<\/p>\n\n\n<div class=\"wp-block-image\">\n<figure class=\"aligncenter size-large\"><img loading=\"lazy\" decoding=\"async\" width=\"728\" height=\"1024\" src=\"https:\/\/macite.tg\/wp-content\/uploads\/2025\/10\/image-51-728x1024.png\" alt=\"\" class=\"wp-image-25339\" srcset=\"https:\/\/macite.tg\/wp-content\/uploads\/2025\/10\/image-51-728x1024.png 728w, https:\/\/macite.tg\/wp-content\/uploads\/2025\/10\/image-51-213x300.png 213w, https:\/\/macite.tg\/wp-content\/uploads\/2025\/10\/image-51-768x1080.png 768w, https:\/\/macite.tg\/wp-content\/uploads\/2025\/10\/image-51-1092x1536.png 1092w, https:\/\/macite.tg\/wp-content\/uploads\/2025\/10\/image-51.png 1165w\" sizes=\"auto, (max-width: 728px) 100vw, 728px\" \/><\/figure>\n<\/div>\n\n\n<p class=\"wp-block-paragraph\">La visite de M. Simao s\u2019inscrit dans cette logique, comprendre, \u00e9couter et \u00e9changer avec un acteur dont la voix porte au-del\u00e0 des fronti\u00e8res togolaises.&nbsp; Le Togo ne dispose pas des attributs d\u2019une puissance \u00e9conomique majeure, mais il s\u2019affirme comme une puissance d\u2019influence. En multipliant les initiatives d\u2019apaisement et en accueillant des dialogues sensibles, Faure Gnassingb\u00e9 s\u2019\u00e9rige en m\u00e9diateur discret mais efficace.<\/p>\n\n\n\n<p class=\"wp-block-paragraph\">Lom\u00e9 est devenue, au fil des ans une plateforme de confiance, capable d\u2019attirer aussi bien les partenaires onusiens que les repr\u00e9sentants des Etats en transition ou des organisations r\u00e9gionales en qu\u00eate de solutions concert\u00e9es. Dans un environnement souvent marqu\u00e9 par la m\u00e9fiance et les tensions, cette diplomatie de la mesure conf\u00e8re au Togo une l\u00e9gitime nouvelle.<\/p>\n\n\n\n<p class=\"wp-block-paragraph\">Au-del\u00e0 des contingences imm\u00e9diates, la trajectoire du Togo traduit une ambition plus large, contribuer \u00e0 repenser la gouvernance r\u00e9gionale et consolider les cadres de coop\u00e9ration africaine. Lom\u00e9 ne veut pas \u00eatre un simple th\u00e9\u00e2tre d\u2019\u00e9v\u00e8nements, mais un acteur structurant du dialogue ouest-africain. Les rencontres successives organis\u00e9es dans la capitale togolaise participent \u00e0 une strat\u00e9gie d\u2019influence assum\u00e9e&nbsp;: celle d\u2019un Etat qui, par la diplomatie, entend renforcer sa voix et celle de toute la r\u00e9gion au sein des instances internationales.<\/p>\n\n\n<div class=\"wp-block-image\">\n<figure class=\"aligncenter size-large is-resized\"><img loading=\"lazy\" decoding=\"async\" width=\"1024\" height=\"1024\" src=\"https:\/\/macite.tg\/wp-content\/uploads\/2025\/10\/a85f0ce4-ba89-497d-a417-b4838d5a0d21-1024x1024.jpg\" alt=\"\" class=\"wp-image-25306\" style=\"width:514px;height:auto\" srcset=\"https:\/\/macite.tg\/wp-content\/uploads\/2025\/10\/a85f0ce4-ba89-497d-a417-b4838d5a0d21-1024x1024.jpg 1024w, https:\/\/macite.tg\/wp-content\/uploads\/2025\/10\/a85f0ce4-ba89-497d-a417-b4838d5a0d21-300x300.jpg 300w, https:\/\/macite.tg\/wp-content\/uploads\/2025\/10\/a85f0ce4-ba89-497d-a417-b4838d5a0d21-150x150.jpg 150w, https:\/\/macite.tg\/wp-content\/uploads\/2025\/10\/a85f0ce4-ba89-497d-a417-b4838d5a0d21-768x768.jpg 768w, https:\/\/macite.tg\/wp-content\/uploads\/2025\/10\/a85f0ce4-ba89-497d-a417-b4838d5a0d21-122x122.jpg 122w, https:\/\/macite.tg\/wp-content\/uploads\/2025\/10\/a85f0ce4-ba89-497d-a417-b4838d5a0d21.jpg 1080w\" sizes=\"auto, (max-width: 1024px) 100vw, 1024px\" \/><\/figure>\n<\/div>\n\n\n<p class=\"wp-block-paragraph\">La rencontre entre Faure Gnassingb\u00e9 et L\u00e9onardo Santos Simao n\u2019est pas un \u00e9pisode isol\u00e9. Elle symbolise un moment charni\u00e8re, o\u00f9 le Togo se confirme comme l\u2019\u00e9picentre des grandes convergences sous-r\u00e9gionales. Dans une Afrique de l\u2019Ouest en mutation o\u00f9 l\u2019\u00e9quilibre entre stabilit\u00e9 et souverainet\u00e9 se red\u00e9finit, Lom\u00e9 trace sa voie&nbsp;: celle d\u2019un m\u00e9diateur cr\u00e9dible, d\u2019un constructeur de ponts et d\u2019un artisan de la paix durable.<\/p>\n\n\n\n<p class=\"wp-block-paragraph\"><strong>La R\u00e9daction<\/strong><\/p>\n\n\n\n<p class=\"wp-block-paragraph\"><a><strong><em>@macite.tg&nbsp;&nbsp;&nbsp;&nbsp;&nbsp;&nbsp;&nbsp;&nbsp;<\/em><\/strong><\/a><\/p>\n\n\n\n<p class=\"wp-block-paragraph\"><strong><em>E-mail&nbsp;: <\/em><\/strong><a href=\"mailto:maciteinfo@gmail.com\"><strong><em>maciteinfo@gmail.com<\/em><\/strong><\/a><strong><em>; <\/em><\/strong><a href=\"mailto:bawela1@gmail.com\"><strong><em>bawela1@gmail.com<\/em><\/strong><\/a><strong><em><\/em><\/strong><\/p>\n\n\n\n<p class=\"wp-block-paragraph\"><strong><em>Pour vos annonces, (publi)reportages, etc., joignez-nous au (00228)91515309\/<strong>79872224 <\/strong><strong><\/strong><\/em><\/strong><\/p>\n\n\n\n<p class=\"wp-block-paragraph\"><strong><em>www.macite.tg, L\u2019information, la bonne&nbsp;!<\/em><\/strong><\/p>\n\n\n\n<p class=\"wp-block-paragraph\"><\/p>\n","protected":false},"excerpt":{"rendered":"<p class=\"text-justify mb-2\" >Le pr\u00e9sident du Conseil, Faure Essozimna Gnassingb\u00e9 a re\u00e7u, le dimanche 12 octobre dernier, en audience le repr\u00e9sentant sp\u00e9cial du secr\u00e9taire g\u00e9n\u00e9ral des Nations Unies pour l\u2019Afrique de l\u2019Ouest et le Sahel (UNOWAS), Leonardo Santos Simao. Cette rencontre, au-del\u00e0 de sa dimension protocolaire, confirme une [&hellip;]<\/p>\n","protected":false},"author":2,"featured_media":25423,"comment_status":"open","ping_status":"open","sticky":false,"template":"","format":"standard","meta":{"footnotes":""},"categories":[20,8],"tags":[],"class_list":["post-25421","post","type-post","status-publish","format-standard","has-post-thumbnail","hentry","category-actualite","category-diplomatie"],"yoast_head":"<!-- This site is optimized with the Yoast SEO plugin v28.4 - https:\/\/yoast.com\/product\/yoast-seo-wordpress\/ -->\n<title>TOGO\u00a0: Epicentre diplomatique d\u2019une Afrique de l\u2019Ouest en qu\u00eate de stabilit\u00e9 -<\/title>\n<meta name=\"robots\" content=\"index, follow, max-snippet:-1, max-image-preview:large, max-video-preview:-1\" \/>\n<link rel=\"canonical\" href=\"https:\/\/macite.tg\/?p=25421\" \/>\n<meta property=\"og:locale\" content=\"fr_FR\" \/>\n<meta property=\"og:type\" content=\"article\" \/>\n<meta property=\"og:title\" content=\"TOGO\u00a0: Epicentre diplomatique d\u2019une Afrique de l\u2019Ouest en qu\u00eate de stabilit\u00e9 -\" \/>\n<meta property=\"og:description\" content=\"Le pr\u00e9sident du Conseil, Faure Essozimna Gnassingb\u00e9 a re\u00e7u, le dimanche 12 octobre dernier, en audience le repr\u00e9sentant sp\u00e9cial du secr\u00e9taire g\u00e9n\u00e9ral des Nations Unies pour l\u2019Afrique de l\u2019Ouest et le Sahel (UNOWAS), Leonardo Santos Simao. Cette rencontre, au-del\u00e0 de sa dimension protocolaire, confirme une [&hellip;]\" \/>\n<meta property=\"og:url\" content=\"https:\/\/macite.tg\/?p=25421\" \/>\n<meta property=\"article:published_time\" content=\"2025-10-15T12:39:52+00:00\" \/>\n<meta property=\"article:modified_time\" content=\"2025-10-15T12:39:59+00:00\" \/>\n<meta property=\"og:image\" content=\"https:\/\/macite.tg\/wp-content\/uploads\/2025\/10\/image-64.png\" \/>\n\t<meta property=\"og:image:width\" content=\"304\" \/>\n\t<meta property=\"og:image:height\" content=\"270\" \/>\n\t<meta property=\"og:image:type\" content=\"image\/png\" \/>\n<meta name=\"author\" content=\"Jean Pierre BAWELA\" \/>\n<meta name=\"twitter:card\" content=\"summary_large_image\" \/>\n<meta name=\"twitter:label1\" content=\"\u00c9crit par\" \/>\n\t<meta name=\"twitter:data1\" content=\"Jean Pierre BAWELA\" \/>\n\t<meta name=\"twitter:label2\" content=\"Dur\u00e9e de lecture estim\u00e9e\" \/>\n\t<meta name=\"twitter:data2\" content=\"3 minutes\" \/>\n<script type=\"application\/ld+json\" class=\"yoast-schema-graph\">{\"@context\":\"https:\\\/\\\/schema.org\",\"@graph\":[{\"@type\":\"Article\",\"@id\":\"https:\\\/\\\/macite.tg\\\/?p=25421#article\",\"isPartOf\":{\"@id\":\"https:\\\/\\\/macite.tg\\\/?p=25421\"},\"author\":{\"name\":\"Jean Pierre BAWELA\",\"@id\":\"https:\\\/\\\/macite.tg\\\/#\\\/schema\\\/person\\\/e9f2de7e5dbbe7770a9402c7ce82f5c2\"},\"headline\":\"TOGO\u00a0: Epicentre diplomatique d\u2019une Afrique de l\u2019Ouest en qu\u00eate de stabilit\u00e9\",\"datePublished\":\"2025-10-15T12:39:52+00:00\",\"dateModified\":\"2025-10-15T12:39:59+00:00\",\"mainEntityOfPage\":{\"@id\":\"https:\\\/\\\/macite.tg\\\/?p=25421\"},\"wordCount\":513,\"commentCount\":0,\"image\":{\"@id\":\"https:\\\/\\\/macite.tg\\\/?p=25421#primaryimage\"},\"thumbnailUrl\":\"https:\\\/\\\/macite.tg\\\/wp-content\\\/uploads\\\/2025\\\/10\\\/image-64.png\",\"articleSection\":[\"ACTUALITE\",\"DIPLOMATIE\"],\"inLanguage\":\"fr-FR\",\"potentialAction\":[{\"@type\":\"CommentAction\",\"name\":\"Comment\",\"target\":[\"https:\\\/\\\/macite.tg\\\/?p=25421#respond\"]}]},{\"@type\":\"WebPage\",\"@id\":\"https:\\\/\\\/macite.tg\\\/?p=25421\",\"url\":\"https:\\\/\\\/macite.tg\\\/?p=25421\",\"name\":\"TOGO\u00a0: Epicentre diplomatique d\u2019une Afrique de l\u2019Ouest en qu\u00eate de stabilit\u00e9 -\",\"isPartOf\":{\"@id\":\"https:\\\/\\\/macite.tg\\\/#website\"},\"primaryImageOfPage\":{\"@id\":\"https:\\\/\\\/macite.tg\\\/?p=25421#primaryimage\"},\"image\":{\"@id\":\"https:\\\/\\\/macite.tg\\\/?p=25421#primaryimage\"},\"thumbnailUrl\":\"https:\\\/\\\/macite.tg\\\/wp-content\\\/uploads\\\/2025\\\/10\\\/image-64.png\",\"datePublished\":\"2025-10-15T12:39:52+00:00\",\"dateModified\":\"2025-10-15T12:39:59+00:00\",\"author\":{\"@id\":\"https:\\\/\\\/macite.tg\\\/#\\\/schema\\\/person\\\/e9f2de7e5dbbe7770a9402c7ce82f5c2\"},\"breadcrumb\":{\"@id\":\"https:\\\/\\\/macite.tg\\\/?p=25421#breadcrumb\"},\"inLanguage\":\"fr-FR\",\"potentialAction\":[{\"@type\":\"ReadAction\",\"target\":[\"https:\\\/\\\/macite.tg\\\/?p=25421\"]}]},{\"@type\":\"ImageObject\",\"inLanguage\":\"fr-FR\",\"@id\":\"https:\\\/\\\/macite.tg\\\/?p=25421#primaryimage\",\"url\":\"https:\\\/\\\/macite.tg\\\/wp-content\\\/uploads\\\/2025\\\/10\\\/image-64.png\",\"contentUrl\":\"https:\\\/\\\/macite.tg\\\/wp-content\\\/uploads\\\/2025\\\/10\\\/image-64.png\",\"width\":304,\"height\":270,\"caption\":\"Le Pr\u00e9sident Faure Gnasisngb\u00e9\"},{\"@type\":\"BreadcrumbList\",\"@id\":\"https:\\\/\\\/macite.tg\\\/?p=25421#breadcrumb\",\"itemListElement\":[{\"@type\":\"ListItem\",\"position\":1,\"name\":\"Accueil\",\"item\":\"https:\\\/\\\/macite.tg\\\/\"},{\"@type\":\"ListItem\",\"position\":2,\"name\":\"TOGO\u00a0: Epicentre diplomatique d\u2019une Afrique de l\u2019Ouest en qu\u00eate de stabilit\u00e9\"}]},{\"@type\":\"WebSite\",\"@id\":\"https:\\\/\\\/macite.tg\\\/#website\",\"url\":\"https:\\\/\\\/macite.tg\\\/\",\"name\":\"\",\"description\":\"L&#039;information, la bonne!!!\",\"potentialAction\":[{\"@type\":\"SearchAction\",\"target\":{\"@type\":\"EntryPoint\",\"urlTemplate\":\"https:\\\/\\\/macite.tg\\\/?s={search_term_string}\"},\"query-input\":{\"@type\":\"PropertyValueSpecification\",\"valueRequired\":true,\"valueName\":\"search_term_string\"}}],\"inLanguage\":\"fr-FR\"},{\"@type\":\"Person\",\"@id\":\"https:\\\/\\\/macite.tg\\\/#\\\/schema\\\/person\\\/e9f2de7e5dbbe7770a9402c7ce82f5c2\",\"name\":\"Jean Pierre BAWELA\",\"image\":{\"@type\":\"ImageObject\",\"inLanguage\":\"fr-FR\",\"@id\":\"https:\\\/\\\/macite.tg\\\/wp-content\\\/uploads\\\/2023\\\/09\\\/WhatsApp-Image-2023-09-19-at-14.44.41-122x122.jpeg\",\"url\":\"https:\\\/\\\/macite.tg\\\/wp-content\\\/uploads\\\/2023\\\/09\\\/WhatsApp-Image-2023-09-19-at-14.44.41-122x122.jpeg\",\"contentUrl\":\"https:\\\/\\\/macite.tg\\\/wp-content\\\/uploads\\\/2023\\\/09\\\/WhatsApp-Image-2023-09-19-at-14.44.41-122x122.jpeg\",\"caption\":\"Jean Pierre BAWELA\"},\"url\":\"https:\\\/\\\/macite.tg\\\/?author=2\"}]}<\/script>\n<!-- \/ Yoast SEO plugin. -->","yoast_head_json":{"title":"TOGO\u00a0: Epicentre diplomatique d\u2019une Afrique de l\u2019Ouest en qu\u00eate de stabilit\u00e9 -","robots":{"index":"index","follow":"follow","max-snippet":"max-snippet:-1","max-image-preview":"max-image-preview:large","max-video-preview":"max-video-preview:-1"},"canonical":"https:\/\/macite.tg\/?p=25421","og_locale":"fr_FR","og_type":"article","og_title":"TOGO\u00a0: Epicentre diplomatique d\u2019une Afrique de l\u2019Ouest en qu\u00eate de stabilit\u00e9 -","og_description":"Le pr\u00e9sident du Conseil, Faure Essozimna Gnassingb\u00e9 a re\u00e7u, le dimanche 12 octobre dernier, en audience le repr\u00e9sentant sp\u00e9cial du secr\u00e9taire g\u00e9n\u00e9ral des Nations Unies pour l\u2019Afrique de l\u2019Ouest et le Sahel (UNOWAS), Leonardo Santos Simao. Cette rencontre, au-del\u00e0 de sa dimension protocolaire, confirme une [&hellip;]","og_url":"https:\/\/macite.tg\/?p=25421","article_published_time":"2025-10-15T12:39:52+00:00","article_modified_time":"2025-10-15T12:39:59+00:00","og_image":[{"width":304,"height":270,"url":"https:\/\/macite.tg\/wp-content\/uploads\/2025\/10\/image-64.png","type":"image\/png"}],"author":"Jean Pierre BAWELA","twitter_card":"summary_large_image","twitter_misc":{"\u00c9crit par":"Jean Pierre BAWELA","Dur\u00e9e de lecture estim\u00e9e":"3 minutes"},"schema":{"@context":"https:\/\/schema.org","@graph":[{"@type":"Article","@id":"https:\/\/macite.tg\/?p=25421#article","isPartOf":{"@id":"https:\/\/macite.tg\/?p=25421"},"author":{"name":"Jean Pierre BAWELA","@id":"https:\/\/macite.tg\/#\/schema\/person\/e9f2de7e5dbbe7770a9402c7ce82f5c2"},"headline":"TOGO\u00a0: Epicentre diplomatique d\u2019une Afrique de l\u2019Ouest en qu\u00eate de stabilit\u00e9","datePublished":"2025-10-15T12:39:52+00:00","dateModified":"2025-10-15T12:39:59+00:00","mainEntityOfPage":{"@id":"https:\/\/macite.tg\/?p=25421"},"wordCount":513,"commentCount":0,"image":{"@id":"https:\/\/macite.tg\/?p=25421#primaryimage"},"thumbnailUrl":"https:\/\/macite.tg\/wp-content\/uploads\/2025\/10\/image-64.png","articleSection":["ACTUALITE","DIPLOMATIE"],"inLanguage":"fr-FR","potentialAction":[{"@type":"CommentAction","name":"Comment","target":["https:\/\/macite.tg\/?p=25421#respond"]}]},{"@type":"WebPage","@id":"https:\/\/macite.tg\/?p=25421","url":"https:\/\/macite.tg\/?p=25421","name":"TOGO\u00a0: Epicentre diplomatique d\u2019une Afrique de l\u2019Ouest en qu\u00eate de stabilit\u00e9 -","isPartOf":{"@id":"https:\/\/macite.tg\/#website"},"primaryImageOfPage":{"@id":"https:\/\/macite.tg\/?p=25421#primaryimage"},"image":{"@id":"https:\/\/macite.tg\/?p=25421#primaryimage"},"thumbnailUrl":"https:\/\/macite.tg\/wp-content\/uploads\/2025\/10\/image-64.png","datePublished":"2025-10-15T12:39:52+00:00","dateModified":"2025-10-15T12:39:59+00:00","author":{"@id":"https:\/\/macite.tg\/#\/schema\/person\/e9f2de7e5dbbe7770a9402c7ce82f5c2"},"breadcrumb":{"@id":"https:\/\/macite.tg\/?p=25421#breadcrumb"},"inLanguage":"fr-FR","potentialAction":[{"@type":"ReadAction","target":["https:\/\/macite.tg\/?p=25421"]}]},{"@type":"ImageObject","inLanguage":"fr-FR","@id":"https:\/\/macite.tg\/?p=25421#primaryimage","url":"https:\/\/macite.tg\/wp-content\/uploads\/2025\/10\/image-64.png","contentUrl":"https:\/\/macite.tg\/wp-content\/uploads\/2025\/10\/image-64.png","width":304,"height":270,"caption":"Le Pr\u00e9sident Faure Gnasisngb\u00e9"},{"@type":"BreadcrumbList","@id":"https:\/\/macite.tg\/?p=25421#breadcrumb","itemListElement":[{"@type":"ListItem","position":1,"name":"Accueil","item":"https:\/\/macite.tg\/"},{"@type":"ListItem","position":2,"name":"TOGO\u00a0: Epicentre diplomatique d\u2019une Afrique de l\u2019Ouest en qu\u00eate de stabilit\u00e9"}]},{"@type":"WebSite","@id":"https:\/\/macite.tg\/#website","url":"https:\/\/macite.tg\/","name":"","description":"L&#039;information, la bonne!!!","potentialAction":[{"@type":"SearchAction","target":{"@type":"EntryPoint","urlTemplate":"https:\/\/macite.tg\/?s={search_term_string}"},"query-input":{"@type":"PropertyValueSpecification","valueRequired":true,"valueName":"search_term_string"}}],"inLanguage":"fr-FR"},{"@type":"Person","@id":"https:\/\/macite.tg\/#\/schema\/person\/e9f2de7e5dbbe7770a9402c7ce82f5c2","name":"Jean Pierre BAWELA","image":{"@type":"ImageObject","inLanguage":"fr-FR","@id":"https:\/\/macite.tg\/wp-content\/uploads\/2023\/09\/WhatsApp-Image-2023-09-19-at-14.44.41-122x122.jpeg","url":"https:\/\/macite.tg\/wp-content\/uploads\/2023\/09\/WhatsApp-Image-2023-09-19-at-14.44.41-122x122.jpeg","contentUrl":"https:\/\/macite.tg\/wp-content\/uploads\/2023\/09\/WhatsApp-Image-2023-09-19-at-14.44.41-122x122.jpeg","caption":"Jean Pierre BAWELA"},"url":"https:\/\/macite.tg\/?author=2"}]}},"_links":{"self":[{"href":"https:\/\/macite.tg\/index.php?rest_route=\/wp\/v2\/posts\/25421","targetHints":{"allow":["GET"]}}],"collection":[{"href":"https:\/\/macite.tg\/index.php?rest_route=\/wp\/v2\/posts"}],"about":[{"href":"https:\/\/macite.tg\/index.php?rest_route=\/wp\/v2\/types\/post"}],"author":[{"embeddable":true,"href":"https:\/\/macite.tg\/index.php?rest_route=\/wp\/v2\/users\/2"}],"replies":[{"embeddable":true,"href":"https:\/\/macite.tg\/index.php?rest_route=%2Fwp%2Fv2%2Fcomments&post=25421"}],"version-history":[{"count":0,"href":"https:\/\/macite.tg\/index.php?rest_route=\/wp\/v2\/posts\/25421\/revisions"}],"wp:featuredmedia":[{"embeddable":true,"href":"https:\/\/macite.tg\/index.php?rest_route=\/wp\/v2\/media\/25423"}],"wp:attachment":[{"href":"https:\/\/macite.tg\/index.php?rest_route=%2Fwp%2Fv2%2Fmedia&parent=25421"}],"wp:term":[{"taxonomy":"category","embeddable":true,"href":"https:\/\/macite.tg\/index.php?rest_route=%2Fwp%2Fv2%2Fcategories&post=25421"},{"taxonomy":"post_tag","embeddable":true,"href":"https:\/\/macite.tg\/index.php?rest_route=%2Fwp%2Fv2%2Ftags&post=25421"}],"curies":[{"name":"wp","href":"https:\/\/api.w.org\/{rel}","templated":true}]}}