{"id":25419,"date":"2025-10-15T12:13:33","date_gmt":"2025-10-15T12:13:33","guid":{"rendered":"https:\/\/macite.tg\/?p=25419"},"modified":"2025-10-15T12:13:48","modified_gmt":"2025-10-15T12:13:48","slug":"mali-penurie-de-carburant-bamako-face-a-la-dure-realite-de-son-independance","status":"publish","type":"post","link":"https:\/\/macite.tg\/?p=25419","title":{"rendered":"MALI\u00a0: P\u00e9nurie de carburant\u2026 Bamako face \u00e0 la dure r\u00e9alit\u00e9 de son ind\u00e9pendance"},"content":{"rendered":"\n<p class=\"wp-block-paragraph\"><strong><em>Depuis plusieurs semaines, le Mali fait face \u00e0 une situation pr\u00e9occupante, une p\u00e9nurie de carburant qui bouleverse le quotidien des Maliens, freine l\u2019\u00e9conomie et met \u00e0 rude \u00e9preuve la r\u00e9silience nationale. Cette difficult\u00e9 d\u2019approvisionnement, si elle embarrasse les autorit\u00e9s, constitue avant tout une \u00e9preuve de v\u00e9rit\u00e9 pour le pays. Le Mali, engag\u00e9 sur la voie d\u2019une \u00e9mancipation politique et \u00e9conomique, d\u00e9couvre que la souverainet\u00e9 se construit pas \u00e0 pas et souvent dans la douleur.<\/em><\/strong><\/p>\n\n\n\n<p class=\"wp-block-paragraph\">Les peuples sah\u00e9liens doivent le comprendre et soutenir leur dirigeant parce que l\u2019ind\u00e9pendance v\u00e9ritable exige des sacrifices, et se mat\u00e9rialise par la cr\u00e9ativit\u00e9, le travail et la discipline collective. L\u2019heure des chercheurs et des b\u00e2tisseurs a sonn\u00e9. Il appartient d\u00e9sormais aux chercheurs, ing\u00e9nieurs, innovateurs et penseurs sah\u00e9liens de r\u00e9pondre \u00e0 l\u2019appel de l\u2019histoire.<\/p>\n\n\n<div class=\"wp-block-image\">\n<figure class=\"aligncenter size-full is-resized\"><img loading=\"lazy\" decoding=\"async\" width=\"690\" height=\"170\" src=\"https:\/\/macite.tg\/wp-content\/uploads\/2025\/10\/OTR_TVM.jpg\" alt=\"\" class=\"wp-image-25407\" style=\"width:840px;height:auto\" srcset=\"https:\/\/macite.tg\/wp-content\/uploads\/2025\/10\/OTR_TVM.jpg 690w, https:\/\/macite.tg\/wp-content\/uploads\/2025\/10\/OTR_TVM-300x74.jpg 300w\" sizes=\"auto, (max-width: 690px) 100vw, 690px\" \/><\/figure>\n<\/div>\n\n\n<p class=\"wp-block-paragraph\">L\u2019Afrique n\u2019a pas le droit de subir \u00e9ternellement. Il faut inventer, cr\u00e9er, transformer. La p\u00e9nurie actuelle doit \u00eatre le catalyseur d\u2019un sursaut intellectuel et scientifique. Les solutions palliatives ne viendront pas d\u2019ailleurs, elles \u00e9mergeront de l\u2019ing\u00e9niosit\u00e9 locale, de la capacit\u00e9 des universit\u00e9s, des centres de recherche et des entrepreneurs \u00e0 penser autrement la question \u00e9nerg\u00e9tique que ce soit par la valorisation des ressources locales, les biocarburants, le solaire ou les innovations techniques adapt\u00e9s au contexte sah\u00e9lien.<\/p>\n\n\n\n<p class=\"wp-block-paragraph\"><strong>Rompre avec la soci\u00e9t\u00e9 de consommation<\/strong><\/p>\n\n\n\n<p class=\"wp-block-paragraph\">La crise du carburant r\u00e9v\u00e8le aussi une autre fragilit\u00e9. Celle de notre mod\u00e8le de consommation. Trop longtemps, nous avons v\u00e9cu dans l\u2019illusion de l\u2019abondance import\u00e9e, sans questionner la d\u00e9pendance qu\u2019elle engendre.<\/p>\n\n\n\n<p class=\"wp-block-paragraph\">Il est temps de repenser nos besoins, de valoriser la sobri\u00e9t\u00e9 et l\u2019autonomie. Nous avons du soleil en abondance, pourquoi ne pas nous int\u00e9ress\u00e9 v\u00e9ritablement \u00e0 l\u2019\u00e9nergie solaire&nbsp;? une nation souveraine ne se d\u00e9finit pas par sa capacit\u00e9 \u00e0 consommer, mais par sa capacit\u00e9 \u00e0 produire, innover et r\u00e9sister. Les peuples qui ont fait leur r\u00e9volution qu\u2019elle soit politique, industrielle ou sociale ont tous connu la privation, la sueur et parfois la douleur. La libert\u00e9 se forge dans l\u2019\u00e9preuve.<\/p>\n\n\n<div class=\"wp-block-image\">\n<figure class=\"aligncenter size-large is-resized\"><img loading=\"lazy\" decoding=\"async\" width=\"728\" height=\"1024\" src=\"https:\/\/macite.tg\/wp-content\/uploads\/2025\/10\/image-51-728x1024.png\" alt=\"\" class=\"wp-image-25339\" style=\"width:608px;height:auto\" srcset=\"https:\/\/macite.tg\/wp-content\/uploads\/2025\/10\/image-51-728x1024.png 728w, https:\/\/macite.tg\/wp-content\/uploads\/2025\/10\/image-51-213x300.png 213w, https:\/\/macite.tg\/wp-content\/uploads\/2025\/10\/image-51-768x1080.png 768w, https:\/\/macite.tg\/wp-content\/uploads\/2025\/10\/image-51-1092x1536.png 1092w, https:\/\/macite.tg\/wp-content\/uploads\/2025\/10\/image-51.png 1165w\" sizes=\"auto, (max-width: 728px) 100vw, 728px\" \/><\/figure>\n<\/div>\n\n\n<p class=\"wp-block-paragraph\">La souverainet\u00e9 ne rel\u00e8ve pas uniquement des autorit\u00e9s, elle est un combat collectif. C\u2019est l\u2019affaire de chaque citoyen, de chaque communaut\u00e9, de chaque intellectuel. L\u2019histoire retiendra non pas ceux qui se sont plaints mais ceux qui ont agi. Le Mali et au-del\u00e0, le Sahel tout entier doit transformer cette p\u00e9nurie en une le\u00e7on de lucidit\u00e9 et de courage.<\/p>\n\n\n\n<p class=\"wp-block-paragraph\">Les peuples libres se reconnaissent dans leur capacit\u00e9 \u00e0 transformer la contrainte en opportunit\u00e9. Car oui, la souverainet\u00e9 \u00e0 un prix. Et c\u2019est maintenant que l\u2019Afrique doit apprendre \u00e0 le payer avec dignit\u00e9, courage et intelligence.<\/p>\n\n\n\n<p class=\"wp-block-paragraph\"><strong>Omar A.<\/strong><\/p>\n\n\n\n<p class=\"wp-block-paragraph\"><a><strong><em>@macite.tg&nbsp;&nbsp;&nbsp;&nbsp;&nbsp;&nbsp;&nbsp;&nbsp;<\/em><\/strong><\/a><\/p>\n\n\n\n<p class=\"wp-block-paragraph\"><strong><em>E-mail&nbsp;: <\/em><\/strong><a href=\"mailto:maciteinfo@gmail.com\"><strong><em>maciteinfo@gmail.com<\/em><\/strong><\/a><strong><em>; <\/em><\/strong><a href=\"mailto:bawela1@gmail.com\"><strong><em>bawela1@gmail.com<\/em><\/strong><\/a><strong><em><\/em><\/strong><\/p>\n\n\n\n<p class=\"wp-block-paragraph\"><strong><em>Pour vos annonces, (publi)reportages, etc., joignez-nous au (00228)91515309\/<strong>79872224 <\/strong><strong><\/strong><\/em><\/strong><\/p>\n\n\n\n<p class=\"wp-block-paragraph\"><strong><em>www.macite.tg, L\u2019information, la bonne&nbsp;!<\/em><\/strong><\/p>\n\n\n\n<p class=\"wp-block-paragraph\"><\/p>\n","protected":false},"excerpt":{"rendered":"<p class=\"text-justify mb-2\" >Depuis plusieurs semaines, le Mali fait face \u00e0 une situation pr\u00e9occupante, une p\u00e9nurie de carburant qui bouleverse le quotidien des Maliens, freine l\u2019\u00e9conomie et met \u00e0 rude \u00e9preuve la r\u00e9silience nationale. Cette difficult\u00e9 d\u2019approvisionnement, si elle embarrasse les autorit\u00e9s, constitue avant tout une \u00e9preuve de [&hellip;]<\/p>\n","protected":false},"author":2,"featured_media":25420,"comment_status":"open","ping_status":"open","sticky":false,"template":"","format":"standard","meta":{"footnotes":""},"categories":[20],"tags":[],"class_list":["post-25419","post","type-post","status-publish","format-standard","has-post-thumbnail","hentry","category-actualite"],"yoast_head":"<!-- This site is optimized with the Yoast SEO plugin v28.4 - https:\/\/yoast.com\/product\/yoast-seo-wordpress\/ -->\n<title>MALI\u00a0: P\u00e9nurie de carburant\u2026 Bamako face \u00e0 la dure r\u00e9alit\u00e9 de son ind\u00e9pendance -<\/title>\n<meta name=\"robots\" content=\"index, follow, max-snippet:-1, max-image-preview:large, max-video-preview:-1\" \/>\n<link rel=\"canonical\" href=\"https:\/\/macite.tg\/?p=25419\" \/>\n<meta property=\"og:locale\" content=\"fr_FR\" \/>\n<meta property=\"og:type\" content=\"article\" \/>\n<meta property=\"og:title\" content=\"MALI\u00a0: P\u00e9nurie de carburant\u2026 Bamako face \u00e0 la dure r\u00e9alit\u00e9 de son ind\u00e9pendance -\" \/>\n<meta property=\"og:description\" content=\"Depuis plusieurs semaines, le Mali fait face \u00e0 une situation pr\u00e9occupante, une p\u00e9nurie de carburant qui bouleverse le quotidien des Maliens, freine l\u2019\u00e9conomie et met \u00e0 rude \u00e9preuve la r\u00e9silience nationale. Cette difficult\u00e9 d\u2019approvisionnement, si elle embarrasse les autorit\u00e9s, constitue avant tout une \u00e9preuve de [&hellip;]\" \/>\n<meta property=\"og:url\" content=\"https:\/\/macite.tg\/?p=25419\" \/>\n<meta property=\"article:published_time\" content=\"2025-10-15T12:13:33+00:00\" \/>\n<meta property=\"article:modified_time\" content=\"2025-10-15T12:13:48+00:00\" \/>\n<meta property=\"og:image\" content=\"https:\/\/macite.tg\/wp-content\/uploads\/2025\/10\/image-63.png\" \/>\n\t<meta property=\"og:image:width\" content=\"420\" \/>\n\t<meta property=\"og:image:height\" content=\"251\" \/>\n\t<meta property=\"og:image:type\" content=\"image\/png\" \/>\n<meta name=\"author\" content=\"Jean Pierre BAWELA\" \/>\n<meta name=\"twitter:card\" content=\"summary_large_image\" \/>\n<meta name=\"twitter:label1\" content=\"\u00c9crit par\" \/>\n\t<meta name=\"twitter:data1\" content=\"Jean Pierre BAWELA\" \/>\n\t<meta name=\"twitter:label2\" content=\"Dur\u00e9e de lecture estim\u00e9e\" \/>\n\t<meta name=\"twitter:data2\" content=\"3 minutes\" \/>\n<script type=\"application\/ld+json\" class=\"yoast-schema-graph\">{\"@context\":\"https:\\\/\\\/schema.org\",\"@graph\":[{\"@type\":\"Article\",\"@id\":\"https:\\\/\\\/macite.tg\\\/?p=25419#article\",\"isPartOf\":{\"@id\":\"https:\\\/\\\/macite.tg\\\/?p=25419\"},\"author\":{\"name\":\"Jean Pierre BAWELA\",\"@id\":\"https:\\\/\\\/macite.tg\\\/#\\\/schema\\\/person\\\/e9f2de7e5dbbe7770a9402c7ce82f5c2\"},\"headline\":\"MALI\u00a0: P\u00e9nurie de carburant\u2026 Bamako face \u00e0 la dure r\u00e9alit\u00e9 de son ind\u00e9pendance\",\"datePublished\":\"2025-10-15T12:13:33+00:00\",\"dateModified\":\"2025-10-15T12:13:48+00:00\",\"mainEntityOfPage\":{\"@id\":\"https:\\\/\\\/macite.tg\\\/?p=25419\"},\"wordCount\":518,\"commentCount\":0,\"image\":{\"@id\":\"https:\\\/\\\/macite.tg\\\/?p=25419#primaryimage\"},\"thumbnailUrl\":\"https:\\\/\\\/macite.tg\\\/wp-content\\\/uploads\\\/2025\\\/10\\\/image-63.png\",\"articleSection\":[\"ACTUALITE\"],\"inLanguage\":\"fr-FR\",\"potentialAction\":[{\"@type\":\"CommentAction\",\"name\":\"Comment\",\"target\":[\"https:\\\/\\\/macite.tg\\\/?p=25419#respond\"]}]},{\"@type\":\"WebPage\",\"@id\":\"https:\\\/\\\/macite.tg\\\/?p=25419\",\"url\":\"https:\\\/\\\/macite.tg\\\/?p=25419\",\"name\":\"MALI\u00a0: P\u00e9nurie de carburant\u2026 Bamako face \u00e0 la dure r\u00e9alit\u00e9 de son ind\u00e9pendance -\",\"isPartOf\":{\"@id\":\"https:\\\/\\\/macite.tg\\\/#website\"},\"primaryImageOfPage\":{\"@id\":\"https:\\\/\\\/macite.tg\\\/?p=25419#primaryimage\"},\"image\":{\"@id\":\"https:\\\/\\\/macite.tg\\\/?p=25419#primaryimage\"},\"thumbnailUrl\":\"https:\\\/\\\/macite.tg\\\/wp-content\\\/uploads\\\/2025\\\/10\\\/image-63.png\",\"datePublished\":\"2025-10-15T12:13:33+00:00\",\"dateModified\":\"2025-10-15T12:13:48+00:00\",\"author\":{\"@id\":\"https:\\\/\\\/macite.tg\\\/#\\\/schema\\\/person\\\/e9f2de7e5dbbe7770a9402c7ce82f5c2\"},\"breadcrumb\":{\"@id\":\"https:\\\/\\\/macite.tg\\\/?p=25419#breadcrumb\"},\"inLanguage\":\"fr-FR\",\"potentialAction\":[{\"@type\":\"ReadAction\",\"target\":[\"https:\\\/\\\/macite.tg\\\/?p=25419\"]}]},{\"@type\":\"ImageObject\",\"inLanguage\":\"fr-FR\",\"@id\":\"https:\\\/\\\/macite.tg\\\/?p=25419#primaryimage\",\"url\":\"https:\\\/\\\/macite.tg\\\/wp-content\\\/uploads\\\/2025\\\/10\\\/image-63.png\",\"contentUrl\":\"https:\\\/\\\/macite.tg\\\/wp-content\\\/uploads\\\/2025\\\/10\\\/image-63.png\",\"width\":420,\"height\":251,\"caption\":\"De longues queues dans les stations d'essence pour se disputer quelques goutes d'essence\"},{\"@type\":\"BreadcrumbList\",\"@id\":\"https:\\\/\\\/macite.tg\\\/?p=25419#breadcrumb\",\"itemListElement\":[{\"@type\":\"ListItem\",\"position\":1,\"name\":\"Accueil\",\"item\":\"https:\\\/\\\/macite.tg\\\/\"},{\"@type\":\"ListItem\",\"position\":2,\"name\":\"MALI\u00a0: P\u00e9nurie de carburant\u2026 Bamako face \u00e0 la dure r\u00e9alit\u00e9 de son ind\u00e9pendance\"}]},{\"@type\":\"WebSite\",\"@id\":\"https:\\\/\\\/macite.tg\\\/#website\",\"url\":\"https:\\\/\\\/macite.tg\\\/\",\"name\":\"\",\"description\":\"L&#039;information, la bonne!!!\",\"potentialAction\":[{\"@type\":\"SearchAction\",\"target\":{\"@type\":\"EntryPoint\",\"urlTemplate\":\"https:\\\/\\\/macite.tg\\\/?s={search_term_string}\"},\"query-input\":{\"@type\":\"PropertyValueSpecification\",\"valueRequired\":true,\"valueName\":\"search_term_string\"}}],\"inLanguage\":\"fr-FR\"},{\"@type\":\"Person\",\"@id\":\"https:\\\/\\\/macite.tg\\\/#\\\/schema\\\/person\\\/e9f2de7e5dbbe7770a9402c7ce82f5c2\",\"name\":\"Jean Pierre BAWELA\",\"image\":{\"@type\":\"ImageObject\",\"inLanguage\":\"fr-FR\",\"@id\":\"https:\\\/\\\/macite.tg\\\/wp-content\\\/uploads\\\/2023\\\/09\\\/WhatsApp-Image-2023-09-19-at-14.44.41-122x122.jpeg\",\"url\":\"https:\\\/\\\/macite.tg\\\/wp-content\\\/uploads\\\/2023\\\/09\\\/WhatsApp-Image-2023-09-19-at-14.44.41-122x122.jpeg\",\"contentUrl\":\"https:\\\/\\\/macite.tg\\\/wp-content\\\/uploads\\\/2023\\\/09\\\/WhatsApp-Image-2023-09-19-at-14.44.41-122x122.jpeg\",\"caption\":\"Jean Pierre BAWELA\"},\"url\":\"https:\\\/\\\/macite.tg\\\/?author=2\"}]}<\/script>\n<!-- \/ Yoast SEO plugin. -->","yoast_head_json":{"title":"MALI\u00a0: P\u00e9nurie de carburant\u2026 Bamako face \u00e0 la dure r\u00e9alit\u00e9 de son ind\u00e9pendance -","robots":{"index":"index","follow":"follow","max-snippet":"max-snippet:-1","max-image-preview":"max-image-preview:large","max-video-preview":"max-video-preview:-1"},"canonical":"https:\/\/macite.tg\/?p=25419","og_locale":"fr_FR","og_type":"article","og_title":"MALI\u00a0: P\u00e9nurie de carburant\u2026 Bamako face \u00e0 la dure r\u00e9alit\u00e9 de son ind\u00e9pendance -","og_description":"Depuis plusieurs semaines, le Mali fait face \u00e0 une situation pr\u00e9occupante, une p\u00e9nurie de carburant qui bouleverse le quotidien des Maliens, freine l\u2019\u00e9conomie et met \u00e0 rude \u00e9preuve la r\u00e9silience nationale. Cette difficult\u00e9 d\u2019approvisionnement, si elle embarrasse les autorit\u00e9s, constitue avant tout une \u00e9preuve de [&hellip;]","og_url":"https:\/\/macite.tg\/?p=25419","article_published_time":"2025-10-15T12:13:33+00:00","article_modified_time":"2025-10-15T12:13:48+00:00","og_image":[{"width":420,"height":251,"url":"https:\/\/macite.tg\/wp-content\/uploads\/2025\/10\/image-63.png","type":"image\/png"}],"author":"Jean Pierre BAWELA","twitter_card":"summary_large_image","twitter_misc":{"\u00c9crit par":"Jean Pierre BAWELA","Dur\u00e9e de lecture estim\u00e9e":"3 minutes"},"schema":{"@context":"https:\/\/schema.org","@graph":[{"@type":"Article","@id":"https:\/\/macite.tg\/?p=25419#article","isPartOf":{"@id":"https:\/\/macite.tg\/?p=25419"},"author":{"name":"Jean Pierre BAWELA","@id":"https:\/\/macite.tg\/#\/schema\/person\/e9f2de7e5dbbe7770a9402c7ce82f5c2"},"headline":"MALI\u00a0: P\u00e9nurie de carburant\u2026 Bamako face \u00e0 la dure r\u00e9alit\u00e9 de son ind\u00e9pendance","datePublished":"2025-10-15T12:13:33+00:00","dateModified":"2025-10-15T12:13:48+00:00","mainEntityOfPage":{"@id":"https:\/\/macite.tg\/?p=25419"},"wordCount":518,"commentCount":0,"image":{"@id":"https:\/\/macite.tg\/?p=25419#primaryimage"},"thumbnailUrl":"https:\/\/macite.tg\/wp-content\/uploads\/2025\/10\/image-63.png","articleSection":["ACTUALITE"],"inLanguage":"fr-FR","potentialAction":[{"@type":"CommentAction","name":"Comment","target":["https:\/\/macite.tg\/?p=25419#respond"]}]},{"@type":"WebPage","@id":"https:\/\/macite.tg\/?p=25419","url":"https:\/\/macite.tg\/?p=25419","name":"MALI\u00a0: P\u00e9nurie de carburant\u2026 Bamako face \u00e0 la dure r\u00e9alit\u00e9 de son ind\u00e9pendance -","isPartOf":{"@id":"https:\/\/macite.tg\/#website"},"primaryImageOfPage":{"@id":"https:\/\/macite.tg\/?p=25419#primaryimage"},"image":{"@id":"https:\/\/macite.tg\/?p=25419#primaryimage"},"thumbnailUrl":"https:\/\/macite.tg\/wp-content\/uploads\/2025\/10\/image-63.png","datePublished":"2025-10-15T12:13:33+00:00","dateModified":"2025-10-15T12:13:48+00:00","author":{"@id":"https:\/\/macite.tg\/#\/schema\/person\/e9f2de7e5dbbe7770a9402c7ce82f5c2"},"breadcrumb":{"@id":"https:\/\/macite.tg\/?p=25419#breadcrumb"},"inLanguage":"fr-FR","potentialAction":[{"@type":"ReadAction","target":["https:\/\/macite.tg\/?p=25419"]}]},{"@type":"ImageObject","inLanguage":"fr-FR","@id":"https:\/\/macite.tg\/?p=25419#primaryimage","url":"https:\/\/macite.tg\/wp-content\/uploads\/2025\/10\/image-63.png","contentUrl":"https:\/\/macite.tg\/wp-content\/uploads\/2025\/10\/image-63.png","width":420,"height":251,"caption":"De longues queues dans les stations d'essence pour se disputer quelques goutes d'essence"},{"@type":"BreadcrumbList","@id":"https:\/\/macite.tg\/?p=25419#breadcrumb","itemListElement":[{"@type":"ListItem","position":1,"name":"Accueil","item":"https:\/\/macite.tg\/"},{"@type":"ListItem","position":2,"name":"MALI\u00a0: P\u00e9nurie de carburant\u2026 Bamako face \u00e0 la dure r\u00e9alit\u00e9 de son ind\u00e9pendance"}]},{"@type":"WebSite","@id":"https:\/\/macite.tg\/#website","url":"https:\/\/macite.tg\/","name":"","description":"L&#039;information, la bonne!!!","potentialAction":[{"@type":"SearchAction","target":{"@type":"EntryPoint","urlTemplate":"https:\/\/macite.tg\/?s={search_term_string}"},"query-input":{"@type":"PropertyValueSpecification","valueRequired":true,"valueName":"search_term_string"}}],"inLanguage":"fr-FR"},{"@type":"Person","@id":"https:\/\/macite.tg\/#\/schema\/person\/e9f2de7e5dbbe7770a9402c7ce82f5c2","name":"Jean Pierre BAWELA","image":{"@type":"ImageObject","inLanguage":"fr-FR","@id":"https:\/\/macite.tg\/wp-content\/uploads\/2023\/09\/WhatsApp-Image-2023-09-19-at-14.44.41-122x122.jpeg","url":"https:\/\/macite.tg\/wp-content\/uploads\/2023\/09\/WhatsApp-Image-2023-09-19-at-14.44.41-122x122.jpeg","contentUrl":"https:\/\/macite.tg\/wp-content\/uploads\/2023\/09\/WhatsApp-Image-2023-09-19-at-14.44.41-122x122.jpeg","caption":"Jean Pierre BAWELA"},"url":"https:\/\/macite.tg\/?author=2"}]}},"_links":{"self":[{"href":"https:\/\/macite.tg\/index.php?rest_route=\/wp\/v2\/posts\/25419","targetHints":{"allow":["GET"]}}],"collection":[{"href":"https:\/\/macite.tg\/index.php?rest_route=\/wp\/v2\/posts"}],"about":[{"href":"https:\/\/macite.tg\/index.php?rest_route=\/wp\/v2\/types\/post"}],"author":[{"embeddable":true,"href":"https:\/\/macite.tg\/index.php?rest_route=\/wp\/v2\/users\/2"}],"replies":[{"embeddable":true,"href":"https:\/\/macite.tg\/index.php?rest_route=%2Fwp%2Fv2%2Fcomments&post=25419"}],"version-history":[{"count":0,"href":"https:\/\/macite.tg\/index.php?rest_route=\/wp\/v2\/posts\/25419\/revisions"}],"wp:featuredmedia":[{"embeddable":true,"href":"https:\/\/macite.tg\/index.php?rest_route=\/wp\/v2\/media\/25420"}],"wp:attachment":[{"href":"https:\/\/macite.tg\/index.php?rest_route=%2Fwp%2Fv2%2Fmedia&parent=25419"}],"wp:term":[{"taxonomy":"category","embeddable":true,"href":"https:\/\/macite.tg\/index.php?rest_route=%2Fwp%2Fv2%2Fcategories&post=25419"},{"taxonomy":"post_tag","embeddable":true,"href":"https:\/\/macite.tg\/index.php?rest_route=%2Fwp%2Fv2%2Ftags&post=25419"}],"curies":[{"name":"wp","href":"https:\/\/api.w.org\/{rel}","templated":true}]}}