{"id":25411,"date":"2025-10-15T10:00:22","date_gmt":"2025-10-15T10:00:22","guid":{"rendered":"https:\/\/macite.tg\/?p=25411"},"modified":"2025-10-15T10:00:27","modified_gmt":"2025-10-15T10:00:27","slug":"japon-les-prisons-comme-maison-de-retraite-pour-les-femmes-agees","status":"publish","type":"post","link":"https:\/\/macite.tg\/?p=25411","title":{"rendered":"JAPON : Les prisons comme \u00a0\u00bbmaison de retraite\u00a0\u00bb pour les femmes \u00e2g\u00e9es"},"content":{"rendered":"\n<p class=\"wp-block-paragraph\"><strong><em>Chaque ann\u00e9e, le Japon observe une augmentation du nombre de femmes \u00e2g\u00e9es incarc\u00e9r\u00e9es pour des d\u00e9lits mineurs dans ses prisons f\u00e9minines. Ces d\u00e9tenues, bien qu&rsquo;affirmant pr\u00e9f\u00e9rer la vie en d\u00e9tention o\u00f9 elles se sentent plus en s\u00e9curit\u00e9 qu&rsquo;\u00e0 l&rsquo;ext\u00e9rieur, sont confront\u00e9es lors de leur vie en libert\u00e9 \u00e0 des d\u00e9fis tels que la solitude et des probl\u00e8mes \u00e9conomiques. Ce qui souligne la complexit\u00e9 de leur situation.<\/em><\/strong><\/p>\n\n\n\n<p class=\"wp-block-paragraph\">D\u2019apr\u00e8s le m\u00e9dia japonais&nbsp;<em>Diamond Online<\/em>, en 2020, les femmes constituaient environ 10 % de l\u2019ensemble de la population carc\u00e9rale, et le nombre de d\u00e9tenues \u00e2g\u00e9es de plus de 65 ans, conna\u00eet une hausse marqu\u00e9e. La part des personnes de 65 ans et plus, hommes et femmes confondus, s\u2019\u00e9l\u00e8ve \u00e0 13 % approximativement, soit une augmentation multipli\u00e9e par dix depuis 1990.<\/p>\n\n\n\n<p class=\"wp-block-paragraph\"><strong>Un vieillissement de la population<\/strong><\/p>\n\n\n\n<p class=\"wp-block-paragraph\">Selon les estimations du minist\u00e8re japonais des Affaires int\u00e9rieures et des Communications, en 2024, la population \u00e2g\u00e9e de 65 ans et plus s\u2019\u00e9levait \u00e0 36,25 millions de personnes, soit 29,3 % de la population totale.<\/p>\n\n\n<div class=\"wp-block-image\">\n<figure class=\"aligncenter size-large\"><img loading=\"lazy\" decoding=\"async\" width=\"728\" height=\"1024\" src=\"https:\/\/macite.tg\/wp-content\/uploads\/2025\/10\/image-51-728x1024.png\" alt=\"\" class=\"wp-image-25339\" srcset=\"https:\/\/macite.tg\/wp-content\/uploads\/2025\/10\/image-51-728x1024.png 728w, https:\/\/macite.tg\/wp-content\/uploads\/2025\/10\/image-51-213x300.png 213w, https:\/\/macite.tg\/wp-content\/uploads\/2025\/10\/image-51-768x1080.png 768w, https:\/\/macite.tg\/wp-content\/uploads\/2025\/10\/image-51-1092x1536.png 1092w, https:\/\/macite.tg\/wp-content\/uploads\/2025\/10\/image-51.png 1165w\" sizes=\"auto, (max-width: 728px) 100vw, 728px\" \/><\/figure>\n<\/div>\n\n\n<p class=\"wp-block-paragraph\">Tant la population \u00e2g\u00e9e que le taux de vieillissement ont atteint des niveaux records au Japon. Il est pr\u00e9vu que le nombre de d\u00e9tenus \u00e2g\u00e9s continue \u00e9galement d\u2019augmenter.<\/p>\n\n\n\n<p class=\"wp-block-paragraph\"><strong>Le vol, l\u2019infraction la plus r\u00e9pandue<\/strong><\/p>\n\n\n\n<p class=\"wp-block-paragraph\">Selon le&nbsp;<em>Livre blanc sur la criminalit\u00e9<\/em>&nbsp;de 2021, le d\u00e9lit le plus fr\u00e9quent parmi les d\u00e9tenus \u00e2g\u00e9s est le vol. Il repr\u00e9sente environ 60 % de l\u2019ensemble des infractions au Japon.<\/p>\n\n\n\n<p class=\"wp-block-paragraph\"><strong>Le vol \u00e0 l\u2019\u00e9talage, plus courant<\/strong><\/p>\n\n\n\n<p class=\"wp-block-paragraph\">En r\u00e9partissant le ph\u00e9nom\u00e8ne selon le genre, le vol concerne environ 50 % des hommes \u00e2g\u00e9s, tandis qu\u2019il touche pr\u00e8s de 90 % des femmes \u00e2g\u00e9es. Le type de vol le plus fr\u00e9quent est le vol \u00e0 l\u2019\u00e9talage, consid\u00e9r\u00e9 comme un d\u00e9lit mineur.<\/p>\n\n\n\n<p class=\"wp-block-paragraph\">\u00c0 noter que lorsqu\u2019une peine de prison est prononc\u00e9e, c\u2019est g\u00e9n\u00e9ralement parce que l\u2019infraction a \u00e9t\u00e9 commise \u00e0 plusieurs reprises.<\/p>\n\n\n\n<p class=\"wp-block-paragraph\"><strong>Le nombre de d\u00e9tenus malades est lui aussi en hausse<\/strong><\/p>\n\n\n\n<p class=\"wp-block-paragraph\">Avec l\u2019augmentation du nombre de d\u00e9tenus \u00e2g\u00e9s, le nombre de personnes n\u00e9cessitant une assistance cro\u00eet \u00e9galement.<\/p>\n\n\n<div class=\"wp-block-image\">\n<figure class=\"aligncenter size-full is-resized\"><img loading=\"lazy\" decoding=\"async\" width=\"690\" height=\"170\" src=\"https:\/\/macite.tg\/wp-content\/uploads\/2025\/10\/OTR_TVM.jpg\" alt=\"\" class=\"wp-image-25407\" style=\"width:840px;height:auto\" srcset=\"https:\/\/macite.tg\/wp-content\/uploads\/2025\/10\/OTR_TVM.jpg 690w, https:\/\/macite.tg\/wp-content\/uploads\/2025\/10\/OTR_TVM-300x74.jpg 300w\" sizes=\"auto, (max-width: 690px) 100vw, 690px\" \/><\/figure>\n<\/div>\n\n\n<p class=\"wp-block-paragraph\">Depuis 2018, le minist\u00e8re japonais de la Justice impose aux d\u00e9tenus \u00e2g\u00e9s de 60 ans ou plus, dans huit grandes prisons du pays, de se soumettre \u00e0 des tests de d\u00e9pistage de la d\u00e9mence. Lorsqu\u2019un d\u00e9tenu est diagnostiqu\u00e9 comme atteint, le minist\u00e8re \u00e9value, entre autres, la possibilit\u00e9 de r\u00e9duire sa charge de travail en prison.<\/p>\n\n\n\n<p class=\"wp-block-paragraph\"><strong>\u00ab\u00a0Certaines personnes ne savent pas pourquoi elles sont ici\u00a0\u00bb<\/strong><\/p>\n\n\n\n<p class=\"wp-block-paragraph\">Un responsable de ces tests a d\u00e9clar\u00e9 \u00e0&nbsp;<em>Diamond Online<\/em>&nbsp;<em>: \u00ab Certains d\u00e9tenus ne savent m\u00eame pas pourquoi ils sont ici.<\/em><\/p>\n\n\n\n<p class=\"wp-block-paragraph\"><em>Mais la prison n\u2019a pas d\u2019autre choix que de les accueillir. N\u2019est-il pas injuste de les garder en d\u00e9tention alors qu\u2019ils ne savent m\u00eame pas pourquoi ils ont \u00e9t\u00e9 punis ? \u00bb<\/em><\/p>\n\n\n\n<p class=\"wp-block-paragraph\"><strong>Les prisons se transforment en maisons de retraite<\/strong><\/p>\n\n\n\n<p class=\"wp-block-paragraph\">Dans une interview accord\u00e9e \u00e0&nbsp;<em>CNN<\/em>, Takayoshi Shiranaga, un gardien de la prison de Tochigi, a d\u00e9clar\u00e9 : <em>\u00ab Nous devons d\u00e9sormais leur changer les couches, les aider \u00e0 se laver et \u00e0 manger. Cela ressemble davantage \u00e0 une maison de retraite qu\u2019\u00e0 un centre de d\u00e9tention pour criminels. \u00bb<\/em><\/p>\n\n\n<div class=\"wp-block-image\">\n<figure class=\"aligncenter size-full\"><img loading=\"lazy\" decoding=\"async\" width=\"500\" height=\"503\" src=\"https:\/\/macite.tg\/wp-content\/uploads\/2025\/10\/Gest-exo_PUB-2.jpg\" alt=\"\" class=\"wp-image-25335\" srcset=\"https:\/\/macite.tg\/wp-content\/uploads\/2025\/10\/Gest-exo_PUB-2.jpg 500w, https:\/\/macite.tg\/wp-content\/uploads\/2025\/10\/Gest-exo_PUB-2-298x300.jpg 298w, https:\/\/macite.tg\/wp-content\/uploads\/2025\/10\/Gest-exo_PUB-2-150x150.jpg 150w, https:\/\/macite.tg\/wp-content\/uploads\/2025\/10\/Gest-exo_PUB-2-122x122.jpg 122w\" sizes=\"auto, (max-width: 500px) 100vw, 500px\" \/><\/figure>\n<\/div>\n\n\n<p class=\"wp-block-paragraph\"><strong>Certaines personnes retournent en prison apr\u00e8s avoir \u00e9t\u00e9 lib\u00e9r\u00e9es<\/strong><\/p>\n\n\n\n<p class=\"wp-block-paragraph\">Dans un entretien avec&nbsp;<em>President Online<\/em>, la directrice adjointe de la prison de Fukushima a soulign\u00e9 la gravit\u00e9 de la situation actuelle en d\u00e9clarant : <em>\u00ab M\u00eame apr\u00e8s avoir purg\u00e9 leur peine et r\u00e9int\u00e9gr\u00e9 la soci\u00e9t\u00e9, de nombreuses personnes \u00e2g\u00e9es n\u2019ont ni domicile ni proches pour les accueillir. Elles en viennent donc \u00e0 penser que la prison, c\u2019est mieux, et finissent par y retourner encore et encore. \u00bb<\/em><\/p>\n\n\n\n<p class=\"wp-block-paragraph\"><strong>La question des personnes \u00e2g\u00e9es continue d\u2019attirer l\u2019attention<\/strong><\/p>\n\n\n\n<p class=\"wp-block-paragraph\">Le vieillissement in\u00e9vitable de la population place au premier plan, au Japon, la question des prisons et des personnes \u00e2g\u00e9es. Mais les autorit\u00e9s prennent-elles pleinement la mesure du probl\u00e8me ?<\/p>\n\n\n\n<p class=\"wp-block-paragraph\"><strong>MSN<\/strong><\/p>\n\n\n\n<p class=\"wp-block-paragraph\"><a><strong><em>@macite.tg&nbsp;&nbsp;&nbsp;&nbsp;&nbsp;&nbsp;&nbsp;&nbsp;<\/em><\/strong><\/a><\/p>\n\n\n\n<p class=\"wp-block-paragraph\"><strong><em>E-mail&nbsp;: <\/em><\/strong><a href=\"mailto:maciteinfo@gmail.com\"><strong><em>maciteinfo@gmail.com<\/em><\/strong><\/a><strong><em>; <\/em><\/strong><a href=\"mailto:bawela1@gmail.com\"><strong><em>bawela1@gmail.com<\/em><\/strong><\/a><strong><em><\/em><\/strong><\/p>\n\n\n\n<p class=\"wp-block-paragraph\"><strong><em>Pour vos annonces, (publi)reportages, etc., joignez-nous au (00228)91515309\/<strong>79872224 <\/strong><strong><\/strong><\/em><\/strong><\/p>\n\n\n\n<p class=\"wp-block-paragraph\"><strong><em>www.macite.tg, L\u2019information, la bonne&nbsp;!<\/em><\/strong><\/p>\n\n\n\n<p class=\"wp-block-paragraph\"><\/p>\n","protected":false},"excerpt":{"rendered":"<p class=\"text-justify mb-2\" >Chaque ann\u00e9e, le Japon observe une augmentation du nombre de femmes \u00e2g\u00e9es incarc\u00e9r\u00e9es pour des d\u00e9lits mineurs dans ses prisons f\u00e9minines. Ces d\u00e9tenues, bien qu&rsquo;affirmant pr\u00e9f\u00e9rer la vie en d\u00e9tention o\u00f9 elles se sentent plus en s\u00e9curit\u00e9 qu&rsquo;\u00e0 l&rsquo;ext\u00e9rieur, sont confront\u00e9es lors de leur vie [&hellip;]<\/p>\n","protected":false},"author":2,"featured_media":25412,"comment_status":"open","ping_status":"open","sticky":false,"template":"","format":"standard","meta":{"footnotes":""},"categories":[20,6],"tags":[],"class_list":["post-25411","post","type-post","status-publish","format-standard","has-post-thumbnail","hentry","category-actualite","category-societe"],"yoast_head":"<!-- This site is optimized with the Yoast SEO plugin v28.4 - https:\/\/yoast.com\/product\/yoast-seo-wordpress\/ -->\n<title>JAPON : Les prisons comme &#039;&#039;maison de retraite&#039;&#039; pour les femmes \u00e2g\u00e9es -<\/title>\n<meta name=\"robots\" content=\"index, follow, max-snippet:-1, max-image-preview:large, max-video-preview:-1\" \/>\n<link rel=\"canonical\" href=\"https:\/\/macite.tg\/?p=25411\" \/>\n<meta property=\"og:locale\" content=\"fr_FR\" \/>\n<meta property=\"og:type\" content=\"article\" \/>\n<meta property=\"og:title\" content=\"JAPON : Les prisons comme &#039;&#039;maison de retraite&#039;&#039; pour les femmes \u00e2g\u00e9es -\" \/>\n<meta property=\"og:description\" content=\"Chaque ann\u00e9e, le Japon observe une augmentation du nombre de femmes \u00e2g\u00e9es incarc\u00e9r\u00e9es pour des d\u00e9lits mineurs dans ses prisons f\u00e9minines. Ces d\u00e9tenues, bien qu&rsquo;affirmant pr\u00e9f\u00e9rer la vie en d\u00e9tention o\u00f9 elles se sentent plus en s\u00e9curit\u00e9 qu&rsquo;\u00e0 l&rsquo;ext\u00e9rieur, sont confront\u00e9es lors de leur vie [&hellip;]\" \/>\n<meta property=\"og:url\" content=\"https:\/\/macite.tg\/?p=25411\" \/>\n<meta property=\"article:published_time\" content=\"2025-10-15T10:00:22+00:00\" \/>\n<meta property=\"article:modified_time\" content=\"2025-10-15T10:00:27+00:00\" \/>\n<meta property=\"og:image\" content=\"https:\/\/macite.tg\/wp-content\/uploads\/2025\/10\/JAPON.jpg\" \/>\n\t<meta property=\"og:image:width\" content=\"500\" \/>\n\t<meta property=\"og:image:height\" content=\"132\" \/>\n\t<meta property=\"og:image:type\" content=\"image\/jpeg\" \/>\n<meta name=\"author\" content=\"Jean Pierre BAWELA\" \/>\n<meta name=\"twitter:card\" content=\"summary_large_image\" \/>\n<meta name=\"twitter:label1\" content=\"\u00c9crit par\" \/>\n\t<meta name=\"twitter:data1\" content=\"Jean Pierre BAWELA\" \/>\n\t<meta name=\"twitter:label2\" content=\"Dur\u00e9e de lecture estim\u00e9e\" \/>\n\t<meta name=\"twitter:data2\" content=\"5 minutes\" \/>\n<script type=\"application\/ld+json\" class=\"yoast-schema-graph\">{\"@context\":\"https:\\\/\\\/schema.org\",\"@graph\":[{\"@type\":\"Article\",\"@id\":\"https:\\\/\\\/macite.tg\\\/?p=25411#article\",\"isPartOf\":{\"@id\":\"https:\\\/\\\/macite.tg\\\/?p=25411\"},\"author\":{\"name\":\"Jean Pierre BAWELA\",\"@id\":\"https:\\\/\\\/macite.tg\\\/#\\\/schema\\\/person\\\/e9f2de7e5dbbe7770a9402c7ce82f5c2\"},\"headline\":\"JAPON : Les prisons comme \u00a0\u00bbmaison de retraite\u00a0\u00bb pour les femmes \u00e2g\u00e9es\",\"datePublished\":\"2025-10-15T10:00:22+00:00\",\"dateModified\":\"2025-10-15T10:00:27+00:00\",\"mainEntityOfPage\":{\"@id\":\"https:\\\/\\\/macite.tg\\\/?p=25411\"},\"wordCount\":737,\"commentCount\":0,\"image\":{\"@id\":\"https:\\\/\\\/macite.tg\\\/?p=25411#primaryimage\"},\"thumbnailUrl\":\"https:\\\/\\\/macite.tg\\\/wp-content\\\/uploads\\\/2025\\\/10\\\/JAPON.jpg\",\"articleSection\":[\"ACTUALITE\",\"SOCIETE\"],\"inLanguage\":\"fr-FR\",\"potentialAction\":[{\"@type\":\"CommentAction\",\"name\":\"Comment\",\"target\":[\"https:\\\/\\\/macite.tg\\\/?p=25411#respond\"]}]},{\"@type\":\"WebPage\",\"@id\":\"https:\\\/\\\/macite.tg\\\/?p=25411\",\"url\":\"https:\\\/\\\/macite.tg\\\/?p=25411\",\"name\":\"JAPON : Les prisons comme ''maison de retraite'' pour les femmes \u00e2g\u00e9es -\",\"isPartOf\":{\"@id\":\"https:\\\/\\\/macite.tg\\\/#website\"},\"primaryImageOfPage\":{\"@id\":\"https:\\\/\\\/macite.tg\\\/?p=25411#primaryimage\"},\"image\":{\"@id\":\"https:\\\/\\\/macite.tg\\\/?p=25411#primaryimage\"},\"thumbnailUrl\":\"https:\\\/\\\/macite.tg\\\/wp-content\\\/uploads\\\/2025\\\/10\\\/JAPON.jpg\",\"datePublished\":\"2025-10-15T10:00:22+00:00\",\"dateModified\":\"2025-10-15T10:00:27+00:00\",\"author\":{\"@id\":\"https:\\\/\\\/macite.tg\\\/#\\\/schema\\\/person\\\/e9f2de7e5dbbe7770a9402c7ce82f5c2\"},\"breadcrumb\":{\"@id\":\"https:\\\/\\\/macite.tg\\\/?p=25411#breadcrumb\"},\"inLanguage\":\"fr-FR\",\"potentialAction\":[{\"@type\":\"ReadAction\",\"target\":[\"https:\\\/\\\/macite.tg\\\/?p=25411\"]}]},{\"@type\":\"ImageObject\",\"inLanguage\":\"fr-FR\",\"@id\":\"https:\\\/\\\/macite.tg\\\/?p=25411#primaryimage\",\"url\":\"https:\\\/\\\/macite.tg\\\/wp-content\\\/uploads\\\/2025\\\/10\\\/JAPON.jpg\",\"contentUrl\":\"https:\\\/\\\/macite.tg\\\/wp-content\\\/uploads\\\/2025\\\/10\\\/JAPON.jpg\",\"width\":500,\"height\":132},{\"@type\":\"BreadcrumbList\",\"@id\":\"https:\\\/\\\/macite.tg\\\/?p=25411#breadcrumb\",\"itemListElement\":[{\"@type\":\"ListItem\",\"position\":1,\"name\":\"Accueil\",\"item\":\"https:\\\/\\\/macite.tg\\\/\"},{\"@type\":\"ListItem\",\"position\":2,\"name\":\"JAPON : Les prisons comme \u00a0\u00bbmaison de retraite\u00a0\u00bb pour les femmes \u00e2g\u00e9es\"}]},{\"@type\":\"WebSite\",\"@id\":\"https:\\\/\\\/macite.tg\\\/#website\",\"url\":\"https:\\\/\\\/macite.tg\\\/\",\"name\":\"\",\"description\":\"L&#039;information, la bonne!!!\",\"potentialAction\":[{\"@type\":\"SearchAction\",\"target\":{\"@type\":\"EntryPoint\",\"urlTemplate\":\"https:\\\/\\\/macite.tg\\\/?s={search_term_string}\"},\"query-input\":{\"@type\":\"PropertyValueSpecification\",\"valueRequired\":true,\"valueName\":\"search_term_string\"}}],\"inLanguage\":\"fr-FR\"},{\"@type\":\"Person\",\"@id\":\"https:\\\/\\\/macite.tg\\\/#\\\/schema\\\/person\\\/e9f2de7e5dbbe7770a9402c7ce82f5c2\",\"name\":\"Jean Pierre BAWELA\",\"image\":{\"@type\":\"ImageObject\",\"inLanguage\":\"fr-FR\",\"@id\":\"https:\\\/\\\/macite.tg\\\/wp-content\\\/uploads\\\/2023\\\/09\\\/WhatsApp-Image-2023-09-19-at-14.44.41-122x122.jpeg\",\"url\":\"https:\\\/\\\/macite.tg\\\/wp-content\\\/uploads\\\/2023\\\/09\\\/WhatsApp-Image-2023-09-19-at-14.44.41-122x122.jpeg\",\"contentUrl\":\"https:\\\/\\\/macite.tg\\\/wp-content\\\/uploads\\\/2023\\\/09\\\/WhatsApp-Image-2023-09-19-at-14.44.41-122x122.jpeg\",\"caption\":\"Jean Pierre BAWELA\"},\"url\":\"https:\\\/\\\/macite.tg\\\/?author=2\"}]}<\/script>\n<!-- \/ Yoast SEO plugin. -->","yoast_head_json":{"title":"JAPON : Les prisons comme ''maison de retraite'' pour les femmes \u00e2g\u00e9es -","robots":{"index":"index","follow":"follow","max-snippet":"max-snippet:-1","max-image-preview":"max-image-preview:large","max-video-preview":"max-video-preview:-1"},"canonical":"https:\/\/macite.tg\/?p=25411","og_locale":"fr_FR","og_type":"article","og_title":"JAPON : Les prisons comme ''maison de retraite'' pour les femmes \u00e2g\u00e9es -","og_description":"Chaque ann\u00e9e, le Japon observe une augmentation du nombre de femmes \u00e2g\u00e9es incarc\u00e9r\u00e9es pour des d\u00e9lits mineurs dans ses prisons f\u00e9minines. Ces d\u00e9tenues, bien qu&rsquo;affirmant pr\u00e9f\u00e9rer la vie en d\u00e9tention o\u00f9 elles se sentent plus en s\u00e9curit\u00e9 qu&rsquo;\u00e0 l&rsquo;ext\u00e9rieur, sont confront\u00e9es lors de leur vie [&hellip;]","og_url":"https:\/\/macite.tg\/?p=25411","article_published_time":"2025-10-15T10:00:22+00:00","article_modified_time":"2025-10-15T10:00:27+00:00","og_image":[{"width":500,"height":132,"url":"https:\/\/macite.tg\/wp-content\/uploads\/2025\/10\/JAPON.jpg","type":"image\/jpeg"}],"author":"Jean Pierre BAWELA","twitter_card":"summary_large_image","twitter_misc":{"\u00c9crit par":"Jean Pierre BAWELA","Dur\u00e9e de lecture estim\u00e9e":"5 minutes"},"schema":{"@context":"https:\/\/schema.org","@graph":[{"@type":"Article","@id":"https:\/\/macite.tg\/?p=25411#article","isPartOf":{"@id":"https:\/\/macite.tg\/?p=25411"},"author":{"name":"Jean Pierre BAWELA","@id":"https:\/\/macite.tg\/#\/schema\/person\/e9f2de7e5dbbe7770a9402c7ce82f5c2"},"headline":"JAPON : Les prisons comme \u00a0\u00bbmaison de retraite\u00a0\u00bb pour les femmes \u00e2g\u00e9es","datePublished":"2025-10-15T10:00:22+00:00","dateModified":"2025-10-15T10:00:27+00:00","mainEntityOfPage":{"@id":"https:\/\/macite.tg\/?p=25411"},"wordCount":737,"commentCount":0,"image":{"@id":"https:\/\/macite.tg\/?p=25411#primaryimage"},"thumbnailUrl":"https:\/\/macite.tg\/wp-content\/uploads\/2025\/10\/JAPON.jpg","articleSection":["ACTUALITE","SOCIETE"],"inLanguage":"fr-FR","potentialAction":[{"@type":"CommentAction","name":"Comment","target":["https:\/\/macite.tg\/?p=25411#respond"]}]},{"@type":"WebPage","@id":"https:\/\/macite.tg\/?p=25411","url":"https:\/\/macite.tg\/?p=25411","name":"JAPON : Les prisons comme ''maison de retraite'' pour les femmes \u00e2g\u00e9es -","isPartOf":{"@id":"https:\/\/macite.tg\/#website"},"primaryImageOfPage":{"@id":"https:\/\/macite.tg\/?p=25411#primaryimage"},"image":{"@id":"https:\/\/macite.tg\/?p=25411#primaryimage"},"thumbnailUrl":"https:\/\/macite.tg\/wp-content\/uploads\/2025\/10\/JAPON.jpg","datePublished":"2025-10-15T10:00:22+00:00","dateModified":"2025-10-15T10:00:27+00:00","author":{"@id":"https:\/\/macite.tg\/#\/schema\/person\/e9f2de7e5dbbe7770a9402c7ce82f5c2"},"breadcrumb":{"@id":"https:\/\/macite.tg\/?p=25411#breadcrumb"},"inLanguage":"fr-FR","potentialAction":[{"@type":"ReadAction","target":["https:\/\/macite.tg\/?p=25411"]}]},{"@type":"ImageObject","inLanguage":"fr-FR","@id":"https:\/\/macite.tg\/?p=25411#primaryimage","url":"https:\/\/macite.tg\/wp-content\/uploads\/2025\/10\/JAPON.jpg","contentUrl":"https:\/\/macite.tg\/wp-content\/uploads\/2025\/10\/JAPON.jpg","width":500,"height":132},{"@type":"BreadcrumbList","@id":"https:\/\/macite.tg\/?p=25411#breadcrumb","itemListElement":[{"@type":"ListItem","position":1,"name":"Accueil","item":"https:\/\/macite.tg\/"},{"@type":"ListItem","position":2,"name":"JAPON : Les prisons comme \u00a0\u00bbmaison de retraite\u00a0\u00bb pour les femmes \u00e2g\u00e9es"}]},{"@type":"WebSite","@id":"https:\/\/macite.tg\/#website","url":"https:\/\/macite.tg\/","name":"","description":"L&#039;information, la bonne!!!","potentialAction":[{"@type":"SearchAction","target":{"@type":"EntryPoint","urlTemplate":"https:\/\/macite.tg\/?s={search_term_string}"},"query-input":{"@type":"PropertyValueSpecification","valueRequired":true,"valueName":"search_term_string"}}],"inLanguage":"fr-FR"},{"@type":"Person","@id":"https:\/\/macite.tg\/#\/schema\/person\/e9f2de7e5dbbe7770a9402c7ce82f5c2","name":"Jean Pierre BAWELA","image":{"@type":"ImageObject","inLanguage":"fr-FR","@id":"https:\/\/macite.tg\/wp-content\/uploads\/2023\/09\/WhatsApp-Image-2023-09-19-at-14.44.41-122x122.jpeg","url":"https:\/\/macite.tg\/wp-content\/uploads\/2023\/09\/WhatsApp-Image-2023-09-19-at-14.44.41-122x122.jpeg","contentUrl":"https:\/\/macite.tg\/wp-content\/uploads\/2023\/09\/WhatsApp-Image-2023-09-19-at-14.44.41-122x122.jpeg","caption":"Jean Pierre BAWELA"},"url":"https:\/\/macite.tg\/?author=2"}]}},"_links":{"self":[{"href":"https:\/\/macite.tg\/index.php?rest_route=\/wp\/v2\/posts\/25411","targetHints":{"allow":["GET"]}}],"collection":[{"href":"https:\/\/macite.tg\/index.php?rest_route=\/wp\/v2\/posts"}],"about":[{"href":"https:\/\/macite.tg\/index.php?rest_route=\/wp\/v2\/types\/post"}],"author":[{"embeddable":true,"href":"https:\/\/macite.tg\/index.php?rest_route=\/wp\/v2\/users\/2"}],"replies":[{"embeddable":true,"href":"https:\/\/macite.tg\/index.php?rest_route=%2Fwp%2Fv2%2Fcomments&post=25411"}],"version-history":[{"count":0,"href":"https:\/\/macite.tg\/index.php?rest_route=\/wp\/v2\/posts\/25411\/revisions"}],"wp:featuredmedia":[{"embeddable":true,"href":"https:\/\/macite.tg\/index.php?rest_route=\/wp\/v2\/media\/25412"}],"wp:attachment":[{"href":"https:\/\/macite.tg\/index.php?rest_route=%2Fwp%2Fv2%2Fmedia&parent=25411"}],"wp:term":[{"taxonomy":"category","embeddable":true,"href":"https:\/\/macite.tg\/index.php?rest_route=%2Fwp%2Fv2%2Fcategories&post=25411"},{"taxonomy":"post_tag","embeddable":true,"href":"https:\/\/macite.tg\/index.php?rest_route=%2Fwp%2Fv2%2Ftags&post=25411"}],"curies":[{"name":"wp","href":"https:\/\/api.w.org\/{rel}","templated":true}]}}