{"id":25405,"date":"2025-10-15T08:47:43","date_gmt":"2025-10-15T08:47:43","guid":{"rendered":"https:\/\/macite.tg\/?p=25405"},"modified":"2025-10-15T08:47:47","modified_gmt":"2025-10-15T08:47:47","slug":"togo-sante-de-lenfant-quand-lhorizon-seclaircit","status":"publish","type":"post","link":"https:\/\/macite.tg\/?p=25405","title":{"rendered":"TOGO\u00a0\/ SANTE DE L&rsquo;ENFANT\u00a0: Quand l\u2019horizon s&rsquo;\u00e9claircit\u2026"},"content":{"rendered":"\n<p class=\"wp-block-paragraph\"><strong><em>Les chiffres et les faits parlent d&rsquo;eux-m\u00eames : la sant\u00e9 de l&rsquo;enfant conna\u00eet une nette am\u00e9lioration. Dans un pays confront\u00e9 \u00e0 des d\u00e9fis en mati\u00e8re de mortalit\u00e9 infantile et de maladies \u00e9vitables, les r\u00e9formes entreprises et les investissements consentis produisent des r\u00e9sultats tangibles, redonnant de l&rsquo;espoir aux familles et de la confiance aux acteurs du syst\u00e8me sanitaire.<\/em><\/strong><\/p>\n\n\n\n<p class=\"wp-block-paragraph\">L&rsquo;\u00e9volution favorable s&rsquo;explique d&rsquo;abord par l&rsquo;engagement de l&rsquo;\u00c9tat \u00e0 placer l&rsquo;enfant au c\u0153ur de ses priorit\u00e9s de sant\u00e9 publique. Vaccination \u00e9largie, programmes nutritionnels renforc\u00e9s, lutte acharn\u00e9e contre le paludisme et les maladies infectieuses, autant d&rsquo;actions coordonn\u00e9es qui dessinent les contours d&rsquo;une politique r\u00e9solument tourn\u00e9e vers la protection des plus jeunes, comme voulu par le pr\u00e9sident du Conseil, Faure Gnassingb\u00e9.<\/p>\n\n\n<div class=\"wp-block-image\">\n<figure class=\"aligncenter size-large\"><img loading=\"lazy\" decoding=\"async\" width=\"731\" height=\"1024\" src=\"https:\/\/macite.tg\/wp-content\/uploads\/2025\/10\/image-50-731x1024.png\" alt=\"\" class=\"wp-image-25338\" srcset=\"https:\/\/macite.tg\/wp-content\/uploads\/2025\/10\/image-50-731x1024.png 731w, https:\/\/macite.tg\/wp-content\/uploads\/2025\/10\/image-50-214x300.png 214w, https:\/\/macite.tg\/wp-content\/uploads\/2025\/10\/image-50-768x1076.png 768w, https:\/\/macite.tg\/wp-content\/uploads\/2025\/10\/image-50-1097x1536.png 1097w, https:\/\/macite.tg\/wp-content\/uploads\/2025\/10\/image-50.png 1178w\" sizes=\"auto, (max-width: 731px) 100vw, 731px\" \/><\/figure>\n<\/div>\n\n\n<p class=\"wp-block-paragraph\">Les campagnes de vaccination, par exemple, couvrent aujourd&rsquo;hui une proportion bien plus large d&rsquo;enfants, r\u00e9duisant drastiquement la pr\u00e9valence des maladies \u00e9vitables.<\/p>\n\n\n\n<p class=\"wp-block-paragraph\"><strong>La r\u00e9alit\u00e9 traduite par les chiffres<\/strong><\/p>\n\n\n\n<p class=\"wp-block-paragraph\">Selon le rapport d&rsquo;\u00e9valuation du Plan national de d\u00e9veloppement sanitaire (PNDS 2017-2022), la sant\u00e9 de l&rsquo;enfant n&rsquo;est plus au niveau qu&rsquo;elle \u00e9tait il y a encore quelques ann\u00e9es.<\/p>\n\n\n\n<p class=\"wp-block-paragraph\">L&rsquo;am\u00e9lioration se traduit par la r\u00e9duction des taux de mortalit\u00e9 infantile et infanto-juv\u00e9nile. Ces deux taux sont respectivement pass\u00e9s de 49 \u00e0 42 d\u00e9c\u00e8s pour 1.000 naissances vivantes pour la mortalit\u00e9 infantile et de 88 \u00e0 71 d\u00e9c\u00e8s pour 1.000 naissances vivantes pour la mortalit\u00e9 infanto-juv\u00e9nile, sur la p\u00e9riode de 2014 \u00e0 2017.<\/p>\n\n\n\n<p class=\"wp-block-paragraph\">S&rsquo;agissant de la mortalit\u00e9 n\u00e9onatale, elle est rest\u00e9e stable : 27 pour 1.000 naissances\/vivantes. De 2017 \u00e0 ce jour, d&rsquo;autres progr\u00e8s, non des moindres, sont r\u00e9alis\u00e9s. La mortalit\u00e9 attribuable \u00e0 la charge de morbidit\u00e9 caract\u00e9ris\u00e9e par le poids du paludisme a perdu du poids. De m\u00eame que les infections respiratoires aigu\u00ebs, les maladies diarrh\u00e9iques, les plaies et les traumatismes, la pr\u00e9maturit\u00e9, l&rsquo;asphyxie, les infections s\u00e9v\u00e8res pour la mortalit\u00e9 n\u00e9onatale\u2026<\/p>\n\n\n\n<figure class=\"wp-block-image size-full\"><img loading=\"lazy\" decoding=\"async\" width=\"690\" height=\"170\" src=\"https:\/\/macite.tg\/wp-content\/uploads\/2025\/10\/OTR_TVM.jpg\" alt=\"\" class=\"wp-image-25407\" srcset=\"https:\/\/macite.tg\/wp-content\/uploads\/2025\/10\/OTR_TVM.jpg 690w, https:\/\/macite.tg\/wp-content\/uploads\/2025\/10\/OTR_TVM-300x74.jpg 300w\" sizes=\"auto, (max-width: 690px) 100vw, 690px\" \/><\/figure>\n\n\n\n<p class=\"wp-block-paragraph\"><strong>La proximit\u00e9, une des avanc\u00e9es<\/strong><\/p>\n\n\n\n<p class=\"wp-block-paragraph\">L&rsquo;acc\u00e8s aux soins de proximit\u00e9 constitue un facteur cl\u00e9. Gr\u00e2ce \u00e0 l&rsquo;accroissement des formations sanitaires et \u00e0 leur meilleure r\u00e9partition sur l&rsquo;ensemble du territoire, les enfants des zones rurales ne sont plus condamn\u00e9s \u00e0 l&rsquo;attente interminable ou aux d\u00e9placements p\u00e9rilleux.<\/p>\n\n\n\n<p class=\"wp-block-paragraph\">Les consultations p\u00e9diatriques sont d\u00e9sormais plus accessibles, permettant une prise en charge pr\u00e9coce et efficace des pathologies infantiles. Les femmes enceintes b\u00e9n\u00e9ficient \u00e9galement d&rsquo;un suivi renforc\u00e9, ce qui r\u00e9duit les risques \u00e0 la naissance et favorise la survie.<\/p>\n\n\n<div class=\"wp-block-image\">\n<figure class=\"aligncenter size-full\"><img loading=\"lazy\" decoding=\"async\" width=\"500\" height=\"503\" src=\"https:\/\/macite.tg\/wp-content\/uploads\/2025\/10\/Gest-exo_PUB-2.jpg\" alt=\"\" class=\"wp-image-25335\" srcset=\"https:\/\/macite.tg\/wp-content\/uploads\/2025\/10\/Gest-exo_PUB-2.jpg 500w, https:\/\/macite.tg\/wp-content\/uploads\/2025\/10\/Gest-exo_PUB-2-298x300.jpg 298w, https:\/\/macite.tg\/wp-content\/uploads\/2025\/10\/Gest-exo_PUB-2-150x150.jpg 150w, https:\/\/macite.tg\/wp-content\/uploads\/2025\/10\/Gest-exo_PUB-2-122x122.jpg 122w\" sizes=\"auto, (max-width: 500px) 100vw, 500px\" \/><\/figure>\n<\/div>\n\n\n<p class=\"wp-block-paragraph\">Ces efforts s&rsquo;accompagnent d&rsquo;une mont\u00e9e en puissance des ressources humaines en sant\u00e9 : recrutements, formations continues, motivation accrue des agents de sant\u00e9. L&rsquo;am\u00e9lioration de la sant\u00e9 infantile se traduit par des vies sauv\u00e9es, des sourires retrouv\u00e9s et un avenir plus assur\u00e9 pour une g\u00e9n\u00e9ration qui repr\u00e9sente l&rsquo;avenir m\u00eame du pays.<\/p>\n\n\n\n<p class=\"wp-block-paragraph\"><strong>Samir B.<\/strong><\/p>\n\n\n\n<p class=\"wp-block-paragraph\"><a><strong><em>@macite.tg&nbsp;&nbsp;&nbsp;&nbsp;&nbsp;&nbsp;&nbsp;&nbsp;<\/em><\/strong><\/a><\/p>\n\n\n\n<p class=\"wp-block-paragraph\"><strong><em>E-mail&nbsp;: <\/em><\/strong><a href=\"mailto:maciteinfo@gmail.com\"><strong><em>maciteinfo@gmail.com<\/em><\/strong><\/a><strong><em>; <\/em><\/strong><a href=\"mailto:bawela1@gmail.com\"><strong><em>bawela1@gmail.com<\/em><\/strong><\/a><strong><em><\/em><\/strong><\/p>\n\n\n\n<p class=\"wp-block-paragraph\"><strong><em>Pour vos annonces, (publi)reportages, etc., joignez-nous au (00228)91515309\/<strong>79872224 <\/strong><strong><\/strong><\/em><\/strong><\/p>\n\n\n\n<p class=\"wp-block-paragraph\"><strong><em>www.macite.tg, L\u2019information, la bonne&nbsp;!<\/em><\/strong><\/p>\n\n\n\n<p class=\"wp-block-paragraph\"><\/p>\n","protected":false},"excerpt":{"rendered":"<p class=\"text-justify mb-2\" >Les chiffres et les faits parlent d&rsquo;eux-m\u00eames : la sant\u00e9 de l&rsquo;enfant conna\u00eet une nette am\u00e9lioration. Dans un pays confront\u00e9 \u00e0 des d\u00e9fis en mati\u00e8re de mortalit\u00e9 infantile et de maladies \u00e9vitables, les r\u00e9formes entreprises et les investissements consentis produisent des r\u00e9sultats tangibles, redonnant de [&hellip;]<\/p>\n","protected":false},"author":2,"featured_media":25406,"comment_status":"open","ping_status":"open","sticky":false,"template":"","format":"standard","meta":{"footnotes":""},"categories":[20,5],"tags":[],"class_list":["post-25405","post","type-post","status-publish","format-standard","has-post-thumbnail","hentry","category-actualite","category-sante"],"yoast_head":"<!-- This site is optimized with the Yoast SEO plugin v28.4 - https:\/\/yoast.com\/product\/yoast-seo-wordpress\/ -->\n<title>TOGO\u00a0\/ SANTE DE L&#039;ENFANT\u00a0: Quand l\u2019horizon s&#039;\u00e9claircit\u2026 -<\/title>\n<meta name=\"robots\" content=\"index, follow, max-snippet:-1, max-image-preview:large, max-video-preview:-1\" \/>\n<link rel=\"canonical\" href=\"https:\/\/macite.tg\/?p=25405\" \/>\n<meta property=\"og:locale\" content=\"fr_FR\" \/>\n<meta property=\"og:type\" content=\"article\" \/>\n<meta property=\"og:title\" content=\"TOGO\u00a0\/ SANTE DE L&#039;ENFANT\u00a0: Quand l\u2019horizon s&#039;\u00e9claircit\u2026 -\" \/>\n<meta property=\"og:description\" content=\"Les chiffres et les faits parlent d&rsquo;eux-m\u00eames : la sant\u00e9 de l&rsquo;enfant conna\u00eet une nette am\u00e9lioration. Dans un pays confront\u00e9 \u00e0 des d\u00e9fis en mati\u00e8re de mortalit\u00e9 infantile et de maladies \u00e9vitables, les r\u00e9formes entreprises et les investissements consentis produisent des r\u00e9sultats tangibles, redonnant de [&hellip;]\" \/>\n<meta property=\"og:url\" content=\"https:\/\/macite.tg\/?p=25405\" \/>\n<meta property=\"article:published_time\" content=\"2025-10-15T08:47:43+00:00\" \/>\n<meta property=\"article:modified_time\" content=\"2025-10-15T08:47:47+00:00\" \/>\n<meta property=\"og:image\" content=\"https:\/\/macite.tg\/wp-content\/uploads\/2025\/10\/image-61.png\" \/>\n\t<meta property=\"og:image:width\" content=\"349\" \/>\n\t<meta property=\"og:image:height\" content=\"270\" \/>\n\t<meta property=\"og:image:type\" content=\"image\/png\" \/>\n<meta name=\"author\" content=\"Jean Pierre BAWELA\" \/>\n<meta name=\"twitter:card\" content=\"summary_large_image\" \/>\n<meta name=\"twitter:label1\" content=\"\u00c9crit par\" \/>\n\t<meta name=\"twitter:data1\" content=\"Jean Pierre BAWELA\" \/>\n\t<meta name=\"twitter:label2\" content=\"Dur\u00e9e de lecture estim\u00e9e\" \/>\n\t<meta name=\"twitter:data2\" content=\"4 minutes\" \/>\n<script type=\"application\/ld+json\" class=\"yoast-schema-graph\">{\"@context\":\"https:\\\/\\\/schema.org\",\"@graph\":[{\"@type\":\"Article\",\"@id\":\"https:\\\/\\\/macite.tg\\\/?p=25405#article\",\"isPartOf\":{\"@id\":\"https:\\\/\\\/macite.tg\\\/?p=25405\"},\"author\":{\"name\":\"Jean Pierre BAWELA\",\"@id\":\"https:\\\/\\\/macite.tg\\\/#\\\/schema\\\/person\\\/e9f2de7e5dbbe7770a9402c7ce82f5c2\"},\"headline\":\"TOGO\u00a0\\\/ SANTE DE L&rsquo;ENFANT\u00a0: Quand l\u2019horizon s&rsquo;\u00e9claircit\u2026\",\"datePublished\":\"2025-10-15T08:47:43+00:00\",\"dateModified\":\"2025-10-15T08:47:47+00:00\",\"mainEntityOfPage\":{\"@id\":\"https:\\\/\\\/macite.tg\\\/?p=25405\"},\"wordCount\":544,\"commentCount\":0,\"image\":{\"@id\":\"https:\\\/\\\/macite.tg\\\/?p=25405#primaryimage\"},\"thumbnailUrl\":\"https:\\\/\\\/macite.tg\\\/wp-content\\\/uploads\\\/2025\\\/10\\\/image-61.png\",\"articleSection\":[\"ACTUALITE\",\"SANTE\"],\"inLanguage\":\"fr-FR\",\"potentialAction\":[{\"@type\":\"CommentAction\",\"name\":\"Comment\",\"target\":[\"https:\\\/\\\/macite.tg\\\/?p=25405#respond\"]}]},{\"@type\":\"WebPage\",\"@id\":\"https:\\\/\\\/macite.tg\\\/?p=25405\",\"url\":\"https:\\\/\\\/macite.tg\\\/?p=25405\",\"name\":\"TOGO\u00a0\\\/ SANTE DE L'ENFANT\u00a0: Quand l\u2019horizon s'\u00e9claircit\u2026 -\",\"isPartOf\":{\"@id\":\"https:\\\/\\\/macite.tg\\\/#website\"},\"primaryImageOfPage\":{\"@id\":\"https:\\\/\\\/macite.tg\\\/?p=25405#primaryimage\"},\"image\":{\"@id\":\"https:\\\/\\\/macite.tg\\\/?p=25405#primaryimage\"},\"thumbnailUrl\":\"https:\\\/\\\/macite.tg\\\/wp-content\\\/uploads\\\/2025\\\/10\\\/image-61.png\",\"datePublished\":\"2025-10-15T08:47:43+00:00\",\"dateModified\":\"2025-10-15T08:47:47+00:00\",\"author\":{\"@id\":\"https:\\\/\\\/macite.tg\\\/#\\\/schema\\\/person\\\/e9f2de7e5dbbe7770a9402c7ce82f5c2\"},\"breadcrumb\":{\"@id\":\"https:\\\/\\\/macite.tg\\\/?p=25405#breadcrumb\"},\"inLanguage\":\"fr-FR\",\"potentialAction\":[{\"@type\":\"ReadAction\",\"target\":[\"https:\\\/\\\/macite.tg\\\/?p=25405\"]}]},{\"@type\":\"ImageObject\",\"inLanguage\":\"fr-FR\",\"@id\":\"https:\\\/\\\/macite.tg\\\/?p=25405#primaryimage\",\"url\":\"https:\\\/\\\/macite.tg\\\/wp-content\\\/uploads\\\/2025\\\/10\\\/image-61.png\",\"contentUrl\":\"https:\\\/\\\/macite.tg\\\/wp-content\\\/uploads\\\/2025\\\/10\\\/image-61.png\",\"width\":349,\"height\":270,\"caption\":\"Un enfant auscult\u00e9 (Photo archives)\"},{\"@type\":\"BreadcrumbList\",\"@id\":\"https:\\\/\\\/macite.tg\\\/?p=25405#breadcrumb\",\"itemListElement\":[{\"@type\":\"ListItem\",\"position\":1,\"name\":\"Accueil\",\"item\":\"https:\\\/\\\/macite.tg\\\/\"},{\"@type\":\"ListItem\",\"position\":2,\"name\":\"TOGO\u00a0\\\/ SANTE DE L&rsquo;ENFANT\u00a0: Quand l\u2019horizon s&rsquo;\u00e9claircit\u2026\"}]},{\"@type\":\"WebSite\",\"@id\":\"https:\\\/\\\/macite.tg\\\/#website\",\"url\":\"https:\\\/\\\/macite.tg\\\/\",\"name\":\"\",\"description\":\"L&#039;information, la bonne!!!\",\"potentialAction\":[{\"@type\":\"SearchAction\",\"target\":{\"@type\":\"EntryPoint\",\"urlTemplate\":\"https:\\\/\\\/macite.tg\\\/?s={search_term_string}\"},\"query-input\":{\"@type\":\"PropertyValueSpecification\",\"valueRequired\":true,\"valueName\":\"search_term_string\"}}],\"inLanguage\":\"fr-FR\"},{\"@type\":\"Person\",\"@id\":\"https:\\\/\\\/macite.tg\\\/#\\\/schema\\\/person\\\/e9f2de7e5dbbe7770a9402c7ce82f5c2\",\"name\":\"Jean Pierre BAWELA\",\"image\":{\"@type\":\"ImageObject\",\"inLanguage\":\"fr-FR\",\"@id\":\"https:\\\/\\\/macite.tg\\\/wp-content\\\/uploads\\\/2023\\\/09\\\/WhatsApp-Image-2023-09-19-at-14.44.41-122x122.jpeg\",\"url\":\"https:\\\/\\\/macite.tg\\\/wp-content\\\/uploads\\\/2023\\\/09\\\/WhatsApp-Image-2023-09-19-at-14.44.41-122x122.jpeg\",\"contentUrl\":\"https:\\\/\\\/macite.tg\\\/wp-content\\\/uploads\\\/2023\\\/09\\\/WhatsApp-Image-2023-09-19-at-14.44.41-122x122.jpeg\",\"caption\":\"Jean Pierre BAWELA\"},\"url\":\"https:\\\/\\\/macite.tg\\\/?author=2\"}]}<\/script>\n<!-- \/ Yoast SEO plugin. -->","yoast_head_json":{"title":"TOGO\u00a0\/ SANTE DE L'ENFANT\u00a0: Quand l\u2019horizon s'\u00e9claircit\u2026 -","robots":{"index":"index","follow":"follow","max-snippet":"max-snippet:-1","max-image-preview":"max-image-preview:large","max-video-preview":"max-video-preview:-1"},"canonical":"https:\/\/macite.tg\/?p=25405","og_locale":"fr_FR","og_type":"article","og_title":"TOGO\u00a0\/ SANTE DE L'ENFANT\u00a0: Quand l\u2019horizon s'\u00e9claircit\u2026 -","og_description":"Les chiffres et les faits parlent d&rsquo;eux-m\u00eames : la sant\u00e9 de l&rsquo;enfant conna\u00eet une nette am\u00e9lioration. Dans un pays confront\u00e9 \u00e0 des d\u00e9fis en mati\u00e8re de mortalit\u00e9 infantile et de maladies \u00e9vitables, les r\u00e9formes entreprises et les investissements consentis produisent des r\u00e9sultats tangibles, redonnant de [&hellip;]","og_url":"https:\/\/macite.tg\/?p=25405","article_published_time":"2025-10-15T08:47:43+00:00","article_modified_time":"2025-10-15T08:47:47+00:00","og_image":[{"width":349,"height":270,"url":"https:\/\/macite.tg\/wp-content\/uploads\/2025\/10\/image-61.png","type":"image\/png"}],"author":"Jean Pierre BAWELA","twitter_card":"summary_large_image","twitter_misc":{"\u00c9crit par":"Jean Pierre BAWELA","Dur\u00e9e de lecture estim\u00e9e":"4 minutes"},"schema":{"@context":"https:\/\/schema.org","@graph":[{"@type":"Article","@id":"https:\/\/macite.tg\/?p=25405#article","isPartOf":{"@id":"https:\/\/macite.tg\/?p=25405"},"author":{"name":"Jean Pierre BAWELA","@id":"https:\/\/macite.tg\/#\/schema\/person\/e9f2de7e5dbbe7770a9402c7ce82f5c2"},"headline":"TOGO\u00a0\/ SANTE DE L&rsquo;ENFANT\u00a0: Quand l\u2019horizon s&rsquo;\u00e9claircit\u2026","datePublished":"2025-10-15T08:47:43+00:00","dateModified":"2025-10-15T08:47:47+00:00","mainEntityOfPage":{"@id":"https:\/\/macite.tg\/?p=25405"},"wordCount":544,"commentCount":0,"image":{"@id":"https:\/\/macite.tg\/?p=25405#primaryimage"},"thumbnailUrl":"https:\/\/macite.tg\/wp-content\/uploads\/2025\/10\/image-61.png","articleSection":["ACTUALITE","SANTE"],"inLanguage":"fr-FR","potentialAction":[{"@type":"CommentAction","name":"Comment","target":["https:\/\/macite.tg\/?p=25405#respond"]}]},{"@type":"WebPage","@id":"https:\/\/macite.tg\/?p=25405","url":"https:\/\/macite.tg\/?p=25405","name":"TOGO\u00a0\/ SANTE DE L'ENFANT\u00a0: Quand l\u2019horizon s'\u00e9claircit\u2026 -","isPartOf":{"@id":"https:\/\/macite.tg\/#website"},"primaryImageOfPage":{"@id":"https:\/\/macite.tg\/?p=25405#primaryimage"},"image":{"@id":"https:\/\/macite.tg\/?p=25405#primaryimage"},"thumbnailUrl":"https:\/\/macite.tg\/wp-content\/uploads\/2025\/10\/image-61.png","datePublished":"2025-10-15T08:47:43+00:00","dateModified":"2025-10-15T08:47:47+00:00","author":{"@id":"https:\/\/macite.tg\/#\/schema\/person\/e9f2de7e5dbbe7770a9402c7ce82f5c2"},"breadcrumb":{"@id":"https:\/\/macite.tg\/?p=25405#breadcrumb"},"inLanguage":"fr-FR","potentialAction":[{"@type":"ReadAction","target":["https:\/\/macite.tg\/?p=25405"]}]},{"@type":"ImageObject","inLanguage":"fr-FR","@id":"https:\/\/macite.tg\/?p=25405#primaryimage","url":"https:\/\/macite.tg\/wp-content\/uploads\/2025\/10\/image-61.png","contentUrl":"https:\/\/macite.tg\/wp-content\/uploads\/2025\/10\/image-61.png","width":349,"height":270,"caption":"Un enfant auscult\u00e9 (Photo archives)"},{"@type":"BreadcrumbList","@id":"https:\/\/macite.tg\/?p=25405#breadcrumb","itemListElement":[{"@type":"ListItem","position":1,"name":"Accueil","item":"https:\/\/macite.tg\/"},{"@type":"ListItem","position":2,"name":"TOGO\u00a0\/ SANTE DE L&rsquo;ENFANT\u00a0: Quand l\u2019horizon s&rsquo;\u00e9claircit\u2026"}]},{"@type":"WebSite","@id":"https:\/\/macite.tg\/#website","url":"https:\/\/macite.tg\/","name":"","description":"L&#039;information, la bonne!!!","potentialAction":[{"@type":"SearchAction","target":{"@type":"EntryPoint","urlTemplate":"https:\/\/macite.tg\/?s={search_term_string}"},"query-input":{"@type":"PropertyValueSpecification","valueRequired":true,"valueName":"search_term_string"}}],"inLanguage":"fr-FR"},{"@type":"Person","@id":"https:\/\/macite.tg\/#\/schema\/person\/e9f2de7e5dbbe7770a9402c7ce82f5c2","name":"Jean Pierre BAWELA","image":{"@type":"ImageObject","inLanguage":"fr-FR","@id":"https:\/\/macite.tg\/wp-content\/uploads\/2023\/09\/WhatsApp-Image-2023-09-19-at-14.44.41-122x122.jpeg","url":"https:\/\/macite.tg\/wp-content\/uploads\/2023\/09\/WhatsApp-Image-2023-09-19-at-14.44.41-122x122.jpeg","contentUrl":"https:\/\/macite.tg\/wp-content\/uploads\/2023\/09\/WhatsApp-Image-2023-09-19-at-14.44.41-122x122.jpeg","caption":"Jean Pierre BAWELA"},"url":"https:\/\/macite.tg\/?author=2"}]}},"_links":{"self":[{"href":"https:\/\/macite.tg\/index.php?rest_route=\/wp\/v2\/posts\/25405","targetHints":{"allow":["GET"]}}],"collection":[{"href":"https:\/\/macite.tg\/index.php?rest_route=\/wp\/v2\/posts"}],"about":[{"href":"https:\/\/macite.tg\/index.php?rest_route=\/wp\/v2\/types\/post"}],"author":[{"embeddable":true,"href":"https:\/\/macite.tg\/index.php?rest_route=\/wp\/v2\/users\/2"}],"replies":[{"embeddable":true,"href":"https:\/\/macite.tg\/index.php?rest_route=%2Fwp%2Fv2%2Fcomments&post=25405"}],"version-history":[{"count":0,"href":"https:\/\/macite.tg\/index.php?rest_route=\/wp\/v2\/posts\/25405\/revisions"}],"wp:featuredmedia":[{"embeddable":true,"href":"https:\/\/macite.tg\/index.php?rest_route=\/wp\/v2\/media\/25406"}],"wp:attachment":[{"href":"https:\/\/macite.tg\/index.php?rest_route=%2Fwp%2Fv2%2Fmedia&parent=25405"}],"wp:term":[{"taxonomy":"category","embeddable":true,"href":"https:\/\/macite.tg\/index.php?rest_route=%2Fwp%2Fv2%2Fcategories&post=25405"},{"taxonomy":"post_tag","embeddable":true,"href":"https:\/\/macite.tg\/index.php?rest_route=%2Fwp%2Fv2%2Ftags&post=25405"}],"curies":[{"name":"wp","href":"https:\/\/api.w.org\/{rel}","templated":true}]}}