{"id":25393,"date":"2025-10-14T15:51:31","date_gmt":"2025-10-14T15:51:31","guid":{"rendered":"https:\/\/macite.tg\/?p=25393"},"modified":"2025-10-14T15:51:36","modified_gmt":"2025-10-14T15:51:36","slug":"sahara-la-russie-en-soutien-a-linitiative-marocaine","status":"publish","type":"post","link":"https:\/\/macite.tg\/?p=25393","title":{"rendered":"SAHARA\u00a0: La Russie en soutien \u00e0 l\u2019initiative marocaine"},"content":{"rendered":"\n<p class=\"wp-block-paragraph\"><strong><em>La Russie s\u2019est exprim\u00e9e au sujet du dossier du Sahara en soutenant que la proposition d\u2019autonomie peut fonctionner comme solution. Une d\u00e9claration forte de sens qui pourra faire \u00e9voluer positivement la dynamique internationale vers la paix et la fin dans le dossier qui marque son 50\u00e8 anniversaire cette ann\u00e9e.<\/em><\/strong><\/p>\n\n\n\n<p class=\"wp-block-paragraph\">Le chef de la diplomatie russe, Sergei Lavrov, a montr\u00e9 de l\u2019ouverture dans la position de la Russie, lundi lors d\u2019une rencontre avec des journalistes arabes \u00e0 Moscou.<\/p>\n\n\n\n<p class=\"wp-block-paragraph\">La Russie qui a pr\u00e9cis\u00e9 sa position, dans une d\u00e9claration officielle du chef de sa diplomatie, Sergei Lavrov, soutient de fa\u00e7on \u00e9vidente la l\u00e9galit\u00e9 internationale et montre qu\u2019elle n\u2019est pas en position antagoniste \u00e0 celle du Maroc.<\/p>\n\n\n<div class=\"wp-block-image\">\n<figure class=\"aligncenter size-large\"><img loading=\"lazy\" decoding=\"async\" width=\"731\" height=\"1024\" src=\"https:\/\/macite.tg\/wp-content\/uploads\/2025\/10\/image-50-731x1024.png\" alt=\"\" class=\"wp-image-25338\" srcset=\"https:\/\/macite.tg\/wp-content\/uploads\/2025\/10\/image-50-731x1024.png 731w, https:\/\/macite.tg\/wp-content\/uploads\/2025\/10\/image-50-214x300.png 214w, https:\/\/macite.tg\/wp-content\/uploads\/2025\/10\/image-50-768x1076.png 768w, https:\/\/macite.tg\/wp-content\/uploads\/2025\/10\/image-50-1097x1536.png 1097w, https:\/\/macite.tg\/wp-content\/uploads\/2025\/10\/image-50.png 1178w\" sizes=\"auto, (max-width: 731px) 100vw, 731px\" \/><\/figure>\n<\/div>\n\n\n<p class=\"wp-block-paragraph\">Moscou, qui assure actuellement la pr\u00e9sidence du Conseil du s\u00e9curit\u00e9, affirme suivre les r\u00e9solutions du tour de table onusien et se montre ouverte \u00e0 la proposition d\u2019autonomie, tout en reconnaissant qu\u2019il y a eu des changements depuis les conclusions de l\u2019ancien envoy\u00e9 personnel du SG de l\u2019ONU, James Baker, en faisant r\u00e9f\u00e9rence au r\u00e9f\u00e9rendum qui \u00e9tait la premi\u00e8re solution avanc\u00e9e.<\/p>\n\n\n\n<p class=\"wp-block-paragraph\">Lavrov a indiqu\u00e9 que le plan marocain d\u2019autonomie repr\u00e9sente&nbsp;<em>\u00ab&nbsp;l\u2019une des formes de l\u2019autod\u00e9termination reconnues par les Nations unies&nbsp;\u00bb.<\/em><\/p>\n\n\n\n<p class=\"wp-block-paragraph\">Le politologue qui salue cette prise de position de Moscou, soutient que la F\u00e9d\u00e9ration de Russie<em>&nbsp;\u00ab&nbsp;a donn\u00e9 de la valeur \u00e0 la proposition d\u2019autonomie&nbsp;\u00bb,<\/em>&nbsp;et soutient qu\u2019elle est en conformit\u00e9 avec le droit international.<\/p>\n\n\n\n<p class=\"wp-block-paragraph\"><em>\u00ab&nbsp;Je pense qu\u2019aujourd\u2019hui, la Russie propose une lecture approfondie selon laquelle l\u2019autod\u00e9termination ne signifie pas forc\u00e9ment les th\u00e8ses d\u00e9pass\u00e9es. Les populations du Sahara marocain exercent leur droit \u00e0 l\u2019autod\u00e9termination \u00e0 travers le d\u00e9veloppement et la d\u00e9mocratie, ce qui constitue une forme d\u2019autod\u00e9termination&nbsp;\u00bb,<\/em>&nbsp;souligne l\u2019expert.<\/p>\n\n\n\n<figure class=\"wp-block-image size-full\"><img loading=\"lazy\" decoding=\"async\" width=\"851\" height=\"315\" src=\"https:\/\/macite.tg\/wp-content\/uploads\/2025\/10\/OTR_Ferer-pour-batir-1.jpg\" alt=\"\" class=\"wp-image-25092\" srcset=\"https:\/\/macite.tg\/wp-content\/uploads\/2025\/10\/OTR_Ferer-pour-batir-1.jpg 851w, https:\/\/macite.tg\/wp-content\/uploads\/2025\/10\/OTR_Ferer-pour-batir-1-300x111.jpg 300w, https:\/\/macite.tg\/wp-content\/uploads\/2025\/10\/OTR_Ferer-pour-batir-1-768x284.jpg 768w\" sizes=\"auto, (max-width: 851px) 100vw, 851px\" \/><\/figure>\n\n\n\n<p class=\"wp-block-paragraph\">Et d\u2019ajouter que le concept d\u2019autod\u00e9termination a \u00e9volu\u00e9 :&nbsp;<em>\u00ab&nbsp;On parle d\u00e9sormais d\u2019autod\u00e9termination interne par le d\u00e9veloppement et la d\u00e9mocratie&nbsp;\u00bb.<\/em><\/p>\n\n\n\n<p class=\"wp-block-paragraph\">Bouden ajoute :&nbsp;<em>\u00ab&nbsp;Quant \u00e0 l\u2019autod\u00e9termination fond\u00e9e sur le s\u00e9paratisme, la s\u00e9cession ou un r\u00e9f\u00e9rendum, cela n\u2019est pas une option r\u00e9aliste, et les Nations unies en ont d\u00e9j\u00e0 t\u00e9moign\u00e9&nbsp;\u00bb.<\/em><\/p>\n\n\n\n<p class=\"wp-block-paragraph\">Avec cette d\u00e9claration de son chef de diplomatie,<em>\u00a0\u00ab\u00a0la Russie s\u2019est positionn\u00e9e du bon c\u00f4t\u00e9 du droit international, du bon c\u00f4t\u00e9 de l\u2019Histoire\u00a0\u00bb,<\/em>\u00a0estime le politologue, qui pr\u00e9cise que ce faisant,\u00a0<em>\u00ab\u00a0elle rejette les approches st\u00e9riles, qui ne tiennent pas compte du soutien fort \u00e0 l\u2019\u00c9tat, ni de la n\u00e9cessit\u00e9 d\u2019assurer les droits, le d\u00e9veloppement et la paix dans la r\u00e9gion. Cela vient ainsi renforcer encore davantage le soutien international \u00e0 la proposition d\u2019autonomie\u00a0\u00bb<\/em>.<\/p>\n\n\n\n<p class=\"wp-block-paragraph\">La position de Moscou, qui intervient \u00e0 un moment important, non seulement car il s\u2019agit de mois consacr\u00e9 aux discussions du dossier devant le tour de table onusien, mais aussi de l\u2019ann\u00e9e marquant les 5 d\u00e9cennies de conflit r\u00e9gional, est consid\u00e9r\u00e9e comme \u00e9quilibr\u00e9e et en accord avec la l\u00e9galit\u00e9 internationale ainsi qu\u2019avec la r\u00e9alit\u00e9 politique.<\/p>\n\n\n<div class=\"wp-block-image\">\n<figure class=\"aligncenter size-large is-resized\"><img loading=\"lazy\" decoding=\"async\" width=\"728\" height=\"1024\" src=\"https:\/\/macite.tg\/wp-content\/uploads\/2025\/10\/image-51-728x1024.png\" alt=\"\" class=\"wp-image-25339\" style=\"width:650px;height:auto\" srcset=\"https:\/\/macite.tg\/wp-content\/uploads\/2025\/10\/image-51-728x1024.png 728w, https:\/\/macite.tg\/wp-content\/uploads\/2025\/10\/image-51-213x300.png 213w, https:\/\/macite.tg\/wp-content\/uploads\/2025\/10\/image-51-768x1080.png 768w, https:\/\/macite.tg\/wp-content\/uploads\/2025\/10\/image-51-1092x1536.png 1092w, https:\/\/macite.tg\/wp-content\/uploads\/2025\/10\/image-51.png 1165w\" sizes=\"auto, (max-width: 728px) 100vw, 728px\" \/><\/figure>\n<\/div>\n\n\n<p class=\"wp-block-paragraph\">En soutenant une solution r\u00e9aliste et conforme aux dynamiques r\u00e9gionales, la Russie apporte une l\u00e9gitimit\u00e9 suppl\u00e9mentaire au plan d\u2019autonomie marocain, d\u00e9j\u00e0 largement appuy\u00e9 au sein du Conseil de s\u00e9curit\u00e9. La Russie semble vouloir peser de mani\u00e8re constructive dans les \u00e9ch\u00e9ances \u00e0 venir. Si cette orientation se confirme, elle pourrait contribuer \u00e0 faire \u00e9merger un consensus plus large autour de la solution d\u2019autonomie marocaine.<\/p>\n\n\n\n<p class=\"wp-block-paragraph\"><strong>MSN<\/strong><\/p>\n\n\n\n<p class=\"wp-block-paragraph\"><a><strong><em>@macite.tg&nbsp;&nbsp;&nbsp;&nbsp;&nbsp;&nbsp;&nbsp;&nbsp;<\/em><\/strong><\/a><\/p>\n\n\n\n<p class=\"wp-block-paragraph\"><strong><em>E-mail&nbsp;: <\/em><\/strong><a href=\"mailto:maciteinfo@gmail.com\"><strong><em>maciteinfo@gmail.com<\/em><\/strong><\/a><strong><em>; <\/em><\/strong><a href=\"mailto:bawela1@gmail.com\"><strong><em>bawela1@gmail.com<\/em><\/strong><\/a><strong><em><\/em><\/strong><\/p>\n\n\n\n<p class=\"wp-block-paragraph\"><strong><em>Pour vos annonces, (publi)reportages, etc., joignez-nous au (00228)91515309\/<strong>79872224 <\/strong><strong><\/strong><\/em><\/strong><\/p>\n\n\n\n<p class=\"wp-block-paragraph\"><strong><em>www.macite.tg, L\u2019information, la bonne&nbsp;!<\/em><\/strong><\/p>\n\n\n\n<p class=\"wp-block-paragraph\"><\/p>\n","protected":false},"excerpt":{"rendered":"<p class=\"text-justify mb-2\" >La Russie s\u2019est exprim\u00e9e au sujet du dossier du Sahara en soutenant que la proposition d\u2019autonomie peut fonctionner comme solution. Une d\u00e9claration forte de sens qui pourra faire \u00e9voluer positivement la dynamique internationale vers la paix et la fin dans le dossier qui marque son [&hellip;]<\/p>\n","protected":false},"author":2,"featured_media":25394,"comment_status":"open","ping_status":"open","sticky":false,"template":"","format":"standard","meta":{"footnotes":""},"categories":[20,8],"tags":[],"class_list":["post-25393","post","type-post","status-publish","format-standard","has-post-thumbnail","hentry","category-actualite","category-diplomatie"],"yoast_head":"<!-- This site is optimized with the Yoast SEO plugin v28.4 - https:\/\/yoast.com\/product\/yoast-seo-wordpress\/ -->\n<title>SAHARA\u00a0: La Russie en soutien \u00e0 l\u2019initiative marocaine -<\/title>\n<meta name=\"robots\" content=\"index, follow, max-snippet:-1, max-image-preview:large, max-video-preview:-1\" \/>\n<link rel=\"canonical\" href=\"https:\/\/macite.tg\/?p=25393\" \/>\n<meta property=\"og:locale\" content=\"fr_FR\" \/>\n<meta property=\"og:type\" content=\"article\" \/>\n<meta property=\"og:title\" content=\"SAHARA\u00a0: La Russie en soutien \u00e0 l\u2019initiative marocaine -\" \/>\n<meta property=\"og:description\" content=\"La Russie s\u2019est exprim\u00e9e au sujet du dossier du Sahara en soutenant que la proposition d\u2019autonomie peut fonctionner comme solution. Une d\u00e9claration forte de sens qui pourra faire \u00e9voluer positivement la dynamique internationale vers la paix et la fin dans le dossier qui marque son [&hellip;]\" \/>\n<meta property=\"og:url\" content=\"https:\/\/macite.tg\/?p=25393\" \/>\n<meta property=\"article:published_time\" content=\"2025-10-14T15:51:31+00:00\" \/>\n<meta property=\"article:modified_time\" content=\"2025-10-14T15:51:36+00:00\" \/>\n<meta property=\"og:image\" content=\"https:\/\/macite.tg\/wp-content\/uploads\/2025\/10\/image-58.png\" \/>\n\t<meta property=\"og:image:width\" content=\"534\" \/>\n\t<meta property=\"og:image:height\" content=\"356\" \/>\n\t<meta property=\"og:image:type\" content=\"image\/png\" \/>\n<meta name=\"author\" content=\"Jean Pierre BAWELA\" \/>\n<meta name=\"twitter:card\" content=\"summary_large_image\" \/>\n<meta name=\"twitter:label1\" content=\"\u00c9crit par\" \/>\n\t<meta name=\"twitter:data1\" content=\"Jean Pierre BAWELA\" \/>\n\t<meta name=\"twitter:label2\" content=\"Dur\u00e9e de lecture estim\u00e9e\" \/>\n\t<meta name=\"twitter:data2\" content=\"4 minutes\" \/>\n<script type=\"application\/ld+json\" class=\"yoast-schema-graph\">{\"@context\":\"https:\\\/\\\/schema.org\",\"@graph\":[{\"@type\":\"Article\",\"@id\":\"https:\\\/\\\/macite.tg\\\/?p=25393#article\",\"isPartOf\":{\"@id\":\"https:\\\/\\\/macite.tg\\\/?p=25393\"},\"author\":{\"name\":\"Jean Pierre BAWELA\",\"@id\":\"https:\\\/\\\/macite.tg\\\/#\\\/schema\\\/person\\\/e9f2de7e5dbbe7770a9402c7ce82f5c2\"},\"headline\":\"SAHARA\u00a0: La Russie en soutien \u00e0 l\u2019initiative marocaine\",\"datePublished\":\"2025-10-14T15:51:31+00:00\",\"dateModified\":\"2025-10-14T15:51:36+00:00\",\"mainEntityOfPage\":{\"@id\":\"https:\\\/\\\/macite.tg\\\/?p=25393\"},\"wordCount\":660,\"commentCount\":0,\"image\":{\"@id\":\"https:\\\/\\\/macite.tg\\\/?p=25393#primaryimage\"},\"thumbnailUrl\":\"https:\\\/\\\/macite.tg\\\/wp-content\\\/uploads\\\/2025\\\/10\\\/image-58.png\",\"articleSection\":[\"ACTUALITE\",\"DIPLOMATIE\"],\"inLanguage\":\"fr-FR\",\"potentialAction\":[{\"@type\":\"CommentAction\",\"name\":\"Comment\",\"target\":[\"https:\\\/\\\/macite.tg\\\/?p=25393#respond\"]}]},{\"@type\":\"WebPage\",\"@id\":\"https:\\\/\\\/macite.tg\\\/?p=25393\",\"url\":\"https:\\\/\\\/macite.tg\\\/?p=25393\",\"name\":\"SAHARA\u00a0: La Russie en soutien \u00e0 l\u2019initiative marocaine -\",\"isPartOf\":{\"@id\":\"https:\\\/\\\/macite.tg\\\/#website\"},\"primaryImageOfPage\":{\"@id\":\"https:\\\/\\\/macite.tg\\\/?p=25393#primaryimage\"},\"image\":{\"@id\":\"https:\\\/\\\/macite.tg\\\/?p=25393#primaryimage\"},\"thumbnailUrl\":\"https:\\\/\\\/macite.tg\\\/wp-content\\\/uploads\\\/2025\\\/10\\\/image-58.png\",\"datePublished\":\"2025-10-14T15:51:31+00:00\",\"dateModified\":\"2025-10-14T15:51:36+00:00\",\"author\":{\"@id\":\"https:\\\/\\\/macite.tg\\\/#\\\/schema\\\/person\\\/e9f2de7e5dbbe7770a9402c7ce82f5c2\"},\"breadcrumb\":{\"@id\":\"https:\\\/\\\/macite.tg\\\/?p=25393#breadcrumb\"},\"inLanguage\":\"fr-FR\",\"potentialAction\":[{\"@type\":\"ReadAction\",\"target\":[\"https:\\\/\\\/macite.tg\\\/?p=25393\"]}]},{\"@type\":\"ImageObject\",\"inLanguage\":\"fr-FR\",\"@id\":\"https:\\\/\\\/macite.tg\\\/?p=25393#primaryimage\",\"url\":\"https:\\\/\\\/macite.tg\\\/wp-content\\\/uploads\\\/2025\\\/10\\\/image-58.png\",\"contentUrl\":\"https:\\\/\\\/macite.tg\\\/wp-content\\\/uploads\\\/2025\\\/10\\\/image-58.png\",\"width\":534,\"height\":356,\"caption\":\"Sergei Lavrov, chef de la diplomatie russe\"},{\"@type\":\"BreadcrumbList\",\"@id\":\"https:\\\/\\\/macite.tg\\\/?p=25393#breadcrumb\",\"itemListElement\":[{\"@type\":\"ListItem\",\"position\":1,\"name\":\"Accueil\",\"item\":\"https:\\\/\\\/macite.tg\\\/\"},{\"@type\":\"ListItem\",\"position\":2,\"name\":\"SAHARA\u00a0: La Russie en soutien \u00e0 l\u2019initiative marocaine\"}]},{\"@type\":\"WebSite\",\"@id\":\"https:\\\/\\\/macite.tg\\\/#website\",\"url\":\"https:\\\/\\\/macite.tg\\\/\",\"name\":\"\",\"description\":\"L&#039;information, la bonne!!!\",\"potentialAction\":[{\"@type\":\"SearchAction\",\"target\":{\"@type\":\"EntryPoint\",\"urlTemplate\":\"https:\\\/\\\/macite.tg\\\/?s={search_term_string}\"},\"query-input\":{\"@type\":\"PropertyValueSpecification\",\"valueRequired\":true,\"valueName\":\"search_term_string\"}}],\"inLanguage\":\"fr-FR\"},{\"@type\":\"Person\",\"@id\":\"https:\\\/\\\/macite.tg\\\/#\\\/schema\\\/person\\\/e9f2de7e5dbbe7770a9402c7ce82f5c2\",\"name\":\"Jean Pierre BAWELA\",\"image\":{\"@type\":\"ImageObject\",\"inLanguage\":\"fr-FR\",\"@id\":\"https:\\\/\\\/macite.tg\\\/wp-content\\\/uploads\\\/2023\\\/09\\\/WhatsApp-Image-2023-09-19-at-14.44.41-122x122.jpeg\",\"url\":\"https:\\\/\\\/macite.tg\\\/wp-content\\\/uploads\\\/2023\\\/09\\\/WhatsApp-Image-2023-09-19-at-14.44.41-122x122.jpeg\",\"contentUrl\":\"https:\\\/\\\/macite.tg\\\/wp-content\\\/uploads\\\/2023\\\/09\\\/WhatsApp-Image-2023-09-19-at-14.44.41-122x122.jpeg\",\"caption\":\"Jean Pierre BAWELA\"},\"url\":\"https:\\\/\\\/macite.tg\\\/?author=2\"}]}<\/script>\n<!-- \/ Yoast SEO plugin. -->","yoast_head_json":{"title":"SAHARA\u00a0: La Russie en soutien \u00e0 l\u2019initiative marocaine -","robots":{"index":"index","follow":"follow","max-snippet":"max-snippet:-1","max-image-preview":"max-image-preview:large","max-video-preview":"max-video-preview:-1"},"canonical":"https:\/\/macite.tg\/?p=25393","og_locale":"fr_FR","og_type":"article","og_title":"SAHARA\u00a0: La Russie en soutien \u00e0 l\u2019initiative marocaine -","og_description":"La Russie s\u2019est exprim\u00e9e au sujet du dossier du Sahara en soutenant que la proposition d\u2019autonomie peut fonctionner comme solution. Une d\u00e9claration forte de sens qui pourra faire \u00e9voluer positivement la dynamique internationale vers la paix et la fin dans le dossier qui marque son [&hellip;]","og_url":"https:\/\/macite.tg\/?p=25393","article_published_time":"2025-10-14T15:51:31+00:00","article_modified_time":"2025-10-14T15:51:36+00:00","og_image":[{"width":534,"height":356,"url":"https:\/\/macite.tg\/wp-content\/uploads\/2025\/10\/image-58.png","type":"image\/png"}],"author":"Jean Pierre BAWELA","twitter_card":"summary_large_image","twitter_misc":{"\u00c9crit par":"Jean Pierre BAWELA","Dur\u00e9e de lecture estim\u00e9e":"4 minutes"},"schema":{"@context":"https:\/\/schema.org","@graph":[{"@type":"Article","@id":"https:\/\/macite.tg\/?p=25393#article","isPartOf":{"@id":"https:\/\/macite.tg\/?p=25393"},"author":{"name":"Jean Pierre BAWELA","@id":"https:\/\/macite.tg\/#\/schema\/person\/e9f2de7e5dbbe7770a9402c7ce82f5c2"},"headline":"SAHARA\u00a0: La Russie en soutien \u00e0 l\u2019initiative marocaine","datePublished":"2025-10-14T15:51:31+00:00","dateModified":"2025-10-14T15:51:36+00:00","mainEntityOfPage":{"@id":"https:\/\/macite.tg\/?p=25393"},"wordCount":660,"commentCount":0,"image":{"@id":"https:\/\/macite.tg\/?p=25393#primaryimage"},"thumbnailUrl":"https:\/\/macite.tg\/wp-content\/uploads\/2025\/10\/image-58.png","articleSection":["ACTUALITE","DIPLOMATIE"],"inLanguage":"fr-FR","potentialAction":[{"@type":"CommentAction","name":"Comment","target":["https:\/\/macite.tg\/?p=25393#respond"]}]},{"@type":"WebPage","@id":"https:\/\/macite.tg\/?p=25393","url":"https:\/\/macite.tg\/?p=25393","name":"SAHARA\u00a0: La Russie en soutien \u00e0 l\u2019initiative marocaine -","isPartOf":{"@id":"https:\/\/macite.tg\/#website"},"primaryImageOfPage":{"@id":"https:\/\/macite.tg\/?p=25393#primaryimage"},"image":{"@id":"https:\/\/macite.tg\/?p=25393#primaryimage"},"thumbnailUrl":"https:\/\/macite.tg\/wp-content\/uploads\/2025\/10\/image-58.png","datePublished":"2025-10-14T15:51:31+00:00","dateModified":"2025-10-14T15:51:36+00:00","author":{"@id":"https:\/\/macite.tg\/#\/schema\/person\/e9f2de7e5dbbe7770a9402c7ce82f5c2"},"breadcrumb":{"@id":"https:\/\/macite.tg\/?p=25393#breadcrumb"},"inLanguage":"fr-FR","potentialAction":[{"@type":"ReadAction","target":["https:\/\/macite.tg\/?p=25393"]}]},{"@type":"ImageObject","inLanguage":"fr-FR","@id":"https:\/\/macite.tg\/?p=25393#primaryimage","url":"https:\/\/macite.tg\/wp-content\/uploads\/2025\/10\/image-58.png","contentUrl":"https:\/\/macite.tg\/wp-content\/uploads\/2025\/10\/image-58.png","width":534,"height":356,"caption":"Sergei Lavrov, chef de la diplomatie russe"},{"@type":"BreadcrumbList","@id":"https:\/\/macite.tg\/?p=25393#breadcrumb","itemListElement":[{"@type":"ListItem","position":1,"name":"Accueil","item":"https:\/\/macite.tg\/"},{"@type":"ListItem","position":2,"name":"SAHARA\u00a0: La Russie en soutien \u00e0 l\u2019initiative marocaine"}]},{"@type":"WebSite","@id":"https:\/\/macite.tg\/#website","url":"https:\/\/macite.tg\/","name":"","description":"L&#039;information, la bonne!!!","potentialAction":[{"@type":"SearchAction","target":{"@type":"EntryPoint","urlTemplate":"https:\/\/macite.tg\/?s={search_term_string}"},"query-input":{"@type":"PropertyValueSpecification","valueRequired":true,"valueName":"search_term_string"}}],"inLanguage":"fr-FR"},{"@type":"Person","@id":"https:\/\/macite.tg\/#\/schema\/person\/e9f2de7e5dbbe7770a9402c7ce82f5c2","name":"Jean Pierre BAWELA","image":{"@type":"ImageObject","inLanguage":"fr-FR","@id":"https:\/\/macite.tg\/wp-content\/uploads\/2023\/09\/WhatsApp-Image-2023-09-19-at-14.44.41-122x122.jpeg","url":"https:\/\/macite.tg\/wp-content\/uploads\/2023\/09\/WhatsApp-Image-2023-09-19-at-14.44.41-122x122.jpeg","contentUrl":"https:\/\/macite.tg\/wp-content\/uploads\/2023\/09\/WhatsApp-Image-2023-09-19-at-14.44.41-122x122.jpeg","caption":"Jean Pierre BAWELA"},"url":"https:\/\/macite.tg\/?author=2"}]}},"_links":{"self":[{"href":"https:\/\/macite.tg\/index.php?rest_route=\/wp\/v2\/posts\/25393","targetHints":{"allow":["GET"]}}],"collection":[{"href":"https:\/\/macite.tg\/index.php?rest_route=\/wp\/v2\/posts"}],"about":[{"href":"https:\/\/macite.tg\/index.php?rest_route=\/wp\/v2\/types\/post"}],"author":[{"embeddable":true,"href":"https:\/\/macite.tg\/index.php?rest_route=\/wp\/v2\/users\/2"}],"replies":[{"embeddable":true,"href":"https:\/\/macite.tg\/index.php?rest_route=%2Fwp%2Fv2%2Fcomments&post=25393"}],"version-history":[{"count":0,"href":"https:\/\/macite.tg\/index.php?rest_route=\/wp\/v2\/posts\/25393\/revisions"}],"wp:featuredmedia":[{"embeddable":true,"href":"https:\/\/macite.tg\/index.php?rest_route=\/wp\/v2\/media\/25394"}],"wp:attachment":[{"href":"https:\/\/macite.tg\/index.php?rest_route=%2Fwp%2Fv2%2Fmedia&parent=25393"}],"wp:term":[{"taxonomy":"category","embeddable":true,"href":"https:\/\/macite.tg\/index.php?rest_route=%2Fwp%2Fv2%2Fcategories&post=25393"},{"taxonomy":"post_tag","embeddable":true,"href":"https:\/\/macite.tg\/index.php?rest_route=%2Fwp%2Fv2%2Ftags&post=25393"}],"curies":[{"name":"wp","href":"https:\/\/api.w.org\/{rel}","templated":true}]}}