{"id":25389,"date":"2025-10-14T14:24:33","date_gmt":"2025-10-14T14:24:33","guid":{"rendered":"https:\/\/macite.tg\/?p=25389"},"modified":"2025-10-14T14:25:11","modified_gmt":"2025-10-14T14:25:11","slug":"journee-mondiale-de-la-prevention-des-catastrophes-le-message-du-ministre-de-la-securite-col-calixte-b-madjoulba","status":"publish","type":"post","link":"https:\/\/macite.tg\/?p=25389","title":{"rendered":"JOURNEE MONDIALE DE LA PREVENTION DES CATASTROPHES\u00a0: Le message du Ministre de la S\u00e9curit\u00e9, Col Calixte B. Madjoulba"},"content":{"rendered":"\n<p class=\"wp-block-paragraph\"><strong><em>Instaur\u00e9e en 1989 par l\u2019Assembl\u00e9e g\u00e9n\u00e9rale des Nations, la Journ\u00e9e internationale de la pr\u00e9vention des catastrophes naturelles, c\u00e9l\u00e9br\u00e9e initialement chaque deuxi\u00e8me mercredi du mois d\u2019octobre, offre l\u2019occasion, chaque 13 octobre&nbsp;(\u00e0 partir de 2009), de sensibiliser les populations aux risques li\u00e9s aux catastrophes d\u2019origine naturelle. Ev\u00e9nement annuel, la JIPC met en avant l&rsquo;importance de la pr\u00e9vention, de la pr\u00e9paration et de la r\u00e9silience face aux ph\u00e9nom\u00e8nes climatiques extr\u00eames et aux catastrophes g\u00e9ophysiques. Elle encourage les actions permettant de r\u00e9duire les pertes humaines et \u00e9conomiques caus\u00e9es par ces \u00e9v\u00e9nements.<\/em><\/strong><\/p>\n\n\n\n<p class=\"wp-block-paragraph\"><strong><em>Retour sur le message du ministre de la S\u00e9curit\u00e9, le colonel Calixte Madjoulba.<\/em><\/strong><\/p>\n\n\n\n<p class=\"wp-block-paragraph\">\u00ab&nbsp;Chers concitoyens,&nbsp;<\/p>\n\n\n\n<p class=\"wp-block-paragraph\">Chaque 13 octobre, la communaut\u00e9 internationale c\u00e9l\u00e8bre la Journ\u00e9e internationale de pr\u00e9vention des catastrophes. Institu\u00e9e en 1989 par l\u2019Assembl\u00e9e g\u00e9n\u00e9rale des Nations Unies, cette journ\u00e9e offre \u00e0 toutes les nations, notamment aux \u00c9tats engag\u00e9s dans la mise en \u0153uvre du Cadre d\u2019action de Sendai, l\u2019occasion de r\u00e9fl\u00e9chir profond\u00e9ment aux moyens de sensibiliser les populations, particuli\u00e8rement les plus vuln\u00e9rables, sur la n\u00e9cessit\u00e9 de r\u00e9duire les effets d\u00e9vastateurs des catastrophes sur la vie humaine et sur les moyens d\u2019existence.<\/p>\n\n\n<div class=\"wp-block-image\">\n<figure class=\"aligncenter size-large is-resized\"><img loading=\"lazy\" decoding=\"async\" width=\"731\" height=\"1024\" src=\"https:\/\/macite.tg\/wp-content\/uploads\/2025\/10\/image-50-731x1024.png\" alt=\"\" class=\"wp-image-25338\" style=\"width:563px;height:auto\" srcset=\"https:\/\/macite.tg\/wp-content\/uploads\/2025\/10\/image-50-731x1024.png 731w, https:\/\/macite.tg\/wp-content\/uploads\/2025\/10\/image-50-214x300.png 214w, https:\/\/macite.tg\/wp-content\/uploads\/2025\/10\/image-50-768x1076.png 768w, https:\/\/macite.tg\/wp-content\/uploads\/2025\/10\/image-50-1097x1536.png 1097w, https:\/\/macite.tg\/wp-content\/uploads\/2025\/10\/image-50.png 1178w\" sizes=\"auto, (max-width: 731px) 100vw, 731px\" \/><\/figure>\n<\/div>\n\n\n<p class=\"wp-block-paragraph\">Depuis plus de trois d\u00e9cennies, notre plan\u00e8te fait face \u00e0 une recrudescence des situations d\u2019urgence et de catastrophes, largement attribuables \u00e0 la multiplication des ph\u00e9nom\u00e8nes hydrom\u00e9t\u00e9orologiques extr\u00eames et \u00e0 des mod\u00e8les de d\u00e9veloppement qui ignorent trop souvent la dimension du risque. Cette r\u00e9alit\u00e9 accro\u00eet la vuln\u00e9rabilit\u00e9 des populations et fragilise les bases m\u00eames de nos \u00e9conomies.<\/p>\n\n\n\n<p class=\"wp-block-paragraph\"><strong>Chers concitoyens,<\/strong><\/p>\n\n\n\n<p class=\"wp-block-paragraph\">Au Togo, l\u2019aggravation du ph\u00e9nom\u00e8ne d\u2019\u00e9rosion c\u00f4ti\u00e8re, intimement li\u00e9e aux changements climatiques, provoque un recul inqui\u00e9tant du trait de c\u00f4te. Des habitats, des infrastructures routi\u00e8res et industrielles, ainsi que des complexes h\u00f4teliers, sont chaque jour davantage menac\u00e9s par la mer.<\/p>\n\n\n\n<p class=\"wp-block-paragraph\">Les d\u00e9g\u00e2ts mat\u00e9riels, les pertes \u00e9conomiques et, h\u00e9las, parfois humaines, compromettent les acquis de notre d\u00e9veloppement et p\u00e8sent lourdement sur les efforts de reconstruction.<\/p>\n\n\n\n<p class=\"wp-block-paragraph\">Conscient de ces d\u00e9fis, et sous le leadership \u00e9clair\u00e9 de Son Excellence Monsieur Faure Essozimna Gnassingb\u00e9, Pr\u00e9sident du Conseil, le Gouvernement a engag\u00e9 de vastes actions pour renforcer la r\u00e9silience des communaut\u00e9s face aux multiples risques.<\/p>\n\n\n\n<p class=\"wp-block-paragraph\">Cette d\u00e9termination s\u2019est traduite de mani\u00e8re concr\u00e8te dans la Feuille de route gouvernementale 2020-2025, en particulier \u00e0 travers son Axe 3, Ambition 10 : \u00ab Mettre le d\u00e9veloppement durable et l\u2019anticipation des crises futures au c\u0153ur des priorit\u00e9s du pays. \u00bb<\/p>\n\n\n<div class=\"wp-block-image\">\n<figure class=\"aligncenter size-full\"><img loading=\"lazy\" decoding=\"async\" width=\"500\" height=\"503\" src=\"https:\/\/macite.tg\/wp-content\/uploads\/2025\/10\/Gest-exo_PUB-2.jpg\" alt=\"\" class=\"wp-image-25335\" srcset=\"https:\/\/macite.tg\/wp-content\/uploads\/2025\/10\/Gest-exo_PUB-2.jpg 500w, https:\/\/macite.tg\/wp-content\/uploads\/2025\/10\/Gest-exo_PUB-2-298x300.jpg 298w, https:\/\/macite.tg\/wp-content\/uploads\/2025\/10\/Gest-exo_PUB-2-150x150.jpg 150w, https:\/\/macite.tg\/wp-content\/uploads\/2025\/10\/Gest-exo_PUB-2-122x122.jpg 122w\" sizes=\"auto, (max-width: 500px) 100vw, 500px\" \/><\/figure>\n<\/div>\n\n\n<p class=\"wp-block-paragraph\"><strong>Chers concitoyens,<\/strong><\/p>\n\n\n\n<p class=\"wp-block-paragraph\">La Journ\u00e9e internationale de pr\u00e9vention des catastrophes vise avant tout \u00e0 mobiliser les consciences et \u00e0 pr\u00e9parer chaque acteur, chaque citoyen, \u00e0 adopter les comportements qui favorisent la r\u00e9silience collective.<\/p>\n\n\n\n<p class=\"wp-block-paragraph\">Le th\u00e8me retenu cette ann\u00e9e \u2014 \u00ab Financer la r\u00e9silience, pas les catastrophes \u00bb \u2014 nous interpelle tous. Il appelle \u00e0 une inversion de logique : investir davantage dans la pr\u00e9vention et la pr\u00e9paration plut\u00f4t que dans la r\u00e9ponse aux d\u00e9sastres une fois survenus.<\/p>\n\n\n\n<p class=\"wp-block-paragraph\">Agir en amont, c\u2019est adopter une approche proactive et anticipatrice. Agir en amont, c\u2019est r\u00e9duire le co\u00fbt humain, \u00e9conomique et social des catastrophes.<\/p>\n\n\n\n<p class=\"wp-block-paragraph\">Les Nations Unies rappellent qu\u2019un syst\u00e8me d\u2019alerte pr\u00e9coce efficace peut sauver des vies et r\u00e9duire de plus de 30 % les pertes et dommages.<\/p>\n\n\n\n<p class=\"wp-block-paragraph\">De m\u00eame, selon la Banque mondiale, chaque dollar investi dans la r\u00e9silience des infrastructures dans les pays en d\u00e9veloppement permet d\u2019\u00e9conomiser quatre dollars en co\u00fbts de reconstruction.<\/p>\n\n\n\n<p class=\"wp-block-paragraph\">L\u2019Assembl\u00e9e g\u00e9n\u00e9rale des Nations Unies a, pour sa part, d\u00e9montr\u00e9 qu\u2019un dollar consacr\u00e9 \u00e0 la pr\u00e9vention \u00e9quivaut \u00e0 sept dollars \u00e9conomis\u00e9s dans la r\u00e9ponse post-catastrophe. Ces chiffres parlent d\u2019eux-m\u00eames : pr\u00e9venir, c\u2019est investir dans l\u2019avenir.<\/p>\n\n\n\n<p class=\"wp-block-paragraph\"><strong>Chers concitoyens,<\/strong><\/p>\n\n\n\n<p class=\"wp-block-paragraph\">Fid\u00e8le \u00e0 cette vision, le Gouvernement togolais a fait de la gestion proactive des catastrophes une priorit\u00e9 nationale. Plusieurs initiatives structurantes ont vu le jour, notamment :<\/p>\n\n\n<div class=\"wp-block-image\">\n<figure class=\"aligncenter size-full\"><img loading=\"lazy\" decoding=\"async\" width=\"500\" height=\"500\" src=\"https:\/\/macite.tg\/wp-content\/uploads\/2025\/10\/LAISSEZ6PASSER-EN-UN-CLIC.jpg\" alt=\"\" class=\"wp-image-25305\" srcset=\"https:\/\/macite.tg\/wp-content\/uploads\/2025\/10\/LAISSEZ6PASSER-EN-UN-CLIC.jpg 500w, https:\/\/macite.tg\/wp-content\/uploads\/2025\/10\/LAISSEZ6PASSER-EN-UN-CLIC-300x300.jpg 300w, https:\/\/macite.tg\/wp-content\/uploads\/2025\/10\/LAISSEZ6PASSER-EN-UN-CLIC-150x150.jpg 150w, https:\/\/macite.tg\/wp-content\/uploads\/2025\/10\/LAISSEZ6PASSER-EN-UN-CLIC-122x122.jpg 122w\" sizes=\"auto, (max-width: 500px) 100vw, 500px\" \/><\/figure>\n<\/div>\n\n\n<p class=\"wp-block-paragraph\">\u2022 la mise en \u0153uvre du plan op\u00e9rationnel du Syst\u00e8me d\u2019Alerte Pr\u00e9coce multirisque (SAP) couvrant les inondations, l\u2019ins\u00e9curit\u00e9 alimentaire et nutritionnelle ;<\/p>\n\n\n\n<p class=\"wp-block-paragraph\">\u2022 l\u2019\u00e9laboration de la cartographie nationale des zones \u00e0 risques ;<\/p>\n\n\n\n<p class=\"wp-block-paragraph\">\u2022 le renforcement du r\u00e9seau d\u2019\u00e9quipements hydrom\u00e9t\u00e9orologiques ;<\/p>\n\n\n\n<p class=\"wp-block-paragraph\">\u2022 la conduite de campagnes d\u2019information, d\u2019\u00e9ducation et de communication sur la pr\u00e9vention des risques ;<\/p>\n\n\n\n<p class=\"wp-block-paragraph\">\u2022 l\u2019int\u00e9gration de la r\u00e9duction des risques de catastrophes dans les politiques sectorielles et les programmes \u00e9ducatifs ;<\/p>\n\n\n\n<p class=\"wp-block-paragraph\">\u2022 la promotion des pratiques agricoles r\u00e9silientes face aux changements climatiques ;<\/p>\n\n\n\n<p class=\"wp-block-paragraph\">\u2022 l\u2019extension du r\u00e9seau d\u2019assainissement dans les zones urbaines et p\u00e9riurbaines ;<\/p>\n\n\n\n<p class=\"wp-block-paragraph\">\u2022 l\u2019organisation d\u2019exercices de simulation et de campagnes annuelles de reboisement, contribuant \u00e0 l\u2019ambition nationale de planter un milliard d\u2019arbres \u00e0 l\u2019horizon 2030.<\/p>\n\n\n\n<p class=\"wp-block-paragraph\"><strong><em>Chers concitoyens,<\/em><\/strong><\/p>\n\n\n\n<p class=\"wp-block-paragraph\">\u00c0 l\u2019occasion de cette journ\u00e9e, j\u2019en appelle \u00e0 la mobilisation de tous : institutions publiques, collectivit\u00e9s territoriales, soci\u00e9t\u00e9 civile, secteur priv\u00e9, communaut\u00e9s \u00e0 la base et partenaires techniques et financiers. Poursuivons, ensemble et en synergie, les efforts d\u00e9j\u00e0 entrepris pour pr\u00e9venir les catastrophes et b\u00e2tir un Togo plus r\u00e9silient.<\/p>\n\n\n<div class=\"wp-block-image\">\n<figure class=\"aligncenter size-large is-resized\"><img loading=\"lazy\" decoding=\"async\" width=\"728\" height=\"1024\" src=\"https:\/\/macite.tg\/wp-content\/uploads\/2025\/10\/image-51-728x1024.png\" alt=\"\" class=\"wp-image-25339\" style=\"width:650px;height:auto\" srcset=\"https:\/\/macite.tg\/wp-content\/uploads\/2025\/10\/image-51-728x1024.png 728w, https:\/\/macite.tg\/wp-content\/uploads\/2025\/10\/image-51-213x300.png 213w, https:\/\/macite.tg\/wp-content\/uploads\/2025\/10\/image-51-768x1080.png 768w, https:\/\/macite.tg\/wp-content\/uploads\/2025\/10\/image-51-1092x1536.png 1092w, https:\/\/macite.tg\/wp-content\/uploads\/2025\/10\/image-51.png 1165w\" sizes=\"auto, (max-width: 728px) 100vw, 728px\" \/><\/figure>\n<\/div>\n\n\n<p class=\"wp-block-paragraph\">Je saisis cette occasion pour renouveler, au nom du Gouvernement, ma profonde gratitude \u00e0 nos partenaires pour leurs appuis constants et multiformes. Puissent nos investissements, qu\u2019ils soient publics ou priv\u00e9s, int\u00e9grer davantage la logique de la pr\u00e9vention, gage d\u2019un d\u00e9veloppement durable, solidaire et s\u00e9curis\u00e9.<\/p>\n\n\n\n<p class=\"wp-block-paragraph\">C\u2019est dans cet esprit de responsabilit\u00e9 partag\u00e9e et d\u2019esp\u00e9rance renouvel\u00e9e que je d\u00e9clare solennellement lanc\u00e9e, sur toute l\u2019\u00e9tendue du territoire national, la c\u00e9l\u00e9bration de la Journ\u00e9e internationale de pr\u00e9vention des catastrophes (JIPC).<\/p>\n\n\n\n<p class=\"wp-block-paragraph\">Je vous remercie\u00bb.<\/p>\n\n\n\n<p class=\"wp-block-paragraph\"><a><strong><em>@macite.tg&nbsp;&nbsp;&nbsp;&nbsp;&nbsp;&nbsp;&nbsp;&nbsp;<\/em><\/strong><\/a><\/p>\n\n\n\n<p class=\"wp-block-paragraph\"><strong><em>E-mail&nbsp;: <\/em><\/strong><a href=\"mailto:maciteinfo@gmail.com\"><strong><em>maciteinfo@gmail.com<\/em><\/strong><\/a><strong><em>; <\/em><\/strong><a href=\"mailto:bawela1@gmail.com\"><strong><em>bawela1@gmail.com<\/em><\/strong><\/a><strong><em><\/em><\/strong><\/p>\n\n\n\n<p class=\"wp-block-paragraph\"><strong><em>Pour vos annonces, (publi)reportages, etc., joignez-nous au (00228)91515309\/<strong>79872224 <\/strong><strong><\/strong><\/em><\/strong><\/p>\n\n\n\n<p class=\"wp-block-paragraph\"><strong><em>www.macite.tg, L\u2019information, la bonne&nbsp;!<\/em><\/strong><\/p>\n\n\n\n<p class=\"wp-block-paragraph\"><\/p>\n","protected":false},"excerpt":{"rendered":"<p class=\"text-justify mb-2\" >Instaur\u00e9e en 1989 par l\u2019Assembl\u00e9e g\u00e9n\u00e9rale des Nations, la Journ\u00e9e internationale de la pr\u00e9vention des catastrophes naturelles, c\u00e9l\u00e9br\u00e9e initialement chaque deuxi\u00e8me mercredi du mois d\u2019octobre, offre l\u2019occasion, chaque 13 octobre&nbsp;(\u00e0 partir de 2009), de sensibiliser les populations aux risques li\u00e9s aux catastrophes d\u2019origine naturelle. Ev\u00e9nement [&hellip;]<\/p>\n","protected":false},"author":2,"featured_media":25390,"comment_status":"open","ping_status":"open","sticky":false,"template":"","format":"standard","meta":{"footnotes":""},"categories":[20,28],"tags":[],"class_list":["post-25389","post","type-post","status-publish","format-standard","has-post-thumbnail","hentry","category-actualite","category-securite"],"yoast_head":"<!-- This site is optimized with the Yoast SEO plugin v28.4 - https:\/\/yoast.com\/product\/yoast-seo-wordpress\/ -->\n<title>JOURNEE MONDIALE DE LA PREVENTION DES CATASTROPHES\u00a0: Le message du Ministre de la S\u00e9curit\u00e9, Col Calixte B. Madjoulba -<\/title>\n<meta name=\"robots\" content=\"index, follow, max-snippet:-1, max-image-preview:large, max-video-preview:-1\" \/>\n<link rel=\"canonical\" href=\"https:\/\/macite.tg\/?p=25389\" \/>\n<meta property=\"og:locale\" content=\"fr_FR\" \/>\n<meta property=\"og:type\" content=\"article\" \/>\n<meta property=\"og:title\" content=\"JOURNEE MONDIALE DE LA PREVENTION DES CATASTROPHES\u00a0: Le message du Ministre de la S\u00e9curit\u00e9, Col Calixte B. Madjoulba -\" \/>\n<meta property=\"og:description\" content=\"Instaur\u00e9e en 1989 par l\u2019Assembl\u00e9e g\u00e9n\u00e9rale des Nations, la Journ\u00e9e internationale de la pr\u00e9vention des catastrophes naturelles, c\u00e9l\u00e9br\u00e9e initialement chaque deuxi\u00e8me mercredi du mois d\u2019octobre, offre l\u2019occasion, chaque 13 octobre&nbsp;(\u00e0 partir de 2009), de sensibiliser les populations aux risques li\u00e9s aux catastrophes d\u2019origine naturelle. Ev\u00e9nement [&hellip;]\" \/>\n<meta property=\"og:url\" content=\"https:\/\/macite.tg\/?p=25389\" \/>\n<meta property=\"article:published_time\" content=\"2025-10-14T14:24:33+00:00\" \/>\n<meta property=\"article:modified_time\" content=\"2025-10-14T14:25:11+00:00\" \/>\n<meta property=\"og:image\" content=\"https:\/\/macite.tg\/wp-content\/uploads\/2025\/10\/9dfa80cb-455c-4692-9b9f-36c51e88c8d4.jpg\" \/>\n\t<meta property=\"og:image:width\" content=\"500\" \/>\n\t<meta property=\"og:image:height\" content=\"296\" \/>\n\t<meta property=\"og:image:type\" content=\"image\/jpeg\" \/>\n<meta name=\"author\" content=\"Jean Pierre BAWELA\" \/>\n<meta name=\"twitter:card\" content=\"summary_large_image\" \/>\n<meta name=\"twitter:label1\" content=\"\u00c9crit par\" \/>\n\t<meta name=\"twitter:data1\" content=\"Jean Pierre BAWELA\" \/>\n\t<meta name=\"twitter:label2\" content=\"Dur\u00e9e de lecture estim\u00e9e\" \/>\n\t<meta name=\"twitter:data2\" content=\"6 minutes\" \/>\n<script type=\"application\/ld+json\" class=\"yoast-schema-graph\">{\"@context\":\"https:\\\/\\\/schema.org\",\"@graph\":[{\"@type\":\"Article\",\"@id\":\"https:\\\/\\\/macite.tg\\\/?p=25389#article\",\"isPartOf\":{\"@id\":\"https:\\\/\\\/macite.tg\\\/?p=25389\"},\"author\":{\"name\":\"Jean Pierre BAWELA\",\"@id\":\"https:\\\/\\\/macite.tg\\\/#\\\/schema\\\/person\\\/e9f2de7e5dbbe7770a9402c7ce82f5c2\"},\"headline\":\"JOURNEE MONDIALE DE LA PREVENTION DES CATASTROPHES\u00a0: Le message du Ministre de la S\u00e9curit\u00e9, Col Calixte B. Madjoulba\",\"datePublished\":\"2025-10-14T14:24:33+00:00\",\"dateModified\":\"2025-10-14T14:25:11+00:00\",\"mainEntityOfPage\":{\"@id\":\"https:\\\/\\\/macite.tg\\\/?p=25389\"},\"wordCount\":1036,\"commentCount\":0,\"image\":{\"@id\":\"https:\\\/\\\/macite.tg\\\/?p=25389#primaryimage\"},\"thumbnailUrl\":\"https:\\\/\\\/macite.tg\\\/wp-content\\\/uploads\\\/2025\\\/10\\\/9dfa80cb-455c-4692-9b9f-36c51e88c8d4.jpg\",\"articleSection\":[\"ACTUALITE\",\"SECURITE\"],\"inLanguage\":\"fr-FR\",\"potentialAction\":[{\"@type\":\"CommentAction\",\"name\":\"Comment\",\"target\":[\"https:\\\/\\\/macite.tg\\\/?p=25389#respond\"]}]},{\"@type\":\"WebPage\",\"@id\":\"https:\\\/\\\/macite.tg\\\/?p=25389\",\"url\":\"https:\\\/\\\/macite.tg\\\/?p=25389\",\"name\":\"JOURNEE MONDIALE DE LA PREVENTION DES CATASTROPHES\u00a0: Le message du Ministre de la S\u00e9curit\u00e9, Col Calixte B. Madjoulba -\",\"isPartOf\":{\"@id\":\"https:\\\/\\\/macite.tg\\\/#website\"},\"primaryImageOfPage\":{\"@id\":\"https:\\\/\\\/macite.tg\\\/?p=25389#primaryimage\"},\"image\":{\"@id\":\"https:\\\/\\\/macite.tg\\\/?p=25389#primaryimage\"},\"thumbnailUrl\":\"https:\\\/\\\/macite.tg\\\/wp-content\\\/uploads\\\/2025\\\/10\\\/9dfa80cb-455c-4692-9b9f-36c51e88c8d4.jpg\",\"datePublished\":\"2025-10-14T14:24:33+00:00\",\"dateModified\":\"2025-10-14T14:25:11+00:00\",\"author\":{\"@id\":\"https:\\\/\\\/macite.tg\\\/#\\\/schema\\\/person\\\/e9f2de7e5dbbe7770a9402c7ce82f5c2\"},\"breadcrumb\":{\"@id\":\"https:\\\/\\\/macite.tg\\\/?p=25389#breadcrumb\"},\"inLanguage\":\"fr-FR\",\"potentialAction\":[{\"@type\":\"ReadAction\",\"target\":[\"https:\\\/\\\/macite.tg\\\/?p=25389\"]}]},{\"@type\":\"ImageObject\",\"inLanguage\":\"fr-FR\",\"@id\":\"https:\\\/\\\/macite.tg\\\/?p=25389#primaryimage\",\"url\":\"https:\\\/\\\/macite.tg\\\/wp-content\\\/uploads\\\/2025\\\/10\\\/9dfa80cb-455c-4692-9b9f-36c51e88c8d4.jpg\",\"contentUrl\":\"https:\\\/\\\/macite.tg\\\/wp-content\\\/uploads\\\/2025\\\/10\\\/9dfa80cb-455c-4692-9b9f-36c51e88c8d4.jpg\",\"width\":500,\"height\":296,\"caption\":\"Col Calixte B. Madjoulba, ministre de la S\u00e9curit\u00e9\"},{\"@type\":\"BreadcrumbList\",\"@id\":\"https:\\\/\\\/macite.tg\\\/?p=25389#breadcrumb\",\"itemListElement\":[{\"@type\":\"ListItem\",\"position\":1,\"name\":\"Accueil\",\"item\":\"https:\\\/\\\/macite.tg\\\/\"},{\"@type\":\"ListItem\",\"position\":2,\"name\":\"JOURNEE MONDIALE DE LA PREVENTION DES CATASTROPHES\u00a0: Le message du Ministre de la S\u00e9curit\u00e9, Col Calixte B. Madjoulba\"}]},{\"@type\":\"WebSite\",\"@id\":\"https:\\\/\\\/macite.tg\\\/#website\",\"url\":\"https:\\\/\\\/macite.tg\\\/\",\"name\":\"\",\"description\":\"L&#039;information, la bonne!!!\",\"potentialAction\":[{\"@type\":\"SearchAction\",\"target\":{\"@type\":\"EntryPoint\",\"urlTemplate\":\"https:\\\/\\\/macite.tg\\\/?s={search_term_string}\"},\"query-input\":{\"@type\":\"PropertyValueSpecification\",\"valueRequired\":true,\"valueName\":\"search_term_string\"}}],\"inLanguage\":\"fr-FR\"},{\"@type\":\"Person\",\"@id\":\"https:\\\/\\\/macite.tg\\\/#\\\/schema\\\/person\\\/e9f2de7e5dbbe7770a9402c7ce82f5c2\",\"name\":\"Jean Pierre BAWELA\",\"image\":{\"@type\":\"ImageObject\",\"inLanguage\":\"fr-FR\",\"@id\":\"https:\\\/\\\/macite.tg\\\/wp-content\\\/uploads\\\/2023\\\/09\\\/WhatsApp-Image-2023-09-19-at-14.44.41-122x122.jpeg\",\"url\":\"https:\\\/\\\/macite.tg\\\/wp-content\\\/uploads\\\/2023\\\/09\\\/WhatsApp-Image-2023-09-19-at-14.44.41-122x122.jpeg\",\"contentUrl\":\"https:\\\/\\\/macite.tg\\\/wp-content\\\/uploads\\\/2023\\\/09\\\/WhatsApp-Image-2023-09-19-at-14.44.41-122x122.jpeg\",\"caption\":\"Jean Pierre BAWELA\"},\"url\":\"https:\\\/\\\/macite.tg\\\/?author=2\"}]}<\/script>\n<!-- \/ Yoast SEO plugin. -->","yoast_head_json":{"title":"JOURNEE MONDIALE DE LA PREVENTION DES CATASTROPHES\u00a0: Le message du Ministre de la S\u00e9curit\u00e9, Col Calixte B. Madjoulba -","robots":{"index":"index","follow":"follow","max-snippet":"max-snippet:-1","max-image-preview":"max-image-preview:large","max-video-preview":"max-video-preview:-1"},"canonical":"https:\/\/macite.tg\/?p=25389","og_locale":"fr_FR","og_type":"article","og_title":"JOURNEE MONDIALE DE LA PREVENTION DES CATASTROPHES\u00a0: Le message du Ministre de la S\u00e9curit\u00e9, Col Calixte B. Madjoulba -","og_description":"Instaur\u00e9e en 1989 par l\u2019Assembl\u00e9e g\u00e9n\u00e9rale des Nations, la Journ\u00e9e internationale de la pr\u00e9vention des catastrophes naturelles, c\u00e9l\u00e9br\u00e9e initialement chaque deuxi\u00e8me mercredi du mois d\u2019octobre, offre l\u2019occasion, chaque 13 octobre&nbsp;(\u00e0 partir de 2009), de sensibiliser les populations aux risques li\u00e9s aux catastrophes d\u2019origine naturelle. Ev\u00e9nement [&hellip;]","og_url":"https:\/\/macite.tg\/?p=25389","article_published_time":"2025-10-14T14:24:33+00:00","article_modified_time":"2025-10-14T14:25:11+00:00","og_image":[{"width":500,"height":296,"url":"https:\/\/macite.tg\/wp-content\/uploads\/2025\/10\/9dfa80cb-455c-4692-9b9f-36c51e88c8d4.jpg","type":"image\/jpeg"}],"author":"Jean Pierre BAWELA","twitter_card":"summary_large_image","twitter_misc":{"\u00c9crit par":"Jean Pierre BAWELA","Dur\u00e9e de lecture estim\u00e9e":"6 minutes"},"schema":{"@context":"https:\/\/schema.org","@graph":[{"@type":"Article","@id":"https:\/\/macite.tg\/?p=25389#article","isPartOf":{"@id":"https:\/\/macite.tg\/?p=25389"},"author":{"name":"Jean Pierre BAWELA","@id":"https:\/\/macite.tg\/#\/schema\/person\/e9f2de7e5dbbe7770a9402c7ce82f5c2"},"headline":"JOURNEE MONDIALE DE LA PREVENTION DES CATASTROPHES\u00a0: Le message du Ministre de la S\u00e9curit\u00e9, Col Calixte B. Madjoulba","datePublished":"2025-10-14T14:24:33+00:00","dateModified":"2025-10-14T14:25:11+00:00","mainEntityOfPage":{"@id":"https:\/\/macite.tg\/?p=25389"},"wordCount":1036,"commentCount":0,"image":{"@id":"https:\/\/macite.tg\/?p=25389#primaryimage"},"thumbnailUrl":"https:\/\/macite.tg\/wp-content\/uploads\/2025\/10\/9dfa80cb-455c-4692-9b9f-36c51e88c8d4.jpg","articleSection":["ACTUALITE","SECURITE"],"inLanguage":"fr-FR","potentialAction":[{"@type":"CommentAction","name":"Comment","target":["https:\/\/macite.tg\/?p=25389#respond"]}]},{"@type":"WebPage","@id":"https:\/\/macite.tg\/?p=25389","url":"https:\/\/macite.tg\/?p=25389","name":"JOURNEE MONDIALE DE LA PREVENTION DES CATASTROPHES\u00a0: Le message du Ministre de la S\u00e9curit\u00e9, Col Calixte B. Madjoulba -","isPartOf":{"@id":"https:\/\/macite.tg\/#website"},"primaryImageOfPage":{"@id":"https:\/\/macite.tg\/?p=25389#primaryimage"},"image":{"@id":"https:\/\/macite.tg\/?p=25389#primaryimage"},"thumbnailUrl":"https:\/\/macite.tg\/wp-content\/uploads\/2025\/10\/9dfa80cb-455c-4692-9b9f-36c51e88c8d4.jpg","datePublished":"2025-10-14T14:24:33+00:00","dateModified":"2025-10-14T14:25:11+00:00","author":{"@id":"https:\/\/macite.tg\/#\/schema\/person\/e9f2de7e5dbbe7770a9402c7ce82f5c2"},"breadcrumb":{"@id":"https:\/\/macite.tg\/?p=25389#breadcrumb"},"inLanguage":"fr-FR","potentialAction":[{"@type":"ReadAction","target":["https:\/\/macite.tg\/?p=25389"]}]},{"@type":"ImageObject","inLanguage":"fr-FR","@id":"https:\/\/macite.tg\/?p=25389#primaryimage","url":"https:\/\/macite.tg\/wp-content\/uploads\/2025\/10\/9dfa80cb-455c-4692-9b9f-36c51e88c8d4.jpg","contentUrl":"https:\/\/macite.tg\/wp-content\/uploads\/2025\/10\/9dfa80cb-455c-4692-9b9f-36c51e88c8d4.jpg","width":500,"height":296,"caption":"Col Calixte B. Madjoulba, ministre de la S\u00e9curit\u00e9"},{"@type":"BreadcrumbList","@id":"https:\/\/macite.tg\/?p=25389#breadcrumb","itemListElement":[{"@type":"ListItem","position":1,"name":"Accueil","item":"https:\/\/macite.tg\/"},{"@type":"ListItem","position":2,"name":"JOURNEE MONDIALE DE LA PREVENTION DES CATASTROPHES\u00a0: Le message du Ministre de la S\u00e9curit\u00e9, Col Calixte B. Madjoulba"}]},{"@type":"WebSite","@id":"https:\/\/macite.tg\/#website","url":"https:\/\/macite.tg\/","name":"","description":"L&#039;information, la bonne!!!","potentialAction":[{"@type":"SearchAction","target":{"@type":"EntryPoint","urlTemplate":"https:\/\/macite.tg\/?s={search_term_string}"},"query-input":{"@type":"PropertyValueSpecification","valueRequired":true,"valueName":"search_term_string"}}],"inLanguage":"fr-FR"},{"@type":"Person","@id":"https:\/\/macite.tg\/#\/schema\/person\/e9f2de7e5dbbe7770a9402c7ce82f5c2","name":"Jean Pierre BAWELA","image":{"@type":"ImageObject","inLanguage":"fr-FR","@id":"https:\/\/macite.tg\/wp-content\/uploads\/2023\/09\/WhatsApp-Image-2023-09-19-at-14.44.41-122x122.jpeg","url":"https:\/\/macite.tg\/wp-content\/uploads\/2023\/09\/WhatsApp-Image-2023-09-19-at-14.44.41-122x122.jpeg","contentUrl":"https:\/\/macite.tg\/wp-content\/uploads\/2023\/09\/WhatsApp-Image-2023-09-19-at-14.44.41-122x122.jpeg","caption":"Jean Pierre BAWELA"},"url":"https:\/\/macite.tg\/?author=2"}]}},"_links":{"self":[{"href":"https:\/\/macite.tg\/index.php?rest_route=\/wp\/v2\/posts\/25389","targetHints":{"allow":["GET"]}}],"collection":[{"href":"https:\/\/macite.tg\/index.php?rest_route=\/wp\/v2\/posts"}],"about":[{"href":"https:\/\/macite.tg\/index.php?rest_route=\/wp\/v2\/types\/post"}],"author":[{"embeddable":true,"href":"https:\/\/macite.tg\/index.php?rest_route=\/wp\/v2\/users\/2"}],"replies":[{"embeddable":true,"href":"https:\/\/macite.tg\/index.php?rest_route=%2Fwp%2Fv2%2Fcomments&post=25389"}],"version-history":[{"count":0,"href":"https:\/\/macite.tg\/index.php?rest_route=\/wp\/v2\/posts\/25389\/revisions"}],"wp:featuredmedia":[{"embeddable":true,"href":"https:\/\/macite.tg\/index.php?rest_route=\/wp\/v2\/media\/25390"}],"wp:attachment":[{"href":"https:\/\/macite.tg\/index.php?rest_route=%2Fwp%2Fv2%2Fmedia&parent=25389"}],"wp:term":[{"taxonomy":"category","embeddable":true,"href":"https:\/\/macite.tg\/index.php?rest_route=%2Fwp%2Fv2%2Fcategories&post=25389"},{"taxonomy":"post_tag","embeddable":true,"href":"https:\/\/macite.tg\/index.php?rest_route=%2Fwp%2Fv2%2Ftags&post=25389"}],"curies":[{"name":"wp","href":"https:\/\/api.w.org\/{rel}","templated":true}]}}