{"id":25235,"date":"2025-10-08T14:55:39","date_gmt":"2025-10-08T14:55:39","guid":{"rendered":"https:\/\/macite.tg\/?p=25235"},"modified":"2025-10-08T15:05:40","modified_gmt":"2025-10-08T15:05:40","slug":"reduction-des-pertes-post-recolte-lautre-combat-reussi-qui-enchante-les-producteurs-heureux","status":"publish","type":"post","link":"https:\/\/macite.tg\/?p=25235","title":{"rendered":"REDUCTION DES PERTES POST-RECOLTE\u00a0: L\u2019autre combat r\u00e9ussi qui enchante les producteurs"},"content":{"rendered":"\n<p class=\"wp-block-paragraph\"><strong><em>Le Togo, comme d&rsquo;autres pays d&rsquo;Afrique subsaharienne, fait face au d\u00e9fi majeur des pertes post-r\u00e9colte. Ces pertes, estim\u00e9es entre 20 et 30 % de la production dans la r\u00e9gion, menacent la s\u00e9curit\u00e9 alimentaire et r\u00e9duisent consid\u00e9rablement les revenus des agriculteurs. En 2022, elles ont repr\u00e9sent\u00e9 11,2 % de la production nationale de mil. Ce taux, bien que conforme \u00e0 la moyenne r\u00e9gionale, constitue un manque \u00e0 gagner pr\u00e9occupant. Pour relever ce d\u00e9fi, le gouvernement togolais engage des mesures concr\u00e8tes pour transformer cette contrainte en v\u00e9ritable opportunit\u00e9.<\/em><\/strong><\/p>\n\n\n\n<p class=\"wp-block-paragraph\">Infrastructures de stockage, appuis financiers, programmes de formation et valorisation agro-industrielle, autant d&rsquo;actions qui traduisent une volont\u00e9 politique affirm\u00e9e de prot\u00e9ger les r\u00e9coltes, de soutenir les agriculteurs et de renforcer durablement la r\u00e9silience du syst\u00e8me alimentaire.<\/p>\n\n\n\n<p class=\"wp-block-paragraph\"><strong>Impact \u00e9conomique et nutritionnel des pertes<\/strong><\/p>\n\n\n\n<p class=\"wp-block-paragraph\">En 2023, la production de ma\u00efs a d\u00e9pass\u00e9 1,06 million de tonnes, confirmant son statut de produit le plus consomm\u00e9 au Togo. Toute perte dans cette fili\u00e8re affecte durablement la disponibilit\u00e9 alimentaire et les revenus agricoles. Le ma\u00efs \u00e9tant au c\u0153ur de l&rsquo;alimentation des m\u00e9nages, chaque perte entra\u00eene un manque \u00e0 gagner significatif.<\/p>\n\n\n\n<figure class=\"wp-block-image size-full\"><img loading=\"lazy\" decoding=\"async\" width=\"851\" height=\"315\" src=\"https:\/\/macite.tg\/wp-content\/uploads\/2025\/10\/OTR_Bandeau-Renseignements.jpg\" alt=\"\" class=\"wp-image-25075\" srcset=\"https:\/\/macite.tg\/wp-content\/uploads\/2025\/10\/OTR_Bandeau-Renseignements.jpg 851w, https:\/\/macite.tg\/wp-content\/uploads\/2025\/10\/OTR_Bandeau-Renseignements-300x111.jpg 300w, https:\/\/macite.tg\/wp-content\/uploads\/2025\/10\/OTR_Bandeau-Renseignements-768x284.jpg 768w\" sizes=\"auto, (max-width: 851px) 100vw, 851px\" \/><\/figure>\n\n\n\n<p class=\"wp-block-paragraph\">Face \u00e0 ces enjeux, le gouvernement trouve des mesures pour renforcer la cha\u00eene de conservation et de valorisation des r\u00e9coltes. L&rsquo;investissement massif dans les infrastructures de stockage adapt\u00e9es constitue l&rsquo;une des avanc\u00e9es majeures.<\/p>\n\n\n\n<p class=\"wp-block-paragraph\">Depuis 2023, des centaines de centres de stockage et d&rsquo;entrep\u00f4ts ruraux ont \u00e9t\u00e9 construits ou r\u00e9nov\u00e9s, notamment dans la Kara et les Savanes. Ces infrastructures modernes prot\u00e8gent efficacement les r\u00e9coltes contre les agressions climatiques et parasitaires, r\u00e9duisant ainsi de mani\u00e8re significative les pertes.<\/p>\n\n\n\n<p class=\"wp-block-paragraph\">Dans la m\u00eame logique, l&rsquo;Agence nationale de la s\u00e9curit\u00e9 alimentaire du Togo (Ansat) a renforc\u00e9 son soutien aux producteurs. Gr\u00e2ce \u00e0 l&rsquo;op\u00e9ration <em>&lsquo;cr\u00e9dit engrais remboursable en nature&rsquo;<\/em>, 220 millions de francs CFA ont \u00e9t\u00e9 mobilis\u00e9s pour fournir 1.000 tonnes d&rsquo;engrais aux petits exploitants dans les cinq r\u00e9gions. Parall\u00e8lement, plus de 140 millions ont \u00e9t\u00e9 investis pour l&rsquo;achat de riz dans les pr\u00e9fectures de Kpendjal et d&rsquo;Oti, afin de consolider les stocks alimentaires strat\u00e9giques. Pour \u00e9couler les exc\u00e9dents et \u00e9viter les pertes, l&rsquo;Ansat organise r\u00e9guli\u00e8rement des ventes sp\u00e9ciales de c\u00e9r\u00e9ales \u00e0 prix r\u00e9duit, mettant \u00e0 disposition 200 tonnes de ma\u00efs \u00e0 chaque op\u00e9ration.<\/p>\n\n\n\n<p class=\"wp-block-paragraph\">Ces efforts sont appuy\u00e9s par le Projet de r\u00e9silience du syst\u00e8me alimentaire en Afrique de l&rsquo;Ouest (FSRP-Togo), financ\u00e9 par la Banque mondiale. Il a d\u00e9j\u00e0 touch\u00e9 509.438 personnes, dont 34 % de femmes, sur un objectif final de 600.000 b\u00e9n\u00e9ficiaires. En 2024, pr\u00e8s de 30.000 producteurs ont re\u00e7u des kits comprenant semences certifi\u00e9es, fertilisants et pesticides, principalement dans les Zones d&rsquo;am\u00e9nagement agricole planifi\u00e9es (Zaap).<\/p>\n\n\n\n<p class=\"wp-block-paragraph\">Le Projet d&rsquo;appui au Mifa (ProMifa), par exemple, a permis de former 20.000 jeunes et femmes aux techniques modernes de conservation, de s\u00e9chage et de manutention.<\/p>\n\n\n<div class=\"wp-block-image\">\n<figure class=\"aligncenter size-full is-resized\"><img loading=\"lazy\" decoding=\"async\" width=\"720\" height=\"725\" src=\"https:\/\/macite.tg\/wp-content\/uploads\/2025\/10\/Gest-exo_PUB.jpg\" alt=\"\" class=\"wp-image-25124\" style=\"width:668px;height:auto\" srcset=\"https:\/\/macite.tg\/wp-content\/uploads\/2025\/10\/Gest-exo_PUB.jpg 720w, https:\/\/macite.tg\/wp-content\/uploads\/2025\/10\/Gest-exo_PUB-298x300.jpg 298w, https:\/\/macite.tg\/wp-content\/uploads\/2025\/10\/Gest-exo_PUB-150x150.jpg 150w, https:\/\/macite.tg\/wp-content\/uploads\/2025\/10\/Gest-exo_PUB-122x122.jpg 122w\" sizes=\"auto, (max-width: 720px) 100vw, 720px\" \/><\/figure>\n<\/div>\n\n\n<p class=\"wp-block-paragraph\"><strong>Les pistes rurales, levier majeur de r\u00e9duction des pertes<\/strong><\/p>\n\n\n\n<p class=\"wp-block-paragraph\">L&rsquo;am\u00e9lioration des pistes rurales joue un r\u00f4le strat\u00e9gique. Elle facilite le transport rapide des r\u00e9coltes vers les march\u00e9s, r\u00e9duit les pertes li\u00e9es aux d\u00e9lais d&rsquo;acheminement et am\u00e9liore l&rsquo;acc\u00e8s aux intrants agricoles. Dans le cadre du Programme d&rsquo;appui aux pistes rurales (PAPR), 2.200 km de pistes ont \u00e9t\u00e9 r\u00e9habilit\u00e9s entre 2021 et 2023, et un investissement de 32 milliards de francs CFA est pr\u00e9vu pour 2025 afin de poursuivre cette modernisation.<\/p>\n\n\n\n<p class=\"wp-block-paragraph\"><br>La r\u00e9duction des pertes post-r\u00e9colte s&rsquo;inscrit dans une strat\u00e9gie globale de transformation agricole. Les offensives nourrissent durablement la population, s\u00e9curisent les revenus des producteurs et font de l&rsquo;agriculture un moteur central de la croissance \u00e9conomique du Togo.<\/p>\n\n\n\n<p class=\"wp-block-paragraph\"><strong>Omar A.<\/strong><\/p>\n\n\n\n<p class=\"wp-block-paragraph\"><a><strong><em>@macite.tg&nbsp;&nbsp;&nbsp;&nbsp;&nbsp;&nbsp;&nbsp;&nbsp;<\/em><\/strong><\/a><\/p>\n\n\n\n<p class=\"wp-block-paragraph\"><strong><em>E-mail&nbsp;: <\/em><\/strong><a href=\"mailto:maciteinfo@gmail.com\"><strong><em>maciteinfo@gmail.com<\/em><\/strong><\/a><strong><em>; <\/em><\/strong><a href=\"mailto:bawela1@gmail.com\"><strong><em>bawela1@gmail.com<\/em><\/strong><\/a><strong><em><\/em><\/strong><\/p>\n\n\n\n<p class=\"wp-block-paragraph\"><strong><em>Pour vos annonces, (publi)reportages, etc., joignez-nous au (00228)91515309\/<strong>79872224 <\/strong><strong><\/strong><\/em><\/strong><\/p>\n\n\n\n<p class=\"wp-block-paragraph\"><strong><em>www.macite.tg, L\u2019information, la bonne&nbsp;!<\/em><\/strong><\/p>\n\n\n\n<p class=\"wp-block-paragraph\"><\/p>\n","protected":false},"excerpt":{"rendered":"<p class=\"text-justify mb-2\" >Le Togo, comme d&rsquo;autres pays d&rsquo;Afrique subsaharienne, fait face au d\u00e9fi majeur des pertes post-r\u00e9colte. Ces pertes, estim\u00e9es entre 20 et 30 % de la production dans la r\u00e9gion, menacent la s\u00e9curit\u00e9 alimentaire et r\u00e9duisent consid\u00e9rablement les revenus des agriculteurs. En 2022, elles ont repr\u00e9sent\u00e9 [&hellip;]<\/p>\n","protected":false},"author":2,"featured_media":25241,"comment_status":"open","ping_status":"open","sticky":false,"template":"","format":"standard","meta":{"footnotes":""},"categories":[20,22],"tags":[],"class_list":["post-25235","post","type-post","status-publish","format-standard","has-post-thumbnail","hentry","category-actualite","category-agriculture"],"yoast_head":"<!-- This site is optimized with the Yoast SEO plugin v28.4 - https:\/\/yoast.com\/product\/yoast-seo-wordpress\/ -->\n<title>REDUCTION DES PERTES POST-RECOLTE\u00a0: L\u2019autre combat r\u00e9ussi qui enchante les producteurs -<\/title>\n<meta name=\"robots\" content=\"index, follow, max-snippet:-1, max-image-preview:large, max-video-preview:-1\" \/>\n<link rel=\"canonical\" href=\"https:\/\/macite.tg\/?p=25235\" \/>\n<meta property=\"og:locale\" content=\"fr_FR\" \/>\n<meta property=\"og:type\" content=\"article\" \/>\n<meta property=\"og:title\" content=\"REDUCTION DES PERTES POST-RECOLTE\u00a0: L\u2019autre combat r\u00e9ussi qui enchante les producteurs -\" \/>\n<meta property=\"og:description\" content=\"Le Togo, comme d&rsquo;autres pays d&rsquo;Afrique subsaharienne, fait face au d\u00e9fi majeur des pertes post-r\u00e9colte. Ces pertes, estim\u00e9es entre 20 et 30 % de la production dans la r\u00e9gion, menacent la s\u00e9curit\u00e9 alimentaire et r\u00e9duisent consid\u00e9rablement les revenus des agriculteurs. En 2022, elles ont repr\u00e9sent\u00e9 [&hellip;]\" \/>\n<meta property=\"og:url\" content=\"https:\/\/macite.tg\/?p=25235\" \/>\n<meta property=\"article:published_time\" content=\"2025-10-08T14:55:39+00:00\" \/>\n<meta property=\"article:modified_time\" content=\"2025-10-08T15:05:40+00:00\" \/>\n<meta property=\"og:image\" content=\"https:\/\/macite.tg\/wp-content\/uploads\/2025\/10\/image-27.png\" \/>\n\t<meta property=\"og:image:width\" content=\"358\" \/>\n\t<meta property=\"og:image:height\" content=\"270\" \/>\n\t<meta property=\"og:image:type\" content=\"image\/png\" \/>\n<meta name=\"author\" content=\"Jean Pierre BAWELA\" \/>\n<meta name=\"twitter:card\" content=\"summary_large_image\" \/>\n<meta name=\"twitter:label1\" content=\"\u00c9crit par\" \/>\n\t<meta name=\"twitter:data1\" content=\"Jean Pierre BAWELA\" \/>\n\t<meta name=\"twitter:label2\" content=\"Dur\u00e9e de lecture estim\u00e9e\" \/>\n\t<meta name=\"twitter:data2\" content=\"4 minutes\" \/>\n<script type=\"application\/ld+json\" class=\"yoast-schema-graph\">{\"@context\":\"https:\\\/\\\/schema.org\",\"@graph\":[{\"@type\":\"Article\",\"@id\":\"https:\\\/\\\/macite.tg\\\/?p=25235#article\",\"isPartOf\":{\"@id\":\"https:\\\/\\\/macite.tg\\\/?p=25235\"},\"author\":{\"name\":\"Jean Pierre BAWELA\",\"@id\":\"https:\\\/\\\/macite.tg\\\/#\\\/schema\\\/person\\\/e9f2de7e5dbbe7770a9402c7ce82f5c2\"},\"headline\":\"REDUCTION DES PERTES POST-RECOLTE\u00a0: L\u2019autre combat r\u00e9ussi qui enchante les producteurs\",\"datePublished\":\"2025-10-08T14:55:39+00:00\",\"dateModified\":\"2025-10-08T15:05:40+00:00\",\"mainEntityOfPage\":{\"@id\":\"https:\\\/\\\/macite.tg\\\/?p=25235\"},\"wordCount\":688,\"commentCount\":0,\"image\":{\"@id\":\"https:\\\/\\\/macite.tg\\\/?p=25235#primaryimage\"},\"thumbnailUrl\":\"https:\\\/\\\/macite.tg\\\/wp-content\\\/uploads\\\/2025\\\/10\\\/image-27.png\",\"articleSection\":[\"ACTUALITE\",\"AGRICULTURE\"],\"inLanguage\":\"fr-FR\",\"potentialAction\":[{\"@type\":\"CommentAction\",\"name\":\"Comment\",\"target\":[\"https:\\\/\\\/macite.tg\\\/?p=25235#respond\"]}]},{\"@type\":\"WebPage\",\"@id\":\"https:\\\/\\\/macite.tg\\\/?p=25235\",\"url\":\"https:\\\/\\\/macite.tg\\\/?p=25235\",\"name\":\"REDUCTION DES PERTES POST-RECOLTE\u00a0: L\u2019autre combat r\u00e9ussi qui enchante les producteurs -\",\"isPartOf\":{\"@id\":\"https:\\\/\\\/macite.tg\\\/#website\"},\"primaryImageOfPage\":{\"@id\":\"https:\\\/\\\/macite.tg\\\/?p=25235#primaryimage\"},\"image\":{\"@id\":\"https:\\\/\\\/macite.tg\\\/?p=25235#primaryimage\"},\"thumbnailUrl\":\"https:\\\/\\\/macite.tg\\\/wp-content\\\/uploads\\\/2025\\\/10\\\/image-27.png\",\"datePublished\":\"2025-10-08T14:55:39+00:00\",\"dateModified\":\"2025-10-08T15:05:40+00:00\",\"author\":{\"@id\":\"https:\\\/\\\/macite.tg\\\/#\\\/schema\\\/person\\\/e9f2de7e5dbbe7770a9402c7ce82f5c2\"},\"breadcrumb\":{\"@id\":\"https:\\\/\\\/macite.tg\\\/?p=25235#breadcrumb\"},\"inLanguage\":\"fr-FR\",\"potentialAction\":[{\"@type\":\"ReadAction\",\"target\":[\"https:\\\/\\\/macite.tg\\\/?p=25235\"]}]},{\"@type\":\"ImageObject\",\"inLanguage\":\"fr-FR\",\"@id\":\"https:\\\/\\\/macite.tg\\\/?p=25235#primaryimage\",\"url\":\"https:\\\/\\\/macite.tg\\\/wp-content\\\/uploads\\\/2025\\\/10\\\/image-27.png\",\"contentUrl\":\"https:\\\/\\\/macite.tg\\\/wp-content\\\/uploads\\\/2025\\\/10\\\/image-27.png\",\"width\":358,\"height\":270,\"caption\":\"Un nouveau magasin de stockages de produits agricoles no\"},{\"@type\":\"BreadcrumbList\",\"@id\":\"https:\\\/\\\/macite.tg\\\/?p=25235#breadcrumb\",\"itemListElement\":[{\"@type\":\"ListItem\",\"position\":1,\"name\":\"Accueil\",\"item\":\"https:\\\/\\\/macite.tg\\\/\"},{\"@type\":\"ListItem\",\"position\":2,\"name\":\"REDUCTION DES PERTES POST-RECOLTE\u00a0: L\u2019autre combat r\u00e9ussi qui enchante les producteurs\"}]},{\"@type\":\"WebSite\",\"@id\":\"https:\\\/\\\/macite.tg\\\/#website\",\"url\":\"https:\\\/\\\/macite.tg\\\/\",\"name\":\"\",\"description\":\"L&#039;information, la bonne!!!\",\"potentialAction\":[{\"@type\":\"SearchAction\",\"target\":{\"@type\":\"EntryPoint\",\"urlTemplate\":\"https:\\\/\\\/macite.tg\\\/?s={search_term_string}\"},\"query-input\":{\"@type\":\"PropertyValueSpecification\",\"valueRequired\":true,\"valueName\":\"search_term_string\"}}],\"inLanguage\":\"fr-FR\"},{\"@type\":\"Person\",\"@id\":\"https:\\\/\\\/macite.tg\\\/#\\\/schema\\\/person\\\/e9f2de7e5dbbe7770a9402c7ce82f5c2\",\"name\":\"Jean Pierre BAWELA\",\"image\":{\"@type\":\"ImageObject\",\"inLanguage\":\"fr-FR\",\"@id\":\"https:\\\/\\\/macite.tg\\\/wp-content\\\/uploads\\\/2023\\\/09\\\/WhatsApp-Image-2023-09-19-at-14.44.41-122x122.jpeg\",\"url\":\"https:\\\/\\\/macite.tg\\\/wp-content\\\/uploads\\\/2023\\\/09\\\/WhatsApp-Image-2023-09-19-at-14.44.41-122x122.jpeg\",\"contentUrl\":\"https:\\\/\\\/macite.tg\\\/wp-content\\\/uploads\\\/2023\\\/09\\\/WhatsApp-Image-2023-09-19-at-14.44.41-122x122.jpeg\",\"caption\":\"Jean Pierre BAWELA\"},\"url\":\"https:\\\/\\\/macite.tg\\\/?author=2\"}]}<\/script>\n<!-- \/ Yoast SEO plugin. -->","yoast_head_json":{"title":"REDUCTION DES PERTES POST-RECOLTE\u00a0: L\u2019autre combat r\u00e9ussi qui enchante les producteurs -","robots":{"index":"index","follow":"follow","max-snippet":"max-snippet:-1","max-image-preview":"max-image-preview:large","max-video-preview":"max-video-preview:-1"},"canonical":"https:\/\/macite.tg\/?p=25235","og_locale":"fr_FR","og_type":"article","og_title":"REDUCTION DES PERTES POST-RECOLTE\u00a0: L\u2019autre combat r\u00e9ussi qui enchante les producteurs -","og_description":"Le Togo, comme d&rsquo;autres pays d&rsquo;Afrique subsaharienne, fait face au d\u00e9fi majeur des pertes post-r\u00e9colte. Ces pertes, estim\u00e9es entre 20 et 30 % de la production dans la r\u00e9gion, menacent la s\u00e9curit\u00e9 alimentaire et r\u00e9duisent consid\u00e9rablement les revenus des agriculteurs. En 2022, elles ont repr\u00e9sent\u00e9 [&hellip;]","og_url":"https:\/\/macite.tg\/?p=25235","article_published_time":"2025-10-08T14:55:39+00:00","article_modified_time":"2025-10-08T15:05:40+00:00","og_image":[{"width":358,"height":270,"url":"https:\/\/macite.tg\/wp-content\/uploads\/2025\/10\/image-27.png","type":"image\/png"}],"author":"Jean Pierre BAWELA","twitter_card":"summary_large_image","twitter_misc":{"\u00c9crit par":"Jean Pierre BAWELA","Dur\u00e9e de lecture estim\u00e9e":"4 minutes"},"schema":{"@context":"https:\/\/schema.org","@graph":[{"@type":"Article","@id":"https:\/\/macite.tg\/?p=25235#article","isPartOf":{"@id":"https:\/\/macite.tg\/?p=25235"},"author":{"name":"Jean Pierre BAWELA","@id":"https:\/\/macite.tg\/#\/schema\/person\/e9f2de7e5dbbe7770a9402c7ce82f5c2"},"headline":"REDUCTION DES PERTES POST-RECOLTE\u00a0: L\u2019autre combat r\u00e9ussi qui enchante les producteurs","datePublished":"2025-10-08T14:55:39+00:00","dateModified":"2025-10-08T15:05:40+00:00","mainEntityOfPage":{"@id":"https:\/\/macite.tg\/?p=25235"},"wordCount":688,"commentCount":0,"image":{"@id":"https:\/\/macite.tg\/?p=25235#primaryimage"},"thumbnailUrl":"https:\/\/macite.tg\/wp-content\/uploads\/2025\/10\/image-27.png","articleSection":["ACTUALITE","AGRICULTURE"],"inLanguage":"fr-FR","potentialAction":[{"@type":"CommentAction","name":"Comment","target":["https:\/\/macite.tg\/?p=25235#respond"]}]},{"@type":"WebPage","@id":"https:\/\/macite.tg\/?p=25235","url":"https:\/\/macite.tg\/?p=25235","name":"REDUCTION DES PERTES POST-RECOLTE\u00a0: L\u2019autre combat r\u00e9ussi qui enchante les producteurs -","isPartOf":{"@id":"https:\/\/macite.tg\/#website"},"primaryImageOfPage":{"@id":"https:\/\/macite.tg\/?p=25235#primaryimage"},"image":{"@id":"https:\/\/macite.tg\/?p=25235#primaryimage"},"thumbnailUrl":"https:\/\/macite.tg\/wp-content\/uploads\/2025\/10\/image-27.png","datePublished":"2025-10-08T14:55:39+00:00","dateModified":"2025-10-08T15:05:40+00:00","author":{"@id":"https:\/\/macite.tg\/#\/schema\/person\/e9f2de7e5dbbe7770a9402c7ce82f5c2"},"breadcrumb":{"@id":"https:\/\/macite.tg\/?p=25235#breadcrumb"},"inLanguage":"fr-FR","potentialAction":[{"@type":"ReadAction","target":["https:\/\/macite.tg\/?p=25235"]}]},{"@type":"ImageObject","inLanguage":"fr-FR","@id":"https:\/\/macite.tg\/?p=25235#primaryimage","url":"https:\/\/macite.tg\/wp-content\/uploads\/2025\/10\/image-27.png","contentUrl":"https:\/\/macite.tg\/wp-content\/uploads\/2025\/10\/image-27.png","width":358,"height":270,"caption":"Un nouveau magasin de stockages de produits agricoles no"},{"@type":"BreadcrumbList","@id":"https:\/\/macite.tg\/?p=25235#breadcrumb","itemListElement":[{"@type":"ListItem","position":1,"name":"Accueil","item":"https:\/\/macite.tg\/"},{"@type":"ListItem","position":2,"name":"REDUCTION DES PERTES POST-RECOLTE\u00a0: L\u2019autre combat r\u00e9ussi qui enchante les producteurs"}]},{"@type":"WebSite","@id":"https:\/\/macite.tg\/#website","url":"https:\/\/macite.tg\/","name":"","description":"L&#039;information, la bonne!!!","potentialAction":[{"@type":"SearchAction","target":{"@type":"EntryPoint","urlTemplate":"https:\/\/macite.tg\/?s={search_term_string}"},"query-input":{"@type":"PropertyValueSpecification","valueRequired":true,"valueName":"search_term_string"}}],"inLanguage":"fr-FR"},{"@type":"Person","@id":"https:\/\/macite.tg\/#\/schema\/person\/e9f2de7e5dbbe7770a9402c7ce82f5c2","name":"Jean Pierre BAWELA","image":{"@type":"ImageObject","inLanguage":"fr-FR","@id":"https:\/\/macite.tg\/wp-content\/uploads\/2023\/09\/WhatsApp-Image-2023-09-19-at-14.44.41-122x122.jpeg","url":"https:\/\/macite.tg\/wp-content\/uploads\/2023\/09\/WhatsApp-Image-2023-09-19-at-14.44.41-122x122.jpeg","contentUrl":"https:\/\/macite.tg\/wp-content\/uploads\/2023\/09\/WhatsApp-Image-2023-09-19-at-14.44.41-122x122.jpeg","caption":"Jean Pierre BAWELA"},"url":"https:\/\/macite.tg\/?author=2"}]}},"_links":{"self":[{"href":"https:\/\/macite.tg\/index.php?rest_route=\/wp\/v2\/posts\/25235","targetHints":{"allow":["GET"]}}],"collection":[{"href":"https:\/\/macite.tg\/index.php?rest_route=\/wp\/v2\/posts"}],"about":[{"href":"https:\/\/macite.tg\/index.php?rest_route=\/wp\/v2\/types\/post"}],"author":[{"embeddable":true,"href":"https:\/\/macite.tg\/index.php?rest_route=\/wp\/v2\/users\/2"}],"replies":[{"embeddable":true,"href":"https:\/\/macite.tg\/index.php?rest_route=%2Fwp%2Fv2%2Fcomments&post=25235"}],"version-history":[{"count":0,"href":"https:\/\/macite.tg\/index.php?rest_route=\/wp\/v2\/posts\/25235\/revisions"}],"wp:featuredmedia":[{"embeddable":true,"href":"https:\/\/macite.tg\/index.php?rest_route=\/wp\/v2\/media\/25241"}],"wp:attachment":[{"href":"https:\/\/macite.tg\/index.php?rest_route=%2Fwp%2Fv2%2Fmedia&parent=25235"}],"wp:term":[{"taxonomy":"category","embeddable":true,"href":"https:\/\/macite.tg\/index.php?rest_route=%2Fwp%2Fv2%2Fcategories&post=25235"},{"taxonomy":"post_tag","embeddable":true,"href":"https:\/\/macite.tg\/index.php?rest_route=%2Fwp%2Fv2%2Ftags&post=25235"}],"curies":[{"name":"wp","href":"https:\/\/api.w.org\/{rel}","templated":true}]}}