{"id":25234,"date":"2025-10-08T10:18:19","date_gmt":"2025-10-08T10:18:19","guid":{"rendered":"https:\/\/macite.tg\/?p=25234"},"modified":"2025-10-08T10:18:30","modified_gmt":"2025-10-08T10:18:30","slug":"2eme-session-ordinaire-de-lannee-2025-lexamen-de-la-loi-de-finances-exercice-2026-une-serie-de-seminaires-un-agenda-charge-pour-les-deputes","status":"publish","type":"post","link":"https:\/\/macite.tg\/?p=25234","title":{"rendered":"2EME SESSION ORDINAIRE DE L&rsquo;ANNEE 2025\u00a0: L\u2019examen de la loi de finances, exercice 2026, une s\u00e9rie de s\u00e9minaires \u2026 un agenda charg\u00e9 pour les d\u00e9put\u00e9s"},"content":{"rendered":"\n<p class=\"wp-block-paragraph\"><strong><em>C\u2019est la fin des vacances parlementaires entam\u00e9es depuis fin juin dernier. Le retour \u00e0 l\u2019h\u00e9micycle des \u00e9lus du peuple, pour le compte de la deuxi\u00e8me session ordinaire de l\u2019ann\u00e9e, a \u00e9t\u00e9 marqu\u00e9e, hier mardi 07 octobre, par une c\u00e9r\u00e9monie d\u2019ouverture solennelle, pr\u00e9sid\u00e9e par le Pr\u00e9sident de l\u2019Assembl\u00e9e nationale, Son Excellence Monsieur Sevon-T\u00e9p\u00e9 Kodjo Ad\u00e9dz\u00e9, ceci conform\u00e9ment aux dispositions de l\u2019article 12 alin\u00e9a 1er de la Constitution de la Ve R\u00e9publique.<\/em><\/strong><\/p>\n\n\n\n<p class=\"wp-block-paragraph\">La c\u00e9r\u00e9monie, marquant la reprise des travaux apr\u00e8s trois mois d\u2019intersession, s\u2019est tenue en pr\u00e9sence du Pr\u00e9sident du S\u00e9nat, S.E.M. Barry Moussa Barqu\u00e9, et du ministre des Droits de l\u2019Homme, de la Formation \u00e0 la Citoyennet\u00e9 et des Relations avec les Institutions de la R\u00e9publique, Pac\u00f4me Yawovi&nbsp; Adjourouvi.<\/p>\n\n\n\n<p class=\"wp-block-paragraph\">L\u2019hymne national <em>\u00ab Terre de nos a\u00efeux \u00bb<\/em> a ouvert la s\u00e9ance dans une atmosph\u00e8re solennelle. Apr\u00e8s la v\u00e9rification du quorum, les d\u00e9put\u00e9s ont adopt\u00e9 \u00e0 l\u2019unanimit\u00e9 un ordre du jour comportant quatre points. En \u00e9cho \u00e0 la c\u00e9l\u00e9bration du mois du consommer local, la majorit\u00e9 des d\u00e9put\u00e9s ont fi\u00e8rement rev\u00eatu les tenues traditionnelles de leurs r\u00e9gions, exprimant ainsi leur soutien \u00e0 la valorisation de la culture togolaise et du patrimoine textile national.<\/p>\n\n\n<div class=\"wp-block-image\">\n<figure class=\"aligncenter size-large\"><img loading=\"lazy\" decoding=\"async\" width=\"726\" height=\"1024\" src=\"https:\/\/macite.tg\/wp-content\/uploads\/2025\/10\/86f2a862-0571-4dd6-b672-18790dfb3d26-726x1024.jpg\" alt=\"\" class=\"wp-image-25114\" srcset=\"https:\/\/macite.tg\/wp-content\/uploads\/2025\/10\/86f2a862-0571-4dd6-b672-18790dfb3d26-726x1024.jpg 726w, https:\/\/macite.tg\/wp-content\/uploads\/2025\/10\/86f2a862-0571-4dd6-b672-18790dfb3d26-213x300.jpg 213w, https:\/\/macite.tg\/wp-content\/uploads\/2025\/10\/86f2a862-0571-4dd6-b672-18790dfb3d26-768x1083.jpg 768w, https:\/\/macite.tg\/wp-content\/uploads\/2025\/10\/86f2a862-0571-4dd6-b672-18790dfb3d26-1090x1536.jpg 1090w, https:\/\/macite.tg\/wp-content\/uploads\/2025\/10\/86f2a862-0571-4dd6-b672-18790dfb3d26.jpg 1135w\" sizes=\"auto, (max-width: 726px) 100vw, 726px\" \/><\/figure>\n<\/div>\n\n\n<p class=\"wp-block-paragraph\"><em>\u00ab Nous proc\u00e9dons, ce premier mardi du mois d\u2019octobre, \u00e0 l\u2019ouverture de la deuxi\u00e8me session ordinaire de l\u2019ann\u00e9e 2025 conform\u00e9ment \u00e0 la temporalit\u00e9 R\u00e9publicaine fix\u00e9e par le 1er alin\u00e9a de l\u2019article 12 de notre Constitution. L\u2019horloge constitutionnelle sonne et avec elle, s\u2019ouvre ce temps solennel o\u00f9 la nation confie \u00e0 ses repr\u00e9sentants, la charge de transformer l\u2019esp\u00e9rance en d\u00e9cisions \u00bb,<\/em> a d\u00e9clar\u00e9 le Pr\u00e9sident de l\u2019Assembl\u00e9e nationale \u00e0 l\u2019entame de son discours.<\/p>\n\n\n\n<p class=\"wp-block-paragraph\">Il a ensuite invit\u00e9 ses coll\u00e8gues d\u00e9put\u00e9s \u00e0 tourner leurs pens\u00e9es vers l\u2019\u00c9ternel Dieu, en signe de gratitude pour la paix et la s\u00e9curit\u00e9 dont jouit le Togo, ainsi que pour la gr\u00e2ce divine qui leur permet de poursuivre leur mission au service de la nation et de leurs concitoyens togolais.<\/p>\n\n\n\n<p class=\"wp-block-paragraph\">L\u2019un des aspects cl\u00e9s ayant retenu l\u2019attention au cours de la c\u00e9r\u00e9monie d&rsquo;ouverture, est la lutte contre la d\u00e9sinformation, un ph\u00e9nom\u00e8ne qui continue de secouer l\u2019univers des r\u00e9seaux sociaux et face auquel il importe d\u2019apporter des r\u00e9ponses adapt\u00e9es pour pr\u00e9server l\u2019\u00e9quilibre s\u00e9curitaire et \u00e9conomique.<\/p>\n\n\n\n<p class=\"wp-block-paragraph\"><em>\u00ab Il nous faut faire face \u00e0 une r\u00e9alit\u00e9 pr\u00e9occupante. Les spectres de la d\u00e9sinformation et de la manipulation ressurgissent, malheureusement. Pendant que certains se distraient et que d\u2019autres cherchent \u00e0 tirer avantage des situations, d\u2019honn\u00eates citoyens tels que les artisans, les commer\u00e7ants, les professionnels ind\u00e9pendants, les entrepreneurs ou les salari\u00e9s mesurent la facture de l\u2019instabilit\u00e9 socio-\u00e9conomique. Ceux qui s\u2019en amusent devraient s\u00e9rieusement r\u00e9fl\u00e9chir \u00e0 r\u00e9pondre au moment venu \u00bb,<\/em> a d\u00e9clar\u00e9 le Pr\u00e9sident de l\u2019institution parlementaire.<\/p>\n\n\n\n<p class=\"wp-block-paragraph\">Tout en saluant les efforts inlassables de Son Excellence Monsieur Faure Essozimna Gnassingb\u00e9, Pr\u00e9sident du Conseil, le Pr\u00e9sident de la premi\u00e8re chambre du Parlement a soulign\u00e9 que dans un contexte mondial marqu\u00e9 par des crises \u00e9conomiques, sociales et politiques, un ensemble de probl\u00e9matiques qui n\u2019\u00e9pargne aucune nation, le Pr\u00e9sident du Conseil a su, avec l\u2019aide de Dieu, maintenir le cap et garantir la paix au Togo.<\/p>\n\n\n\n<p class=\"wp-block-paragraph\"><em>\u00ab Alors que tant de nations sont plong\u00e9es dans la tourmente, notre pays reste debout, fort et r\u00e9silient. Nous devons au Pr\u00e9sident du Conseil une reconnaissance sinc\u00e8re pour son engagement en faveur de la stabilit\u00e9 et du bien-\u00eatre de nos concitoyens, m\u00eame si certains d\u00e9fis persistent \u00bb,<\/em> a-t-il soulign\u00e9 tout en saluant les valeurs qui unissent l\u2019ensemble des Togolais, \u00e0 savoir la solidarit\u00e9 et la paix.<\/p>\n\n\n\n<p class=\"wp-block-paragraph\">Notons que la pr\u00e9sente session sera largement consacr\u00e9e \u00e0 l\u2019examen de la loi de finances, exercice 2026.<\/p>\n\n\n<div class=\"wp-block-image\">\n<figure class=\"aligncenter size-full\"><img loading=\"lazy\" decoding=\"async\" width=\"851\" height=\"315\" src=\"https:\/\/macite.tg\/wp-content\/uploads\/2025\/10\/OTR_Ferer-pour-batir-1.jpg\" alt=\"\" class=\"wp-image-25092\" srcset=\"https:\/\/macite.tg\/wp-content\/uploads\/2025\/10\/OTR_Ferer-pour-batir-1.jpg 851w, https:\/\/macite.tg\/wp-content\/uploads\/2025\/10\/OTR_Ferer-pour-batir-1-300x111.jpg 300w, https:\/\/macite.tg\/wp-content\/uploads\/2025\/10\/OTR_Ferer-pour-batir-1-768x284.jpg 768w\" sizes=\"auto, (max-width: 851px) 100vw, 851px\" \/><\/figure>\n<\/div>\n\n\n<p class=\"wp-block-paragraph\"><em>\u00ab Devant la hi\u00e9rarchie des ordres et des urgences, l\u2019avenir de notre nation repose sur notre capacit\u00e9 \u00e0 investir intelligemment dans les secteurs strat\u00e9giques tout en veillant \u00e0 une gestion responsable des ressources publiques \u00bb,<\/em> a affirm\u00e9 le Pr\u00e9sident de l\u2019Assembl\u00e9e nationale.<\/p>\n\n\n\n<p class=\"wp-block-paragraph\"><em>\u00ab De concert avec le S\u00e9nat, notre Chambre s\u0153ur, nous avons le devoir de nous assurer que chaque franc \u00e0 d\u00e9penser contribuera directement \u00e0 am\u00e9liorer la vie de nos citoyens et \u00e0 renforcer les fondations de notre \u00e9conomie \u00bb,<\/em> a-t-il poursuivi en invitant \u00e0 faire du bicam\u00e9risme un multiplicateur de progr\u00e8s.<\/p>\n\n\n\n<p class=\"wp-block-paragraph\">Autres activit\u00e9s \u00e0 l&rsquo;agenda de cette deuxi\u00e8me session ordinaire de l\u2019ann\u00e9e, une s\u00e9rie de s\u00e9minaires destin\u00e9s \u00e0 renforcer les comp\u00e9tences des \u00e9lus, abordant des th\u00e8mes vari\u00e9s tels que : les finances publiques pour mieux comprendre l\u2019impact du budget sur la nutrition, l\u2019\u00e9ducation et la sant\u00e9 des enfants ; l\u2019\u00e9conomie sociale et solidaire, pour favoriser l\u2019emploi local et la transition \u00e9cologique ; l\u2019Agenda Femmes, Paix et S\u00e9curit\u00e9, pour int\u00e9grer la voix des femmes dans les politiques de pr\u00e9vention et r\u00e9solution des conflits ; le droit international humanitaire, pour assurer une meilleure harmonisation des textes l\u00e9gislatifs.<\/p>\n\n\n\n<p class=\"wp-block-paragraph\">Pour finir, il a rappel\u00e9 que l\u2019Assembl\u00e9e nationale est \u00e9galement un espace o\u00f9 s\u2019expriment les aspirations du peuple, o\u00f9 se construit le dialogue entre les diff\u00e9rentes forces politiques et o\u00f9 se forge l\u2019avenir de la nation.<\/p>\n\n\n\n<p class=\"wp-block-paragraph\"><em>\u00ab Rappelons-nous que les Togolais nous r\u00e9clament. Ils nous r\u00e9clament pour r\u00e9pondre \u00e0 leurs attentes l\u00e9gitimes en mati\u00e8re d\u2019\u00e9ducation, de sant\u00e9, d\u2019infrastructures et d\u2019opportunit\u00e9s \u00e9conomiques. Ils nous r\u00e9clament \u00e9galement pour des choix prudentiels et des d\u00e9marches innovantes. Ils nous r\u00e9clament pour rechercher dans un m\u00eame \u00e9lan la stabilit\u00e9 politique ainsi que la justice fiscale, sociale et territoriale.<\/em><\/p>\n\n\n<div class=\"wp-block-image\">\n<figure class=\"aligncenter size-large is-resized\"><img loading=\"lazy\" decoding=\"async\" width=\"1024\" height=\"1024\" src=\"https:\/\/macite.tg\/wp-content\/uploads\/2025\/09\/556453702_1402220351912767_3329053273485456202_n-1024x1024.jpg\" alt=\"\" class=\"wp-image-25041\" style=\"width:588px;height:auto\" srcset=\"https:\/\/macite.tg\/wp-content\/uploads\/2025\/09\/556453702_1402220351912767_3329053273485456202_n-1024x1024.jpg 1024w, https:\/\/macite.tg\/wp-content\/uploads\/2025\/09\/556453702_1402220351912767_3329053273485456202_n-300x300.jpg 300w, https:\/\/macite.tg\/wp-content\/uploads\/2025\/09\/556453702_1402220351912767_3329053273485456202_n-150x150.jpg 150w, https:\/\/macite.tg\/wp-content\/uploads\/2025\/09\/556453702_1402220351912767_3329053273485456202_n-768x768.jpg 768w, https:\/\/macite.tg\/wp-content\/uploads\/2025\/09\/556453702_1402220351912767_3329053273485456202_n-1536x1536.jpg 1536w, https:\/\/macite.tg\/wp-content\/uploads\/2025\/09\/556453702_1402220351912767_3329053273485456202_n-122x122.jpg 122w, https:\/\/macite.tg\/wp-content\/uploads\/2025\/09\/556453702_1402220351912767_3329053273485456202_n.jpg 2048w\" sizes=\"auto, (max-width: 1024px) 100vw, 1024px\" \/><\/figure>\n<\/div>\n\n\n<p class=\"wp-block-paragraph\"><em>Au cours de nos visites de terrain pendant l\u2019intersession, une m\u00e8re courageuse m\u2019a confi\u00e9 ces mots : \u00ab Je ne demande pas d\u2019aider mon fils, je demande qu\u2019il ait sa chance \u00bb. La politique publique, au fond, c\u2019est cela : donner sa chance \u00e0 chacun. Que le budget de 2026 soit synonyme de cette chance non seulement pour nos enfants, mais aussi pour nos agriculteurs, nos artisans, nos enseignants, nos soignants, nos entrepreneurs, nos jeunes, nos personnes \u00e2g\u00e9es, bref pour la dignit\u00e9 de tous. \u00bb,<\/em> a-t-il mentionn\u00e9 \u00e0 l\u2019endroit des d\u00e9put\u00e9s.<\/p>\n\n\n\n<p class=\"wp-block-paragraph\">L\u2019Assembl\u00e9e nationale, en tant qu\u2019instance repr\u00e9sentative du peuple, s\u2019att\u00e8lera ainsi, au-del\u00e0 de l\u2019adoption du budget, \u00e0 l\u2019exercice de ses autres pr\u00e9rogatives constitutionnelles. Cette session budg\u00e9taire va durer trois mois.<\/p>\n\n\n\n<p class=\"wp-block-paragraph\"><strong>Cellule Comm AN<\/strong><\/p>\n\n\n\n<p class=\"wp-block-paragraph\"><a><strong><em>@macite.tg&nbsp;&nbsp;&nbsp;&nbsp;&nbsp;&nbsp;&nbsp;&nbsp;<\/em><\/strong><\/a><\/p>\n\n\n\n<p class=\"wp-block-paragraph\"><strong><em>E-mail&nbsp;: <\/em><\/strong><a href=\"mailto:maciteinfo@gmail.com\"><strong><em>maciteinfo@gmail.com<\/em><\/strong><\/a><strong><em>; <\/em><\/strong><a href=\"mailto:bawela1@gmail.com\"><strong><em>bawela1@gmail.com<\/em><\/strong><\/a><strong><em> <\/em><\/strong><strong><em><\/em><\/strong><\/p>\n\n\n\n<p class=\"wp-block-paragraph\"><strong><em>Pour vos annonces, (publi)reportages, etc., joignez-nous au (00228)91515309\/<strong>79872224 <\/strong><strong><\/strong><\/em><\/strong><\/p>\n\n\n\n<p class=\"wp-block-paragraph\"><strong><em>www.macite.tg, L\u2019information, la bonne&nbsp;!<\/em><\/strong><\/p>\n\n\n\n<p class=\"wp-block-paragraph\"><\/p>\n","protected":false},"excerpt":{"rendered":"<p class=\"text-justify mb-2\" >C\u2019est la fin des vacances parlementaires entam\u00e9es depuis fin juin dernier. Le retour \u00e0 l\u2019h\u00e9micycle des \u00e9lus du peuple, pour le compte de la deuxi\u00e8me session ordinaire de l\u2019ann\u00e9e, a \u00e9t\u00e9 marqu\u00e9e, hier mardi 07 octobre, par une c\u00e9r\u00e9monie d\u2019ouverture solennelle, pr\u00e9sid\u00e9e par le Pr\u00e9sident [&hellip;]<\/p>\n","protected":false},"author":2,"featured_media":25236,"comment_status":"open","ping_status":"open","sticky":false,"template":"","format":"standard","meta":{"footnotes":""},"categories":[20,1],"tags":[],"class_list":["post-25234","post","type-post","status-publish","format-standard","has-post-thumbnail","hentry","category-actualite","category-politique"],"yoast_head":"<!-- This site is optimized with the Yoast SEO plugin v28.4 - https:\/\/yoast.com\/product\/yoast-seo-wordpress\/ -->\n<title>2EME SESSION ORDINAIRE DE L&#039;ANNEE 2025\u00a0: L\u2019examen de la loi de finances, exercice 2026, une s\u00e9rie de s\u00e9minaires \u2026 un agenda charg\u00e9 pour les d\u00e9put\u00e9s -<\/title>\n<meta name=\"robots\" content=\"index, follow, max-snippet:-1, max-image-preview:large, max-video-preview:-1\" \/>\n<link rel=\"canonical\" href=\"https:\/\/macite.tg\/?p=25234\" \/>\n<meta property=\"og:locale\" content=\"fr_FR\" \/>\n<meta property=\"og:type\" content=\"article\" \/>\n<meta property=\"og:title\" content=\"2EME SESSION ORDINAIRE DE L&#039;ANNEE 2025\u00a0: L\u2019examen de la loi de finances, exercice 2026, une s\u00e9rie de s\u00e9minaires \u2026 un agenda charg\u00e9 pour les d\u00e9put\u00e9s -\" \/>\n<meta property=\"og:description\" content=\"C\u2019est la fin des vacances parlementaires entam\u00e9es depuis fin juin dernier. Le retour \u00e0 l\u2019h\u00e9micycle des \u00e9lus du peuple, pour le compte de la deuxi\u00e8me session ordinaire de l\u2019ann\u00e9e, a \u00e9t\u00e9 marqu\u00e9e, hier mardi 07 octobre, par une c\u00e9r\u00e9monie d\u2019ouverture solennelle, pr\u00e9sid\u00e9e par le Pr\u00e9sident [&hellip;]\" \/>\n<meta property=\"og:url\" content=\"https:\/\/macite.tg\/?p=25234\" \/>\n<meta property=\"article:published_time\" content=\"2025-10-08T10:18:19+00:00\" \/>\n<meta property=\"article:modified_time\" content=\"2025-10-08T10:18:30+00:00\" \/>\n<meta property=\"og:image\" content=\"https:\/\/macite.tg\/wp-content\/uploads\/2025\/10\/2e-session-25.jpg\" \/>\n\t<meta property=\"og:image:width\" content=\"500\" \/>\n\t<meta property=\"og:image:height\" content=\"156\" \/>\n\t<meta property=\"og:image:type\" content=\"image\/jpeg\" \/>\n<meta name=\"author\" content=\"Jean Pierre BAWELA\" \/>\n<meta name=\"twitter:card\" content=\"summary_large_image\" \/>\n<meta name=\"twitter:label1\" content=\"\u00c9crit par\" \/>\n\t<meta name=\"twitter:data1\" content=\"Jean Pierre BAWELA\" \/>\n\t<meta name=\"twitter:label2\" content=\"Dur\u00e9e de lecture estim\u00e9e\" \/>\n\t<meta name=\"twitter:data2\" content=\"6 minutes\" \/>\n<script type=\"application\/ld+json\" class=\"yoast-schema-graph\">{\"@context\":\"https:\\\/\\\/schema.org\",\"@graph\":[{\"@type\":\"Article\",\"@id\":\"https:\\\/\\\/macite.tg\\\/?p=25234#article\",\"isPartOf\":{\"@id\":\"https:\\\/\\\/macite.tg\\\/?p=25234\"},\"author\":{\"name\":\"Jean Pierre BAWELA\",\"@id\":\"https:\\\/\\\/macite.tg\\\/#\\\/schema\\\/person\\\/e9f2de7e5dbbe7770a9402c7ce82f5c2\"},\"headline\":\"2EME SESSION ORDINAIRE DE L&rsquo;ANNEE 2025\u00a0: L\u2019examen de la loi de finances, exercice 2026, une s\u00e9rie de s\u00e9minaires \u2026 un agenda charg\u00e9 pour les d\u00e9put\u00e9s\",\"datePublished\":\"2025-10-08T10:18:19+00:00\",\"dateModified\":\"2025-10-08T10:18:30+00:00\",\"mainEntityOfPage\":{\"@id\":\"https:\\\/\\\/macite.tg\\\/?p=25234\"},\"wordCount\":1200,\"commentCount\":0,\"image\":{\"@id\":\"https:\\\/\\\/macite.tg\\\/?p=25234#primaryimage\"},\"thumbnailUrl\":\"https:\\\/\\\/macite.tg\\\/wp-content\\\/uploads\\\/2025\\\/10\\\/2e-session-25.jpg\",\"articleSection\":[\"ACTUALITE\",\"POLITIQUE\"],\"inLanguage\":\"fr-FR\",\"potentialAction\":[{\"@type\":\"CommentAction\",\"name\":\"Comment\",\"target\":[\"https:\\\/\\\/macite.tg\\\/?p=25234#respond\"]}]},{\"@type\":\"WebPage\",\"@id\":\"https:\\\/\\\/macite.tg\\\/?p=25234\",\"url\":\"https:\\\/\\\/macite.tg\\\/?p=25234\",\"name\":\"2EME SESSION ORDINAIRE DE L'ANNEE 2025\u00a0: L\u2019examen de la loi de finances, exercice 2026, une s\u00e9rie de s\u00e9minaires \u2026 un agenda charg\u00e9 pour les d\u00e9put\u00e9s -\",\"isPartOf\":{\"@id\":\"https:\\\/\\\/macite.tg\\\/#website\"},\"primaryImageOfPage\":{\"@id\":\"https:\\\/\\\/macite.tg\\\/?p=25234#primaryimage\"},\"image\":{\"@id\":\"https:\\\/\\\/macite.tg\\\/?p=25234#primaryimage\"},\"thumbnailUrl\":\"https:\\\/\\\/macite.tg\\\/wp-content\\\/uploads\\\/2025\\\/10\\\/2e-session-25.jpg\",\"datePublished\":\"2025-10-08T10:18:19+00:00\",\"dateModified\":\"2025-10-08T10:18:30+00:00\",\"author\":{\"@id\":\"https:\\\/\\\/macite.tg\\\/#\\\/schema\\\/person\\\/e9f2de7e5dbbe7770a9402c7ce82f5c2\"},\"breadcrumb\":{\"@id\":\"https:\\\/\\\/macite.tg\\\/?p=25234#breadcrumb\"},\"inLanguage\":\"fr-FR\",\"potentialAction\":[{\"@type\":\"ReadAction\",\"target\":[\"https:\\\/\\\/macite.tg\\\/?p=25234\"]}]},{\"@type\":\"ImageObject\",\"inLanguage\":\"fr-FR\",\"@id\":\"https:\\\/\\\/macite.tg\\\/?p=25234#primaryimage\",\"url\":\"https:\\\/\\\/macite.tg\\\/wp-content\\\/uploads\\\/2025\\\/10\\\/2e-session-25.jpg\",\"contentUrl\":\"https:\\\/\\\/macite.tg\\\/wp-content\\\/uploads\\\/2025\\\/10\\\/2e-session-25.jpg\",\"width\":500,\"height\":156},{\"@type\":\"BreadcrumbList\",\"@id\":\"https:\\\/\\\/macite.tg\\\/?p=25234#breadcrumb\",\"itemListElement\":[{\"@type\":\"ListItem\",\"position\":1,\"name\":\"Accueil\",\"item\":\"https:\\\/\\\/macite.tg\\\/\"},{\"@type\":\"ListItem\",\"position\":2,\"name\":\"2EME SESSION ORDINAIRE DE L&rsquo;ANNEE 2025\u00a0: L\u2019examen de la loi de finances, exercice 2026, une s\u00e9rie de s\u00e9minaires \u2026 un agenda charg\u00e9 pour les d\u00e9put\u00e9s\"}]},{\"@type\":\"WebSite\",\"@id\":\"https:\\\/\\\/macite.tg\\\/#website\",\"url\":\"https:\\\/\\\/macite.tg\\\/\",\"name\":\"\",\"description\":\"L&#039;information, la bonne!!!\",\"potentialAction\":[{\"@type\":\"SearchAction\",\"target\":{\"@type\":\"EntryPoint\",\"urlTemplate\":\"https:\\\/\\\/macite.tg\\\/?s={search_term_string}\"},\"query-input\":{\"@type\":\"PropertyValueSpecification\",\"valueRequired\":true,\"valueName\":\"search_term_string\"}}],\"inLanguage\":\"fr-FR\"},{\"@type\":\"Person\",\"@id\":\"https:\\\/\\\/macite.tg\\\/#\\\/schema\\\/person\\\/e9f2de7e5dbbe7770a9402c7ce82f5c2\",\"name\":\"Jean Pierre BAWELA\",\"image\":{\"@type\":\"ImageObject\",\"inLanguage\":\"fr-FR\",\"@id\":\"https:\\\/\\\/macite.tg\\\/wp-content\\\/uploads\\\/2023\\\/09\\\/WhatsApp-Image-2023-09-19-at-14.44.41-122x122.jpeg\",\"url\":\"https:\\\/\\\/macite.tg\\\/wp-content\\\/uploads\\\/2023\\\/09\\\/WhatsApp-Image-2023-09-19-at-14.44.41-122x122.jpeg\",\"contentUrl\":\"https:\\\/\\\/macite.tg\\\/wp-content\\\/uploads\\\/2023\\\/09\\\/WhatsApp-Image-2023-09-19-at-14.44.41-122x122.jpeg\",\"caption\":\"Jean Pierre BAWELA\"},\"url\":\"https:\\\/\\\/macite.tg\\\/?author=2\"}]}<\/script>\n<!-- \/ Yoast SEO plugin. -->","yoast_head_json":{"title":"2EME SESSION ORDINAIRE DE L'ANNEE 2025\u00a0: L\u2019examen de la loi de finances, exercice 2026, une s\u00e9rie de s\u00e9minaires \u2026 un agenda charg\u00e9 pour les d\u00e9put\u00e9s -","robots":{"index":"index","follow":"follow","max-snippet":"max-snippet:-1","max-image-preview":"max-image-preview:large","max-video-preview":"max-video-preview:-1"},"canonical":"https:\/\/macite.tg\/?p=25234","og_locale":"fr_FR","og_type":"article","og_title":"2EME SESSION ORDINAIRE DE L'ANNEE 2025\u00a0: L\u2019examen de la loi de finances, exercice 2026, une s\u00e9rie de s\u00e9minaires \u2026 un agenda charg\u00e9 pour les d\u00e9put\u00e9s -","og_description":"C\u2019est la fin des vacances parlementaires entam\u00e9es depuis fin juin dernier. Le retour \u00e0 l\u2019h\u00e9micycle des \u00e9lus du peuple, pour le compte de la deuxi\u00e8me session ordinaire de l\u2019ann\u00e9e, a \u00e9t\u00e9 marqu\u00e9e, hier mardi 07 octobre, par une c\u00e9r\u00e9monie d\u2019ouverture solennelle, pr\u00e9sid\u00e9e par le Pr\u00e9sident [&hellip;]","og_url":"https:\/\/macite.tg\/?p=25234","article_published_time":"2025-10-08T10:18:19+00:00","article_modified_time":"2025-10-08T10:18:30+00:00","og_image":[{"width":500,"height":156,"url":"https:\/\/macite.tg\/wp-content\/uploads\/2025\/10\/2e-session-25.jpg","type":"image\/jpeg"}],"author":"Jean Pierre BAWELA","twitter_card":"summary_large_image","twitter_misc":{"\u00c9crit par":"Jean Pierre BAWELA","Dur\u00e9e de lecture estim\u00e9e":"6 minutes"},"schema":{"@context":"https:\/\/schema.org","@graph":[{"@type":"Article","@id":"https:\/\/macite.tg\/?p=25234#article","isPartOf":{"@id":"https:\/\/macite.tg\/?p=25234"},"author":{"name":"Jean Pierre BAWELA","@id":"https:\/\/macite.tg\/#\/schema\/person\/e9f2de7e5dbbe7770a9402c7ce82f5c2"},"headline":"2EME SESSION ORDINAIRE DE L&rsquo;ANNEE 2025\u00a0: L\u2019examen de la loi de finances, exercice 2026, une s\u00e9rie de s\u00e9minaires \u2026 un agenda charg\u00e9 pour les d\u00e9put\u00e9s","datePublished":"2025-10-08T10:18:19+00:00","dateModified":"2025-10-08T10:18:30+00:00","mainEntityOfPage":{"@id":"https:\/\/macite.tg\/?p=25234"},"wordCount":1200,"commentCount":0,"image":{"@id":"https:\/\/macite.tg\/?p=25234#primaryimage"},"thumbnailUrl":"https:\/\/macite.tg\/wp-content\/uploads\/2025\/10\/2e-session-25.jpg","articleSection":["ACTUALITE","POLITIQUE"],"inLanguage":"fr-FR","potentialAction":[{"@type":"CommentAction","name":"Comment","target":["https:\/\/macite.tg\/?p=25234#respond"]}]},{"@type":"WebPage","@id":"https:\/\/macite.tg\/?p=25234","url":"https:\/\/macite.tg\/?p=25234","name":"2EME SESSION ORDINAIRE DE L'ANNEE 2025\u00a0: L\u2019examen de la loi de finances, exercice 2026, une s\u00e9rie de s\u00e9minaires \u2026 un agenda charg\u00e9 pour les d\u00e9put\u00e9s -","isPartOf":{"@id":"https:\/\/macite.tg\/#website"},"primaryImageOfPage":{"@id":"https:\/\/macite.tg\/?p=25234#primaryimage"},"image":{"@id":"https:\/\/macite.tg\/?p=25234#primaryimage"},"thumbnailUrl":"https:\/\/macite.tg\/wp-content\/uploads\/2025\/10\/2e-session-25.jpg","datePublished":"2025-10-08T10:18:19+00:00","dateModified":"2025-10-08T10:18:30+00:00","author":{"@id":"https:\/\/macite.tg\/#\/schema\/person\/e9f2de7e5dbbe7770a9402c7ce82f5c2"},"breadcrumb":{"@id":"https:\/\/macite.tg\/?p=25234#breadcrumb"},"inLanguage":"fr-FR","potentialAction":[{"@type":"ReadAction","target":["https:\/\/macite.tg\/?p=25234"]}]},{"@type":"ImageObject","inLanguage":"fr-FR","@id":"https:\/\/macite.tg\/?p=25234#primaryimage","url":"https:\/\/macite.tg\/wp-content\/uploads\/2025\/10\/2e-session-25.jpg","contentUrl":"https:\/\/macite.tg\/wp-content\/uploads\/2025\/10\/2e-session-25.jpg","width":500,"height":156},{"@type":"BreadcrumbList","@id":"https:\/\/macite.tg\/?p=25234#breadcrumb","itemListElement":[{"@type":"ListItem","position":1,"name":"Accueil","item":"https:\/\/macite.tg\/"},{"@type":"ListItem","position":2,"name":"2EME SESSION ORDINAIRE DE L&rsquo;ANNEE 2025\u00a0: L\u2019examen de la loi de finances, exercice 2026, une s\u00e9rie de s\u00e9minaires \u2026 un agenda charg\u00e9 pour les d\u00e9put\u00e9s"}]},{"@type":"WebSite","@id":"https:\/\/macite.tg\/#website","url":"https:\/\/macite.tg\/","name":"","description":"L&#039;information, la bonne!!!","potentialAction":[{"@type":"SearchAction","target":{"@type":"EntryPoint","urlTemplate":"https:\/\/macite.tg\/?s={search_term_string}"},"query-input":{"@type":"PropertyValueSpecification","valueRequired":true,"valueName":"search_term_string"}}],"inLanguage":"fr-FR"},{"@type":"Person","@id":"https:\/\/macite.tg\/#\/schema\/person\/e9f2de7e5dbbe7770a9402c7ce82f5c2","name":"Jean Pierre BAWELA","image":{"@type":"ImageObject","inLanguage":"fr-FR","@id":"https:\/\/macite.tg\/wp-content\/uploads\/2023\/09\/WhatsApp-Image-2023-09-19-at-14.44.41-122x122.jpeg","url":"https:\/\/macite.tg\/wp-content\/uploads\/2023\/09\/WhatsApp-Image-2023-09-19-at-14.44.41-122x122.jpeg","contentUrl":"https:\/\/macite.tg\/wp-content\/uploads\/2023\/09\/WhatsApp-Image-2023-09-19-at-14.44.41-122x122.jpeg","caption":"Jean Pierre BAWELA"},"url":"https:\/\/macite.tg\/?author=2"}]}},"_links":{"self":[{"href":"https:\/\/macite.tg\/index.php?rest_route=\/wp\/v2\/posts\/25234","targetHints":{"allow":["GET"]}}],"collection":[{"href":"https:\/\/macite.tg\/index.php?rest_route=\/wp\/v2\/posts"}],"about":[{"href":"https:\/\/macite.tg\/index.php?rest_route=\/wp\/v2\/types\/post"}],"author":[{"embeddable":true,"href":"https:\/\/macite.tg\/index.php?rest_route=\/wp\/v2\/users\/2"}],"replies":[{"embeddable":true,"href":"https:\/\/macite.tg\/index.php?rest_route=%2Fwp%2Fv2%2Fcomments&post=25234"}],"version-history":[{"count":0,"href":"https:\/\/macite.tg\/index.php?rest_route=\/wp\/v2\/posts\/25234\/revisions"}],"wp:featuredmedia":[{"embeddable":true,"href":"https:\/\/macite.tg\/index.php?rest_route=\/wp\/v2\/media\/25236"}],"wp:attachment":[{"href":"https:\/\/macite.tg\/index.php?rest_route=%2Fwp%2Fv2%2Fmedia&parent=25234"}],"wp:term":[{"taxonomy":"category","embeddable":true,"href":"https:\/\/macite.tg\/index.php?rest_route=%2Fwp%2Fv2%2Fcategories&post=25234"},{"taxonomy":"post_tag","embeddable":true,"href":"https:\/\/macite.tg\/index.php?rest_route=%2Fwp%2Fv2%2Ftags&post=25234"}],"curies":[{"name":"wp","href":"https:\/\/api.w.org\/{rel}","templated":true}]}}