{"id":25222,"date":"2025-10-07T19:41:19","date_gmt":"2025-10-07T19:41:19","guid":{"rendered":"https:\/\/macite.tg\/?p=25222"},"modified":"2025-10-07T19:41:33","modified_gmt":"2025-10-07T19:41:33","slug":"conseil-national-du-credit-le-taux-brut-de-degradation-a-7-a-fin-juin-2025","status":"publish","type":"post","link":"https:\/\/macite.tg\/?p=25222","title":{"rendered":"CONSEIL NATIONAL DU CREDIT : Le taux brut de d\u00e9gradation \u00e0 7% \u00e0 fin juin 2025"},"content":{"rendered":"\n<p class=\"wp-block-paragraph\"><strong><em>Les informations disponibles au minist\u00e8re de l&rsquo;\u00e9conomie et des finances indiquent que sur les sept (7) premiers mois de l&rsquo;ann\u00e9e, l&rsquo;activit\u00e9 dans le secteur tertiaire est rest\u00e9e vigoureuse, avec un indice du chiffre d&rsquo;affaires dans les services marchands qui est ressorti en moyenne \u00e0 137, contre 127 un an auparavant, soit une progression de 8%. En outre, le dynamisme observ\u00e9 dans l&rsquo;activit\u00e9 commerciale est aussi maintenu, car l&rsquo;indice du chiffre d&rsquo;affaires dans le commerce a cr\u00fb de 3% pour atteindre 110, au cours de la m\u00eame p\u00e9riode.<\/em><\/strong><\/p>\n\n\n\n<p class=\"wp-block-paragraph\">Une \u00e9volution positive est not\u00e9e au niveau de l&rsquo;assainissement du portefeuille de cr\u00e9dit des banques, avec un taux brut de d\u00e9gradation qui est pass\u00e9 de 7,6% au 30 juin 2024 \u00e0 7% \u00e0 fin juin 2025. <em>\u00ab&nbsp;Je me r\u00e9jouis particuli\u00e8rement du repli des taux pratiqu\u00e9s aux micros et aux moyennes entreprises, qui ont enregistr\u00e9 des baisses respectives de 60 et 20 points de base, en glissement annuel.<\/em><\/p>\n\n\n\n<p class=\"wp-block-paragraph\"><em>Pour m\u00e9moire, ces taux s&rsquo;\u00e9tablissent \u00e0 8,5% pour les micros entreprises et \u00e0 8,0% pour les entreprises de taille moyenne&nbsp;\u00bb<\/em>, a dit Essow\u00e8 Barcola. La baisse du co\u00fbt du cr\u00e9dit, avec un taux d&rsquo;int\u00e9r\u00eat d\u00e9biteur moyen ressorti \u00e0 7,5% est constat\u00e9e au deuxi\u00e8me trimestre 2025, contre 8% \u00e0 la m\u00eame p\u00e9riode de 2024.<\/p>\n\n\n<div class=\"wp-block-image\">\n<figure class=\"aligncenter size-full\"><img loading=\"lazy\" decoding=\"async\" width=\"500\" height=\"500\" src=\"https:\/\/macite.tg\/wp-content\/uploads\/2025\/09\/LAISSEZ6PASSER-EN-UN-CLIC.jpg\" alt=\"\" class=\"wp-image-25044\" srcset=\"https:\/\/macite.tg\/wp-content\/uploads\/2025\/09\/LAISSEZ6PASSER-EN-UN-CLIC.jpg 500w, https:\/\/macite.tg\/wp-content\/uploads\/2025\/09\/LAISSEZ6PASSER-EN-UN-CLIC-300x300.jpg 300w, https:\/\/macite.tg\/wp-content\/uploads\/2025\/09\/LAISSEZ6PASSER-EN-UN-CLIC-150x150.jpg 150w, https:\/\/macite.tg\/wp-content\/uploads\/2025\/09\/LAISSEZ6PASSER-EN-UN-CLIC-122x122.jpg 122w\" sizes=\"auto, (max-width: 500px) 100vw, 500px\" \/><\/figure>\n<\/div>\n\n\n<p class=\"wp-block-paragraph\">Malgr\u00e9 les risques qui p\u00e8sent sur la conjoncture \u00e9conomique mondiale, l&rsquo;\u00e9conomie nationale demeure r\u00e9siliente gr\u00e2ce aux mesures de politiques \u00e9conomiques prises par le Gouvernement. Selon le Ministre de l&rsquo;\u00c9conomie et des Finances, Monsieur Essow\u00e8 Georges Barcola, les indicateurs \u00e9conomiques sont encourageants : le taux de croissance \u00e9conomique est attendu autour de 6,3% en 2025 ; le secteur financier a maintenu son dynamisme, avec une progression de 22% du volume des nouvelles mises en place de cr\u00e9dit bancaires, la dette publique reste ma\u00eetris\u00e9e \u00e0 65% du Produit Int\u00e9rieur Brut (PIB) \u00e0 fin juin 2025, contre 69% du PIB \u00e0 fin d\u00e9cembre 2024.<\/p>\n\n\n\n<p class=\"wp-block-paragraph\"><em>\u00ab&nbsp;La production industrielle s&rsquo;inscrit dans une tendance haussi\u00e8re, avec un indice qui a augment\u00e9 de 8% \u00e0 89 sur la m\u00eame p\u00e9riode. Cette \u00e9volution encourageante de la conjoncture \u00e9conomique s&rsquo;accompagne de la d\u00e9c\u00e9l\u00e9ration du niveau g\u00e9n\u00e9ral des prix et de la ma\u00eetrise du taux d&rsquo;endettement public. En effet, le taux moyen d&rsquo;inflation est ressorti \u00e0 1,2% \u00e0 fin juin 2025, contre 3,2% un an plus t\u00f4t&nbsp;\u00bb,<\/em> a-t-il indiqu\u00e9.<\/p>\n\n\n\n<p class=\"wp-block-paragraph\">Sur le volet du financement de l&rsquo;\u00e9conomie et la situation du secteur financier, quelques \u00e9volutions encourageantes \u00e0 noter. Sur les six premiers mois de l&rsquo;ann\u00e9e 2025, le volume des nouvelles mises en place de cr\u00e9dit bancaires a progress\u00e9 de 22% en un an pour s&rsquo;\u00e9tablir \u00e0 543 milliards. Au niveau des institutions de microfinance, sur la m\u00eame p\u00e9riode, les nouveaux concours en faveur des agents \u00e9conomiques se sont \u00e9lev\u00e9s \u00e0 141 milliards, contre 142 milliards un an plus t\u00f4t.<\/p>\n\n\n\n<p class=\"wp-block-paragraph\">L&rsquo;am\u00e9lioration de la qualit\u00e9 des produits et services \u00e0 la client\u00e8le ; la prise en charge diligente des r\u00e9clamations des clients ; l&rsquo;inversion de la d\u00e9gradation continue des portefeuilles de cr\u00e9dit des institutions de microfinance demeurent des d\u00e9fis.<\/p>\n\n\n<div class=\"wp-block-image\">\n<figure class=\"aligncenter size-full is-resized\"><img loading=\"lazy\" decoding=\"async\" width=\"720\" height=\"725\" src=\"https:\/\/macite.tg\/wp-content\/uploads\/2025\/10\/Gest-exo_PUB.jpg\" alt=\"\" class=\"wp-image-25124\" style=\"width:544px;height:auto\" srcset=\"https:\/\/macite.tg\/wp-content\/uploads\/2025\/10\/Gest-exo_PUB.jpg 720w, https:\/\/macite.tg\/wp-content\/uploads\/2025\/10\/Gest-exo_PUB-298x300.jpg 298w, https:\/\/macite.tg\/wp-content\/uploads\/2025\/10\/Gest-exo_PUB-150x150.jpg 150w, https:\/\/macite.tg\/wp-content\/uploads\/2025\/10\/Gest-exo_PUB-122x122.jpg 122w\" sizes=\"auto, (max-width: 720px) 100vw, 720px\" \/><\/figure>\n<\/div>\n\n\n<p class=\"wp-block-paragraph\"><em>\u00ab&nbsp;S&rsquo;agissant particuli\u00e8rement des institutions de microfinance, j&rsquo;invite les premiers responsables \u00e0 prendre des mesures appropri\u00e9es pour inverser la d\u00e9gradation continue de leurs portefeuilles de cr\u00e9dit, afin d&rsquo;assurer une solidit\u00e9 du secteur de la microfinance qui b\u00e9n\u00e9ficie surtout aux couches les plus vuln\u00e9rables&nbsp;\u00bb,<\/em> conseille le ministre de l&rsquo;\u00e9conomie et des finances.<\/p>\n\n\n\n<p class=\"wp-block-paragraph\"><strong>La R\u00e9daction (In LE MEDIUM n\u00b0673 du 07 au 13 Octobre 2025)<\/strong><\/p>\n\n\n\n<p class=\"wp-block-paragraph\"><strong><em>@macite.tg&nbsp;&nbsp;&nbsp;&nbsp;&nbsp;&nbsp;&nbsp;&nbsp;<\/em><\/strong><\/p>\n\n\n\n<p class=\"wp-block-paragraph\"><strong><em>E-mail&nbsp;: <\/em><\/strong><a href=\"mailto:maciteinfo@gmail.com\"><strong><em>maciteinfo@gmail.com<\/em><\/strong><\/a><strong><em>; <\/em><\/strong><a href=\"mailto:bawela1@gmail.com\"><strong><em>bawela1@gmail.com<\/em><\/strong><\/a><strong><em><\/em><\/strong><\/p>\n\n\n\n<p class=\"wp-block-paragraph\"><strong><em>Pour vos annonces, (publi)reportages, etc., joignez-nous au (00228)91515309\/<strong>79872224 <\/strong><strong><\/strong><\/em><\/strong><\/p>\n\n\n\n<p class=\"wp-block-paragraph\"><strong><em>www.macite.tg, L\u2019information, la bonne&nbsp;!<\/em><\/strong><\/p>\n\n\n\n<p class=\"wp-block-paragraph\"><\/p>\n","protected":false},"excerpt":{"rendered":"<p class=\"text-justify mb-2\" >Les informations disponibles au minist\u00e8re de l&rsquo;\u00e9conomie et des finances indiquent que sur les sept (7) premiers mois de l&rsquo;ann\u00e9e, l&rsquo;activit\u00e9 dans le secteur tertiaire est rest\u00e9e vigoureuse, avec un indice du chiffre d&rsquo;affaires dans les services marchands qui est ressorti en moyenne \u00e0 137, [&hellip;]<\/p>\n","protected":false},"author":2,"featured_media":25223,"comment_status":"open","ping_status":"open","sticky":false,"template":"","format":"standard","meta":{"footnotes":""},"categories":[20,3],"tags":[],"class_list":["post-25222","post","type-post","status-publish","format-standard","has-post-thumbnail","hentry","category-actualite","category-economie"],"yoast_head":"<!-- This site is optimized with the Yoast SEO plugin v28.4 - https:\/\/yoast.com\/product\/yoast-seo-wordpress\/ -->\n<title>CONSEIL NATIONAL DU CREDIT : Le taux brut de d\u00e9gradation \u00e0 7% \u00e0 fin juin 2025 -<\/title>\n<meta name=\"robots\" content=\"index, follow, max-snippet:-1, max-image-preview:large, max-video-preview:-1\" \/>\n<link rel=\"canonical\" href=\"https:\/\/macite.tg\/?p=25222\" \/>\n<meta property=\"og:locale\" content=\"fr_FR\" \/>\n<meta property=\"og:type\" content=\"article\" \/>\n<meta property=\"og:title\" content=\"CONSEIL NATIONAL DU CREDIT : Le taux brut de d\u00e9gradation \u00e0 7% \u00e0 fin juin 2025 -\" \/>\n<meta property=\"og:description\" content=\"Les informations disponibles au minist\u00e8re de l&rsquo;\u00e9conomie et des finances indiquent que sur les sept (7) premiers mois de l&rsquo;ann\u00e9e, l&rsquo;activit\u00e9 dans le secteur tertiaire est rest\u00e9e vigoureuse, avec un indice du chiffre d&rsquo;affaires dans les services marchands qui est ressorti en moyenne \u00e0 137, [&hellip;]\" \/>\n<meta property=\"og:url\" content=\"https:\/\/macite.tg\/?p=25222\" \/>\n<meta property=\"article:published_time\" content=\"2025-10-07T19:41:19+00:00\" \/>\n<meta property=\"article:modified_time\" content=\"2025-10-07T19:41:33+00:00\" \/>\n<meta property=\"og:image\" content=\"https:\/\/macite.tg\/wp-content\/uploads\/2025\/10\/Ministre-Barcola.jpg\" \/>\n\t<meta property=\"og:image:width\" content=\"500\" \/>\n\t<meta property=\"og:image:height\" content=\"452\" \/>\n\t<meta property=\"og:image:type\" content=\"image\/jpeg\" \/>\n<meta name=\"author\" content=\"Jean Pierre BAWELA\" \/>\n<meta name=\"twitter:card\" content=\"summary_large_image\" \/>\n<meta name=\"twitter:label1\" content=\"\u00c9crit par\" \/>\n\t<meta name=\"twitter:data1\" content=\"Jean Pierre BAWELA\" \/>\n\t<meta name=\"twitter:label2\" content=\"Dur\u00e9e de lecture estim\u00e9e\" \/>\n\t<meta name=\"twitter:data2\" content=\"4 minutes\" \/>\n<script type=\"application\/ld+json\" class=\"yoast-schema-graph\">{\"@context\":\"https:\\\/\\\/schema.org\",\"@graph\":[{\"@type\":\"Article\",\"@id\":\"https:\\\/\\\/macite.tg\\\/?p=25222#article\",\"isPartOf\":{\"@id\":\"https:\\\/\\\/macite.tg\\\/?p=25222\"},\"author\":{\"name\":\"Jean Pierre BAWELA\",\"@id\":\"https:\\\/\\\/macite.tg\\\/#\\\/schema\\\/person\\\/e9f2de7e5dbbe7770a9402c7ce82f5c2\"},\"headline\":\"CONSEIL NATIONAL DU CREDIT : Le taux brut de d\u00e9gradation \u00e0 7% \u00e0 fin juin 2025\",\"datePublished\":\"2025-10-07T19:41:19+00:00\",\"dateModified\":\"2025-10-07T19:41:33+00:00\",\"mainEntityOfPage\":{\"@id\":\"https:\\\/\\\/macite.tg\\\/?p=25222\"},\"wordCount\":630,\"commentCount\":0,\"image\":{\"@id\":\"https:\\\/\\\/macite.tg\\\/?p=25222#primaryimage\"},\"thumbnailUrl\":\"https:\\\/\\\/macite.tg\\\/wp-content\\\/uploads\\\/2025\\\/10\\\/Ministre-Barcola.jpg\",\"articleSection\":[\"ACTUALITE\",\"ECONOMIE\"],\"inLanguage\":\"fr-FR\",\"potentialAction\":[{\"@type\":\"CommentAction\",\"name\":\"Comment\",\"target\":[\"https:\\\/\\\/macite.tg\\\/?p=25222#respond\"]}]},{\"@type\":\"WebPage\",\"@id\":\"https:\\\/\\\/macite.tg\\\/?p=25222\",\"url\":\"https:\\\/\\\/macite.tg\\\/?p=25222\",\"name\":\"CONSEIL NATIONAL DU CREDIT : Le taux brut de d\u00e9gradation \u00e0 7% \u00e0 fin juin 2025 -\",\"isPartOf\":{\"@id\":\"https:\\\/\\\/macite.tg\\\/#website\"},\"primaryImageOfPage\":{\"@id\":\"https:\\\/\\\/macite.tg\\\/?p=25222#primaryimage\"},\"image\":{\"@id\":\"https:\\\/\\\/macite.tg\\\/?p=25222#primaryimage\"},\"thumbnailUrl\":\"https:\\\/\\\/macite.tg\\\/wp-content\\\/uploads\\\/2025\\\/10\\\/Ministre-Barcola.jpg\",\"datePublished\":\"2025-10-07T19:41:19+00:00\",\"dateModified\":\"2025-10-07T19:41:33+00:00\",\"author\":{\"@id\":\"https:\\\/\\\/macite.tg\\\/#\\\/schema\\\/person\\\/e9f2de7e5dbbe7770a9402c7ce82f5c2\"},\"breadcrumb\":{\"@id\":\"https:\\\/\\\/macite.tg\\\/?p=25222#breadcrumb\"},\"inLanguage\":\"fr-FR\",\"potentialAction\":[{\"@type\":\"ReadAction\",\"target\":[\"https:\\\/\\\/macite.tg\\\/?p=25222\"]}]},{\"@type\":\"ImageObject\",\"inLanguage\":\"fr-FR\",\"@id\":\"https:\\\/\\\/macite.tg\\\/?p=25222#primaryimage\",\"url\":\"https:\\\/\\\/macite.tg\\\/wp-content\\\/uploads\\\/2025\\\/10\\\/Ministre-Barcola.jpg\",\"contentUrl\":\"https:\\\/\\\/macite.tg\\\/wp-content\\\/uploads\\\/2025\\\/10\\\/Ministre-Barcola.jpg\",\"width\":500,\"height\":452,\"caption\":\"M.Georges Essow\u00e8 Barcola, ministre de l'Economie et des finances\"},{\"@type\":\"BreadcrumbList\",\"@id\":\"https:\\\/\\\/macite.tg\\\/?p=25222#breadcrumb\",\"itemListElement\":[{\"@type\":\"ListItem\",\"position\":1,\"name\":\"Accueil\",\"item\":\"https:\\\/\\\/macite.tg\\\/\"},{\"@type\":\"ListItem\",\"position\":2,\"name\":\"CONSEIL NATIONAL DU CREDIT : Le taux brut de d\u00e9gradation \u00e0 7% \u00e0 fin juin 2025\"}]},{\"@type\":\"WebSite\",\"@id\":\"https:\\\/\\\/macite.tg\\\/#website\",\"url\":\"https:\\\/\\\/macite.tg\\\/\",\"name\":\"\",\"description\":\"L&#039;information, la bonne!!!\",\"potentialAction\":[{\"@type\":\"SearchAction\",\"target\":{\"@type\":\"EntryPoint\",\"urlTemplate\":\"https:\\\/\\\/macite.tg\\\/?s={search_term_string}\"},\"query-input\":{\"@type\":\"PropertyValueSpecification\",\"valueRequired\":true,\"valueName\":\"search_term_string\"}}],\"inLanguage\":\"fr-FR\"},{\"@type\":\"Person\",\"@id\":\"https:\\\/\\\/macite.tg\\\/#\\\/schema\\\/person\\\/e9f2de7e5dbbe7770a9402c7ce82f5c2\",\"name\":\"Jean Pierre BAWELA\",\"image\":{\"@type\":\"ImageObject\",\"inLanguage\":\"fr-FR\",\"@id\":\"https:\\\/\\\/macite.tg\\\/wp-content\\\/uploads\\\/2023\\\/09\\\/WhatsApp-Image-2023-09-19-at-14.44.41-122x122.jpeg\",\"url\":\"https:\\\/\\\/macite.tg\\\/wp-content\\\/uploads\\\/2023\\\/09\\\/WhatsApp-Image-2023-09-19-at-14.44.41-122x122.jpeg\",\"contentUrl\":\"https:\\\/\\\/macite.tg\\\/wp-content\\\/uploads\\\/2023\\\/09\\\/WhatsApp-Image-2023-09-19-at-14.44.41-122x122.jpeg\",\"caption\":\"Jean Pierre BAWELA\"},\"url\":\"https:\\\/\\\/macite.tg\\\/?author=2\"}]}<\/script>\n<!-- \/ Yoast SEO plugin. -->","yoast_head_json":{"title":"CONSEIL NATIONAL DU CREDIT : Le taux brut de d\u00e9gradation \u00e0 7% \u00e0 fin juin 2025 -","robots":{"index":"index","follow":"follow","max-snippet":"max-snippet:-1","max-image-preview":"max-image-preview:large","max-video-preview":"max-video-preview:-1"},"canonical":"https:\/\/macite.tg\/?p=25222","og_locale":"fr_FR","og_type":"article","og_title":"CONSEIL NATIONAL DU CREDIT : Le taux brut de d\u00e9gradation \u00e0 7% \u00e0 fin juin 2025 -","og_description":"Les informations disponibles au minist\u00e8re de l&rsquo;\u00e9conomie et des finances indiquent que sur les sept (7) premiers mois de l&rsquo;ann\u00e9e, l&rsquo;activit\u00e9 dans le secteur tertiaire est rest\u00e9e vigoureuse, avec un indice du chiffre d&rsquo;affaires dans les services marchands qui est ressorti en moyenne \u00e0 137, [&hellip;]","og_url":"https:\/\/macite.tg\/?p=25222","article_published_time":"2025-10-07T19:41:19+00:00","article_modified_time":"2025-10-07T19:41:33+00:00","og_image":[{"width":500,"height":452,"url":"https:\/\/macite.tg\/wp-content\/uploads\/2025\/10\/Ministre-Barcola.jpg","type":"image\/jpeg"}],"author":"Jean Pierre BAWELA","twitter_card":"summary_large_image","twitter_misc":{"\u00c9crit par":"Jean Pierre BAWELA","Dur\u00e9e de lecture estim\u00e9e":"4 minutes"},"schema":{"@context":"https:\/\/schema.org","@graph":[{"@type":"Article","@id":"https:\/\/macite.tg\/?p=25222#article","isPartOf":{"@id":"https:\/\/macite.tg\/?p=25222"},"author":{"name":"Jean Pierre BAWELA","@id":"https:\/\/macite.tg\/#\/schema\/person\/e9f2de7e5dbbe7770a9402c7ce82f5c2"},"headline":"CONSEIL NATIONAL DU CREDIT : Le taux brut de d\u00e9gradation \u00e0 7% \u00e0 fin juin 2025","datePublished":"2025-10-07T19:41:19+00:00","dateModified":"2025-10-07T19:41:33+00:00","mainEntityOfPage":{"@id":"https:\/\/macite.tg\/?p=25222"},"wordCount":630,"commentCount":0,"image":{"@id":"https:\/\/macite.tg\/?p=25222#primaryimage"},"thumbnailUrl":"https:\/\/macite.tg\/wp-content\/uploads\/2025\/10\/Ministre-Barcola.jpg","articleSection":["ACTUALITE","ECONOMIE"],"inLanguage":"fr-FR","potentialAction":[{"@type":"CommentAction","name":"Comment","target":["https:\/\/macite.tg\/?p=25222#respond"]}]},{"@type":"WebPage","@id":"https:\/\/macite.tg\/?p=25222","url":"https:\/\/macite.tg\/?p=25222","name":"CONSEIL NATIONAL DU CREDIT : Le taux brut de d\u00e9gradation \u00e0 7% \u00e0 fin juin 2025 -","isPartOf":{"@id":"https:\/\/macite.tg\/#website"},"primaryImageOfPage":{"@id":"https:\/\/macite.tg\/?p=25222#primaryimage"},"image":{"@id":"https:\/\/macite.tg\/?p=25222#primaryimage"},"thumbnailUrl":"https:\/\/macite.tg\/wp-content\/uploads\/2025\/10\/Ministre-Barcola.jpg","datePublished":"2025-10-07T19:41:19+00:00","dateModified":"2025-10-07T19:41:33+00:00","author":{"@id":"https:\/\/macite.tg\/#\/schema\/person\/e9f2de7e5dbbe7770a9402c7ce82f5c2"},"breadcrumb":{"@id":"https:\/\/macite.tg\/?p=25222#breadcrumb"},"inLanguage":"fr-FR","potentialAction":[{"@type":"ReadAction","target":["https:\/\/macite.tg\/?p=25222"]}]},{"@type":"ImageObject","inLanguage":"fr-FR","@id":"https:\/\/macite.tg\/?p=25222#primaryimage","url":"https:\/\/macite.tg\/wp-content\/uploads\/2025\/10\/Ministre-Barcola.jpg","contentUrl":"https:\/\/macite.tg\/wp-content\/uploads\/2025\/10\/Ministre-Barcola.jpg","width":500,"height":452,"caption":"M.Georges Essow\u00e8 Barcola, ministre de l'Economie et des finances"},{"@type":"BreadcrumbList","@id":"https:\/\/macite.tg\/?p=25222#breadcrumb","itemListElement":[{"@type":"ListItem","position":1,"name":"Accueil","item":"https:\/\/macite.tg\/"},{"@type":"ListItem","position":2,"name":"CONSEIL NATIONAL DU CREDIT : Le taux brut de d\u00e9gradation \u00e0 7% \u00e0 fin juin 2025"}]},{"@type":"WebSite","@id":"https:\/\/macite.tg\/#website","url":"https:\/\/macite.tg\/","name":"","description":"L&#039;information, la bonne!!!","potentialAction":[{"@type":"SearchAction","target":{"@type":"EntryPoint","urlTemplate":"https:\/\/macite.tg\/?s={search_term_string}"},"query-input":{"@type":"PropertyValueSpecification","valueRequired":true,"valueName":"search_term_string"}}],"inLanguage":"fr-FR"},{"@type":"Person","@id":"https:\/\/macite.tg\/#\/schema\/person\/e9f2de7e5dbbe7770a9402c7ce82f5c2","name":"Jean Pierre BAWELA","image":{"@type":"ImageObject","inLanguage":"fr-FR","@id":"https:\/\/macite.tg\/wp-content\/uploads\/2023\/09\/WhatsApp-Image-2023-09-19-at-14.44.41-122x122.jpeg","url":"https:\/\/macite.tg\/wp-content\/uploads\/2023\/09\/WhatsApp-Image-2023-09-19-at-14.44.41-122x122.jpeg","contentUrl":"https:\/\/macite.tg\/wp-content\/uploads\/2023\/09\/WhatsApp-Image-2023-09-19-at-14.44.41-122x122.jpeg","caption":"Jean Pierre BAWELA"},"url":"https:\/\/macite.tg\/?author=2"}]}},"_links":{"self":[{"href":"https:\/\/macite.tg\/index.php?rest_route=\/wp\/v2\/posts\/25222","targetHints":{"allow":["GET"]}}],"collection":[{"href":"https:\/\/macite.tg\/index.php?rest_route=\/wp\/v2\/posts"}],"about":[{"href":"https:\/\/macite.tg\/index.php?rest_route=\/wp\/v2\/types\/post"}],"author":[{"embeddable":true,"href":"https:\/\/macite.tg\/index.php?rest_route=\/wp\/v2\/users\/2"}],"replies":[{"embeddable":true,"href":"https:\/\/macite.tg\/index.php?rest_route=%2Fwp%2Fv2%2Fcomments&post=25222"}],"version-history":[{"count":0,"href":"https:\/\/macite.tg\/index.php?rest_route=\/wp\/v2\/posts\/25222\/revisions"}],"wp:featuredmedia":[{"embeddable":true,"href":"https:\/\/macite.tg\/index.php?rest_route=\/wp\/v2\/media\/25223"}],"wp:attachment":[{"href":"https:\/\/macite.tg\/index.php?rest_route=%2Fwp%2Fv2%2Fmedia&parent=25222"}],"wp:term":[{"taxonomy":"category","embeddable":true,"href":"https:\/\/macite.tg\/index.php?rest_route=%2Fwp%2Fv2%2Fcategories&post=25222"},{"taxonomy":"post_tag","embeddable":true,"href":"https:\/\/macite.tg\/index.php?rest_route=%2Fwp%2Fv2%2Ftags&post=25222"}],"curies":[{"name":"wp","href":"https:\/\/api.w.org\/{rel}","templated":true}]}}