{"id":25215,"date":"2025-10-07T15:11:40","date_gmt":"2025-10-07T15:11:40","guid":{"rendered":"https:\/\/macite.tg\/?p=25215"},"modified":"2025-10-07T15:15:42","modified_gmt":"2025-10-07T15:15:42","slug":"uemoa-le-burkinabe-aboubacar-nacanabo-a-la-presidence-du-conseil-des-ministres","status":"publish","type":"post","link":"https:\/\/macite.tg\/?p=25215","title":{"rendered":"UEMOA\u00a0: Le Burkinab\u00e8 Aboubacar Nacanabo \u00e0 la pr\u00e9sidence du Conseil des ministres"},"content":{"rendered":"\n<p class=\"wp-block-paragraph\"><strong><em>Le Burkina Faso vient d\u2019enregistrer une nouvelle reconnaissance sur la sc\u00e8ne \u00e9conomique r\u00e9gionale. Le ministre burkinab\u00e8 de l\u2019\u00e9conomie, des Finances et de la Prospective, Aboubacar Nacanabo a \u00e9t\u00e9 d\u00e9sign\u00e9 le lundi 06 octobre, pr\u00e9sident du Conseil des ministres de l\u2019Union \u00e9conomique et mon\u00e9taire Ouest-africaine (UEMOA).<\/em><\/strong><\/p>\n\n\n\n<p class=\"wp-block-paragraph\">Cette nomination marque une \u00e9tape importante pour le pays, qui voit ainsi l\u2019expertise et la rigueur de l\u2019un de ses cadres port\u00e9es \u00e0 la t\u00eate d\u2019une instance strat\u00e9gique pour l\u2019avenir \u00e9conomique de la sous-r\u00e9gion.<\/p>\n\n\n\n<p class=\"wp-block-paragraph\"><strong>Une reconnaissance m\u00e9rit\u00e9e pour un pays en pleine mutation<\/strong><\/p>\n\n\n\n<p class=\"wp-block-paragraph\">En acc\u00e9dant \u00e0 cette fonction prestigieuse, le Burkina Faso r\u00e9colte les fruits de sa constance dans la gestion \u00e9conomique et budg\u00e9taire, malgr\u00e9 un contexte national et r\u00e9gional exigeant. Sous la houlette d\u2019Aboubacar Nacanabo, le pays a entrepris des r\u00e9formes majeures en mati\u00e8re de mobilisation des ressources internes, de rationalisation des d\u00e9penses publiques et de relance des investissements structurants.<\/p>\n\n\n<div class=\"wp-block-image\">\n<figure class=\"aligncenter size-large is-resized\"><img loading=\"lazy\" decoding=\"async\" width=\"721\" height=\"1024\" src=\"https:\/\/macite.tg\/wp-content\/uploads\/2025\/10\/9666a2c7-d86a-41de-876e-8ee6850f98d4-721x1024.jpg\" alt=\"\" class=\"wp-image-25115\" style=\"width:501px;height:auto\" srcset=\"https:\/\/macite.tg\/wp-content\/uploads\/2025\/10\/9666a2c7-d86a-41de-876e-8ee6850f98d4-721x1024.jpg 721w, https:\/\/macite.tg\/wp-content\/uploads\/2025\/10\/9666a2c7-d86a-41de-876e-8ee6850f98d4-211x300.jpg 211w, https:\/\/macite.tg\/wp-content\/uploads\/2025\/10\/9666a2c7-d86a-41de-876e-8ee6850f98d4-768x1091.jpg 768w, https:\/\/macite.tg\/wp-content\/uploads\/2025\/10\/9666a2c7-d86a-41de-876e-8ee6850f98d4-1081x1536.jpg 1081w, https:\/\/macite.tg\/wp-content\/uploads\/2025\/10\/9666a2c7-d86a-41de-876e-8ee6850f98d4.jpg 1126w\" sizes=\"auto, (max-width: 721px) 100vw, 721px\" \/><\/figure>\n<\/div>\n\n\n<p class=\"wp-block-paragraph\">Le choix de l\u2019UEMOA ne doit donc rien au hasard&nbsp;: il consacre la cr\u00e9dibilit\u00e9 acquise par le Burkina Faso au sein des instances r\u00e9gionales, ainsi que la comp\u00e9tence technique et politique de son ministre.<\/p>\n\n\n\n<p class=\"wp-block-paragraph\"><strong>Un poste strat\u00e9gique aux d\u00e9fis consid\u00e9rables<\/strong><\/p>\n\n\n\n<p class=\"wp-block-paragraph\">Cette pr\u00e9sidence intervient dans un contexte o\u00f9 l\u2019espace UEMAO fait face \u00e0 des tensions \u00e9conomiques multiples&nbsp;: pressions inflationnistes, enjeux de convergence macro\u00e9conomique post-crise s\u00e9curitaire, restructuration des \u00e9changes intra-communautaires et d\u00e9bats strat\u00e9giques autour de la souverainet\u00e9 mon\u00e9taire.<\/p>\n\n\n\n<p class=\"wp-block-paragraph\">Pour le Burkina Faso, cette responsabilit\u00e9 est \u00e0 la fois un honneur et un d\u00e9fi de taille. Elle implique de d\u00e9fendre une vision lucide et ambitieuse de l\u2019int\u00e9gration \u00e9conomique, tout en pesant activement dans les choix collectifs qui d\u00e9termineront la trajectoire de l\u2019Union dans les prochaines ann\u00e9es.<\/p>\n\n\n\n<p class=\"wp-block-paragraph\">Le pays devra faire entendre une voix ferme, \u00e9quilibr\u00e9e mais r\u00e9solument tourn\u00e9e vers la consolidation de la stabilit\u00e9 et le d\u00e9veloppement endog\u00e8ne de la r\u00e9gion.<\/p>\n\n\n<div class=\"wp-block-image\">\n<figure class=\"aligncenter size-full\"><img loading=\"lazy\" decoding=\"async\" width=\"500\" height=\"500\" src=\"https:\/\/macite.tg\/wp-content\/uploads\/2025\/09\/LAISSEZ6PASSER-EN-UN-CLIC.jpg\" alt=\"\" class=\"wp-image-25044\" srcset=\"https:\/\/macite.tg\/wp-content\/uploads\/2025\/09\/LAISSEZ6PASSER-EN-UN-CLIC.jpg 500w, https:\/\/macite.tg\/wp-content\/uploads\/2025\/09\/LAISSEZ6PASSER-EN-UN-CLIC-300x300.jpg 300w, https:\/\/macite.tg\/wp-content\/uploads\/2025\/09\/LAISSEZ6PASSER-EN-UN-CLIC-150x150.jpg 150w, https:\/\/macite.tg\/wp-content\/uploads\/2025\/09\/LAISSEZ6PASSER-EN-UN-CLIC-122x122.jpg 122w\" sizes=\"auto, (max-width: 500px) 100vw, 500px\" \/><\/figure>\n<\/div>\n\n\n<p class=\"wp-block-paragraph\"><strong>Porter une vision burkinab\u00e8 au service de l\u2019Union<\/strong><\/p>\n\n\n\n<p class=\"wp-block-paragraph\">A travers cette pr\u00e9sidence, le Burkina Faso a l\u2019opportunit\u00e9 d\u2019affirmer une diplomatie \u00e9conomique de responsabilit\u00e9, fond\u00e9e sur la rigueur, la solidarit\u00e9 r\u00e9gionale et la recherche d\u2019un d\u00e9veloppement inclusif. Aboubacar Nacanabo devra conjuguer technicit\u00e9 et leadership politique pour impulser une dynamique concert\u00e9e capable de r\u00e9pondre aux aspirations profondes des peuples de l\u2019UEMOA.<\/p>\n\n\n\n<p class=\"wp-block-paragraph\">En somme, cette d\u00e9signation n\u2019est pas seulement une distinction honorifique&nbsp;; c\u2019est un mandat exigeant, une tribune pour porter une vision ambitieuse au c\u0153ur des d\u00e9bats \u00e9conomiques ouest-africains. Le Burkina Faso est d\u00e9sormais attendu au tournant.<\/p>\n\n\n\n<p class=\"wp-block-paragraph\"><strong>La R\u00e9daction<\/strong><\/p>\n\n\n\n<p class=\"wp-block-paragraph\"><a><strong><em>@macite.tg&nbsp;&nbsp;&nbsp;&nbsp;&nbsp;&nbsp;&nbsp;&nbsp;<\/em><\/strong><\/a><\/p>\n\n\n\n<p class=\"wp-block-paragraph\"><strong><em>E-mail&nbsp;: <\/em><\/strong><a href=\"mailto:maciteinfo@gmail.com\"><strong><em>maciteinfo@gmail.com<\/em><\/strong><\/a><strong><em>; <\/em><\/strong><a href=\"mailto:bawela1@gmail.com\"><strong><em>bawela1@gmail.com<\/em><\/strong><\/a><strong><em><\/em><\/strong><\/p>\n\n\n\n<p class=\"wp-block-paragraph\"><strong><em>Pour vos annonces, (publi)reportages, etc., joignez-nous au (00228)91515309\/<strong>79872224 <\/strong><strong><\/strong><\/em><\/strong><\/p>\n\n\n\n<p class=\"wp-block-paragraph\"><strong><em>www.macite.tg, L\u2019information, la bonne&nbsp;!<\/em><\/strong><\/p>\n\n\n\n<p class=\"wp-block-paragraph\"><\/p>\n","protected":false},"excerpt":{"rendered":"<p class=\"text-justify mb-2\" >Le Burkina Faso vient d\u2019enregistrer une nouvelle reconnaissance sur la sc\u00e8ne \u00e9conomique r\u00e9gionale. Le ministre burkinab\u00e8 de l\u2019\u00e9conomie, des Finances et de la Prospective, Aboubacar Nacanabo a \u00e9t\u00e9 d\u00e9sign\u00e9 le lundi 06 octobre, pr\u00e9sident du Conseil des ministres de l\u2019Union \u00e9conomique et mon\u00e9taire Ouest-africaine (UEMOA). [&hellip;]<\/p>\n","protected":false},"author":2,"featured_media":25216,"comment_status":"open","ping_status":"open","sticky":false,"template":"","format":"standard","meta":{"footnotes":""},"categories":[20,3],"tags":[],"class_list":["post-25215","post","type-post","status-publish","format-standard","has-post-thumbnail","hentry","category-actualite","category-economie"],"yoast_head":"<!-- This site is optimized with the Yoast SEO plugin v28.4 - https:\/\/yoast.com\/product\/yoast-seo-wordpress\/ -->\n<title>UEMOA\u00a0: Le Burkinab\u00e8 Aboubacar Nacanabo \u00e0 la pr\u00e9sidence du Conseil des ministres -<\/title>\n<meta name=\"robots\" content=\"index, follow, max-snippet:-1, max-image-preview:large, max-video-preview:-1\" \/>\n<link rel=\"canonical\" href=\"https:\/\/macite.tg\/?p=25215\" \/>\n<meta property=\"og:locale\" content=\"fr_FR\" \/>\n<meta property=\"og:type\" content=\"article\" \/>\n<meta property=\"og:title\" content=\"UEMOA\u00a0: Le Burkinab\u00e8 Aboubacar Nacanabo \u00e0 la pr\u00e9sidence du Conseil des ministres -\" \/>\n<meta property=\"og:description\" content=\"Le Burkina Faso vient d\u2019enregistrer une nouvelle reconnaissance sur la sc\u00e8ne \u00e9conomique r\u00e9gionale. Le ministre burkinab\u00e8 de l\u2019\u00e9conomie, des Finances et de la Prospective, Aboubacar Nacanabo a \u00e9t\u00e9 d\u00e9sign\u00e9 le lundi 06 octobre, pr\u00e9sident du Conseil des ministres de l\u2019Union \u00e9conomique et mon\u00e9taire Ouest-africaine (UEMOA). [&hellip;]\" \/>\n<meta property=\"og:url\" content=\"https:\/\/macite.tg\/?p=25215\" \/>\n<meta property=\"article:published_time\" content=\"2025-10-07T15:11:40+00:00\" \/>\n<meta property=\"article:modified_time\" content=\"2025-10-07T15:15:42+00:00\" \/>\n<meta property=\"og:image\" content=\"https:\/\/macite.tg\/wp-content\/uploads\/2025\/10\/BF.jpg\" \/>\n\t<meta property=\"og:image:width\" content=\"366\" \/>\n\t<meta property=\"og:image:height\" content=\"283\" \/>\n\t<meta property=\"og:image:type\" content=\"image\/jpeg\" \/>\n<meta name=\"author\" content=\"Jean Pierre BAWELA\" \/>\n<meta name=\"twitter:card\" content=\"summary_large_image\" \/>\n<meta name=\"twitter:label1\" content=\"\u00c9crit par\" \/>\n\t<meta name=\"twitter:data1\" content=\"Jean Pierre BAWELA\" \/>\n\t<meta name=\"twitter:label2\" content=\"Dur\u00e9e de lecture estim\u00e9e\" \/>\n\t<meta name=\"twitter:data2\" content=\"3 minutes\" \/>\n<script type=\"application\/ld+json\" class=\"yoast-schema-graph\">{\"@context\":\"https:\\\/\\\/schema.org\",\"@graph\":[{\"@type\":\"Article\",\"@id\":\"https:\\\/\\\/macite.tg\\\/?p=25215#article\",\"isPartOf\":{\"@id\":\"https:\\\/\\\/macite.tg\\\/?p=25215\"},\"author\":{\"name\":\"Jean Pierre BAWELA\",\"@id\":\"https:\\\/\\\/macite.tg\\\/#\\\/schema\\\/person\\\/e9f2de7e5dbbe7770a9402c7ce82f5c2\"},\"headline\":\"UEMOA\u00a0: Le Burkinab\u00e8 Aboubacar Nacanabo \u00e0 la pr\u00e9sidence du Conseil des ministres\",\"datePublished\":\"2025-10-07T15:11:40+00:00\",\"dateModified\":\"2025-10-07T15:15:42+00:00\",\"mainEntityOfPage\":{\"@id\":\"https:\\\/\\\/macite.tg\\\/?p=25215\"},\"wordCount\":505,\"commentCount\":0,\"image\":{\"@id\":\"https:\\\/\\\/macite.tg\\\/?p=25215#primaryimage\"},\"thumbnailUrl\":\"https:\\\/\\\/macite.tg\\\/wp-content\\\/uploads\\\/2025\\\/10\\\/BF.jpg\",\"articleSection\":[\"ACTUALITE\",\"ECONOMIE\"],\"inLanguage\":\"fr-FR\",\"potentialAction\":[{\"@type\":\"CommentAction\",\"name\":\"Comment\",\"target\":[\"https:\\\/\\\/macite.tg\\\/?p=25215#respond\"]}]},{\"@type\":\"WebPage\",\"@id\":\"https:\\\/\\\/macite.tg\\\/?p=25215\",\"url\":\"https:\\\/\\\/macite.tg\\\/?p=25215\",\"name\":\"UEMOA\u00a0: Le Burkinab\u00e8 Aboubacar Nacanabo \u00e0 la pr\u00e9sidence du Conseil des ministres -\",\"isPartOf\":{\"@id\":\"https:\\\/\\\/macite.tg\\\/#website\"},\"primaryImageOfPage\":{\"@id\":\"https:\\\/\\\/macite.tg\\\/?p=25215#primaryimage\"},\"image\":{\"@id\":\"https:\\\/\\\/macite.tg\\\/?p=25215#primaryimage\"},\"thumbnailUrl\":\"https:\\\/\\\/macite.tg\\\/wp-content\\\/uploads\\\/2025\\\/10\\\/BF.jpg\",\"datePublished\":\"2025-10-07T15:11:40+00:00\",\"dateModified\":\"2025-10-07T15:15:42+00:00\",\"author\":{\"@id\":\"https:\\\/\\\/macite.tg\\\/#\\\/schema\\\/person\\\/e9f2de7e5dbbe7770a9402c7ce82f5c2\"},\"breadcrumb\":{\"@id\":\"https:\\\/\\\/macite.tg\\\/?p=25215#breadcrumb\"},\"inLanguage\":\"fr-FR\",\"potentialAction\":[{\"@type\":\"ReadAction\",\"target\":[\"https:\\\/\\\/macite.tg\\\/?p=25215\"]}]},{\"@type\":\"ImageObject\",\"inLanguage\":\"fr-FR\",\"@id\":\"https:\\\/\\\/macite.tg\\\/?p=25215#primaryimage\",\"url\":\"https:\\\/\\\/macite.tg\\\/wp-content\\\/uploads\\\/2025\\\/10\\\/BF.jpg\",\"contentUrl\":\"https:\\\/\\\/macite.tg\\\/wp-content\\\/uploads\\\/2025\\\/10\\\/BF.jpg\",\"width\":366,\"height\":283,\"caption\":\"Le ministre burkinab\u00e8 de l\u2019\u00e9conomie, des Finances et de la Prospective, Aboubacar Nacanabo, nomm\u00e9 pr\u00e9sident du Conseil des ministre de l'UEMOA\"},{\"@type\":\"BreadcrumbList\",\"@id\":\"https:\\\/\\\/macite.tg\\\/?p=25215#breadcrumb\",\"itemListElement\":[{\"@type\":\"ListItem\",\"position\":1,\"name\":\"Accueil\",\"item\":\"https:\\\/\\\/macite.tg\\\/\"},{\"@type\":\"ListItem\",\"position\":2,\"name\":\"UEMOA\u00a0: Le Burkinab\u00e8 Aboubacar Nacanabo \u00e0 la pr\u00e9sidence du Conseil des ministres\"}]},{\"@type\":\"WebSite\",\"@id\":\"https:\\\/\\\/macite.tg\\\/#website\",\"url\":\"https:\\\/\\\/macite.tg\\\/\",\"name\":\"\",\"description\":\"L&#039;information, la bonne!!!\",\"potentialAction\":[{\"@type\":\"SearchAction\",\"target\":{\"@type\":\"EntryPoint\",\"urlTemplate\":\"https:\\\/\\\/macite.tg\\\/?s={search_term_string}\"},\"query-input\":{\"@type\":\"PropertyValueSpecification\",\"valueRequired\":true,\"valueName\":\"search_term_string\"}}],\"inLanguage\":\"fr-FR\"},{\"@type\":\"Person\",\"@id\":\"https:\\\/\\\/macite.tg\\\/#\\\/schema\\\/person\\\/e9f2de7e5dbbe7770a9402c7ce82f5c2\",\"name\":\"Jean Pierre BAWELA\",\"image\":{\"@type\":\"ImageObject\",\"inLanguage\":\"fr-FR\",\"@id\":\"https:\\\/\\\/macite.tg\\\/wp-content\\\/uploads\\\/2023\\\/09\\\/WhatsApp-Image-2023-09-19-at-14.44.41-122x122.jpeg\",\"url\":\"https:\\\/\\\/macite.tg\\\/wp-content\\\/uploads\\\/2023\\\/09\\\/WhatsApp-Image-2023-09-19-at-14.44.41-122x122.jpeg\",\"contentUrl\":\"https:\\\/\\\/macite.tg\\\/wp-content\\\/uploads\\\/2023\\\/09\\\/WhatsApp-Image-2023-09-19-at-14.44.41-122x122.jpeg\",\"caption\":\"Jean Pierre BAWELA\"},\"url\":\"https:\\\/\\\/macite.tg\\\/?author=2\"}]}<\/script>\n<!-- \/ Yoast SEO plugin. -->","yoast_head_json":{"title":"UEMOA\u00a0: Le Burkinab\u00e8 Aboubacar Nacanabo \u00e0 la pr\u00e9sidence du Conseil des ministres -","robots":{"index":"index","follow":"follow","max-snippet":"max-snippet:-1","max-image-preview":"max-image-preview:large","max-video-preview":"max-video-preview:-1"},"canonical":"https:\/\/macite.tg\/?p=25215","og_locale":"fr_FR","og_type":"article","og_title":"UEMOA\u00a0: Le Burkinab\u00e8 Aboubacar Nacanabo \u00e0 la pr\u00e9sidence du Conseil des ministres -","og_description":"Le Burkina Faso vient d\u2019enregistrer une nouvelle reconnaissance sur la sc\u00e8ne \u00e9conomique r\u00e9gionale. Le ministre burkinab\u00e8 de l\u2019\u00e9conomie, des Finances et de la Prospective, Aboubacar Nacanabo a \u00e9t\u00e9 d\u00e9sign\u00e9 le lundi 06 octobre, pr\u00e9sident du Conseil des ministres de l\u2019Union \u00e9conomique et mon\u00e9taire Ouest-africaine (UEMOA). [&hellip;]","og_url":"https:\/\/macite.tg\/?p=25215","article_published_time":"2025-10-07T15:11:40+00:00","article_modified_time":"2025-10-07T15:15:42+00:00","og_image":[{"width":366,"height":283,"url":"https:\/\/macite.tg\/wp-content\/uploads\/2025\/10\/BF.jpg","type":"image\/jpeg"}],"author":"Jean Pierre BAWELA","twitter_card":"summary_large_image","twitter_misc":{"\u00c9crit par":"Jean Pierre BAWELA","Dur\u00e9e de lecture estim\u00e9e":"3 minutes"},"schema":{"@context":"https:\/\/schema.org","@graph":[{"@type":"Article","@id":"https:\/\/macite.tg\/?p=25215#article","isPartOf":{"@id":"https:\/\/macite.tg\/?p=25215"},"author":{"name":"Jean Pierre BAWELA","@id":"https:\/\/macite.tg\/#\/schema\/person\/e9f2de7e5dbbe7770a9402c7ce82f5c2"},"headline":"UEMOA\u00a0: Le Burkinab\u00e8 Aboubacar Nacanabo \u00e0 la pr\u00e9sidence du Conseil des ministres","datePublished":"2025-10-07T15:11:40+00:00","dateModified":"2025-10-07T15:15:42+00:00","mainEntityOfPage":{"@id":"https:\/\/macite.tg\/?p=25215"},"wordCount":505,"commentCount":0,"image":{"@id":"https:\/\/macite.tg\/?p=25215#primaryimage"},"thumbnailUrl":"https:\/\/macite.tg\/wp-content\/uploads\/2025\/10\/BF.jpg","articleSection":["ACTUALITE","ECONOMIE"],"inLanguage":"fr-FR","potentialAction":[{"@type":"CommentAction","name":"Comment","target":["https:\/\/macite.tg\/?p=25215#respond"]}]},{"@type":"WebPage","@id":"https:\/\/macite.tg\/?p=25215","url":"https:\/\/macite.tg\/?p=25215","name":"UEMOA\u00a0: Le Burkinab\u00e8 Aboubacar Nacanabo \u00e0 la pr\u00e9sidence du Conseil des ministres -","isPartOf":{"@id":"https:\/\/macite.tg\/#website"},"primaryImageOfPage":{"@id":"https:\/\/macite.tg\/?p=25215#primaryimage"},"image":{"@id":"https:\/\/macite.tg\/?p=25215#primaryimage"},"thumbnailUrl":"https:\/\/macite.tg\/wp-content\/uploads\/2025\/10\/BF.jpg","datePublished":"2025-10-07T15:11:40+00:00","dateModified":"2025-10-07T15:15:42+00:00","author":{"@id":"https:\/\/macite.tg\/#\/schema\/person\/e9f2de7e5dbbe7770a9402c7ce82f5c2"},"breadcrumb":{"@id":"https:\/\/macite.tg\/?p=25215#breadcrumb"},"inLanguage":"fr-FR","potentialAction":[{"@type":"ReadAction","target":["https:\/\/macite.tg\/?p=25215"]}]},{"@type":"ImageObject","inLanguage":"fr-FR","@id":"https:\/\/macite.tg\/?p=25215#primaryimage","url":"https:\/\/macite.tg\/wp-content\/uploads\/2025\/10\/BF.jpg","contentUrl":"https:\/\/macite.tg\/wp-content\/uploads\/2025\/10\/BF.jpg","width":366,"height":283,"caption":"Le ministre burkinab\u00e8 de l\u2019\u00e9conomie, des Finances et de la Prospective, Aboubacar Nacanabo, nomm\u00e9 pr\u00e9sident du Conseil des ministre de l'UEMOA"},{"@type":"BreadcrumbList","@id":"https:\/\/macite.tg\/?p=25215#breadcrumb","itemListElement":[{"@type":"ListItem","position":1,"name":"Accueil","item":"https:\/\/macite.tg\/"},{"@type":"ListItem","position":2,"name":"UEMOA\u00a0: Le Burkinab\u00e8 Aboubacar Nacanabo \u00e0 la pr\u00e9sidence du Conseil des ministres"}]},{"@type":"WebSite","@id":"https:\/\/macite.tg\/#website","url":"https:\/\/macite.tg\/","name":"","description":"L&#039;information, la bonne!!!","potentialAction":[{"@type":"SearchAction","target":{"@type":"EntryPoint","urlTemplate":"https:\/\/macite.tg\/?s={search_term_string}"},"query-input":{"@type":"PropertyValueSpecification","valueRequired":true,"valueName":"search_term_string"}}],"inLanguage":"fr-FR"},{"@type":"Person","@id":"https:\/\/macite.tg\/#\/schema\/person\/e9f2de7e5dbbe7770a9402c7ce82f5c2","name":"Jean Pierre BAWELA","image":{"@type":"ImageObject","inLanguage":"fr-FR","@id":"https:\/\/macite.tg\/wp-content\/uploads\/2023\/09\/WhatsApp-Image-2023-09-19-at-14.44.41-122x122.jpeg","url":"https:\/\/macite.tg\/wp-content\/uploads\/2023\/09\/WhatsApp-Image-2023-09-19-at-14.44.41-122x122.jpeg","contentUrl":"https:\/\/macite.tg\/wp-content\/uploads\/2023\/09\/WhatsApp-Image-2023-09-19-at-14.44.41-122x122.jpeg","caption":"Jean Pierre BAWELA"},"url":"https:\/\/macite.tg\/?author=2"}]}},"_links":{"self":[{"href":"https:\/\/macite.tg\/index.php?rest_route=\/wp\/v2\/posts\/25215","targetHints":{"allow":["GET"]}}],"collection":[{"href":"https:\/\/macite.tg\/index.php?rest_route=\/wp\/v2\/posts"}],"about":[{"href":"https:\/\/macite.tg\/index.php?rest_route=\/wp\/v2\/types\/post"}],"author":[{"embeddable":true,"href":"https:\/\/macite.tg\/index.php?rest_route=\/wp\/v2\/users\/2"}],"replies":[{"embeddable":true,"href":"https:\/\/macite.tg\/index.php?rest_route=%2Fwp%2Fv2%2Fcomments&post=25215"}],"version-history":[{"count":0,"href":"https:\/\/macite.tg\/index.php?rest_route=\/wp\/v2\/posts\/25215\/revisions"}],"wp:featuredmedia":[{"embeddable":true,"href":"https:\/\/macite.tg\/index.php?rest_route=\/wp\/v2\/media\/25216"}],"wp:attachment":[{"href":"https:\/\/macite.tg\/index.php?rest_route=%2Fwp%2Fv2%2Fmedia&parent=25215"}],"wp:term":[{"taxonomy":"category","embeddable":true,"href":"https:\/\/macite.tg\/index.php?rest_route=%2Fwp%2Fv2%2Fcategories&post=25215"},{"taxonomy":"post_tag","embeddable":true,"href":"https:\/\/macite.tg\/index.php?rest_route=%2Fwp%2Fv2%2Ftags&post=25215"}],"curies":[{"name":"wp","href":"https:\/\/api.w.org\/{rel}","templated":true}]}}