{"id":25209,"date":"2025-10-07T14:38:34","date_gmt":"2025-10-07T14:38:34","guid":{"rendered":"https:\/\/macite.tg\/?p=25209"},"modified":"2025-10-07T14:38:45","modified_gmt":"2025-10-07T14:38:45","slug":"terrorisme-au-sahel-franklin-nyamsi-denonce-une-tentative-de-recolonisation-dans-son-livre-limperial-terrorisme","status":"publish","type":"post","link":"https:\/\/macite.tg\/?p=25209","title":{"rendered":"TERRORISME AU SAHEL : Franklin Nyamsi d\u00e9nonce une tentative de recolonisation dans son livre \u00ab L&rsquo;imp\u00e9rial terrorisme \u00bb"},"content":{"rendered":"\n<p class=\"wp-block-paragraph\"><strong><em>Le professeur de philosophie et panafricaniste d&rsquo;origine camerounaise, Franklin Nyamsi, a pr\u00e9sent\u00e9 et d\u00e9dicac\u00e9 lundi, \u00e0 Ouagadougou, son livre intitul\u00e9 \u00abL&rsquo;imp\u00e9rial terrorisme\u00bb dans lequel il d\u00e9montre que le terrorisme n&rsquo;a rien de religieux mais une organisation cr\u00e9\u00e9e et financ\u00e9e par l&rsquo;Occident pour recoloniser l&rsquo;Afrique.<\/em><\/strong><\/p>\n\n\n\n<p class=\"wp-block-paragraph\">Devant un public nombreux compos\u00e9 d&rsquo;intellectuels, d&rsquo;avocats et d&rsquo;\u00e9tudiants, M. Nyamsi a soutenu sans d\u00e9tour que ce que l&rsquo;on qualifie habituellement de \u00ab djihadisme \u00bb en Afrique est en r\u00e9alit\u00e9 une strat\u00e9gie de recolonisation men\u00e9e par des puissances occidentales et certains alli\u00e9s du Moyen-Orient.<\/p>\n\n\n\n<p class=\"wp-block-paragraph\">Pour lui, qualifier ces violences de guerre de religion est une absurdit\u00e9 car s&rsquo;interroge-t-il, <em>\u00abComment des musulmans peuvent-ils tuer des musulmans pour qu&rsquo;ils soient musulmans ?<\/em> \u00bb<\/p>\n\n\n<div class=\"wp-block-image\">\n<figure class=\"aligncenter size-large is-resized\"><img loading=\"lazy\" decoding=\"async\" width=\"721\" height=\"1024\" src=\"https:\/\/macite.tg\/wp-content\/uploads\/2025\/10\/9666a2c7-d86a-41de-876e-8ee6850f98d4-721x1024.jpg\" alt=\"\" class=\"wp-image-25115\" style=\"width:589px;height:auto\" srcset=\"https:\/\/macite.tg\/wp-content\/uploads\/2025\/10\/9666a2c7-d86a-41de-876e-8ee6850f98d4-721x1024.jpg 721w, https:\/\/macite.tg\/wp-content\/uploads\/2025\/10\/9666a2c7-d86a-41de-876e-8ee6850f98d4-211x300.jpg 211w, https:\/\/macite.tg\/wp-content\/uploads\/2025\/10\/9666a2c7-d86a-41de-876e-8ee6850f98d4-768x1091.jpg 768w, https:\/\/macite.tg\/wp-content\/uploads\/2025\/10\/9666a2c7-d86a-41de-876e-8ee6850f98d4-1081x1536.jpg 1081w, https:\/\/macite.tg\/wp-content\/uploads\/2025\/10\/9666a2c7-d86a-41de-876e-8ee6850f98d4.jpg 1126w\" sizes=\"auto, (max-width: 721px) 100vw, 721px\" \/><\/figure>\n<\/div>\n\n\n<p class=\"wp-block-paragraph\">L&rsquo;auteur se base sur des documents officiels occidentaux pour \u00e9tayer ses propos. Il cite les courriels de l&rsquo;ancienne Secr\u00e9taire d&rsquo;\u00c9tat am\u00e9ricaine, Hillary Clinton publi\u00e9s par le site <em>\u00ab Wikileaks \u00bb.<\/em> Ces \u00e9changes montrent, selon lui, que l&rsquo;intervention en Libye n&rsquo;avait rien \u00e0 voir avec la d\u00e9mocratie, mais visait \u00e0 emp\u00eacher le colonel Kadhafi de cr\u00e9er une monnaie africaine ind\u00e9pendante du dollar, de l&rsquo;euro et du franc CFA.<\/p>\n\n\n\n<p class=\"wp-block-paragraph\">Aussi, le philosophe \u00e9voque un entretien dans lequel le pr\u00e9sident nig\u00e9rien Mahamadou Issoufou implore le pr\u00e9sident am\u00e9ricain Barack Obama en ces termes, <em>\u00ab Don&rsquo;t destroy Libya, please\u2026 Because if you destroy Libya, you destabilize all Africa. \u00bb<\/em><\/p>\n\n\n\n<p class=\"wp-block-paragraph\">A cette sollicitation, Obama aurait r\u00e9pondu de mani\u00e8re ferme et d\u00e9termin\u00e9e : <em>\u00ab No, we will finish the job. \u00bb<\/em> Par cette r\u00e9plique, il affirme que les \u00c9tats-Unis m\u00e8neront leur op\u00e9ration \u00e0 son terme, ce qui laisse entendre qu&rsquo;ils iront jusqu&rsquo;\u00e0 affaiblir ou renverser le r\u00e9gime en Libye.<\/p>\n\n\n\n<figure class=\"wp-block-image size-full\"><img loading=\"lazy\" decoding=\"async\" width=\"851\" height=\"315\" src=\"https:\/\/macite.tg\/wp-content\/uploads\/2025\/10\/OTR_Ferer-pour-batir-1.jpg\" alt=\"\" class=\"wp-image-25092\" srcset=\"https:\/\/macite.tg\/wp-content\/uploads\/2025\/10\/OTR_Ferer-pour-batir-1.jpg 851w, https:\/\/macite.tg\/wp-content\/uploads\/2025\/10\/OTR_Ferer-pour-batir-1-300x111.jpg 300w, https:\/\/macite.tg\/wp-content\/uploads\/2025\/10\/OTR_Ferer-pour-batir-1-768x284.jpg 768w\" sizes=\"auto, (max-width: 851px) 100vw, 851px\" \/><\/figure>\n\n\n\n<p class=\"wp-block-paragraph\">L&rsquo;ouvrage \u00e9voque \u00e9galement une conversation, rapport\u00e9e par le ministre russe des Affaires \u00e9trang\u00e8res, Sergue\u00ef Lavrov, o\u00f9 son homologue fran\u00e7ais, Laurent Fabius, aurait reconnu que la France s&rsquo;appr\u00eatait \u00e0 combattre au Mali des groupes qu&rsquo;elle avait elle-m\u00eame arm\u00e9s en Libye.<\/p>\n\n\n\n<p class=\"wp-block-paragraph\">Le professeur a appel\u00e9 \u00e0 l&rsquo;union pour combattre cette tentative de recolonisation <em>\u00ab d\u00e9guis\u00e9e derri\u00e8re des motifs pseudo-religieux \u00bb <\/em>et traduire tous les terroristes individuels ou \u00e9tatiques devant les tribunaux internationaux comme la cour p\u00e9nale internationale des Alliance des \u00c9tats du Sahel (AES).<\/p>\n\n\n\n<p class=\"wp-block-paragraph\">M. Nyamsi invite \u00e9galement \u00e0 acc\u00e9l\u00e9rer l&rsquo;union africaine v\u00e9ritable dans les r\u00e9gions comme sur le continent afin d&rsquo;\u00eatre une puissance capable d&rsquo;imposer le respect \u00e0 toutes les autres puissances dans un monde multipolaire.<\/p>\n\n\n<div class=\"wp-block-image\">\n<figure class=\"aligncenter size-large is-resized\"><img loading=\"lazy\" decoding=\"async\" width=\"1024\" height=\"1024\" src=\"https:\/\/macite.tg\/wp-content\/uploads\/2025\/09\/556453702_1402220351912767_3329053273485456202_n-1024x1024.jpg\" alt=\"\" class=\"wp-image-25041\" style=\"width:426px;height:auto\" srcset=\"https:\/\/macite.tg\/wp-content\/uploads\/2025\/09\/556453702_1402220351912767_3329053273485456202_n-1024x1024.jpg 1024w, https:\/\/macite.tg\/wp-content\/uploads\/2025\/09\/556453702_1402220351912767_3329053273485456202_n-300x300.jpg 300w, https:\/\/macite.tg\/wp-content\/uploads\/2025\/09\/556453702_1402220351912767_3329053273485456202_n-150x150.jpg 150w, https:\/\/macite.tg\/wp-content\/uploads\/2025\/09\/556453702_1402220351912767_3329053273485456202_n-768x768.jpg 768w, https:\/\/macite.tg\/wp-content\/uploads\/2025\/09\/556453702_1402220351912767_3329053273485456202_n-1536x1536.jpg 1536w, https:\/\/macite.tg\/wp-content\/uploads\/2025\/09\/556453702_1402220351912767_3329053273485456202_n-122x122.jpg 122w, https:\/\/macite.tg\/wp-content\/uploads\/2025\/09\/556453702_1402220351912767_3329053273485456202_n.jpg 2048w\" sizes=\"auto, (max-width: 1024px) 100vw, 1024px\" \/><\/figure>\n<\/div>\n\n\n<p class=\"wp-block-paragraph\">L&rsquo;ouvrage, vendu au prix de 10.000 FCFA, sera distribu\u00e9 dans l&rsquo;ensemble des universit\u00e9s du Burkina Faso, conform\u00e9ment \u00e0 la volont\u00e9 du Pr\u00e9sident du Faso, le capitaine Ibrahim Traor\u00e9.<\/p>\n\n\n\n<p class=\"wp-block-paragraph\">Il est \u00e9galement disponible \u00e0 la Librairie Jeunesse d&rsquo;Afrique et chez Mercury. Le livre compte environ deux cents pages et s&rsquo;articule autour de cinq grands chapitres consacr\u00e9s aux diff\u00e9rentes preuves avanc\u00e9es par l&rsquo;auteur.<\/p>\n\n\n\n<p class=\"wp-block-paragraph\"><strong>(Syndigate.info)<\/strong><\/p>\n\n\n\n<p class=\"wp-block-paragraph\"><a><strong><em>@macite.tg&nbsp;&nbsp;&nbsp;&nbsp;&nbsp;&nbsp;&nbsp;&nbsp;<\/em><\/strong><\/a><\/p>\n\n\n\n<p class=\"wp-block-paragraph\"><strong><em>E-mail&nbsp;: <\/em><\/strong><a href=\"mailto:maciteinfo@gmail.com\"><strong><em>maciteinfo@gmail.com<\/em><\/strong><\/a><strong><em>; <\/em><\/strong><a href=\"mailto:bawela1@gmail.com\"><strong><em>bawela1@gmail.com<\/em><\/strong><\/a><strong><em><\/em><\/strong><\/p>\n\n\n\n<p class=\"wp-block-paragraph\"><strong><em>Pour vos annonces, (publi)reportages, etc., joignez-nous au (00228)91515309\/<strong>79872224 <\/strong><strong><\/strong><\/em><\/strong><\/p>\n\n\n\n<p class=\"wp-block-paragraph\"><strong><em>www.macite.tg, L\u2019information, la bonne&nbsp;!<\/em><\/strong><\/p>\n\n\n\n<p class=\"wp-block-paragraph\"><\/p>\n","protected":false},"excerpt":{"rendered":"<p class=\"text-justify mb-2\" >Le professeur de philosophie et panafricaniste d&rsquo;origine camerounaise, Franklin Nyamsi, a pr\u00e9sent\u00e9 et d\u00e9dicac\u00e9 lundi, \u00e0 Ouagadougou, son livre intitul\u00e9 \u00abL&rsquo;imp\u00e9rial terrorisme\u00bb dans lequel il d\u00e9montre que le terrorisme n&rsquo;a rien de religieux mais une organisation cr\u00e9\u00e9e et financ\u00e9e par l&rsquo;Occident pour recoloniser l&rsquo;Afrique. Devant [&hellip;]<\/p>\n","protected":false},"author":2,"featured_media":25211,"comment_status":"open","ping_status":"open","sticky":false,"template":"","format":"standard","meta":{"footnotes":""},"categories":[20,32],"tags":[],"class_list":["post-25209","post","type-post","status-publish","format-standard","has-post-thumbnail","hentry","category-actualite","category-litterature"],"yoast_head":"<!-- This site is optimized with the Yoast SEO plugin v28.4 - https:\/\/yoast.com\/product\/yoast-seo-wordpress\/ -->\n<title>TERRORISME AU SAHEL : Franklin Nyamsi d\u00e9nonce une tentative de recolonisation dans son livre \u00ab L&#039;imp\u00e9rial terrorisme \u00bb -<\/title>\n<meta name=\"robots\" content=\"index, follow, max-snippet:-1, max-image-preview:large, max-video-preview:-1\" \/>\n<link rel=\"canonical\" href=\"https:\/\/macite.tg\/?p=25209\" \/>\n<meta property=\"og:locale\" content=\"fr_FR\" \/>\n<meta property=\"og:type\" content=\"article\" \/>\n<meta property=\"og:title\" content=\"TERRORISME AU SAHEL : Franklin Nyamsi d\u00e9nonce une tentative de recolonisation dans son livre \u00ab L&#039;imp\u00e9rial terrorisme \u00bb -\" \/>\n<meta property=\"og:description\" content=\"Le professeur de philosophie et panafricaniste d&rsquo;origine camerounaise, Franklin Nyamsi, a pr\u00e9sent\u00e9 et d\u00e9dicac\u00e9 lundi, \u00e0 Ouagadougou, son livre intitul\u00e9 \u00abL&rsquo;imp\u00e9rial terrorisme\u00bb dans lequel il d\u00e9montre que le terrorisme n&rsquo;a rien de religieux mais une organisation cr\u00e9\u00e9e et financ\u00e9e par l&rsquo;Occident pour recoloniser l&rsquo;Afrique. Devant [&hellip;]\" \/>\n<meta property=\"og:url\" content=\"https:\/\/macite.tg\/?p=25209\" \/>\n<meta property=\"article:published_time\" content=\"2025-10-07T14:38:34+00:00\" \/>\n<meta property=\"article:modified_time\" content=\"2025-10-07T14:38:45+00:00\" \/>\n<meta property=\"og:image\" content=\"https:\/\/macite.tg\/wp-content\/uploads\/2025\/10\/image-23.png\" \/>\n\t<meta property=\"og:image:width\" content=\"534\" \/>\n\t<meta property=\"og:image:height\" content=\"401\" \/>\n\t<meta property=\"og:image:type\" content=\"image\/png\" \/>\n<meta name=\"author\" content=\"Jean Pierre BAWELA\" \/>\n<meta name=\"twitter:card\" content=\"summary_large_image\" \/>\n<meta name=\"twitter:label1\" content=\"\u00c9crit par\" \/>\n\t<meta name=\"twitter:data1\" content=\"Jean Pierre BAWELA\" \/>\n\t<meta name=\"twitter:label2\" content=\"Dur\u00e9e de lecture estim\u00e9e\" \/>\n\t<meta name=\"twitter:data2\" content=\"4 minutes\" \/>\n<script type=\"application\/ld+json\" class=\"yoast-schema-graph\">{\"@context\":\"https:\\\/\\\/schema.org\",\"@graph\":[{\"@type\":\"Article\",\"@id\":\"https:\\\/\\\/macite.tg\\\/?p=25209#article\",\"isPartOf\":{\"@id\":\"https:\\\/\\\/macite.tg\\\/?p=25209\"},\"author\":{\"name\":\"Jean Pierre BAWELA\",\"@id\":\"https:\\\/\\\/macite.tg\\\/#\\\/schema\\\/person\\\/e9f2de7e5dbbe7770a9402c7ce82f5c2\"},\"headline\":\"TERRORISME AU SAHEL : Franklin Nyamsi d\u00e9nonce une tentative de recolonisation dans son livre \u00ab L&rsquo;imp\u00e9rial terrorisme \u00bb\",\"datePublished\":\"2025-10-07T14:38:34+00:00\",\"dateModified\":\"2025-10-07T14:38:45+00:00\",\"mainEntityOfPage\":{\"@id\":\"https:\\\/\\\/macite.tg\\\/?p=25209\"},\"wordCount\":554,\"commentCount\":0,\"image\":{\"@id\":\"https:\\\/\\\/macite.tg\\\/?p=25209#primaryimage\"},\"thumbnailUrl\":\"https:\\\/\\\/macite.tg\\\/wp-content\\\/uploads\\\/2025\\\/10\\\/image-23.png\",\"articleSection\":[\"ACTUALITE\",\"LITTERATURE\"],\"inLanguage\":\"fr-FR\",\"potentialAction\":[{\"@type\":\"CommentAction\",\"name\":\"Comment\",\"target\":[\"https:\\\/\\\/macite.tg\\\/?p=25209#respond\"]}]},{\"@type\":\"WebPage\",\"@id\":\"https:\\\/\\\/macite.tg\\\/?p=25209\",\"url\":\"https:\\\/\\\/macite.tg\\\/?p=25209\",\"name\":\"TERRORISME AU SAHEL : Franklin Nyamsi d\u00e9nonce une tentative de recolonisation dans son livre \u00ab L'imp\u00e9rial terrorisme \u00bb -\",\"isPartOf\":{\"@id\":\"https:\\\/\\\/macite.tg\\\/#website\"},\"primaryImageOfPage\":{\"@id\":\"https:\\\/\\\/macite.tg\\\/?p=25209#primaryimage\"},\"image\":{\"@id\":\"https:\\\/\\\/macite.tg\\\/?p=25209#primaryimage\"},\"thumbnailUrl\":\"https:\\\/\\\/macite.tg\\\/wp-content\\\/uploads\\\/2025\\\/10\\\/image-23.png\",\"datePublished\":\"2025-10-07T14:38:34+00:00\",\"dateModified\":\"2025-10-07T14:38:45+00:00\",\"author\":{\"@id\":\"https:\\\/\\\/macite.tg\\\/#\\\/schema\\\/person\\\/e9f2de7e5dbbe7770a9402c7ce82f5c2\"},\"breadcrumb\":{\"@id\":\"https:\\\/\\\/macite.tg\\\/?p=25209#breadcrumb\"},\"inLanguage\":\"fr-FR\",\"potentialAction\":[{\"@type\":\"ReadAction\",\"target\":[\"https:\\\/\\\/macite.tg\\\/?p=25209\"]}]},{\"@type\":\"ImageObject\",\"inLanguage\":\"fr-FR\",\"@id\":\"https:\\\/\\\/macite.tg\\\/?p=25209#primaryimage\",\"url\":\"https:\\\/\\\/macite.tg\\\/wp-content\\\/uploads\\\/2025\\\/10\\\/image-23.png\",\"contentUrl\":\"https:\\\/\\\/macite.tg\\\/wp-content\\\/uploads\\\/2025\\\/10\\\/image-23.png\",\"width\":534,\"height\":401},{\"@type\":\"BreadcrumbList\",\"@id\":\"https:\\\/\\\/macite.tg\\\/?p=25209#breadcrumb\",\"itemListElement\":[{\"@type\":\"ListItem\",\"position\":1,\"name\":\"Accueil\",\"item\":\"https:\\\/\\\/macite.tg\\\/\"},{\"@type\":\"ListItem\",\"position\":2,\"name\":\"TERRORISME AU SAHEL : Franklin Nyamsi d\u00e9nonce une tentative de recolonisation dans son livre \u00ab L&rsquo;imp\u00e9rial terrorisme \u00bb\"}]},{\"@type\":\"WebSite\",\"@id\":\"https:\\\/\\\/macite.tg\\\/#website\",\"url\":\"https:\\\/\\\/macite.tg\\\/\",\"name\":\"\",\"description\":\"L&#039;information, la bonne!!!\",\"potentialAction\":[{\"@type\":\"SearchAction\",\"target\":{\"@type\":\"EntryPoint\",\"urlTemplate\":\"https:\\\/\\\/macite.tg\\\/?s={search_term_string}\"},\"query-input\":{\"@type\":\"PropertyValueSpecification\",\"valueRequired\":true,\"valueName\":\"search_term_string\"}}],\"inLanguage\":\"fr-FR\"},{\"@type\":\"Person\",\"@id\":\"https:\\\/\\\/macite.tg\\\/#\\\/schema\\\/person\\\/e9f2de7e5dbbe7770a9402c7ce82f5c2\",\"name\":\"Jean Pierre BAWELA\",\"image\":{\"@type\":\"ImageObject\",\"inLanguage\":\"fr-FR\",\"@id\":\"https:\\\/\\\/macite.tg\\\/wp-content\\\/uploads\\\/2023\\\/09\\\/WhatsApp-Image-2023-09-19-at-14.44.41-122x122.jpeg\",\"url\":\"https:\\\/\\\/macite.tg\\\/wp-content\\\/uploads\\\/2023\\\/09\\\/WhatsApp-Image-2023-09-19-at-14.44.41-122x122.jpeg\",\"contentUrl\":\"https:\\\/\\\/macite.tg\\\/wp-content\\\/uploads\\\/2023\\\/09\\\/WhatsApp-Image-2023-09-19-at-14.44.41-122x122.jpeg\",\"caption\":\"Jean Pierre BAWELA\"},\"url\":\"https:\\\/\\\/macite.tg\\\/?author=2\"}]}<\/script>\n<!-- \/ Yoast SEO plugin. -->","yoast_head_json":{"title":"TERRORISME AU SAHEL : Franklin Nyamsi d\u00e9nonce une tentative de recolonisation dans son livre \u00ab L'imp\u00e9rial terrorisme \u00bb -","robots":{"index":"index","follow":"follow","max-snippet":"max-snippet:-1","max-image-preview":"max-image-preview:large","max-video-preview":"max-video-preview:-1"},"canonical":"https:\/\/macite.tg\/?p=25209","og_locale":"fr_FR","og_type":"article","og_title":"TERRORISME AU SAHEL : Franklin Nyamsi d\u00e9nonce une tentative de recolonisation dans son livre \u00ab L'imp\u00e9rial terrorisme \u00bb -","og_description":"Le professeur de philosophie et panafricaniste d&rsquo;origine camerounaise, Franklin Nyamsi, a pr\u00e9sent\u00e9 et d\u00e9dicac\u00e9 lundi, \u00e0 Ouagadougou, son livre intitul\u00e9 \u00abL&rsquo;imp\u00e9rial terrorisme\u00bb dans lequel il d\u00e9montre que le terrorisme n&rsquo;a rien de religieux mais une organisation cr\u00e9\u00e9e et financ\u00e9e par l&rsquo;Occident pour recoloniser l&rsquo;Afrique. Devant [&hellip;]","og_url":"https:\/\/macite.tg\/?p=25209","article_published_time":"2025-10-07T14:38:34+00:00","article_modified_time":"2025-10-07T14:38:45+00:00","og_image":[{"width":534,"height":401,"url":"https:\/\/macite.tg\/wp-content\/uploads\/2025\/10\/image-23.png","type":"image\/png"}],"author":"Jean Pierre BAWELA","twitter_card":"summary_large_image","twitter_misc":{"\u00c9crit par":"Jean Pierre BAWELA","Dur\u00e9e de lecture estim\u00e9e":"4 minutes"},"schema":{"@context":"https:\/\/schema.org","@graph":[{"@type":"Article","@id":"https:\/\/macite.tg\/?p=25209#article","isPartOf":{"@id":"https:\/\/macite.tg\/?p=25209"},"author":{"name":"Jean Pierre BAWELA","@id":"https:\/\/macite.tg\/#\/schema\/person\/e9f2de7e5dbbe7770a9402c7ce82f5c2"},"headline":"TERRORISME AU SAHEL : Franklin Nyamsi d\u00e9nonce une tentative de recolonisation dans son livre \u00ab L&rsquo;imp\u00e9rial terrorisme \u00bb","datePublished":"2025-10-07T14:38:34+00:00","dateModified":"2025-10-07T14:38:45+00:00","mainEntityOfPage":{"@id":"https:\/\/macite.tg\/?p=25209"},"wordCount":554,"commentCount":0,"image":{"@id":"https:\/\/macite.tg\/?p=25209#primaryimage"},"thumbnailUrl":"https:\/\/macite.tg\/wp-content\/uploads\/2025\/10\/image-23.png","articleSection":["ACTUALITE","LITTERATURE"],"inLanguage":"fr-FR","potentialAction":[{"@type":"CommentAction","name":"Comment","target":["https:\/\/macite.tg\/?p=25209#respond"]}]},{"@type":"WebPage","@id":"https:\/\/macite.tg\/?p=25209","url":"https:\/\/macite.tg\/?p=25209","name":"TERRORISME AU SAHEL : Franklin Nyamsi d\u00e9nonce une tentative de recolonisation dans son livre \u00ab L'imp\u00e9rial terrorisme \u00bb -","isPartOf":{"@id":"https:\/\/macite.tg\/#website"},"primaryImageOfPage":{"@id":"https:\/\/macite.tg\/?p=25209#primaryimage"},"image":{"@id":"https:\/\/macite.tg\/?p=25209#primaryimage"},"thumbnailUrl":"https:\/\/macite.tg\/wp-content\/uploads\/2025\/10\/image-23.png","datePublished":"2025-10-07T14:38:34+00:00","dateModified":"2025-10-07T14:38:45+00:00","author":{"@id":"https:\/\/macite.tg\/#\/schema\/person\/e9f2de7e5dbbe7770a9402c7ce82f5c2"},"breadcrumb":{"@id":"https:\/\/macite.tg\/?p=25209#breadcrumb"},"inLanguage":"fr-FR","potentialAction":[{"@type":"ReadAction","target":["https:\/\/macite.tg\/?p=25209"]}]},{"@type":"ImageObject","inLanguage":"fr-FR","@id":"https:\/\/macite.tg\/?p=25209#primaryimage","url":"https:\/\/macite.tg\/wp-content\/uploads\/2025\/10\/image-23.png","contentUrl":"https:\/\/macite.tg\/wp-content\/uploads\/2025\/10\/image-23.png","width":534,"height":401},{"@type":"BreadcrumbList","@id":"https:\/\/macite.tg\/?p=25209#breadcrumb","itemListElement":[{"@type":"ListItem","position":1,"name":"Accueil","item":"https:\/\/macite.tg\/"},{"@type":"ListItem","position":2,"name":"TERRORISME AU SAHEL : Franklin Nyamsi d\u00e9nonce une tentative de recolonisation dans son livre \u00ab L&rsquo;imp\u00e9rial terrorisme \u00bb"}]},{"@type":"WebSite","@id":"https:\/\/macite.tg\/#website","url":"https:\/\/macite.tg\/","name":"","description":"L&#039;information, la bonne!!!","potentialAction":[{"@type":"SearchAction","target":{"@type":"EntryPoint","urlTemplate":"https:\/\/macite.tg\/?s={search_term_string}"},"query-input":{"@type":"PropertyValueSpecification","valueRequired":true,"valueName":"search_term_string"}}],"inLanguage":"fr-FR"},{"@type":"Person","@id":"https:\/\/macite.tg\/#\/schema\/person\/e9f2de7e5dbbe7770a9402c7ce82f5c2","name":"Jean Pierre BAWELA","image":{"@type":"ImageObject","inLanguage":"fr-FR","@id":"https:\/\/macite.tg\/wp-content\/uploads\/2023\/09\/WhatsApp-Image-2023-09-19-at-14.44.41-122x122.jpeg","url":"https:\/\/macite.tg\/wp-content\/uploads\/2023\/09\/WhatsApp-Image-2023-09-19-at-14.44.41-122x122.jpeg","contentUrl":"https:\/\/macite.tg\/wp-content\/uploads\/2023\/09\/WhatsApp-Image-2023-09-19-at-14.44.41-122x122.jpeg","caption":"Jean Pierre BAWELA"},"url":"https:\/\/macite.tg\/?author=2"}]}},"_links":{"self":[{"href":"https:\/\/macite.tg\/index.php?rest_route=\/wp\/v2\/posts\/25209","targetHints":{"allow":["GET"]}}],"collection":[{"href":"https:\/\/macite.tg\/index.php?rest_route=\/wp\/v2\/posts"}],"about":[{"href":"https:\/\/macite.tg\/index.php?rest_route=\/wp\/v2\/types\/post"}],"author":[{"embeddable":true,"href":"https:\/\/macite.tg\/index.php?rest_route=\/wp\/v2\/users\/2"}],"replies":[{"embeddable":true,"href":"https:\/\/macite.tg\/index.php?rest_route=%2Fwp%2Fv2%2Fcomments&post=25209"}],"version-history":[{"count":0,"href":"https:\/\/macite.tg\/index.php?rest_route=\/wp\/v2\/posts\/25209\/revisions"}],"wp:featuredmedia":[{"embeddable":true,"href":"https:\/\/macite.tg\/index.php?rest_route=\/wp\/v2\/media\/25211"}],"wp:attachment":[{"href":"https:\/\/macite.tg\/index.php?rest_route=%2Fwp%2Fv2%2Fmedia&parent=25209"}],"wp:term":[{"taxonomy":"category","embeddable":true,"href":"https:\/\/macite.tg\/index.php?rest_route=%2Fwp%2Fv2%2Fcategories&post=25209"},{"taxonomy":"post_tag","embeddable":true,"href":"https:\/\/macite.tg\/index.php?rest_route=%2Fwp%2Fv2%2Ftags&post=25209"}],"curies":[{"name":"wp","href":"https:\/\/api.w.org\/{rel}","templated":true}]}}