{"id":25172,"date":"2025-10-06T14:02:32","date_gmt":"2025-10-06T14:02:32","guid":{"rendered":"https:\/\/macite.tg\/?p=25172"},"modified":"2025-10-06T14:02:38","modified_gmt":"2025-10-06T14:02:38","slug":"mois-du-consommer-local-lacte-6-sous-le-signe-de-la-competence-et-de-linnovation","status":"publish","type":"post","link":"https:\/\/macite.tg\/?p=25172","title":{"rendered":"MOIS DU CONSOMMER LOCAL\u00a0: L\u2019acte 6 sous le signe de la comp\u00e9tence et de l\u2019innovation"},"content":{"rendered":"\n<p class=\"wp-block-paragraph\"><strong><em>\u00ab&nbsp;Comp\u00e9tences et innovations au service de la comp\u00e9titivit\u00e9 des produits locaux&nbsp;\u00bb, tel est le th\u00e8me de la sixi\u00e8me \u00e9dition du Mois du Consommer Local. L\u2019initiative va se d\u00e9rouler du 1<sup>er<\/sup> au 31 octobre prochain.<\/em><\/strong><\/p>\n\n\n\n<p class=\"wp-block-paragraph\">Organis\u00e9 par le minist\u00e8re du <em>Commerce, de l\u2019Artisanat et de la Consommation locale organise,&nbsp;<strong>du 1er au 31 octobre 2025<\/strong>, en collaboration avec la Commission de l\u2019UEMOA<\/em>, et pla plac\u00e9 sous le haut patronage du Pr\u00e9sident du Conseil, Faure Essozimna Gnassingb\u00e9, le Mois du Consommer Local sera, cette ann\u00e9e, \u00e0 sa sixi\u00e8me \u00e9dition.<\/p>\n\n\n<div class=\"wp-block-image\">\n<figure class=\"aligncenter size-full\"><img loading=\"lazy\" decoding=\"async\" width=\"851\" height=\"315\" src=\"https:\/\/macite.tg\/wp-content\/uploads\/2025\/10\/OTR_Bandeau-Renseignements.jpg\" alt=\"\" class=\"wp-image-25075\" srcset=\"https:\/\/macite.tg\/wp-content\/uploads\/2025\/10\/OTR_Bandeau-Renseignements.jpg 851w, https:\/\/macite.tg\/wp-content\/uploads\/2025\/10\/OTR_Bandeau-Renseignements-300x111.jpg 300w, https:\/\/macite.tg\/wp-content\/uploads\/2025\/10\/OTR_Bandeau-Renseignements-768x284.jpg 768w\" sizes=\"auto, (max-width: 851px) 100vw, 851px\" \/><\/figure>\n<\/div>\n\n\n<p class=\"wp-block-paragraph\">Une occasion pour les organisateurs de mettre l\u2019accent sur la valorisation du savoir-faire local et l\u2019encouragement des innovations qui renforcent la comp\u00e9titivit\u00e9 de nos productions nationales sur les march\u00e9s.<\/p>\n\n\n\n<p class=\"wp-block-paragraph\">Ainsi, \u00e0 travers des expositions-ventes, des conf\u00e9rences et des visites d\u2019entreprises, les projecteurs seront braqu\u00e9s sur l\u2019excellence des acteurs de la cha\u00eene de valeur et les performances des entrepreneurs togolais.<\/p>\n\n\n<div class=\"wp-block-image\">\n<figure class=\"aligncenter size-large is-resized\"><img loading=\"lazy\" decoding=\"async\" width=\"721\" height=\"1024\" src=\"https:\/\/macite.tg\/wp-content\/uploads\/2025\/10\/9666a2c7-d86a-41de-876e-8ee6850f98d4-721x1024.jpg\" alt=\"\" class=\"wp-image-25115\" style=\"width:533px;height:auto\" srcset=\"https:\/\/macite.tg\/wp-content\/uploads\/2025\/10\/9666a2c7-d86a-41de-876e-8ee6850f98d4-721x1024.jpg 721w, https:\/\/macite.tg\/wp-content\/uploads\/2025\/10\/9666a2c7-d86a-41de-876e-8ee6850f98d4-211x300.jpg 211w, https:\/\/macite.tg\/wp-content\/uploads\/2025\/10\/9666a2c7-d86a-41de-876e-8ee6850f98d4-768x1091.jpg 768w, https:\/\/macite.tg\/wp-content\/uploads\/2025\/10\/9666a2c7-d86a-41de-876e-8ee6850f98d4-1081x1536.jpg 1081w, https:\/\/macite.tg\/wp-content\/uploads\/2025\/10\/9666a2c7-d86a-41de-876e-8ee6850f98d4.jpg 1126w\" sizes=\"auto, (max-width: 721px) 100vw, 721px\" \/><\/figure>\n<\/div>\n\n\n<p class=\"wp-block-paragraph\">Le Togo, orient\u00e9 vers une approche de d\u00e9veloppement durable, veut miser sur les produits locaux et soutenir directement les PME et PMI. Il s\u2019agit l\u00e0 d\u2019une meilleure fa\u00e7on de cr\u00e9er des emplois d\u00e9cents pour la jeunesse et les femmes togolaises, t contribuer ainsi au renforcement de la coh\u00e9sion sociale et le tissu \u00e9conomique du pays.<\/p>\n\n\n\n<p class=\"wp-block-paragraph\"><strong>JPB<\/strong><\/p>\n\n\n\n<p class=\"wp-block-paragraph\"><a><strong><em>@macite.tg&nbsp;&nbsp;&nbsp;&nbsp;&nbsp;&nbsp;&nbsp;&nbsp;<\/em><\/strong><\/a><\/p>\n\n\n\n<p class=\"wp-block-paragraph\"><strong><em>E-mail&nbsp;: <\/em><\/strong><a href=\"mailto:maciteinfo@gmail.com\"><strong><em>maciteinfo@gmail.com<\/em><\/strong><\/a><strong><em>; <\/em><\/strong><a href=\"mailto:bawela1@gmail.com\"><strong><em>bawela1@gmail.com<\/em><\/strong><\/a><strong><em><\/em><\/strong><\/p>\n\n\n\n<p class=\"wp-block-paragraph\"><strong><em>Pour vos annonces, (publi)reportages, etc., joignez-nous au (00228)91515309\/<strong>79872224 <\/strong><strong><\/strong><\/em><\/strong><\/p>\n\n\n\n<p class=\"wp-block-paragraph\"><strong><em>www.macite.tg, L\u2019information, la bonne&nbsp;!<\/em><\/strong><\/p>\n\n\n\n<p class=\"wp-block-paragraph\"><\/p>\n","protected":false},"excerpt":{"rendered":"<p class=\"text-justify mb-2\" >\u00ab&nbsp;Comp\u00e9tences et innovations au service de la comp\u00e9titivit\u00e9 des produits locaux&nbsp;\u00bb, tel est le th\u00e8me de la sixi\u00e8me \u00e9dition du Mois du Consommer Local. L\u2019initiative va se d\u00e9rouler du 1er au 31 octobre prochain. Organis\u00e9 par le minist\u00e8re du Commerce, de l\u2019Artisanat et de la [&hellip;]<\/p>\n","protected":false},"author":2,"featured_media":25177,"comment_status":"open","ping_status":"open","sticky":false,"template":"","format":"standard","meta":{"footnotes":""},"categories":[20,12],"tags":[],"class_list":["post-25172","post","type-post","status-publish","format-standard","has-post-thumbnail","hentry","category-actualite","category-consommation"],"yoast_head":"<!-- This site is optimized with the Yoast SEO plugin v28.4 - https:\/\/yoast.com\/product\/yoast-seo-wordpress\/ -->\n<title>MOIS DU CONSOMMER LOCAL\u00a0: L\u2019acte 6 sous le signe de la comp\u00e9tence et de l\u2019innovation -<\/title>\n<meta name=\"robots\" content=\"index, follow, max-snippet:-1, max-image-preview:large, max-video-preview:-1\" \/>\n<link rel=\"canonical\" href=\"https:\/\/macite.tg\/?p=25172\" \/>\n<meta property=\"og:locale\" content=\"fr_FR\" \/>\n<meta property=\"og:type\" content=\"article\" \/>\n<meta property=\"og:title\" content=\"MOIS DU CONSOMMER LOCAL\u00a0: L\u2019acte 6 sous le signe de la comp\u00e9tence et de l\u2019innovation -\" \/>\n<meta property=\"og:description\" content=\"\u00ab&nbsp;Comp\u00e9tences et innovations au service de la comp\u00e9titivit\u00e9 des produits locaux&nbsp;\u00bb, tel est le th\u00e8me de la sixi\u00e8me \u00e9dition du Mois du Consommer Local. L\u2019initiative va se d\u00e9rouler du 1er au 31 octobre prochain. Organis\u00e9 par le minist\u00e8re du Commerce, de l\u2019Artisanat et de la [&hellip;]\" \/>\n<meta property=\"og:url\" content=\"https:\/\/macite.tg\/?p=25172\" \/>\n<meta property=\"article:published_time\" content=\"2025-10-06T14:02:32+00:00\" \/>\n<meta property=\"article:modified_time\" content=\"2025-10-06T14:02:38+00:00\" \/>\n<meta property=\"og:image\" content=\"https:\/\/macite.tg\/wp-content\/uploads\/2025\/10\/Consommer-local.jpg\" \/>\n\t<meta property=\"og:image:width\" content=\"500\" \/>\n\t<meta property=\"og:image:height\" content=\"500\" \/>\n\t<meta property=\"og:image:type\" content=\"image\/jpeg\" \/>\n<meta name=\"author\" content=\"Jean Pierre BAWELA\" \/>\n<meta name=\"twitter:card\" content=\"summary_large_image\" \/>\n<meta name=\"twitter:label1\" content=\"\u00c9crit par\" \/>\n\t<meta name=\"twitter:data1\" content=\"Jean Pierre BAWELA\" \/>\n\t<meta name=\"twitter:label2\" content=\"Dur\u00e9e de lecture estim\u00e9e\" \/>\n\t<meta name=\"twitter:data2\" content=\"2 minutes\" \/>\n<script type=\"application\/ld+json\" class=\"yoast-schema-graph\">{\"@context\":\"https:\\\/\\\/schema.org\",\"@graph\":[{\"@type\":\"Article\",\"@id\":\"https:\\\/\\\/macite.tg\\\/?p=25172#article\",\"isPartOf\":{\"@id\":\"https:\\\/\\\/macite.tg\\\/?p=25172\"},\"author\":{\"name\":\"Jean Pierre BAWELA\",\"@id\":\"https:\\\/\\\/macite.tg\\\/#\\\/schema\\\/person\\\/e9f2de7e5dbbe7770a9402c7ce82f5c2\"},\"headline\":\"MOIS DU CONSOMMER LOCAL\u00a0: L\u2019acte 6 sous le signe de la comp\u00e9tence et de l\u2019innovation\",\"datePublished\":\"2025-10-06T14:02:32+00:00\",\"dateModified\":\"2025-10-06T14:02:38+00:00\",\"mainEntityOfPage\":{\"@id\":\"https:\\\/\\\/macite.tg\\\/?p=25172\"},\"wordCount\":279,\"commentCount\":0,\"image\":{\"@id\":\"https:\\\/\\\/macite.tg\\\/?p=25172#primaryimage\"},\"thumbnailUrl\":\"https:\\\/\\\/macite.tg\\\/wp-content\\\/uploads\\\/2025\\\/10\\\/Consommer-local.jpg\",\"articleSection\":[\"ACTUALITE\",\"CONSOMMATION\"],\"inLanguage\":\"fr-FR\",\"potentialAction\":[{\"@type\":\"CommentAction\",\"name\":\"Comment\",\"target\":[\"https:\\\/\\\/macite.tg\\\/?p=25172#respond\"]}]},{\"@type\":\"WebPage\",\"@id\":\"https:\\\/\\\/macite.tg\\\/?p=25172\",\"url\":\"https:\\\/\\\/macite.tg\\\/?p=25172\",\"name\":\"MOIS DU CONSOMMER LOCAL\u00a0: L\u2019acte 6 sous le signe de la comp\u00e9tence et de l\u2019innovation -\",\"isPartOf\":{\"@id\":\"https:\\\/\\\/macite.tg\\\/#website\"},\"primaryImageOfPage\":{\"@id\":\"https:\\\/\\\/macite.tg\\\/?p=25172#primaryimage\"},\"image\":{\"@id\":\"https:\\\/\\\/macite.tg\\\/?p=25172#primaryimage\"},\"thumbnailUrl\":\"https:\\\/\\\/macite.tg\\\/wp-content\\\/uploads\\\/2025\\\/10\\\/Consommer-local.jpg\",\"datePublished\":\"2025-10-06T14:02:32+00:00\",\"dateModified\":\"2025-10-06T14:02:38+00:00\",\"author\":{\"@id\":\"https:\\\/\\\/macite.tg\\\/#\\\/schema\\\/person\\\/e9f2de7e5dbbe7770a9402c7ce82f5c2\"},\"breadcrumb\":{\"@id\":\"https:\\\/\\\/macite.tg\\\/?p=25172#breadcrumb\"},\"inLanguage\":\"fr-FR\",\"potentialAction\":[{\"@type\":\"ReadAction\",\"target\":[\"https:\\\/\\\/macite.tg\\\/?p=25172\"]}]},{\"@type\":\"ImageObject\",\"inLanguage\":\"fr-FR\",\"@id\":\"https:\\\/\\\/macite.tg\\\/?p=25172#primaryimage\",\"url\":\"https:\\\/\\\/macite.tg\\\/wp-content\\\/uploads\\\/2025\\\/10\\\/Consommer-local.jpg\",\"contentUrl\":\"https:\\\/\\\/macite.tg\\\/wp-content\\\/uploads\\\/2025\\\/10\\\/Consommer-local.jpg\",\"width\":500,\"height\":500},{\"@type\":\"BreadcrumbList\",\"@id\":\"https:\\\/\\\/macite.tg\\\/?p=25172#breadcrumb\",\"itemListElement\":[{\"@type\":\"ListItem\",\"position\":1,\"name\":\"Accueil\",\"item\":\"https:\\\/\\\/macite.tg\\\/\"},{\"@type\":\"ListItem\",\"position\":2,\"name\":\"MOIS DU CONSOMMER LOCAL\u00a0: L\u2019acte 6 sous le signe de la comp\u00e9tence et de l\u2019innovation\"}]},{\"@type\":\"WebSite\",\"@id\":\"https:\\\/\\\/macite.tg\\\/#website\",\"url\":\"https:\\\/\\\/macite.tg\\\/\",\"name\":\"\",\"description\":\"L&#039;information, la bonne!!!\",\"potentialAction\":[{\"@type\":\"SearchAction\",\"target\":{\"@type\":\"EntryPoint\",\"urlTemplate\":\"https:\\\/\\\/macite.tg\\\/?s={search_term_string}\"},\"query-input\":{\"@type\":\"PropertyValueSpecification\",\"valueRequired\":true,\"valueName\":\"search_term_string\"}}],\"inLanguage\":\"fr-FR\"},{\"@type\":\"Person\",\"@id\":\"https:\\\/\\\/macite.tg\\\/#\\\/schema\\\/person\\\/e9f2de7e5dbbe7770a9402c7ce82f5c2\",\"name\":\"Jean Pierre BAWELA\",\"image\":{\"@type\":\"ImageObject\",\"inLanguage\":\"fr-FR\",\"@id\":\"https:\\\/\\\/macite.tg\\\/wp-content\\\/uploads\\\/2023\\\/09\\\/WhatsApp-Image-2023-09-19-at-14.44.41-122x122.jpeg\",\"url\":\"https:\\\/\\\/macite.tg\\\/wp-content\\\/uploads\\\/2023\\\/09\\\/WhatsApp-Image-2023-09-19-at-14.44.41-122x122.jpeg\",\"contentUrl\":\"https:\\\/\\\/macite.tg\\\/wp-content\\\/uploads\\\/2023\\\/09\\\/WhatsApp-Image-2023-09-19-at-14.44.41-122x122.jpeg\",\"caption\":\"Jean Pierre BAWELA\"},\"url\":\"https:\\\/\\\/macite.tg\\\/?author=2\"}]}<\/script>\n<!-- \/ Yoast SEO plugin. -->","yoast_head_json":{"title":"MOIS DU CONSOMMER LOCAL\u00a0: L\u2019acte 6 sous le signe de la comp\u00e9tence et de l\u2019innovation -","robots":{"index":"index","follow":"follow","max-snippet":"max-snippet:-1","max-image-preview":"max-image-preview:large","max-video-preview":"max-video-preview:-1"},"canonical":"https:\/\/macite.tg\/?p=25172","og_locale":"fr_FR","og_type":"article","og_title":"MOIS DU CONSOMMER LOCAL\u00a0: L\u2019acte 6 sous le signe de la comp\u00e9tence et de l\u2019innovation -","og_description":"\u00ab&nbsp;Comp\u00e9tences et innovations au service de la comp\u00e9titivit\u00e9 des produits locaux&nbsp;\u00bb, tel est le th\u00e8me de la sixi\u00e8me \u00e9dition du Mois du Consommer Local. L\u2019initiative va se d\u00e9rouler du 1er au 31 octobre prochain. Organis\u00e9 par le minist\u00e8re du Commerce, de l\u2019Artisanat et de la [&hellip;]","og_url":"https:\/\/macite.tg\/?p=25172","article_published_time":"2025-10-06T14:02:32+00:00","article_modified_time":"2025-10-06T14:02:38+00:00","og_image":[{"width":500,"height":500,"url":"https:\/\/macite.tg\/wp-content\/uploads\/2025\/10\/Consommer-local.jpg","type":"image\/jpeg"}],"author":"Jean Pierre BAWELA","twitter_card":"summary_large_image","twitter_misc":{"\u00c9crit par":"Jean Pierre BAWELA","Dur\u00e9e de lecture estim\u00e9e":"2 minutes"},"schema":{"@context":"https:\/\/schema.org","@graph":[{"@type":"Article","@id":"https:\/\/macite.tg\/?p=25172#article","isPartOf":{"@id":"https:\/\/macite.tg\/?p=25172"},"author":{"name":"Jean Pierre BAWELA","@id":"https:\/\/macite.tg\/#\/schema\/person\/e9f2de7e5dbbe7770a9402c7ce82f5c2"},"headline":"MOIS DU CONSOMMER LOCAL\u00a0: L\u2019acte 6 sous le signe de la comp\u00e9tence et de l\u2019innovation","datePublished":"2025-10-06T14:02:32+00:00","dateModified":"2025-10-06T14:02:38+00:00","mainEntityOfPage":{"@id":"https:\/\/macite.tg\/?p=25172"},"wordCount":279,"commentCount":0,"image":{"@id":"https:\/\/macite.tg\/?p=25172#primaryimage"},"thumbnailUrl":"https:\/\/macite.tg\/wp-content\/uploads\/2025\/10\/Consommer-local.jpg","articleSection":["ACTUALITE","CONSOMMATION"],"inLanguage":"fr-FR","potentialAction":[{"@type":"CommentAction","name":"Comment","target":["https:\/\/macite.tg\/?p=25172#respond"]}]},{"@type":"WebPage","@id":"https:\/\/macite.tg\/?p=25172","url":"https:\/\/macite.tg\/?p=25172","name":"MOIS DU CONSOMMER LOCAL\u00a0: L\u2019acte 6 sous le signe de la comp\u00e9tence et de l\u2019innovation -","isPartOf":{"@id":"https:\/\/macite.tg\/#website"},"primaryImageOfPage":{"@id":"https:\/\/macite.tg\/?p=25172#primaryimage"},"image":{"@id":"https:\/\/macite.tg\/?p=25172#primaryimage"},"thumbnailUrl":"https:\/\/macite.tg\/wp-content\/uploads\/2025\/10\/Consommer-local.jpg","datePublished":"2025-10-06T14:02:32+00:00","dateModified":"2025-10-06T14:02:38+00:00","author":{"@id":"https:\/\/macite.tg\/#\/schema\/person\/e9f2de7e5dbbe7770a9402c7ce82f5c2"},"breadcrumb":{"@id":"https:\/\/macite.tg\/?p=25172#breadcrumb"},"inLanguage":"fr-FR","potentialAction":[{"@type":"ReadAction","target":["https:\/\/macite.tg\/?p=25172"]}]},{"@type":"ImageObject","inLanguage":"fr-FR","@id":"https:\/\/macite.tg\/?p=25172#primaryimage","url":"https:\/\/macite.tg\/wp-content\/uploads\/2025\/10\/Consommer-local.jpg","contentUrl":"https:\/\/macite.tg\/wp-content\/uploads\/2025\/10\/Consommer-local.jpg","width":500,"height":500},{"@type":"BreadcrumbList","@id":"https:\/\/macite.tg\/?p=25172#breadcrumb","itemListElement":[{"@type":"ListItem","position":1,"name":"Accueil","item":"https:\/\/macite.tg\/"},{"@type":"ListItem","position":2,"name":"MOIS DU CONSOMMER LOCAL\u00a0: L\u2019acte 6 sous le signe de la comp\u00e9tence et de l\u2019innovation"}]},{"@type":"WebSite","@id":"https:\/\/macite.tg\/#website","url":"https:\/\/macite.tg\/","name":"","description":"L&#039;information, la bonne!!!","potentialAction":[{"@type":"SearchAction","target":{"@type":"EntryPoint","urlTemplate":"https:\/\/macite.tg\/?s={search_term_string}"},"query-input":{"@type":"PropertyValueSpecification","valueRequired":true,"valueName":"search_term_string"}}],"inLanguage":"fr-FR"},{"@type":"Person","@id":"https:\/\/macite.tg\/#\/schema\/person\/e9f2de7e5dbbe7770a9402c7ce82f5c2","name":"Jean Pierre BAWELA","image":{"@type":"ImageObject","inLanguage":"fr-FR","@id":"https:\/\/macite.tg\/wp-content\/uploads\/2023\/09\/WhatsApp-Image-2023-09-19-at-14.44.41-122x122.jpeg","url":"https:\/\/macite.tg\/wp-content\/uploads\/2023\/09\/WhatsApp-Image-2023-09-19-at-14.44.41-122x122.jpeg","contentUrl":"https:\/\/macite.tg\/wp-content\/uploads\/2023\/09\/WhatsApp-Image-2023-09-19-at-14.44.41-122x122.jpeg","caption":"Jean Pierre BAWELA"},"url":"https:\/\/macite.tg\/?author=2"}]}},"_links":{"self":[{"href":"https:\/\/macite.tg\/index.php?rest_route=\/wp\/v2\/posts\/25172","targetHints":{"allow":["GET"]}}],"collection":[{"href":"https:\/\/macite.tg\/index.php?rest_route=\/wp\/v2\/posts"}],"about":[{"href":"https:\/\/macite.tg\/index.php?rest_route=\/wp\/v2\/types\/post"}],"author":[{"embeddable":true,"href":"https:\/\/macite.tg\/index.php?rest_route=\/wp\/v2\/users\/2"}],"replies":[{"embeddable":true,"href":"https:\/\/macite.tg\/index.php?rest_route=%2Fwp%2Fv2%2Fcomments&post=25172"}],"version-history":[{"count":0,"href":"https:\/\/macite.tg\/index.php?rest_route=\/wp\/v2\/posts\/25172\/revisions"}],"wp:featuredmedia":[{"embeddable":true,"href":"https:\/\/macite.tg\/index.php?rest_route=\/wp\/v2\/media\/25177"}],"wp:attachment":[{"href":"https:\/\/macite.tg\/index.php?rest_route=%2Fwp%2Fv2%2Fmedia&parent=25172"}],"wp:term":[{"taxonomy":"category","embeddable":true,"href":"https:\/\/macite.tg\/index.php?rest_route=%2Fwp%2Fv2%2Fcategories&post=25172"},{"taxonomy":"post_tag","embeddable":true,"href":"https:\/\/macite.tg\/index.php?rest_route=%2Fwp%2Fv2%2Ftags&post=25172"}],"curies":[{"name":"wp","href":"https:\/\/api.w.org\/{rel}","templated":true}]}}