{"id":25164,"date":"2025-10-06T12:44:44","date_gmt":"2025-10-06T12:44:44","guid":{"rendered":"https:\/\/macite.tg\/?p=25164"},"modified":"2025-10-06T17:38:16","modified_gmt":"2025-10-06T17:38:16","slug":"jmh-2025-reponse-aux-crises-urbaines-lire-communique-du-ministre-de-lurbanisme","status":"publish","type":"post","link":"https:\/\/macite.tg\/?p=25164","title":{"rendered":"JMH 2025 : R\u00e9ponse aux crises urbaines (Lire communiqu\u00e9 du Ministre de l\u2019urbanisme)"},"content":{"rendered":"\n<p class=\"wp-block-paragraph\"><strong><em>La Journ\u00e9e mondiale de l\u2019Habitat, c\u00e9l\u00e9br\u00e9e chaque premier lundi du mois d\u2019octobre, rappelle l\u2019importance d\u2019un habitat d\u00e9cent pour tous. Initi\u00e9e par l\u2019Assembl\u00e9e g\u00e9n\u00e9rale des Nations-Unies en 1985, cette c\u00e9l\u00e9bration est une occasion de sensibiliser le public sur les enjeux li\u00e9s au logement, notamment, l\u2019urbanisme durable et aux conditions de vie des populations. C\u2019est \u00e9galement une occasion pour les pouvoirs publics de faire la promotion des politiques urbaines inclusives et respectueuses de l\u2019environnement.<\/em><\/strong><\/p>\n\n\n\n<p class=\"wp-block-paragraph\"><strong><em>Au Togo, \u00e0 l\u2019occasion de cette c\u00e9l\u00e9bration qui est \u00e0 sa 40<sup>\u00e8me<\/sup> \u00e9dition, le Ministre en charge de l\u2019Habitat et de la r\u00e9forme fonci\u00e8re a rendu public un communiqu\u00e9 dans lequel l\u2019officiel, apr\u00e8s avoir peint le tableau non moins reluisant de la situation dans le monde, est revenu sur les initiatives port\u00e9es par le gouvernement togolais, sous le leadership du Pr\u00e9sident du Conseil, Faure Essozimna Gnassingb\u00e9.<\/em><\/strong><\/p>\n\n\n\n<p class=\"wp-block-paragraph\"><strong><em>Voici le communiqu\u00e9 du Ministre en charge de l\u2019Habitat&nbsp;:<\/em><\/strong><\/p>\n\n\n<div class=\"wp-block-image\">\n<figure class=\"aligncenter size-full is-resized\"><img loading=\"lazy\" decoding=\"async\" width=\"202\" height=\"196\" src=\"https:\/\/macite.tg\/wp-content\/uploads\/2025\/10\/image-15.png\" alt=\"\" class=\"wp-image-25166\" style=\"width:259px;height:auto\"\/><\/figure>\n<\/div>\n\n\n<p class=\"has-text-align-center wp-block-paragraph\"><strong><em>Minist\u00e8re de l&rsquo;urbanisme, de l&rsquo;habitat et de la r\u00e9forme fonci\u00e8re<\/em><\/strong><\/p>\n\n\n\n<h1 class=\"wp-block-heading\"><i class=\"fas fa-pencil-alt\"> <\/i><span>COMMUNIQU\u00c9 RELATIF \u00c0 LA JOURN\u00c9E MONDIALE DE L&rsquo;HABITAT 2025<\/h1>\n\n\n\n<p class=\"wp-block-paragraph\">Ch\u00e8res concitoyennes, chers concitoyens,<\/p>\n\n\n\n<p class=\"wp-block-paragraph\">Ce 6 octobre 2025, le Togo de concert avec la communaut\u00e9 internationale&nbsp; c\u00e9l\u00e8bre la 40<sup>\u00e8me<\/sup> \u00e9dition de la Journ\u00e9e Mondiale de l\u2019Habitat.<\/p>\n\n\n\n<p class=\"wp-block-paragraph\">Sous l\u2019\u00e9gide des Nations Unies, le th\u00e8me retenu cette ann\u00e9e pour cette c\u00e9l\u00e9bration, <strong>\u00ab R\u00e9ponse aux crises urbaines \u00bb <\/strong>nous interpelle \u00e0 plus d\u2019un titre.<\/p>\n\n\n\n<p class=\"wp-block-paragraph\">En effet, dans un contexte mondial durement marqu\u00e9 par les cons\u00e9quences de plus en plus n\u00e9fastes des d\u00e9r\u00e8glements climatiques, et face \u00e0 la persistance des difficult\u00e9s \u00e9conomiques, sources d\u2019in\u00e9galit\u00e9s sociales croissantes, particuli\u00e8rement en milieu urbain, nous sommes tous interpell\u00e9s sur la n\u00e9cessit\u00e9 de repenser nos mod\u00e8les urbains et de garantir \u00e0 chaque citoyen le droit fondamental \u00e0 un logement d\u00e9cent, abordable et durable.<\/p>\n\n\n\n<p class=\"wp-block-paragraph\">Face \u00e0 une urbanisation acc\u00e9l\u00e9r\u00e9e, nos villes se trouvent en premi\u00e8re ligne des chocs exog\u00e8nes. Il devient imp\u00e9ratif d\u2019adopter des strat\u00e9gies innovantes et des outils adapt\u00e9s pour anticiper, g\u00e9rer et surmonter les crises urbaines, tout en assurant l\u2019acc\u00e8s \u00e9quitable aux infrastructures, \u00e9quipements, am\u00e9nit\u00e9s et services essentiels, notamment pour les populations les plus vuln\u00e9rables. <\/p>\n\n\n\n<p class=\"wp-block-paragraph\">Sous le leadership avis\u00e9 de Son Excellence Monsieur Faure Essozimna Gnassingb\u00e9, Pr\u00e9sident du Conseil, le Gouvernement a inscrit la lutte contre les vuln\u00e9rabilit\u00e9s et la r\u00e9silience urbaine au c\u0153ur de sa Feuille de route 2020\u20132025. \u00c0 travers le Minist\u00e8re l\u2019Urbanisme, de l\u2019Habitat et de la R\u00e9forme Fonci\u00e8re, des initiatives structurantes sont mises en \u0153uvre, avec le concours de plusieurs acteurs, pour planifier des villes durables \u00e0 l\u2019instar de la cr\u00e9ation de la ville nouvelle de Kpom\u00e9-Dalav\u00e9, l\u2019am\u00e9nagement et la s\u00e9curisation fonci\u00e8re ainsi que la r\u00e9glementation de l\u2019acc\u00e8s et le renforcement de la capacit\u00e9 d\u2019adaptation et de riposte face aux catastrophes naturelles, notamment les inondations.<\/p>\n\n\n\n<p class=\"wp-block-paragraph\">Pour marquer cette c\u00e9l\u00e9bration, des activit\u00e9s sont programm\u00e9es au cours du mois d\u2019octobre autour des th\u00e8mes relatifs au logement au Togo.&nbsp;<\/p>\n\n\n\n<p class=\"wp-block-paragraph\">Ch\u00e8res concitoyennes, chers concitoyens, la r\u00e9silience urbaine est une responsabilit\u00e9 partag\u00e9e. Le Gouvernement, \u00e0 travers le Minist\u00e8re de l\u2019Urbanisme, de l\u2019Habitat et de la R\u00e9forme Fonci\u00e8re, invite \u00e0 un engagement actif et collectif pour construire un avenir urbain plus s\u00fbr, plus \u00e9quitable et plus r\u00e9silient.<\/p>\n\n\n\n<p class=\"wp-block-paragraph\">Fait \u00e0 Lom\u00e9, le 6 octobre 2025<\/p>\n\n\n\n<p class=\"wp-block-paragraph\"><strong>Le Ministre de l\u2019urbanisme, de l\u2019habitat et de la r\u00e9forme fonci\u00e8re<\/strong><\/p>\n\n\n\n<p class=\"wp-block-paragraph\"><\/p>\n","protected":false},"excerpt":{"rendered":"<p class=\"text-justify mb-2\" >La Journ\u00e9e mondiale de l\u2019Habitat, c\u00e9l\u00e9br\u00e9e chaque premier lundi du mois d\u2019octobre, rappelle l\u2019importance d\u2019un habitat d\u00e9cent pour tous. Initi\u00e9e par l\u2019Assembl\u00e9e g\u00e9n\u00e9rale des Nations-Unies en 1985, cette c\u00e9l\u00e9bration est une occasion de sensibiliser le public sur les enjeux li\u00e9s au logement, notamment, l\u2019urbanisme durable [&hellip;]<\/p>\n","protected":false},"author":2,"featured_media":25167,"comment_status":"open","ping_status":"open","sticky":false,"template":"","format":"standard","meta":{"footnotes":""},"categories":[20,15],"tags":[],"class_list":["post-25164","post","type-post","status-publish","format-standard","has-post-thumbnail","hentry","category-actualite","category-developpement"],"yoast_head":"<!-- This site is optimized with the Yoast SEO plugin v28.4 - https:\/\/yoast.com\/product\/yoast-seo-wordpress\/ -->\n<title>JMH 2025 : R\u00e9ponse aux crises urbaines (Lire communiqu\u00e9 du Ministre de l\u2019urbanisme) -<\/title>\n<meta name=\"robots\" content=\"index, follow, max-snippet:-1, max-image-preview:large, max-video-preview:-1\" \/>\n<link rel=\"canonical\" href=\"https:\/\/macite.tg\/?p=25164\" \/>\n<meta property=\"og:locale\" content=\"fr_FR\" \/>\n<meta property=\"og:type\" content=\"article\" \/>\n<meta property=\"og:title\" content=\"JMH 2025 : R\u00e9ponse aux crises urbaines (Lire communiqu\u00e9 du Ministre de l\u2019urbanisme) -\" \/>\n<meta property=\"og:description\" content=\"La Journ\u00e9e mondiale de l\u2019Habitat, c\u00e9l\u00e9br\u00e9e chaque premier lundi du mois d\u2019octobre, rappelle l\u2019importance d\u2019un habitat d\u00e9cent pour tous. Initi\u00e9e par l\u2019Assembl\u00e9e g\u00e9n\u00e9rale des Nations-Unies en 1985, cette c\u00e9l\u00e9bration est une occasion de sensibiliser le public sur les enjeux li\u00e9s au logement, notamment, l\u2019urbanisme durable [&hellip;]\" \/>\n<meta property=\"og:url\" content=\"https:\/\/macite.tg\/?p=25164\" \/>\n<meta property=\"article:published_time\" content=\"2025-10-06T12:44:44+00:00\" \/>\n<meta property=\"article:modified_time\" content=\"2025-10-06T17:38:16+00:00\" \/>\n<meta property=\"og:image\" content=\"https:\/\/macite.tg\/wp-content\/uploads\/2025\/10\/image-16.png\" \/>\n\t<meta property=\"og:image:width\" content=\"343\" \/>\n\t<meta property=\"og:image:height\" content=\"270\" \/>\n\t<meta property=\"og:image:type\" content=\"image\/png\" \/>\n<meta name=\"author\" content=\"Jean Pierre BAWELA\" \/>\n<meta name=\"twitter:card\" content=\"summary_large_image\" \/>\n<meta name=\"twitter:label1\" content=\"\u00c9crit par\" \/>\n\t<meta name=\"twitter:data1\" content=\"Jean Pierre BAWELA\" \/>\n\t<meta name=\"twitter:label2\" content=\"Dur\u00e9e de lecture estim\u00e9e\" \/>\n\t<meta name=\"twitter:data2\" content=\"4 minutes\" \/>\n<script type=\"application\/ld+json\" class=\"yoast-schema-graph\">{\"@context\":\"https:\\\/\\\/schema.org\",\"@graph\":[{\"@type\":\"Article\",\"@id\":\"https:\\\/\\\/macite.tg\\\/?p=25164#article\",\"isPartOf\":{\"@id\":\"https:\\\/\\\/macite.tg\\\/?p=25164\"},\"author\":{\"name\":\"Jean Pierre BAWELA\",\"@id\":\"https:\\\/\\\/macite.tg\\\/#\\\/schema\\\/person\\\/e9f2de7e5dbbe7770a9402c7ce82f5c2\"},\"headline\":\"JMH 2025 : R\u00e9ponse aux crises urbaines (Lire communiqu\u00e9 du Ministre de l\u2019urbanisme)\",\"datePublished\":\"2025-10-06T12:44:44+00:00\",\"dateModified\":\"2025-10-06T17:38:16+00:00\",\"mainEntityOfPage\":{\"@id\":\"https:\\\/\\\/macite.tg\\\/?p=25164\"},\"wordCount\":634,\"commentCount\":0,\"image\":{\"@id\":\"https:\\\/\\\/macite.tg\\\/?p=25164#primaryimage\"},\"thumbnailUrl\":\"https:\\\/\\\/macite.tg\\\/wp-content\\\/uploads\\\/2025\\\/10\\\/image-16.png\",\"articleSection\":[\"ACTUALITE\",\"DEVELOPPEMENT\"],\"inLanguage\":\"fr-FR\",\"potentialAction\":[{\"@type\":\"CommentAction\",\"name\":\"Comment\",\"target\":[\"https:\\\/\\\/macite.tg\\\/?p=25164#respond\"]}]},{\"@type\":\"WebPage\",\"@id\":\"https:\\\/\\\/macite.tg\\\/?p=25164\",\"url\":\"https:\\\/\\\/macite.tg\\\/?p=25164\",\"name\":\"JMH 2025 : R\u00e9ponse aux crises urbaines (Lire communiqu\u00e9 du Ministre de l\u2019urbanisme) -\",\"isPartOf\":{\"@id\":\"https:\\\/\\\/macite.tg\\\/#website\"},\"primaryImageOfPage\":{\"@id\":\"https:\\\/\\\/macite.tg\\\/?p=25164#primaryimage\"},\"image\":{\"@id\":\"https:\\\/\\\/macite.tg\\\/?p=25164#primaryimage\"},\"thumbnailUrl\":\"https:\\\/\\\/macite.tg\\\/wp-content\\\/uploads\\\/2025\\\/10\\\/image-16.png\",\"datePublished\":\"2025-10-06T12:44:44+00:00\",\"dateModified\":\"2025-10-06T17:38:16+00:00\",\"author\":{\"@id\":\"https:\\\/\\\/macite.tg\\\/#\\\/schema\\\/person\\\/e9f2de7e5dbbe7770a9402c7ce82f5c2\"},\"breadcrumb\":{\"@id\":\"https:\\\/\\\/macite.tg\\\/?p=25164#breadcrumb\"},\"inLanguage\":\"fr-FR\",\"potentialAction\":[{\"@type\":\"ReadAction\",\"target\":[\"https:\\\/\\\/macite.tg\\\/?p=25164\"]}]},{\"@type\":\"ImageObject\",\"inLanguage\":\"fr-FR\",\"@id\":\"https:\\\/\\\/macite.tg\\\/?p=25164#primaryimage\",\"url\":\"https:\\\/\\\/macite.tg\\\/wp-content\\\/uploads\\\/2025\\\/10\\\/image-16.png\",\"contentUrl\":\"https:\\\/\\\/macite.tg\\\/wp-content\\\/uploads\\\/2025\\\/10\\\/image-16.png\",\"width\":343,\"height\":270},{\"@type\":\"BreadcrumbList\",\"@id\":\"https:\\\/\\\/macite.tg\\\/?p=25164#breadcrumb\",\"itemListElement\":[{\"@type\":\"ListItem\",\"position\":1,\"name\":\"Accueil\",\"item\":\"https:\\\/\\\/macite.tg\\\/\"},{\"@type\":\"ListItem\",\"position\":2,\"name\":\"JMH 2025 : R\u00e9ponse aux crises urbaines (Lire communiqu\u00e9 du Ministre de l\u2019urbanisme)\"}]},{\"@type\":\"WebSite\",\"@id\":\"https:\\\/\\\/macite.tg\\\/#website\",\"url\":\"https:\\\/\\\/macite.tg\\\/\",\"name\":\"\",\"description\":\"L&#039;information, la bonne!!!\",\"potentialAction\":[{\"@type\":\"SearchAction\",\"target\":{\"@type\":\"EntryPoint\",\"urlTemplate\":\"https:\\\/\\\/macite.tg\\\/?s={search_term_string}\"},\"query-input\":{\"@type\":\"PropertyValueSpecification\",\"valueRequired\":true,\"valueName\":\"search_term_string\"}}],\"inLanguage\":\"fr-FR\"},{\"@type\":\"Person\",\"@id\":\"https:\\\/\\\/macite.tg\\\/#\\\/schema\\\/person\\\/e9f2de7e5dbbe7770a9402c7ce82f5c2\",\"name\":\"Jean Pierre BAWELA\",\"image\":{\"@type\":\"ImageObject\",\"inLanguage\":\"fr-FR\",\"@id\":\"https:\\\/\\\/macite.tg\\\/wp-content\\\/uploads\\\/2023\\\/09\\\/WhatsApp-Image-2023-09-19-at-14.44.41-122x122.jpeg\",\"url\":\"https:\\\/\\\/macite.tg\\\/wp-content\\\/uploads\\\/2023\\\/09\\\/WhatsApp-Image-2023-09-19-at-14.44.41-122x122.jpeg\",\"contentUrl\":\"https:\\\/\\\/macite.tg\\\/wp-content\\\/uploads\\\/2023\\\/09\\\/WhatsApp-Image-2023-09-19-at-14.44.41-122x122.jpeg\",\"caption\":\"Jean Pierre BAWELA\"},\"url\":\"https:\\\/\\\/macite.tg\\\/?author=2\"}]}<\/script>\n<!-- \/ Yoast SEO plugin. -->","yoast_head_json":{"title":"JMH 2025 : R\u00e9ponse aux crises urbaines (Lire communiqu\u00e9 du Ministre de l\u2019urbanisme) -","robots":{"index":"index","follow":"follow","max-snippet":"max-snippet:-1","max-image-preview":"max-image-preview:large","max-video-preview":"max-video-preview:-1"},"canonical":"https:\/\/macite.tg\/?p=25164","og_locale":"fr_FR","og_type":"article","og_title":"JMH 2025 : R\u00e9ponse aux crises urbaines (Lire communiqu\u00e9 du Ministre de l\u2019urbanisme) -","og_description":"La Journ\u00e9e mondiale de l\u2019Habitat, c\u00e9l\u00e9br\u00e9e chaque premier lundi du mois d\u2019octobre, rappelle l\u2019importance d\u2019un habitat d\u00e9cent pour tous. Initi\u00e9e par l\u2019Assembl\u00e9e g\u00e9n\u00e9rale des Nations-Unies en 1985, cette c\u00e9l\u00e9bration est une occasion de sensibiliser le public sur les enjeux li\u00e9s au logement, notamment, l\u2019urbanisme durable [&hellip;]","og_url":"https:\/\/macite.tg\/?p=25164","article_published_time":"2025-10-06T12:44:44+00:00","article_modified_time":"2025-10-06T17:38:16+00:00","og_image":[{"width":343,"height":270,"url":"https:\/\/macite.tg\/wp-content\/uploads\/2025\/10\/image-16.png","type":"image\/png"}],"author":"Jean Pierre BAWELA","twitter_card":"summary_large_image","twitter_misc":{"\u00c9crit par":"Jean Pierre BAWELA","Dur\u00e9e de lecture estim\u00e9e":"4 minutes"},"schema":{"@context":"https:\/\/schema.org","@graph":[{"@type":"Article","@id":"https:\/\/macite.tg\/?p=25164#article","isPartOf":{"@id":"https:\/\/macite.tg\/?p=25164"},"author":{"name":"Jean Pierre BAWELA","@id":"https:\/\/macite.tg\/#\/schema\/person\/e9f2de7e5dbbe7770a9402c7ce82f5c2"},"headline":"JMH 2025 : R\u00e9ponse aux crises urbaines (Lire communiqu\u00e9 du Ministre de l\u2019urbanisme)","datePublished":"2025-10-06T12:44:44+00:00","dateModified":"2025-10-06T17:38:16+00:00","mainEntityOfPage":{"@id":"https:\/\/macite.tg\/?p=25164"},"wordCount":634,"commentCount":0,"image":{"@id":"https:\/\/macite.tg\/?p=25164#primaryimage"},"thumbnailUrl":"https:\/\/macite.tg\/wp-content\/uploads\/2025\/10\/image-16.png","articleSection":["ACTUALITE","DEVELOPPEMENT"],"inLanguage":"fr-FR","potentialAction":[{"@type":"CommentAction","name":"Comment","target":["https:\/\/macite.tg\/?p=25164#respond"]}]},{"@type":"WebPage","@id":"https:\/\/macite.tg\/?p=25164","url":"https:\/\/macite.tg\/?p=25164","name":"JMH 2025 : R\u00e9ponse aux crises urbaines (Lire communiqu\u00e9 du Ministre de l\u2019urbanisme) -","isPartOf":{"@id":"https:\/\/macite.tg\/#website"},"primaryImageOfPage":{"@id":"https:\/\/macite.tg\/?p=25164#primaryimage"},"image":{"@id":"https:\/\/macite.tg\/?p=25164#primaryimage"},"thumbnailUrl":"https:\/\/macite.tg\/wp-content\/uploads\/2025\/10\/image-16.png","datePublished":"2025-10-06T12:44:44+00:00","dateModified":"2025-10-06T17:38:16+00:00","author":{"@id":"https:\/\/macite.tg\/#\/schema\/person\/e9f2de7e5dbbe7770a9402c7ce82f5c2"},"breadcrumb":{"@id":"https:\/\/macite.tg\/?p=25164#breadcrumb"},"inLanguage":"fr-FR","potentialAction":[{"@type":"ReadAction","target":["https:\/\/macite.tg\/?p=25164"]}]},{"@type":"ImageObject","inLanguage":"fr-FR","@id":"https:\/\/macite.tg\/?p=25164#primaryimage","url":"https:\/\/macite.tg\/wp-content\/uploads\/2025\/10\/image-16.png","contentUrl":"https:\/\/macite.tg\/wp-content\/uploads\/2025\/10\/image-16.png","width":343,"height":270},{"@type":"BreadcrumbList","@id":"https:\/\/macite.tg\/?p=25164#breadcrumb","itemListElement":[{"@type":"ListItem","position":1,"name":"Accueil","item":"https:\/\/macite.tg\/"},{"@type":"ListItem","position":2,"name":"JMH 2025 : R\u00e9ponse aux crises urbaines (Lire communiqu\u00e9 du Ministre de l\u2019urbanisme)"}]},{"@type":"WebSite","@id":"https:\/\/macite.tg\/#website","url":"https:\/\/macite.tg\/","name":"","description":"L&#039;information, la bonne!!!","potentialAction":[{"@type":"SearchAction","target":{"@type":"EntryPoint","urlTemplate":"https:\/\/macite.tg\/?s={search_term_string}"},"query-input":{"@type":"PropertyValueSpecification","valueRequired":true,"valueName":"search_term_string"}}],"inLanguage":"fr-FR"},{"@type":"Person","@id":"https:\/\/macite.tg\/#\/schema\/person\/e9f2de7e5dbbe7770a9402c7ce82f5c2","name":"Jean Pierre BAWELA","image":{"@type":"ImageObject","inLanguage":"fr-FR","@id":"https:\/\/macite.tg\/wp-content\/uploads\/2023\/09\/WhatsApp-Image-2023-09-19-at-14.44.41-122x122.jpeg","url":"https:\/\/macite.tg\/wp-content\/uploads\/2023\/09\/WhatsApp-Image-2023-09-19-at-14.44.41-122x122.jpeg","contentUrl":"https:\/\/macite.tg\/wp-content\/uploads\/2023\/09\/WhatsApp-Image-2023-09-19-at-14.44.41-122x122.jpeg","caption":"Jean Pierre BAWELA"},"url":"https:\/\/macite.tg\/?author=2"}]}},"_links":{"self":[{"href":"https:\/\/macite.tg\/index.php?rest_route=\/wp\/v2\/posts\/25164","targetHints":{"allow":["GET"]}}],"collection":[{"href":"https:\/\/macite.tg\/index.php?rest_route=\/wp\/v2\/posts"}],"about":[{"href":"https:\/\/macite.tg\/index.php?rest_route=\/wp\/v2\/types\/post"}],"author":[{"embeddable":true,"href":"https:\/\/macite.tg\/index.php?rest_route=\/wp\/v2\/users\/2"}],"replies":[{"embeddable":true,"href":"https:\/\/macite.tg\/index.php?rest_route=%2Fwp%2Fv2%2Fcomments&post=25164"}],"version-history":[{"count":0,"href":"https:\/\/macite.tg\/index.php?rest_route=\/wp\/v2\/posts\/25164\/revisions"}],"wp:featuredmedia":[{"embeddable":true,"href":"https:\/\/macite.tg\/index.php?rest_route=\/wp\/v2\/media\/25167"}],"wp:attachment":[{"href":"https:\/\/macite.tg\/index.php?rest_route=%2Fwp%2Fv2%2Fmedia&parent=25164"}],"wp:term":[{"taxonomy":"category","embeddable":true,"href":"https:\/\/macite.tg\/index.php?rest_route=%2Fwp%2Fv2%2Fcategories&post=25164"},{"taxonomy":"post_tag","embeddable":true,"href":"https:\/\/macite.tg\/index.php?rest_route=%2Fwp%2Fv2%2Ftags&post=25164"}],"curies":[{"name":"wp","href":"https:\/\/api.w.org\/{rel}","templated":true}]}}