{"id":25152,"date":"2025-10-06T12:12:54","date_gmt":"2025-10-06T12:12:54","guid":{"rendered":"https:\/\/macite.tg\/?p=25152"},"modified":"2025-10-06T12:44:36","modified_gmt":"2025-10-06T12:44:36","slug":"repression-des-manifestations-france-pays-des-droits-de-lhomme-dites-vous","status":"publish","type":"post","link":"https:\/\/macite.tg\/?p=25152","title":{"rendered":"REPRESSION DES MANIFESTATIONS : France, pays des droits de l\u2019homme, dites-vous\u00a0?"},"content":{"rendered":"\n<p class=\"wp-block-paragraph\"><strong><em>La France est fouett\u00e9e par un vent de r\u00e9volte depuis quelques semaines d\u00e9j\u00e0. En cause, la col\u00e8re est pr\u00e9sente dans les manifestations partout en France. Apr\u00e8s le 18 septembre o\u00f9 la mobilisation sociale a fait trembler Paris, les manifestants avaient rendez-vous le jeudi 02 octobre dernier. Mais face aux manifestants, les forces de l\u2019ordre mobilis\u00e9es, n\u2019ont pas fait dans les d\u00e9taille\u2026tant les violations des droits l\u2019homme ont \u00e9t\u00e9 criardes&nbsp;: bastonnades, agressions physiques, destructions de banderoles et des biens personnels, arrestations violentes, etc.<\/em><\/strong><\/p>\n\n\n\n<p class=\"wp-block-paragraph\">Dans les rues de France, le minist\u00e8re de l\u2019int\u00e9rieur a compt\u00e9 plus de deux\u00a0fois moins de manifestants sur tout le territoire (195.000, le 2\u00a0octobre, contre\u00a0505.000, le 18\u00a0septembre). Et les taux de gr\u00e9vistes ont \u00e9galement chut\u00e9 dans le scolaire (autour de 6\u00a0% contre 17\u00a0% le 18, selon le minist\u00e8re de l\u2019\u00e9ducation) comme dans la fonction publique (4\u00a0% contre 11\u00a0%), selon les chiffres relay\u00e9s par le journal Le Monde.<\/p>\n\n\n\n<p class=\"wp-block-paragraph\">M\u00eame si l\u2019on note un essoufflement du mouvement, dans les cort\u00e8ges, de Paris \u00e0 Avignon, en passant par Valenciennes (Nord) ou Lyon, l\u2019amertume l\u2019emportait encore sur le renoncement.<\/p>\n\n\n<div class=\"wp-block-image\">\n<figure class=\"aligncenter size-full is-resized\"><img loading=\"lazy\" decoding=\"async\" width=\"720\" height=\"725\" src=\"https:\/\/macite.tg\/wp-content\/uploads\/2025\/10\/Gest-exo_PUB.jpg\" alt=\"\" class=\"wp-image-25124\" style=\"width:470px;height:auto\" srcset=\"https:\/\/macite.tg\/wp-content\/uploads\/2025\/10\/Gest-exo_PUB.jpg 720w, https:\/\/macite.tg\/wp-content\/uploads\/2025\/10\/Gest-exo_PUB-298x300.jpg 298w, https:\/\/macite.tg\/wp-content\/uploads\/2025\/10\/Gest-exo_PUB-150x150.jpg 150w, https:\/\/macite.tg\/wp-content\/uploads\/2025\/10\/Gest-exo_PUB-122x122.jpg 122w\" sizes=\"auto, (max-width: 720px) 100vw, 720px\" \/><\/figure>\n<\/div>\n\n\n<p class=\"wp-block-paragraph\">Selon une manifestante de 58 ans, jadis mobilis\u00e9e avec les <em>\u00ab&nbsp;gilets jaunes&nbsp;\u00bb<\/em> (les t\u00e9moins cit\u00e9s par leur pr\u00e9nom n\u2019ont pas souhait\u00e9 donner leur nom), l\u2019on ressent \u00ab&nbsp;une certaine morosit\u00e9&nbsp;\u00bb de la part des manifestants. <em>\u00ab&nbsp;On en a marre de faire des manifs qui ne m\u00e8nent \u00e0 rien, avec les m\u00eames chants\u2026 C\u2019est d\u00e9primant. Il faudrait d\u2019autres formes de lutte&nbsp;\u00bb, <\/em>a-t-elle martel\u00e9.<\/p>\n\n\n\n<p class=\"wp-block-paragraph\">Face \u00e0 la d\u00e9termination des manifestants dans les rues, la police oppose une fermet\u00e9, d\u2019ailleurs excessive, selon certains observateurs, qui ont d\u00e9nonc\u00e9 des violations massives des droits humains.<\/p>\n\n\n\n<p class=\"wp-block-paragraph\">Sur une vid\u00e9o devenue d\u2019ailleurs virale, on voit la police occup\u00e9e \u00e0 tabasser des manifestants pacifiques, en arrachant des banderoles, \u2026 pour certains observateurs, la France, pays des droits de l\u2019Homme, remet encore son titre en jeu\u2026<\/p>\n\n\n\n<p class=\"wp-block-paragraph\">Voici quelques images&nbsp;:<\/p>\n\n\n\n<figure class=\"wp-block-image size-full\"><img loading=\"lazy\" decoding=\"async\" width=\"837\" height=\"399\" src=\"https:\/\/macite.tg\/wp-content\/uploads\/2025\/10\/image-11.png\" alt=\"\" class=\"wp-image-25157\" srcset=\"https:\/\/macite.tg\/wp-content\/uploads\/2025\/10\/image-11.png 837w, https:\/\/macite.tg\/wp-content\/uploads\/2025\/10\/image-11-300x143.png 300w, https:\/\/macite.tg\/wp-content\/uploads\/2025\/10\/image-11-768x366.png 768w\" sizes=\"auto, (max-width: 837px) 100vw, 837px\" \/><\/figure>\n\n\n\n<figure class=\"wp-block-image size-full\"><img loading=\"lazy\" decoding=\"async\" width=\"838\" height=\"365\" src=\"https:\/\/macite.tg\/wp-content\/uploads\/2025\/10\/image-9.png\" alt=\"\" class=\"wp-image-25155\" srcset=\"https:\/\/macite.tg\/wp-content\/uploads\/2025\/10\/image-9.png 838w, https:\/\/macite.tg\/wp-content\/uploads\/2025\/10\/image-9-300x131.png 300w, https:\/\/macite.tg\/wp-content\/uploads\/2025\/10\/image-9-768x335.png 768w\" sizes=\"auto, (max-width: 838px) 100vw, 838px\" \/><\/figure>\n\n\n\n<figure class=\"wp-block-image size-full\"><img loading=\"lazy\" decoding=\"async\" width=\"832\" height=\"408\" src=\"https:\/\/macite.tg\/wp-content\/uploads\/2025\/10\/image-10.png\" alt=\"\" class=\"wp-image-25156\" srcset=\"https:\/\/macite.tg\/wp-content\/uploads\/2025\/10\/image-10.png 832w, https:\/\/macite.tg\/wp-content\/uploads\/2025\/10\/image-10-300x147.png 300w, https:\/\/macite.tg\/wp-content\/uploads\/2025\/10\/image-10-768x377.png 768w\" sizes=\"auto, (max-width: 832px) 100vw, 832px\" \/><\/figure>\n\n\n\n<figure class=\"wp-block-image size-full\"><img loading=\"lazy\" decoding=\"async\" width=\"839\" height=\"431\" src=\"https:\/\/macite.tg\/wp-content\/uploads\/2025\/10\/image-12.png\" alt=\"\" class=\"wp-image-25158\" srcset=\"https:\/\/macite.tg\/wp-content\/uploads\/2025\/10\/image-12.png 839w, https:\/\/macite.tg\/wp-content\/uploads\/2025\/10\/image-12-300x154.png 300w, https:\/\/macite.tg\/wp-content\/uploads\/2025\/10\/image-12-768x395.png 768w\" sizes=\"auto, (max-width: 839px) 100vw, 839px\" \/><\/figure>\n\n\n\n<figure class=\"wp-block-image size-full\"><img loading=\"lazy\" decoding=\"async\" width=\"834\" height=\"407\" src=\"https:\/\/macite.tg\/wp-content\/uploads\/2025\/10\/image-13.png\" alt=\"\" class=\"wp-image-25159\" srcset=\"https:\/\/macite.tg\/wp-content\/uploads\/2025\/10\/image-13.png 834w, https:\/\/macite.tg\/wp-content\/uploads\/2025\/10\/image-13-300x146.png 300w, https:\/\/macite.tg\/wp-content\/uploads\/2025\/10\/image-13-768x375.png 768w\" sizes=\"auto, (max-width: 834px) 100vw, 834px\" \/><\/figure>\n\n\n\n<figure class=\"wp-block-image size-full\"><img loading=\"lazy\" decoding=\"async\" width=\"835\" height=\"417\" src=\"https:\/\/macite.tg\/wp-content\/uploads\/2025\/10\/image-14.png\" alt=\"\" class=\"wp-image-25160\" srcset=\"https:\/\/macite.tg\/wp-content\/uploads\/2025\/10\/image-14.png 835w, https:\/\/macite.tg\/wp-content\/uploads\/2025\/10\/image-14-300x150.png 300w, https:\/\/macite.tg\/wp-content\/uploads\/2025\/10\/image-14-768x384.png 768w\" sizes=\"auto, (max-width: 835px) 100vw, 835px\" \/><\/figure>\n\n\n\n<p class=\"wp-block-paragraph\"><a><strong><em>@macite.tg&nbsp;&nbsp;&nbsp;&nbsp;&nbsp;&nbsp;&nbsp;&nbsp;<\/em><\/strong><\/a><\/p>\n\n\n\n<p class=\"wp-block-paragraph\"><strong><em>E-mail&nbsp;: <\/em><\/strong><a href=\"mailto:maciteinfo@gmail.com\"><strong><em>maciteinfo@gmail.com<\/em><\/strong><\/a><strong><em>; <\/em><\/strong><a href=\"mailto:bawela1@gmail.com\"><strong><em>bawela1@gmail.com<\/em><\/strong><\/a><strong><em><\/em><\/strong><\/p>\n\n\n\n<p class=\"wp-block-paragraph\"><strong><em>Pour vos annonces, (publi)reportages, etc., joignez-nous au (00228)91515309\/<strong>79872224 <\/strong><strong><\/strong><\/em><\/strong><\/p>\n\n\n\n<p class=\"wp-block-paragraph\"><strong><em>www.macite.tg, L\u2019information, la bonne&nbsp;!<\/em><\/strong><\/p>\n","protected":false},"excerpt":{"rendered":"<p class=\"text-justify mb-2\" >La France est fouett\u00e9e par un vent de r\u00e9volte depuis quelques semaines d\u00e9j\u00e0. En cause, la col\u00e8re est pr\u00e9sente dans les manifestations partout en France. Apr\u00e8s le 18 septembre o\u00f9 la mobilisation sociale a fait trembler Paris, les manifestants avaient rendez-vous le jeudi 02 octobre [&hellip;]<\/p>\n","protected":false},"author":2,"featured_media":25161,"comment_status":"open","ping_status":"open","sticky":false,"template":"","format":"standard","meta":{"footnotes":""},"categories":[20],"tags":[],"class_list":["post-25152","post","type-post","status-publish","format-standard","has-post-thumbnail","hentry","category-actualite"],"yoast_head":"<!-- This site is optimized with the Yoast SEO plugin v28.4 - https:\/\/yoast.com\/product\/yoast-seo-wordpress\/ -->\n<title>REPRESSION DES MANIFESTATIONS : France, pays des droits de l\u2019homme, dites-vous\u00a0? -<\/title>\n<meta name=\"robots\" content=\"index, follow, max-snippet:-1, max-image-preview:large, max-video-preview:-1\" \/>\n<link rel=\"canonical\" href=\"https:\/\/macite.tg\/?p=25152\" \/>\n<meta property=\"og:locale\" content=\"fr_FR\" \/>\n<meta property=\"og:type\" content=\"article\" \/>\n<meta property=\"og:title\" content=\"REPRESSION DES MANIFESTATIONS : France, pays des droits de l\u2019homme, dites-vous\u00a0? -\" \/>\n<meta property=\"og:description\" content=\"La France est fouett\u00e9e par un vent de r\u00e9volte depuis quelques semaines d\u00e9j\u00e0. En cause, la col\u00e8re est pr\u00e9sente dans les manifestations partout en France. Apr\u00e8s le 18 septembre o\u00f9 la mobilisation sociale a fait trembler Paris, les manifestants avaient rendez-vous le jeudi 02 octobre [&hellip;]\" \/>\n<meta property=\"og:url\" content=\"https:\/\/macite.tg\/?p=25152\" \/>\n<meta property=\"article:published_time\" content=\"2025-10-06T12:12:54+00:00\" \/>\n<meta property=\"article:modified_time\" content=\"2025-10-06T12:44:36+00:00\" \/>\n<meta property=\"og:image\" content=\"https:\/\/macite.tg\/wp-content\/uploads\/2025\/10\/Manfi-france.jpg\" \/>\n\t<meta property=\"og:image:width\" content=\"500\" \/>\n\t<meta property=\"og:image:height\" content=\"114\" \/>\n\t<meta property=\"og:image:type\" content=\"image\/jpeg\" \/>\n<meta name=\"author\" content=\"Jean Pierre BAWELA\" \/>\n<meta name=\"twitter:card\" content=\"summary_large_image\" \/>\n<meta name=\"twitter:label1\" content=\"\u00c9crit par\" \/>\n\t<meta name=\"twitter:data1\" content=\"Jean Pierre BAWELA\" \/>\n\t<meta name=\"twitter:label2\" content=\"Dur\u00e9e de lecture estim\u00e9e\" \/>\n\t<meta name=\"twitter:data2\" content=\"2 minutes\" \/>\n<script type=\"application\/ld+json\" class=\"yoast-schema-graph\">{\"@context\":\"https:\\\/\\\/schema.org\",\"@graph\":[{\"@type\":\"Article\",\"@id\":\"https:\\\/\\\/macite.tg\\\/?p=25152#article\",\"isPartOf\":{\"@id\":\"https:\\\/\\\/macite.tg\\\/?p=25152\"},\"author\":{\"name\":\"Jean Pierre BAWELA\",\"@id\":\"https:\\\/\\\/macite.tg\\\/#\\\/schema\\\/person\\\/e9f2de7e5dbbe7770a9402c7ce82f5c2\"},\"headline\":\"REPRESSION DES MANIFESTATIONS : France, pays des droits de l\u2019homme, dites-vous\u00a0?\",\"datePublished\":\"2025-10-06T12:12:54+00:00\",\"dateModified\":\"2025-10-06T12:44:36+00:00\",\"mainEntityOfPage\":{\"@id\":\"https:\\\/\\\/macite.tg\\\/?p=25152\"},\"wordCount\":388,\"commentCount\":0,\"image\":{\"@id\":\"https:\\\/\\\/macite.tg\\\/?p=25152#primaryimage\"},\"thumbnailUrl\":\"https:\\\/\\\/macite.tg\\\/wp-content\\\/uploads\\\/2025\\\/10\\\/Manfi-france.jpg\",\"articleSection\":[\"ACTUALITE\"],\"inLanguage\":\"fr-FR\",\"potentialAction\":[{\"@type\":\"CommentAction\",\"name\":\"Comment\",\"target\":[\"https:\\\/\\\/macite.tg\\\/?p=25152#respond\"]}]},{\"@type\":\"WebPage\",\"@id\":\"https:\\\/\\\/macite.tg\\\/?p=25152\",\"url\":\"https:\\\/\\\/macite.tg\\\/?p=25152\",\"name\":\"REPRESSION DES MANIFESTATIONS : France, pays des droits de l\u2019homme, dites-vous\u00a0? -\",\"isPartOf\":{\"@id\":\"https:\\\/\\\/macite.tg\\\/#website\"},\"primaryImageOfPage\":{\"@id\":\"https:\\\/\\\/macite.tg\\\/?p=25152#primaryimage\"},\"image\":{\"@id\":\"https:\\\/\\\/macite.tg\\\/?p=25152#primaryimage\"},\"thumbnailUrl\":\"https:\\\/\\\/macite.tg\\\/wp-content\\\/uploads\\\/2025\\\/10\\\/Manfi-france.jpg\",\"datePublished\":\"2025-10-06T12:12:54+00:00\",\"dateModified\":\"2025-10-06T12:44:36+00:00\",\"author\":{\"@id\":\"https:\\\/\\\/macite.tg\\\/#\\\/schema\\\/person\\\/e9f2de7e5dbbe7770a9402c7ce82f5c2\"},\"breadcrumb\":{\"@id\":\"https:\\\/\\\/macite.tg\\\/?p=25152#breadcrumb\"},\"inLanguage\":\"fr-FR\",\"potentialAction\":[{\"@type\":\"ReadAction\",\"target\":[\"https:\\\/\\\/macite.tg\\\/?p=25152\"]}]},{\"@type\":\"ImageObject\",\"inLanguage\":\"fr-FR\",\"@id\":\"https:\\\/\\\/macite.tg\\\/?p=25152#primaryimage\",\"url\":\"https:\\\/\\\/macite.tg\\\/wp-content\\\/uploads\\\/2025\\\/10\\\/Manfi-france.jpg\",\"contentUrl\":\"https:\\\/\\\/macite.tg\\\/wp-content\\\/uploads\\\/2025\\\/10\\\/Manfi-france.jpg\",\"width\":500,\"height\":114,\"caption\":\"La police molestant des manifestants sans m\u00e9nagement\"},{\"@type\":\"BreadcrumbList\",\"@id\":\"https:\\\/\\\/macite.tg\\\/?p=25152#breadcrumb\",\"itemListElement\":[{\"@type\":\"ListItem\",\"position\":1,\"name\":\"Accueil\",\"item\":\"https:\\\/\\\/macite.tg\\\/\"},{\"@type\":\"ListItem\",\"position\":2,\"name\":\"REPRESSION DES MANIFESTATIONS : France, pays des droits de l\u2019homme, dites-vous\u00a0?\"}]},{\"@type\":\"WebSite\",\"@id\":\"https:\\\/\\\/macite.tg\\\/#website\",\"url\":\"https:\\\/\\\/macite.tg\\\/\",\"name\":\"\",\"description\":\"L&#039;information, la bonne!!!\",\"potentialAction\":[{\"@type\":\"SearchAction\",\"target\":{\"@type\":\"EntryPoint\",\"urlTemplate\":\"https:\\\/\\\/macite.tg\\\/?s={search_term_string}\"},\"query-input\":{\"@type\":\"PropertyValueSpecification\",\"valueRequired\":true,\"valueName\":\"search_term_string\"}}],\"inLanguage\":\"fr-FR\"},{\"@type\":\"Person\",\"@id\":\"https:\\\/\\\/macite.tg\\\/#\\\/schema\\\/person\\\/e9f2de7e5dbbe7770a9402c7ce82f5c2\",\"name\":\"Jean Pierre BAWELA\",\"image\":{\"@type\":\"ImageObject\",\"inLanguage\":\"fr-FR\",\"@id\":\"https:\\\/\\\/macite.tg\\\/wp-content\\\/uploads\\\/2023\\\/09\\\/WhatsApp-Image-2023-09-19-at-14.44.41-122x122.jpeg\",\"url\":\"https:\\\/\\\/macite.tg\\\/wp-content\\\/uploads\\\/2023\\\/09\\\/WhatsApp-Image-2023-09-19-at-14.44.41-122x122.jpeg\",\"contentUrl\":\"https:\\\/\\\/macite.tg\\\/wp-content\\\/uploads\\\/2023\\\/09\\\/WhatsApp-Image-2023-09-19-at-14.44.41-122x122.jpeg\",\"caption\":\"Jean Pierre BAWELA\"},\"url\":\"https:\\\/\\\/macite.tg\\\/?author=2\"}]}<\/script>\n<!-- \/ Yoast SEO plugin. -->","yoast_head_json":{"title":"REPRESSION DES MANIFESTATIONS : France, pays des droits de l\u2019homme, dites-vous\u00a0? -","robots":{"index":"index","follow":"follow","max-snippet":"max-snippet:-1","max-image-preview":"max-image-preview:large","max-video-preview":"max-video-preview:-1"},"canonical":"https:\/\/macite.tg\/?p=25152","og_locale":"fr_FR","og_type":"article","og_title":"REPRESSION DES MANIFESTATIONS : France, pays des droits de l\u2019homme, dites-vous\u00a0? -","og_description":"La France est fouett\u00e9e par un vent de r\u00e9volte depuis quelques semaines d\u00e9j\u00e0. En cause, la col\u00e8re est pr\u00e9sente dans les manifestations partout en France. Apr\u00e8s le 18 septembre o\u00f9 la mobilisation sociale a fait trembler Paris, les manifestants avaient rendez-vous le jeudi 02 octobre [&hellip;]","og_url":"https:\/\/macite.tg\/?p=25152","article_published_time":"2025-10-06T12:12:54+00:00","article_modified_time":"2025-10-06T12:44:36+00:00","og_image":[{"width":500,"height":114,"url":"https:\/\/macite.tg\/wp-content\/uploads\/2025\/10\/Manfi-france.jpg","type":"image\/jpeg"}],"author":"Jean Pierre BAWELA","twitter_card":"summary_large_image","twitter_misc":{"\u00c9crit par":"Jean Pierre BAWELA","Dur\u00e9e de lecture estim\u00e9e":"2 minutes"},"schema":{"@context":"https:\/\/schema.org","@graph":[{"@type":"Article","@id":"https:\/\/macite.tg\/?p=25152#article","isPartOf":{"@id":"https:\/\/macite.tg\/?p=25152"},"author":{"name":"Jean Pierre BAWELA","@id":"https:\/\/macite.tg\/#\/schema\/person\/e9f2de7e5dbbe7770a9402c7ce82f5c2"},"headline":"REPRESSION DES MANIFESTATIONS : France, pays des droits de l\u2019homme, dites-vous\u00a0?","datePublished":"2025-10-06T12:12:54+00:00","dateModified":"2025-10-06T12:44:36+00:00","mainEntityOfPage":{"@id":"https:\/\/macite.tg\/?p=25152"},"wordCount":388,"commentCount":0,"image":{"@id":"https:\/\/macite.tg\/?p=25152#primaryimage"},"thumbnailUrl":"https:\/\/macite.tg\/wp-content\/uploads\/2025\/10\/Manfi-france.jpg","articleSection":["ACTUALITE"],"inLanguage":"fr-FR","potentialAction":[{"@type":"CommentAction","name":"Comment","target":["https:\/\/macite.tg\/?p=25152#respond"]}]},{"@type":"WebPage","@id":"https:\/\/macite.tg\/?p=25152","url":"https:\/\/macite.tg\/?p=25152","name":"REPRESSION DES MANIFESTATIONS : France, pays des droits de l\u2019homme, dites-vous\u00a0? -","isPartOf":{"@id":"https:\/\/macite.tg\/#website"},"primaryImageOfPage":{"@id":"https:\/\/macite.tg\/?p=25152#primaryimage"},"image":{"@id":"https:\/\/macite.tg\/?p=25152#primaryimage"},"thumbnailUrl":"https:\/\/macite.tg\/wp-content\/uploads\/2025\/10\/Manfi-france.jpg","datePublished":"2025-10-06T12:12:54+00:00","dateModified":"2025-10-06T12:44:36+00:00","author":{"@id":"https:\/\/macite.tg\/#\/schema\/person\/e9f2de7e5dbbe7770a9402c7ce82f5c2"},"breadcrumb":{"@id":"https:\/\/macite.tg\/?p=25152#breadcrumb"},"inLanguage":"fr-FR","potentialAction":[{"@type":"ReadAction","target":["https:\/\/macite.tg\/?p=25152"]}]},{"@type":"ImageObject","inLanguage":"fr-FR","@id":"https:\/\/macite.tg\/?p=25152#primaryimage","url":"https:\/\/macite.tg\/wp-content\/uploads\/2025\/10\/Manfi-france.jpg","contentUrl":"https:\/\/macite.tg\/wp-content\/uploads\/2025\/10\/Manfi-france.jpg","width":500,"height":114,"caption":"La police molestant des manifestants sans m\u00e9nagement"},{"@type":"BreadcrumbList","@id":"https:\/\/macite.tg\/?p=25152#breadcrumb","itemListElement":[{"@type":"ListItem","position":1,"name":"Accueil","item":"https:\/\/macite.tg\/"},{"@type":"ListItem","position":2,"name":"REPRESSION DES MANIFESTATIONS : France, pays des droits de l\u2019homme, dites-vous\u00a0?"}]},{"@type":"WebSite","@id":"https:\/\/macite.tg\/#website","url":"https:\/\/macite.tg\/","name":"","description":"L&#039;information, la bonne!!!","potentialAction":[{"@type":"SearchAction","target":{"@type":"EntryPoint","urlTemplate":"https:\/\/macite.tg\/?s={search_term_string}"},"query-input":{"@type":"PropertyValueSpecification","valueRequired":true,"valueName":"search_term_string"}}],"inLanguage":"fr-FR"},{"@type":"Person","@id":"https:\/\/macite.tg\/#\/schema\/person\/e9f2de7e5dbbe7770a9402c7ce82f5c2","name":"Jean Pierre BAWELA","image":{"@type":"ImageObject","inLanguage":"fr-FR","@id":"https:\/\/macite.tg\/wp-content\/uploads\/2023\/09\/WhatsApp-Image-2023-09-19-at-14.44.41-122x122.jpeg","url":"https:\/\/macite.tg\/wp-content\/uploads\/2023\/09\/WhatsApp-Image-2023-09-19-at-14.44.41-122x122.jpeg","contentUrl":"https:\/\/macite.tg\/wp-content\/uploads\/2023\/09\/WhatsApp-Image-2023-09-19-at-14.44.41-122x122.jpeg","caption":"Jean Pierre BAWELA"},"url":"https:\/\/macite.tg\/?author=2"}]}},"_links":{"self":[{"href":"https:\/\/macite.tg\/index.php?rest_route=\/wp\/v2\/posts\/25152","targetHints":{"allow":["GET"]}}],"collection":[{"href":"https:\/\/macite.tg\/index.php?rest_route=\/wp\/v2\/posts"}],"about":[{"href":"https:\/\/macite.tg\/index.php?rest_route=\/wp\/v2\/types\/post"}],"author":[{"embeddable":true,"href":"https:\/\/macite.tg\/index.php?rest_route=\/wp\/v2\/users\/2"}],"replies":[{"embeddable":true,"href":"https:\/\/macite.tg\/index.php?rest_route=%2Fwp%2Fv2%2Fcomments&post=25152"}],"version-history":[{"count":0,"href":"https:\/\/macite.tg\/index.php?rest_route=\/wp\/v2\/posts\/25152\/revisions"}],"wp:featuredmedia":[{"embeddable":true,"href":"https:\/\/macite.tg\/index.php?rest_route=\/wp\/v2\/media\/25161"}],"wp:attachment":[{"href":"https:\/\/macite.tg\/index.php?rest_route=%2Fwp%2Fv2%2Fmedia&parent=25152"}],"wp:term":[{"taxonomy":"category","embeddable":true,"href":"https:\/\/macite.tg\/index.php?rest_route=%2Fwp%2Fv2%2Fcategories&post=25152"},{"taxonomy":"post_tag","embeddable":true,"href":"https:\/\/macite.tg\/index.php?rest_route=%2Fwp%2Fv2%2Ftags&post=25152"}],"curies":[{"name":"wp","href":"https:\/\/api.w.org\/{rel}","templated":true}]}}