{"id":25142,"date":"2025-10-03T18:12:45","date_gmt":"2025-10-03T18:12:45","guid":{"rendered":"https:\/\/macite.tg\/?p=25142"},"modified":"2025-10-03T18:28:50","modified_gmt":"2025-10-03T18:28:50","slug":"cafe-cacao-les-prix-indicatifs-aux-producteurs-pour-la-premiere-moitie-du-mois-doctobre-2025","status":"publish","type":"post","link":"https:\/\/macite.tg\/?p=25142","title":{"rendered":"CAFE &amp; CACAO : Les prix indicatifs aux producteurs pour la premi\u00e8re moiti\u00e9 du mois d\u2019Octobre 2025"},"content":{"rendered":"\n<p class=\"wp-block-paragraph\"><strong><em>Le Comit\u00e9 de coordination pour les fili\u00e8res caf\u00e9 et cacao (CCFCC), en collaboration avec le minist\u00e8re en charge du Commerce, vient d rendre public les prix indicatifs pour la premi\u00e8re moiti\u00e9 de ce mois d\u2019Octobre.<\/em><\/strong><\/p>\n\n\n\n<p class=\"wp-block-paragraph\">Selon le communiqu\u00e9 rendu public \u00e0 cet effet, les prix indicatifs aux producteurs de caf\u00e9 et cacao pour la p\u00e9riode du 1<sup>er<\/sup> au 15 octobre 2025, se pr\u00e9sentent comme suit&nbsp;:<\/p>\n\n\n\n<figure class=\"wp-block-image size-full\"><img loading=\"lazy\" decoding=\"async\" width=\"851\" height=\"315\" src=\"https:\/\/macite.tg\/wp-content\/uploads\/2025\/10\/OTR_Ferer-pour-batir-1.jpg\" alt=\"\" class=\"wp-image-25092\" srcset=\"https:\/\/macite.tg\/wp-content\/uploads\/2025\/10\/OTR_Ferer-pour-batir-1.jpg 851w, https:\/\/macite.tg\/wp-content\/uploads\/2025\/10\/OTR_Ferer-pour-batir-1-300x111.jpg 300w, https:\/\/macite.tg\/wp-content\/uploads\/2025\/10\/OTR_Ferer-pour-batir-1-768x284.jpg 768w\" sizes=\"auto, (max-width: 851px) 100vw, 851px\" \/><\/figure>\n\n\n\n<ul class=\"wp-block-list\">\n<li><strong>Caf\u00e9 sain robusta&nbsp;: 1.575 fcfa le kilo&nbsp;;<\/strong><\/li>\n\n\n\n<li><strong>Cacao qualit\u00e9 sup\u00e9rieure&nbsp;: 2.405 fcfa le kilo.<\/strong><\/li>\n<\/ul>\n\n\n<div class=\"wp-block-image\">\n<figure class=\"aligncenter size-full is-resized\"><img loading=\"lazy\" decoding=\"async\" width=\"720\" height=\"725\" src=\"https:\/\/macite.tg\/wp-content\/uploads\/2025\/10\/Gest-exo_PUB.jpg\" alt=\"\" class=\"wp-image-25124\" style=\"width:568px;height:auto\" srcset=\"https:\/\/macite.tg\/wp-content\/uploads\/2025\/10\/Gest-exo_PUB.jpg 720w, https:\/\/macite.tg\/wp-content\/uploads\/2025\/10\/Gest-exo_PUB-298x300.jpg 298w, https:\/\/macite.tg\/wp-content\/uploads\/2025\/10\/Gest-exo_PUB-150x150.jpg 150w, https:\/\/macite.tg\/wp-content\/uploads\/2025\/10\/Gest-exo_PUB-122x122.jpg 122w\" sizes=\"auto, (max-width: 720px) 100vw, 720px\" \/><\/figure>\n<\/div>\n\n\n<p class=\"wp-block-paragraph\">Ces prix, il faut le rappeler, <em>\u00ab\u00a0sont calcul\u00e9s par rapport \u00e0 l\u2019\u00e9ch\u00e9ance de janvier 2026 pour le caf\u00e9 et d\u00e9cembre 2025 pour le cacao\u00a0\u00bb, <\/em>souligne le CCFCC.<\/p>\n\n\n\n<p class=\"wp-block-paragraph\"><strong>La R\u00e9daction<\/strong><\/p>\n\n\n\n<p class=\"wp-block-paragraph\"><a><strong><em>@macite.tg&nbsp;&nbsp;&nbsp;&nbsp;&nbsp;&nbsp;&nbsp;&nbsp;<\/em><\/strong><\/a><\/p>\n\n\n\n<p class=\"wp-block-paragraph\"><strong><em>E-mail&nbsp;: <\/em><\/strong><a href=\"mailto:maciteinfo@gmail.com\"><strong><em>maciteinfo@gmail.com<\/em><\/strong><\/a><strong><em>; <\/em><\/strong><a href=\"mailto:bawela1@gmail.com\"><strong><em>bawela1@gmail.com<\/em><\/strong><\/a><strong><em><\/em><\/strong><\/p>\n\n\n\n<p class=\"wp-block-paragraph\"><strong><em>Pour vos annonces, (publi)reportages, etc., joignez-nous au (00228)91515309\/<strong>79872224 <\/strong><strong><\/strong><\/em><\/strong><\/p>\n\n\n\n<p class=\"wp-block-paragraph\"><strong><em>www.macite.tg, L\u2019information, la bonne&nbsp;!<\/em><\/strong><\/p>\n\n\n\n<p class=\"wp-block-paragraph\"><\/p>\n","protected":false},"excerpt":{"rendered":"<p class=\"text-justify mb-2\" >Le Comit\u00e9 de coordination pour les fili\u00e8res caf\u00e9 et cacao (CCFCC), en collaboration avec le minist\u00e8re en charge du Commerce, vient d rendre public les prix indicatifs pour la premi\u00e8re moiti\u00e9 de ce mois d\u2019Octobre. Selon le communiqu\u00e9 rendu public \u00e0 cet effet, les prix [&hellip;]<\/p>\n","protected":false},"author":2,"featured_media":24318,"comment_status":"open","ping_status":"open","sticky":false,"template":"","format":"standard","meta":{"footnotes":""},"categories":[20,22],"tags":[],"class_list":["post-25142","post","type-post","status-publish","format-standard","has-post-thumbnail","hentry","category-actualite","category-agriculture"],"yoast_head":"<!-- This site is optimized with the Yoast SEO plugin v28.4 - https:\/\/yoast.com\/product\/yoast-seo-wordpress\/ -->\n<title>CAFE &amp; CACAO : Les prix indicatifs aux producteurs pour la premi\u00e8re moiti\u00e9 du mois d\u2019Octobre 2025 -<\/title>\n<meta name=\"robots\" content=\"index, follow, max-snippet:-1, max-image-preview:large, max-video-preview:-1\" \/>\n<link rel=\"canonical\" href=\"https:\/\/macite.tg\/?p=25142\" \/>\n<meta property=\"og:locale\" content=\"fr_FR\" \/>\n<meta property=\"og:type\" content=\"article\" \/>\n<meta property=\"og:title\" content=\"CAFE &amp; CACAO : Les prix indicatifs aux producteurs pour la premi\u00e8re moiti\u00e9 du mois d\u2019Octobre 2025 -\" \/>\n<meta property=\"og:description\" content=\"Le Comit\u00e9 de coordination pour les fili\u00e8res caf\u00e9 et cacao (CCFCC), en collaboration avec le minist\u00e8re en charge du Commerce, vient d rendre public les prix indicatifs pour la premi\u00e8re moiti\u00e9 de ce mois d\u2019Octobre. Selon le communiqu\u00e9 rendu public \u00e0 cet effet, les prix [&hellip;]\" \/>\n<meta property=\"og:url\" content=\"https:\/\/macite.tg\/?p=25142\" \/>\n<meta property=\"article:published_time\" content=\"2025-10-03T18:12:45+00:00\" \/>\n<meta property=\"article:modified_time\" content=\"2025-10-03T18:28:50+00:00\" \/>\n<meta property=\"og:image\" content=\"https:\/\/macite.tg\/wp-content\/uploads\/2025\/08\/image-76.png\" \/>\n\t<meta property=\"og:image:width\" content=\"396\" \/>\n\t<meta property=\"og:image:height\" content=\"270\" \/>\n\t<meta property=\"og:image:type\" content=\"image\/png\" \/>\n<meta name=\"author\" content=\"Jean Pierre BAWELA\" \/>\n<meta name=\"twitter:card\" content=\"summary_large_image\" \/>\n<meta name=\"twitter:label1\" content=\"\u00c9crit par\" \/>\n\t<meta name=\"twitter:data1\" content=\"Jean Pierre BAWELA\" \/>\n\t<meta name=\"twitter:label2\" content=\"Dur\u00e9e de lecture estim\u00e9e\" \/>\n\t<meta name=\"twitter:data2\" content=\"2 minutes\" \/>\n<script type=\"application\/ld+json\" class=\"yoast-schema-graph\">{\"@context\":\"https:\\\/\\\/schema.org\",\"@graph\":[{\"@type\":\"Article\",\"@id\":\"https:\\\/\\\/macite.tg\\\/?p=25142#article\",\"isPartOf\":{\"@id\":\"https:\\\/\\\/macite.tg\\\/?p=25142\"},\"author\":{\"name\":\"Jean Pierre BAWELA\",\"@id\":\"https:\\\/\\\/macite.tg\\\/#\\\/schema\\\/person\\\/e9f2de7e5dbbe7770a9402c7ce82f5c2\"},\"headline\":\"CAFE &amp; CACAO : Les prix indicatifs aux producteurs pour la premi\u00e8re moiti\u00e9 du mois d\u2019Octobre 2025\",\"datePublished\":\"2025-10-03T18:12:45+00:00\",\"dateModified\":\"2025-10-03T18:28:50+00:00\",\"mainEntityOfPage\":{\"@id\":\"https:\\\/\\\/macite.tg\\\/?p=25142\"},\"wordCount\":167,\"commentCount\":0,\"image\":{\"@id\":\"https:\\\/\\\/macite.tg\\\/?p=25142#primaryimage\"},\"thumbnailUrl\":\"https:\\\/\\\/macite.tg\\\/wp-content\\\/uploads\\\/2025\\\/08\\\/image-76.png\",\"articleSection\":[\"ACTUALITE\",\"AGRICULTURE\"],\"inLanguage\":\"fr-FR\",\"potentialAction\":[{\"@type\":\"CommentAction\",\"name\":\"Comment\",\"target\":[\"https:\\\/\\\/macite.tg\\\/?p=25142#respond\"]}]},{\"@type\":\"WebPage\",\"@id\":\"https:\\\/\\\/macite.tg\\\/?p=25142\",\"url\":\"https:\\\/\\\/macite.tg\\\/?p=25142\",\"name\":\"CAFE &amp; CACAO : Les prix indicatifs aux producteurs pour la premi\u00e8re moiti\u00e9 du mois d\u2019Octobre 2025 -\",\"isPartOf\":{\"@id\":\"https:\\\/\\\/macite.tg\\\/#website\"},\"primaryImageOfPage\":{\"@id\":\"https:\\\/\\\/macite.tg\\\/?p=25142#primaryimage\"},\"image\":{\"@id\":\"https:\\\/\\\/macite.tg\\\/?p=25142#primaryimage\"},\"thumbnailUrl\":\"https:\\\/\\\/macite.tg\\\/wp-content\\\/uploads\\\/2025\\\/08\\\/image-76.png\",\"datePublished\":\"2025-10-03T18:12:45+00:00\",\"dateModified\":\"2025-10-03T18:28:50+00:00\",\"author\":{\"@id\":\"https:\\\/\\\/macite.tg\\\/#\\\/schema\\\/person\\\/e9f2de7e5dbbe7770a9402c7ce82f5c2\"},\"breadcrumb\":{\"@id\":\"https:\\\/\\\/macite.tg\\\/?p=25142#breadcrumb\"},\"inLanguage\":\"fr-FR\",\"potentialAction\":[{\"@type\":\"ReadAction\",\"target\":[\"https:\\\/\\\/macite.tg\\\/?p=25142\"]}]},{\"@type\":\"ImageObject\",\"inLanguage\":\"fr-FR\",\"@id\":\"https:\\\/\\\/macite.tg\\\/?p=25142#primaryimage\",\"url\":\"https:\\\/\\\/macite.tg\\\/wp-content\\\/uploads\\\/2025\\\/08\\\/image-76.png\",\"contentUrl\":\"https:\\\/\\\/macite.tg\\\/wp-content\\\/uploads\\\/2025\\\/08\\\/image-76.png\",\"width\":396,\"height\":270},{\"@type\":\"BreadcrumbList\",\"@id\":\"https:\\\/\\\/macite.tg\\\/?p=25142#breadcrumb\",\"itemListElement\":[{\"@type\":\"ListItem\",\"position\":1,\"name\":\"Accueil\",\"item\":\"https:\\\/\\\/macite.tg\\\/\"},{\"@type\":\"ListItem\",\"position\":2,\"name\":\"CAFE &amp; CACAO : Les prix indicatifs aux producteurs pour la premi\u00e8re moiti\u00e9 du mois d\u2019Octobre 2025\"}]},{\"@type\":\"WebSite\",\"@id\":\"https:\\\/\\\/macite.tg\\\/#website\",\"url\":\"https:\\\/\\\/macite.tg\\\/\",\"name\":\"\",\"description\":\"L&#039;information, la bonne!!!\",\"potentialAction\":[{\"@type\":\"SearchAction\",\"target\":{\"@type\":\"EntryPoint\",\"urlTemplate\":\"https:\\\/\\\/macite.tg\\\/?s={search_term_string}\"},\"query-input\":{\"@type\":\"PropertyValueSpecification\",\"valueRequired\":true,\"valueName\":\"search_term_string\"}}],\"inLanguage\":\"fr-FR\"},{\"@type\":\"Person\",\"@id\":\"https:\\\/\\\/macite.tg\\\/#\\\/schema\\\/person\\\/e9f2de7e5dbbe7770a9402c7ce82f5c2\",\"name\":\"Jean Pierre BAWELA\",\"image\":{\"@type\":\"ImageObject\",\"inLanguage\":\"fr-FR\",\"@id\":\"https:\\\/\\\/macite.tg\\\/wp-content\\\/uploads\\\/2023\\\/09\\\/WhatsApp-Image-2023-09-19-at-14.44.41-122x122.jpeg\",\"url\":\"https:\\\/\\\/macite.tg\\\/wp-content\\\/uploads\\\/2023\\\/09\\\/WhatsApp-Image-2023-09-19-at-14.44.41-122x122.jpeg\",\"contentUrl\":\"https:\\\/\\\/macite.tg\\\/wp-content\\\/uploads\\\/2023\\\/09\\\/WhatsApp-Image-2023-09-19-at-14.44.41-122x122.jpeg\",\"caption\":\"Jean Pierre BAWELA\"},\"url\":\"https:\\\/\\\/macite.tg\\\/?author=2\"}]}<\/script>\n<!-- \/ Yoast SEO plugin. -->","yoast_head_json":{"title":"CAFE &amp; CACAO : Les prix indicatifs aux producteurs pour la premi\u00e8re moiti\u00e9 du mois d\u2019Octobre 2025 -","robots":{"index":"index","follow":"follow","max-snippet":"max-snippet:-1","max-image-preview":"max-image-preview:large","max-video-preview":"max-video-preview:-1"},"canonical":"https:\/\/macite.tg\/?p=25142","og_locale":"fr_FR","og_type":"article","og_title":"CAFE &amp; CACAO : Les prix indicatifs aux producteurs pour la premi\u00e8re moiti\u00e9 du mois d\u2019Octobre 2025 -","og_description":"Le Comit\u00e9 de coordination pour les fili\u00e8res caf\u00e9 et cacao (CCFCC), en collaboration avec le minist\u00e8re en charge du Commerce, vient d rendre public les prix indicatifs pour la premi\u00e8re moiti\u00e9 de ce mois d\u2019Octobre. Selon le communiqu\u00e9 rendu public \u00e0 cet effet, les prix [&hellip;]","og_url":"https:\/\/macite.tg\/?p=25142","article_published_time":"2025-10-03T18:12:45+00:00","article_modified_time":"2025-10-03T18:28:50+00:00","og_image":[{"width":396,"height":270,"url":"https:\/\/macite.tg\/wp-content\/uploads\/2025\/08\/image-76.png","type":"image\/png"}],"author":"Jean Pierre BAWELA","twitter_card":"summary_large_image","twitter_misc":{"\u00c9crit par":"Jean Pierre BAWELA","Dur\u00e9e de lecture estim\u00e9e":"2 minutes"},"schema":{"@context":"https:\/\/schema.org","@graph":[{"@type":"Article","@id":"https:\/\/macite.tg\/?p=25142#article","isPartOf":{"@id":"https:\/\/macite.tg\/?p=25142"},"author":{"name":"Jean Pierre BAWELA","@id":"https:\/\/macite.tg\/#\/schema\/person\/e9f2de7e5dbbe7770a9402c7ce82f5c2"},"headline":"CAFE &amp; CACAO : Les prix indicatifs aux producteurs pour la premi\u00e8re moiti\u00e9 du mois d\u2019Octobre 2025","datePublished":"2025-10-03T18:12:45+00:00","dateModified":"2025-10-03T18:28:50+00:00","mainEntityOfPage":{"@id":"https:\/\/macite.tg\/?p=25142"},"wordCount":167,"commentCount":0,"image":{"@id":"https:\/\/macite.tg\/?p=25142#primaryimage"},"thumbnailUrl":"https:\/\/macite.tg\/wp-content\/uploads\/2025\/08\/image-76.png","articleSection":["ACTUALITE","AGRICULTURE"],"inLanguage":"fr-FR","potentialAction":[{"@type":"CommentAction","name":"Comment","target":["https:\/\/macite.tg\/?p=25142#respond"]}]},{"@type":"WebPage","@id":"https:\/\/macite.tg\/?p=25142","url":"https:\/\/macite.tg\/?p=25142","name":"CAFE &amp; CACAO : Les prix indicatifs aux producteurs pour la premi\u00e8re moiti\u00e9 du mois d\u2019Octobre 2025 -","isPartOf":{"@id":"https:\/\/macite.tg\/#website"},"primaryImageOfPage":{"@id":"https:\/\/macite.tg\/?p=25142#primaryimage"},"image":{"@id":"https:\/\/macite.tg\/?p=25142#primaryimage"},"thumbnailUrl":"https:\/\/macite.tg\/wp-content\/uploads\/2025\/08\/image-76.png","datePublished":"2025-10-03T18:12:45+00:00","dateModified":"2025-10-03T18:28:50+00:00","author":{"@id":"https:\/\/macite.tg\/#\/schema\/person\/e9f2de7e5dbbe7770a9402c7ce82f5c2"},"breadcrumb":{"@id":"https:\/\/macite.tg\/?p=25142#breadcrumb"},"inLanguage":"fr-FR","potentialAction":[{"@type":"ReadAction","target":["https:\/\/macite.tg\/?p=25142"]}]},{"@type":"ImageObject","inLanguage":"fr-FR","@id":"https:\/\/macite.tg\/?p=25142#primaryimage","url":"https:\/\/macite.tg\/wp-content\/uploads\/2025\/08\/image-76.png","contentUrl":"https:\/\/macite.tg\/wp-content\/uploads\/2025\/08\/image-76.png","width":396,"height":270},{"@type":"BreadcrumbList","@id":"https:\/\/macite.tg\/?p=25142#breadcrumb","itemListElement":[{"@type":"ListItem","position":1,"name":"Accueil","item":"https:\/\/macite.tg\/"},{"@type":"ListItem","position":2,"name":"CAFE &amp; CACAO : Les prix indicatifs aux producteurs pour la premi\u00e8re moiti\u00e9 du mois d\u2019Octobre 2025"}]},{"@type":"WebSite","@id":"https:\/\/macite.tg\/#website","url":"https:\/\/macite.tg\/","name":"","description":"L&#039;information, la bonne!!!","potentialAction":[{"@type":"SearchAction","target":{"@type":"EntryPoint","urlTemplate":"https:\/\/macite.tg\/?s={search_term_string}"},"query-input":{"@type":"PropertyValueSpecification","valueRequired":true,"valueName":"search_term_string"}}],"inLanguage":"fr-FR"},{"@type":"Person","@id":"https:\/\/macite.tg\/#\/schema\/person\/e9f2de7e5dbbe7770a9402c7ce82f5c2","name":"Jean Pierre BAWELA","image":{"@type":"ImageObject","inLanguage":"fr-FR","@id":"https:\/\/macite.tg\/wp-content\/uploads\/2023\/09\/WhatsApp-Image-2023-09-19-at-14.44.41-122x122.jpeg","url":"https:\/\/macite.tg\/wp-content\/uploads\/2023\/09\/WhatsApp-Image-2023-09-19-at-14.44.41-122x122.jpeg","contentUrl":"https:\/\/macite.tg\/wp-content\/uploads\/2023\/09\/WhatsApp-Image-2023-09-19-at-14.44.41-122x122.jpeg","caption":"Jean Pierre BAWELA"},"url":"https:\/\/macite.tg\/?author=2"}]}},"_links":{"self":[{"href":"https:\/\/macite.tg\/index.php?rest_route=\/wp\/v2\/posts\/25142","targetHints":{"allow":["GET"]}}],"collection":[{"href":"https:\/\/macite.tg\/index.php?rest_route=\/wp\/v2\/posts"}],"about":[{"href":"https:\/\/macite.tg\/index.php?rest_route=\/wp\/v2\/types\/post"}],"author":[{"embeddable":true,"href":"https:\/\/macite.tg\/index.php?rest_route=\/wp\/v2\/users\/2"}],"replies":[{"embeddable":true,"href":"https:\/\/macite.tg\/index.php?rest_route=%2Fwp%2Fv2%2Fcomments&post=25142"}],"version-history":[{"count":0,"href":"https:\/\/macite.tg\/index.php?rest_route=\/wp\/v2\/posts\/25142\/revisions"}],"wp:featuredmedia":[{"embeddable":true,"href":"https:\/\/macite.tg\/index.php?rest_route=\/wp\/v2\/media\/24318"}],"wp:attachment":[{"href":"https:\/\/macite.tg\/index.php?rest_route=%2Fwp%2Fv2%2Fmedia&parent=25142"}],"wp:term":[{"taxonomy":"category","embeddable":true,"href":"https:\/\/macite.tg\/index.php?rest_route=%2Fwp%2Fv2%2Fcategories&post=25142"},{"taxonomy":"post_tag","embeddable":true,"href":"https:\/\/macite.tg\/index.php?rest_route=%2Fwp%2Fv2%2Ftags&post=25142"}],"curies":[{"name":"wp","href":"https:\/\/api.w.org\/{rel}","templated":true}]}}