{"id":25138,"date":"2025-10-03T14:32:11","date_gmt":"2025-10-03T14:32:11","guid":{"rendered":"https:\/\/macite.tg\/?p=25138"},"modified":"2025-10-03T14:46:52","modified_gmt":"2025-10-03T14:46:52","slug":"infractions-via-les-reseaux-sociaux-le-procureur-de-la-republique-oppose-la-fermete-les-fauteurs-courent-de-grands-risques","status":"publish","type":"post","link":"https:\/\/macite.tg\/?p=25138","title":{"rendered":"INFRACTIONS VIA LES RESEAUX SOCIAUX : Le Procureur de la R\u00e9publique oppose la fermet\u00e9\u2026 les fauteurs courent de grands risques"},"content":{"rendered":"\n<p class=\"wp-block-paragraph\"><strong><em>Plus rien ne serait comme avant&nbsp;! Les d\u00e9rives et abus observ\u00e9es ces derniers temps sur les r\u00e9seaux sociaux, dont l\u2019utilisation est devenue inqui\u00e9tante ces derniers temps, ont interpell\u00e9 le Minist\u00e8re public, repr\u00e9sent\u00e9 par le Procureur de la R\u00e9publique le Tribunal de grande instance de Lom\u00e9, Mawama Talaka, garant de l\u2019ordre public. Il a, lors d\u2019un point de presse, tenu ce vendredi 03 octobre \u00e0 Lom\u00e9, tenu d\u2019abord, \u00e0 \u00ab&nbsp;appeler \u00e0 la conscience des utilisateurs des diff\u00e9rentes plateformes&nbsp;\u00bb et ensuite, rappeler \u00e0 l\u2019ordre en exposant les cons\u00e9quences que ce ph\u00e9nom\u00e8ne peut avoir, au plan p\u00e9nal.<\/em><\/strong><\/p>\n\n\n\n<p class=\"wp-block-paragraph\">Parti du constat selon lequel, ces derniers temps, l\u2019on a observ\u00e9 la prolif\u00e9ration sur les plateforme num\u00e9riques (Tic Tok, Facebook, LinkedIn, WhatsApp, \u2026) des contenus illicites, notamment des d\u00e9rives et abus, le Minist\u00e8re public, garant de l\u2019ordre public, d\u00e9cide de briser le silence et rappeler \u00e0 l\u2019ordre les utilisateurs de ces plateformes tout en leur exposant les cons\u00e9quences de leurs actes au plan p\u00e9nal.<\/p>\n\n\n\n<p class=\"wp-block-paragraph\">Dans une d\u00e9claration solennelle, le Procureur de la R\u00e9publique pr\u00e8s le Tribunal de grande instance de Lom\u00e9, Talaka Mawama, note que s\u2019il <em>\u00ab\u00a0est ind\u00e9niable que les r\u00e9seaux sociaux sont d\u2019une utilit\u00e9 inestimable dans notre quotidien : facilitation des contacts, convivialit\u00e9, vie professionnelle, bref les r\u00e9seaux sociaux sont devenus aujourd\u2019hui un outil de travail (visioconf\u00e9rence, des directs, des publicit\u00e9s, des tutoriels\u2026)\u00a0\u00bb,<\/em> ces plateformes \u00a0<em>\u00ab\u00a0peuvent autant constituer un danger, voire une menace pour notre soci\u00e9t\u00e9\u00a0\u00bb.<\/em><\/p>\n\n\n<div class=\"wp-block-image\">\n<figure class=\"aligncenter size-large is-resized\"><img loading=\"lazy\" decoding=\"async\" width=\"721\" height=\"1024\" src=\"https:\/\/macite.tg\/wp-content\/uploads\/2025\/10\/9666a2c7-d86a-41de-876e-8ee6850f98d4-721x1024.jpg\" alt=\"\" class=\"wp-image-25115\" style=\"width:547px;height:auto\" srcset=\"https:\/\/macite.tg\/wp-content\/uploads\/2025\/10\/9666a2c7-d86a-41de-876e-8ee6850f98d4-721x1024.jpg 721w, https:\/\/macite.tg\/wp-content\/uploads\/2025\/10\/9666a2c7-d86a-41de-876e-8ee6850f98d4-211x300.jpg 211w, https:\/\/macite.tg\/wp-content\/uploads\/2025\/10\/9666a2c7-d86a-41de-876e-8ee6850f98d4-768x1091.jpg 768w, https:\/\/macite.tg\/wp-content\/uploads\/2025\/10\/9666a2c7-d86a-41de-876e-8ee6850f98d4-1081x1536.jpg 1081w, https:\/\/macite.tg\/wp-content\/uploads\/2025\/10\/9666a2c7-d86a-41de-876e-8ee6850f98d4.jpg 1126w\" sizes=\"auto, (max-width: 721px) 100vw, 721px\" \/><\/figure>\n<\/div>\n\n\n<p class=\"wp-block-paragraph\">Dans le dans le contexte social de notre pays, <em>\u00ab&nbsp;il est regrettable de constater depuis quelques temps, l\u2019utilisation \u00e0 outrance des r\u00e9seaux sociaux \u00e0 des fins non orthodoxes&nbsp;(\u2026) la diffusion de nombreux contenus se rapportant \u00e0 des faits que l\u2019on ne prend pas soin de v\u00e9rifier avant leur publication, des cas d\u2019appels \u00e0 la haine ethnique, religieuse et autres, des incitations \u00e0 la violence et des atteintes \u00e0 la s\u00e9curit\u00e9 de l\u2019Etat et la vie priv\u00e9e&#8230;&nbsp;\u00bb<\/em><\/p>\n\n\n\n<p class=\"wp-block-paragraph\">Selon le Procureur de la R\u00e9publique, les injures publiques, les diffamations, les atteintes \u00e0 l\u2019honneur, les provocations \u00e0 la haine ethnique, religieuse ou raciale, la divulgation de secrets professionnels, la perturbation de l\u2019ordre public, sont des infractions, donc r\u00e9prim\u00e9s par le droit p\u00e9nal togolais. <em>\u00ab\u00a0De m\u00eame, des pratiques malsaines qui heurtent la morale et les bonnes meurs sont diffus\u00e9es r\u00e9guli\u00e8rement et relay\u00e9es sans limite. Ces agissements constituent autant d\u2019abus et de d\u00e9rives qu\u2019il convient de d\u00e9noncer et de sanctionner\u00a0\u00bb,<\/em> rel\u00e8ve Talaka Mawama.<\/p>\n\n\n\n<p class=\"wp-block-paragraph\">Et le Togo dispose de tout un arsenal juridique pour y faire face, notamment le nouveau Code p\u00e9nal, le Code de l\u2019enfant, la loi sur la cybers\u00e9curit\u00e9 et la cybercriminalit\u00e9, ainsi que la loi sur la protection des donn\u00e9es \u00e0 caract\u00e8re personnel.&nbsp;<\/p>\n\n\n\n<figure class=\"wp-block-image size-full\"><img loading=\"lazy\" decoding=\"async\" width=\"851\" height=\"315\" src=\"https:\/\/macite.tg\/wp-content\/uploads\/2025\/10\/OTR_Ferer-pour-batir-1.jpg\" alt=\"\" class=\"wp-image-25092\" srcset=\"https:\/\/macite.tg\/wp-content\/uploads\/2025\/10\/OTR_Ferer-pour-batir-1.jpg 851w, https:\/\/macite.tg\/wp-content\/uploads\/2025\/10\/OTR_Ferer-pour-batir-1-300x111.jpg 300w, https:\/\/macite.tg\/wp-content\/uploads\/2025\/10\/OTR_Ferer-pour-batir-1-768x284.jpg 768w\" sizes=\"auto, (max-width: 851px) 100vw, 851px\" \/><\/figure>\n\n\n\n<p class=\"wp-block-paragraph\">Tout en distinguant <em>\u00ab&nbsp;la libert\u00e9 d\u2019expression, garantie \u00e0 tous, de l\u2019attaque gratuite, de l\u2019injure ou la diffamation&nbsp;portant atteinte \u00e0 la vie priv\u00e9e, aux fonctions ou activit\u00e9s d\u2019autrui \u00bb<\/em>, le Minist\u00e8re public dit se faire <em>\u00ab&nbsp;le devoir de remplir sans faillir, sa mission r\u00e9galienne de poursuite dans le cadre de la mise en \u0153uvre stricte de la politique p\u00e9nale&nbsp;\u00bb<\/em>, ceci afin de <em>\u00ab&nbsp;pr\u00e9server la soci\u00e9t\u00e9 et l\u2019Etat des cons\u00e9quences d\u00e9sastreuses des d\u00e9rives susceptibles de r\u00e9sulter de l\u2019utilisation abusive et anarchique des r\u00e9seaux sociaux&nbsp;\u00bb.<\/em><\/p>\n\n\n\n<p class=\"wp-block-paragraph\">Ainsi, un avertissement est lanc\u00e9 d\u00e9sormais \u00e0 <em>\u00ab\u00a0quiconque produira, reproduira, diffusera, publiera, partagera \u00e0 travers une plateforme num\u00e9rique, un fait qui sort du cadre l\u00e9gal en vigueur, sera l\u2019objet de poursuites p\u00e9nales sans compromis et sans complaisance. Il en sera de m\u00eame pour quiconque publiera un commentaire validant une publication illicite. La complicit\u00e9 par approbation expose \u00e9galement \u00e0 des poursuites, car la loi nous impose \u00e0 tous de d\u00e9noncer tout crime ou d\u00e9lit dont nous avons connaissance\u00a0\u00bb,<\/em> note-on.<\/p>\n\n\n<div class=\"wp-block-image\">\n<figure class=\"aligncenter size-full is-resized\"><img loading=\"lazy\" decoding=\"async\" width=\"720\" height=\"725\" src=\"https:\/\/macite.tg\/wp-content\/uploads\/2025\/10\/Gest-exo_PUB.jpg\" alt=\"\" class=\"wp-image-25124\" style=\"width:502px;height:auto\" srcset=\"https:\/\/macite.tg\/wp-content\/uploads\/2025\/10\/Gest-exo_PUB.jpg 720w, https:\/\/macite.tg\/wp-content\/uploads\/2025\/10\/Gest-exo_PUB-298x300.jpg 298w, https:\/\/macite.tg\/wp-content\/uploads\/2025\/10\/Gest-exo_PUB-150x150.jpg 150w, https:\/\/macite.tg\/wp-content\/uploads\/2025\/10\/Gest-exo_PUB-122x122.jpg 122w\" sizes=\"auto, (max-width: 720px) 100vw, 720px\" \/><\/figure>\n<\/div>\n\n\n<p class=\"wp-block-paragraph\">Notons que cette prise de parole publique du Procureur de la R\u00e9publique marque un cap nouveau dans la gestion des r\u00e9seaux sociaux au Togo. D\u00e9sormais, le simple <em>\u00ab&nbsp;like&nbsp;\u00bb<\/em> sur les r\u00e9seaux sociaux, d\u2019un contenu illicite, peut vous cr\u00e9er de graves ennuis judiciaires.<\/p>\n\n\n\n<p class=\"wp-block-paragraph\"><strong>JPB<\/strong><\/p>\n\n\n\n<p class=\"wp-block-paragraph\"><a><strong><em>@macite.tg&nbsp;&nbsp;&nbsp;&nbsp;&nbsp;&nbsp;&nbsp;&nbsp;<\/em><\/strong><\/a><\/p>\n\n\n\n<p class=\"wp-block-paragraph\"><strong><em>E-mail&nbsp;: <\/em><\/strong><a href=\"mailto:maciteinfo@gmail.com\"><strong><em>maciteinfo@gmail.com<\/em><\/strong><\/a><strong><em>; <\/em><\/strong><a href=\"mailto:bawela1@gmail.com\"><strong><em>bawela1@gmail.com<\/em><\/strong><\/a><strong><em><\/em><\/strong><\/p>\n\n\n\n<p class=\"wp-block-paragraph\"><strong><em>Pour vos annonces, (publi)reportages, etc., joignez-nous au (00228)91515309\/<strong>79872224 <\/strong><strong><\/strong><\/em><\/strong><\/p>\n\n\n\n<p class=\"wp-block-paragraph\"><strong><em>www.macite.tg, L\u2019information, la bonne&nbsp;!<\/em><\/strong><\/p>\n\n\n\n<p class=\"wp-block-paragraph\"><\/p>\n","protected":false},"excerpt":{"rendered":"<p class=\"text-justify mb-2\" >Plus rien ne serait comme avant&nbsp;! Les d\u00e9rives et abus observ\u00e9es ces derniers temps sur les r\u00e9seaux sociaux, dont l\u2019utilisation est devenue inqui\u00e9tante ces derniers temps, ont interpell\u00e9 le Minist\u00e8re public, repr\u00e9sent\u00e9 par le Procureur de la R\u00e9publique le Tribunal de grande instance de Lom\u00e9, [&hellip;]<\/p>\n","protected":false},"author":2,"featured_media":25139,"comment_status":"open","ping_status":"open","sticky":false,"template":"","format":"standard","meta":{"footnotes":""},"categories":[20],"tags":[],"class_list":["post-25138","post","type-post","status-publish","format-standard","has-post-thumbnail","hentry","category-actualite"],"yoast_head":"<!-- This site is optimized with the Yoast SEO plugin v28.4 - https:\/\/yoast.com\/product\/yoast-seo-wordpress\/ -->\n<title>INFRACTIONS VIA LES RESEAUX SOCIAUX : Le Procureur de la R\u00e9publique oppose la fermet\u00e9\u2026 les fauteurs courent de grands risques -<\/title>\n<meta name=\"robots\" content=\"index, follow, max-snippet:-1, max-image-preview:large, max-video-preview:-1\" \/>\n<link rel=\"canonical\" href=\"https:\/\/macite.tg\/?p=25138\" \/>\n<meta property=\"og:locale\" content=\"fr_FR\" \/>\n<meta property=\"og:type\" content=\"article\" \/>\n<meta property=\"og:title\" content=\"INFRACTIONS VIA LES RESEAUX SOCIAUX : Le Procureur de la R\u00e9publique oppose la fermet\u00e9\u2026 les fauteurs courent de grands risques -\" \/>\n<meta property=\"og:description\" content=\"Plus rien ne serait comme avant&nbsp;! Les d\u00e9rives et abus observ\u00e9es ces derniers temps sur les r\u00e9seaux sociaux, dont l\u2019utilisation est devenue inqui\u00e9tante ces derniers temps, ont interpell\u00e9 le Minist\u00e8re public, repr\u00e9sent\u00e9 par le Procureur de la R\u00e9publique le Tribunal de grande instance de Lom\u00e9, [&hellip;]\" \/>\n<meta property=\"og:url\" content=\"https:\/\/macite.tg\/?p=25138\" \/>\n<meta property=\"article:published_time\" content=\"2025-10-03T14:32:11+00:00\" \/>\n<meta property=\"article:modified_time\" content=\"2025-10-03T14:46:52+00:00\" \/>\n<meta property=\"og:image\" content=\"https:\/\/macite.tg\/wp-content\/uploads\/2025\/10\/PR-Talaka-mawana.jpg\" \/>\n\t<meta property=\"og:image:width\" content=\"500\" \/>\n\t<meta property=\"og:image:height\" content=\"332\" \/>\n\t<meta property=\"og:image:type\" content=\"image\/jpeg\" \/>\n<meta name=\"author\" content=\"Jean Pierre BAWELA\" \/>\n<meta name=\"twitter:card\" content=\"summary_large_image\" \/>\n<meta name=\"twitter:label1\" content=\"\u00c9crit par\" \/>\n\t<meta name=\"twitter:data1\" content=\"Jean Pierre BAWELA\" \/>\n\t<meta name=\"twitter:label2\" content=\"Dur\u00e9e de lecture estim\u00e9e\" \/>\n\t<meta name=\"twitter:data2\" content=\"5 minutes\" \/>\n<script type=\"application\/ld+json\" class=\"yoast-schema-graph\">{\"@context\":\"https:\\\/\\\/schema.org\",\"@graph\":[{\"@type\":\"Article\",\"@id\":\"https:\\\/\\\/macite.tg\\\/?p=25138#article\",\"isPartOf\":{\"@id\":\"https:\\\/\\\/macite.tg\\\/?p=25138\"},\"author\":{\"name\":\"Jean Pierre BAWELA\",\"@id\":\"https:\\\/\\\/macite.tg\\\/#\\\/schema\\\/person\\\/e9f2de7e5dbbe7770a9402c7ce82f5c2\"},\"headline\":\"INFRACTIONS VIA LES RESEAUX SOCIAUX : Le Procureur de la R\u00e9publique oppose la fermet\u00e9\u2026 les fauteurs courent de grands risques\",\"datePublished\":\"2025-10-03T14:32:11+00:00\",\"dateModified\":\"2025-10-03T14:46:52+00:00\",\"mainEntityOfPage\":{\"@id\":\"https:\\\/\\\/macite.tg\\\/?p=25138\"},\"wordCount\":780,\"commentCount\":0,\"image\":{\"@id\":\"https:\\\/\\\/macite.tg\\\/?p=25138#primaryimage\"},\"thumbnailUrl\":\"https:\\\/\\\/macite.tg\\\/wp-content\\\/uploads\\\/2025\\\/10\\\/PR-Talaka-mawana.jpg\",\"articleSection\":[\"ACTUALITE\"],\"inLanguage\":\"fr-FR\",\"potentialAction\":[{\"@type\":\"CommentAction\",\"name\":\"Comment\",\"target\":[\"https:\\\/\\\/macite.tg\\\/?p=25138#respond\"]}]},{\"@type\":\"WebPage\",\"@id\":\"https:\\\/\\\/macite.tg\\\/?p=25138\",\"url\":\"https:\\\/\\\/macite.tg\\\/?p=25138\",\"name\":\"INFRACTIONS VIA LES RESEAUX SOCIAUX : Le Procureur de la R\u00e9publique oppose la fermet\u00e9\u2026 les fauteurs courent de grands risques -\",\"isPartOf\":{\"@id\":\"https:\\\/\\\/macite.tg\\\/#website\"},\"primaryImageOfPage\":{\"@id\":\"https:\\\/\\\/macite.tg\\\/?p=25138#primaryimage\"},\"image\":{\"@id\":\"https:\\\/\\\/macite.tg\\\/?p=25138#primaryimage\"},\"thumbnailUrl\":\"https:\\\/\\\/macite.tg\\\/wp-content\\\/uploads\\\/2025\\\/10\\\/PR-Talaka-mawana.jpg\",\"datePublished\":\"2025-10-03T14:32:11+00:00\",\"dateModified\":\"2025-10-03T14:46:52+00:00\",\"author\":{\"@id\":\"https:\\\/\\\/macite.tg\\\/#\\\/schema\\\/person\\\/e9f2de7e5dbbe7770a9402c7ce82f5c2\"},\"breadcrumb\":{\"@id\":\"https:\\\/\\\/macite.tg\\\/?p=25138#breadcrumb\"},\"inLanguage\":\"fr-FR\",\"potentialAction\":[{\"@type\":\"ReadAction\",\"target\":[\"https:\\\/\\\/macite.tg\\\/?p=25138\"]}]},{\"@type\":\"ImageObject\",\"inLanguage\":\"fr-FR\",\"@id\":\"https:\\\/\\\/macite.tg\\\/?p=25138#primaryimage\",\"url\":\"https:\\\/\\\/macite.tg\\\/wp-content\\\/uploads\\\/2025\\\/10\\\/PR-Talaka-mawana.jpg\",\"contentUrl\":\"https:\\\/\\\/macite.tg\\\/wp-content\\\/uploads\\\/2025\\\/10\\\/PR-Talaka-mawana.jpg\",\"width\":500,\"height\":332,\"caption\":\"Talaka Mawama, Procureur de la R\u00e9publique\"},{\"@type\":\"BreadcrumbList\",\"@id\":\"https:\\\/\\\/macite.tg\\\/?p=25138#breadcrumb\",\"itemListElement\":[{\"@type\":\"ListItem\",\"position\":1,\"name\":\"Accueil\",\"item\":\"https:\\\/\\\/macite.tg\\\/\"},{\"@type\":\"ListItem\",\"position\":2,\"name\":\"INFRACTIONS VIA LES RESEAUX SOCIAUX : Le Procureur de la R\u00e9publique oppose la fermet\u00e9\u2026 les fauteurs courent de grands risques\"}]},{\"@type\":\"WebSite\",\"@id\":\"https:\\\/\\\/macite.tg\\\/#website\",\"url\":\"https:\\\/\\\/macite.tg\\\/\",\"name\":\"\",\"description\":\"L&#039;information, la bonne!!!\",\"potentialAction\":[{\"@type\":\"SearchAction\",\"target\":{\"@type\":\"EntryPoint\",\"urlTemplate\":\"https:\\\/\\\/macite.tg\\\/?s={search_term_string}\"},\"query-input\":{\"@type\":\"PropertyValueSpecification\",\"valueRequired\":true,\"valueName\":\"search_term_string\"}}],\"inLanguage\":\"fr-FR\"},{\"@type\":\"Person\",\"@id\":\"https:\\\/\\\/macite.tg\\\/#\\\/schema\\\/person\\\/e9f2de7e5dbbe7770a9402c7ce82f5c2\",\"name\":\"Jean Pierre BAWELA\",\"image\":{\"@type\":\"ImageObject\",\"inLanguage\":\"fr-FR\",\"@id\":\"https:\\\/\\\/macite.tg\\\/wp-content\\\/uploads\\\/2023\\\/09\\\/WhatsApp-Image-2023-09-19-at-14.44.41-122x122.jpeg\",\"url\":\"https:\\\/\\\/macite.tg\\\/wp-content\\\/uploads\\\/2023\\\/09\\\/WhatsApp-Image-2023-09-19-at-14.44.41-122x122.jpeg\",\"contentUrl\":\"https:\\\/\\\/macite.tg\\\/wp-content\\\/uploads\\\/2023\\\/09\\\/WhatsApp-Image-2023-09-19-at-14.44.41-122x122.jpeg\",\"caption\":\"Jean Pierre BAWELA\"},\"url\":\"https:\\\/\\\/macite.tg\\\/?author=2\"}]}<\/script>\n<!-- \/ Yoast SEO plugin. -->","yoast_head_json":{"title":"INFRACTIONS VIA LES RESEAUX SOCIAUX : Le Procureur de la R\u00e9publique oppose la fermet\u00e9\u2026 les fauteurs courent de grands risques -","robots":{"index":"index","follow":"follow","max-snippet":"max-snippet:-1","max-image-preview":"max-image-preview:large","max-video-preview":"max-video-preview:-1"},"canonical":"https:\/\/macite.tg\/?p=25138","og_locale":"fr_FR","og_type":"article","og_title":"INFRACTIONS VIA LES RESEAUX SOCIAUX : Le Procureur de la R\u00e9publique oppose la fermet\u00e9\u2026 les fauteurs courent de grands risques -","og_description":"Plus rien ne serait comme avant&nbsp;! Les d\u00e9rives et abus observ\u00e9es ces derniers temps sur les r\u00e9seaux sociaux, dont l\u2019utilisation est devenue inqui\u00e9tante ces derniers temps, ont interpell\u00e9 le Minist\u00e8re public, repr\u00e9sent\u00e9 par le Procureur de la R\u00e9publique le Tribunal de grande instance de Lom\u00e9, [&hellip;]","og_url":"https:\/\/macite.tg\/?p=25138","article_published_time":"2025-10-03T14:32:11+00:00","article_modified_time":"2025-10-03T14:46:52+00:00","og_image":[{"width":500,"height":332,"url":"https:\/\/macite.tg\/wp-content\/uploads\/2025\/10\/PR-Talaka-mawana.jpg","type":"image\/jpeg"}],"author":"Jean Pierre BAWELA","twitter_card":"summary_large_image","twitter_misc":{"\u00c9crit par":"Jean Pierre BAWELA","Dur\u00e9e de lecture estim\u00e9e":"5 minutes"},"schema":{"@context":"https:\/\/schema.org","@graph":[{"@type":"Article","@id":"https:\/\/macite.tg\/?p=25138#article","isPartOf":{"@id":"https:\/\/macite.tg\/?p=25138"},"author":{"name":"Jean Pierre BAWELA","@id":"https:\/\/macite.tg\/#\/schema\/person\/e9f2de7e5dbbe7770a9402c7ce82f5c2"},"headline":"INFRACTIONS VIA LES RESEAUX SOCIAUX : Le Procureur de la R\u00e9publique oppose la fermet\u00e9\u2026 les fauteurs courent de grands risques","datePublished":"2025-10-03T14:32:11+00:00","dateModified":"2025-10-03T14:46:52+00:00","mainEntityOfPage":{"@id":"https:\/\/macite.tg\/?p=25138"},"wordCount":780,"commentCount":0,"image":{"@id":"https:\/\/macite.tg\/?p=25138#primaryimage"},"thumbnailUrl":"https:\/\/macite.tg\/wp-content\/uploads\/2025\/10\/PR-Talaka-mawana.jpg","articleSection":["ACTUALITE"],"inLanguage":"fr-FR","potentialAction":[{"@type":"CommentAction","name":"Comment","target":["https:\/\/macite.tg\/?p=25138#respond"]}]},{"@type":"WebPage","@id":"https:\/\/macite.tg\/?p=25138","url":"https:\/\/macite.tg\/?p=25138","name":"INFRACTIONS VIA LES RESEAUX SOCIAUX : Le Procureur de la R\u00e9publique oppose la fermet\u00e9\u2026 les fauteurs courent de grands risques -","isPartOf":{"@id":"https:\/\/macite.tg\/#website"},"primaryImageOfPage":{"@id":"https:\/\/macite.tg\/?p=25138#primaryimage"},"image":{"@id":"https:\/\/macite.tg\/?p=25138#primaryimage"},"thumbnailUrl":"https:\/\/macite.tg\/wp-content\/uploads\/2025\/10\/PR-Talaka-mawana.jpg","datePublished":"2025-10-03T14:32:11+00:00","dateModified":"2025-10-03T14:46:52+00:00","author":{"@id":"https:\/\/macite.tg\/#\/schema\/person\/e9f2de7e5dbbe7770a9402c7ce82f5c2"},"breadcrumb":{"@id":"https:\/\/macite.tg\/?p=25138#breadcrumb"},"inLanguage":"fr-FR","potentialAction":[{"@type":"ReadAction","target":["https:\/\/macite.tg\/?p=25138"]}]},{"@type":"ImageObject","inLanguage":"fr-FR","@id":"https:\/\/macite.tg\/?p=25138#primaryimage","url":"https:\/\/macite.tg\/wp-content\/uploads\/2025\/10\/PR-Talaka-mawana.jpg","contentUrl":"https:\/\/macite.tg\/wp-content\/uploads\/2025\/10\/PR-Talaka-mawana.jpg","width":500,"height":332,"caption":"Talaka Mawama, Procureur de la R\u00e9publique"},{"@type":"BreadcrumbList","@id":"https:\/\/macite.tg\/?p=25138#breadcrumb","itemListElement":[{"@type":"ListItem","position":1,"name":"Accueil","item":"https:\/\/macite.tg\/"},{"@type":"ListItem","position":2,"name":"INFRACTIONS VIA LES RESEAUX SOCIAUX : Le Procureur de la R\u00e9publique oppose la fermet\u00e9\u2026 les fauteurs courent de grands risques"}]},{"@type":"WebSite","@id":"https:\/\/macite.tg\/#website","url":"https:\/\/macite.tg\/","name":"","description":"L&#039;information, la bonne!!!","potentialAction":[{"@type":"SearchAction","target":{"@type":"EntryPoint","urlTemplate":"https:\/\/macite.tg\/?s={search_term_string}"},"query-input":{"@type":"PropertyValueSpecification","valueRequired":true,"valueName":"search_term_string"}}],"inLanguage":"fr-FR"},{"@type":"Person","@id":"https:\/\/macite.tg\/#\/schema\/person\/e9f2de7e5dbbe7770a9402c7ce82f5c2","name":"Jean Pierre BAWELA","image":{"@type":"ImageObject","inLanguage":"fr-FR","@id":"https:\/\/macite.tg\/wp-content\/uploads\/2023\/09\/WhatsApp-Image-2023-09-19-at-14.44.41-122x122.jpeg","url":"https:\/\/macite.tg\/wp-content\/uploads\/2023\/09\/WhatsApp-Image-2023-09-19-at-14.44.41-122x122.jpeg","contentUrl":"https:\/\/macite.tg\/wp-content\/uploads\/2023\/09\/WhatsApp-Image-2023-09-19-at-14.44.41-122x122.jpeg","caption":"Jean Pierre BAWELA"},"url":"https:\/\/macite.tg\/?author=2"}]}},"_links":{"self":[{"href":"https:\/\/macite.tg\/index.php?rest_route=\/wp\/v2\/posts\/25138","targetHints":{"allow":["GET"]}}],"collection":[{"href":"https:\/\/macite.tg\/index.php?rest_route=\/wp\/v2\/posts"}],"about":[{"href":"https:\/\/macite.tg\/index.php?rest_route=\/wp\/v2\/types\/post"}],"author":[{"embeddable":true,"href":"https:\/\/macite.tg\/index.php?rest_route=\/wp\/v2\/users\/2"}],"replies":[{"embeddable":true,"href":"https:\/\/macite.tg\/index.php?rest_route=%2Fwp%2Fv2%2Fcomments&post=25138"}],"version-history":[{"count":0,"href":"https:\/\/macite.tg\/index.php?rest_route=\/wp\/v2\/posts\/25138\/revisions"}],"wp:featuredmedia":[{"embeddable":true,"href":"https:\/\/macite.tg\/index.php?rest_route=\/wp\/v2\/media\/25139"}],"wp:attachment":[{"href":"https:\/\/macite.tg\/index.php?rest_route=%2Fwp%2Fv2%2Fmedia&parent=25138"}],"wp:term":[{"taxonomy":"category","embeddable":true,"href":"https:\/\/macite.tg\/index.php?rest_route=%2Fwp%2Fv2%2Fcategories&post=25138"},{"taxonomy":"post_tag","embeddable":true,"href":"https:\/\/macite.tg\/index.php?rest_route=%2Fwp%2Fv2%2Ftags&post=25138"}],"curies":[{"name":"wp","href":"https:\/\/api.w.org\/{rel}","templated":true}]}}