{"id":25134,"date":"2025-10-02T21:42:48","date_gmt":"2025-10-02T21:42:48","guid":{"rendered":"https:\/\/macite.tg\/?p=25134"},"modified":"2025-10-02T21:43:35","modified_gmt":"2025-10-02T21:43:35","slug":"accord-agricole-maroc-ue-succes-eclatant-des-negociations-prealables-la-signature","status":"publish","type":"post","link":"https:\/\/macite.tg\/?p=25134","title":{"rendered":"ACCORD AGRICOLE MAROC- UE : Succ\u00e8s \u00e9clatant des n\u00e9gociations pr\u00e9alables\u2026 la signature annonc\u00e9e tr\u00e8s prochainement"},"content":{"rendered":"\n<p class=\"wp-block-paragraph\"><strong><em>L\u2019accord agricole qui lie le Royaume du Maroc \u00e0 l\u2019Union europ\u00e9enne est en bonne voie. Les n\u00e9gociations en vue de son amendement viennent de prendre fin avec \u00ab succ\u00e8s, dans un esprit de partenariat et de compromis&nbsp;\u00bb, a indiqu\u00e9, ce jeudi dans un communiqu\u00e9, le chef de la diplomatie marocaine, Nasser Bourita. Cet accord dont la signature est attendue tr\u00e8s prochainement \u00e0 Bruxelles, confirme l\u2019application aux Provinces du Sud des tarifs pr\u00e9f\u00e9rentiels accord\u00e9s par l\u2019Union au titre de l\u2019Accord d\u2019Association avec le Royaume, souligne M. Bourita.<\/em><\/strong><\/p>\n\n\n\n<p class=\"wp-block-paragraph\">Dans une d\u00e9claration rendue publique ce jeudi, le ministre des Affaires \u00e9trang\u00e8res, de la Coop\u00e9ration africaine et des Marocains r\u00e9sidant \u00e0 l\u2019\u00e9tranger, Nasser Bourita, a indiqu\u00e9 que <em>\u00ab le Royaume du Maroc et l&rsquo;Union europ\u00e9enne viennent de cl\u00f4turer avec succ\u00e8s, dans un esprit de partenariat et de compromis, les n\u00e9gociations relatives l\u2019amendement de l\u2019accord agricole qui lie les deux parties \u00bb.<\/em><\/p>\n\n\n\n<p class=\"wp-block-paragraph\">M. Bourita a tenu \u00e0 pr\u00e9ciser que <em>\u00ab la signature interviendra incessamment, \u00e0 Bruxelles \u00bb<\/em> et, qu&rsquo;en attendant la finalisation des proc\u00e9dures internes, <em>\u00ab l\u2019accord sera mis en application provisoire d\u00e8s sa signature \u00bb.<\/em><\/p>\n\n\n<div class=\"wp-block-image\">\n<figure class=\"aligncenter size-full\"><img loading=\"lazy\" decoding=\"async\" width=\"500\" height=\"500\" src=\"https:\/\/macite.tg\/wp-content\/uploads\/2025\/09\/LAISSEZ6PASSER-EN-UN-CLIC.jpg\" alt=\"\" class=\"wp-image-25044\" srcset=\"https:\/\/macite.tg\/wp-content\/uploads\/2025\/09\/LAISSEZ6PASSER-EN-UN-CLIC.jpg 500w, https:\/\/macite.tg\/wp-content\/uploads\/2025\/09\/LAISSEZ6PASSER-EN-UN-CLIC-300x300.jpg 300w, https:\/\/macite.tg\/wp-content\/uploads\/2025\/09\/LAISSEZ6PASSER-EN-UN-CLIC-150x150.jpg 150w, https:\/\/macite.tg\/wp-content\/uploads\/2025\/09\/LAISSEZ6PASSER-EN-UN-CLIC-122x122.jpg 122w\" sizes=\"auto, (max-width: 500px) 100vw, 500px\" \/><\/figure>\n<\/div>\n\n\n<p class=\"wp-block-paragraph\">Cet accord, a-t-il soulign\u00e9, qui s&rsquo;inscrit dans la continuit\u00e9 et <em>\u00ab la philosophie de l\u2019\u00e9change de lettre sign\u00e9 entre les deux parties en 2018 \u00bb,<\/em> auquel <em>\u00ab l&rsquo;\u00e9conomie g\u00e9n\u00e9rale du nouveau texte reste fid\u00e8le \u00bb, <\/em>va<em> \u00ab apporter les clarifications n\u00e9cessaires, dans le respect des fondamentaux nationaux du Royaume \u00bb. <\/em>&nbsp;<\/p>\n\n\n\n<p class=\"wp-block-paragraph\">A cet \u00e9gard, le ministre a indiqu\u00e9 que <em>\u00ab l\u2019accord confirme l\u2019application aux Provinces du Sud des tarifs pr\u00e9f\u00e9rentiels accord\u00e9s par l\u2019UE au titre de l\u2019Accord d\u2019Association avec le Maroc \u00bb,<\/em> expliquant que \u00ab<em> d\u2019une mani\u00e8re g\u00e9n\u00e9rale, les conditions d\u2019acc\u00e8s au march\u00e9 europ\u00e9en des produits du Nord seront appliqu\u00e9es aux produits du Sahara marocain \u00bb.<\/em><\/p>\n\n\n\n<p class=\"wp-block-paragraph\">De m\u00eame, a pr\u00e9cis\u00e9 le ministre, le texte introduit des ajustements techniques relatifs \u00e0 l&rsquo;information du consommateur sur la provenance des produits. En effet, un \u00e9tiquetage mentionnant les r\u00e9gions de production au Sud du Royaume \u2013 <em>\u00ab\u00a0Laayoune-Sakiat el Hamra\u00a0\u00bb et<\/em> <em>\u00ab\u00a0Dakhla-Oued Eddahab\u00a0\u00bb<\/em> \u2013 sera appos\u00e9 sur les produits agricoles, a-t-il fait savoir.<\/p>\n\n\n\n<p class=\"wp-block-paragraph\">Par ailleurs, le texte rappelle la position formul\u00e9e par l&rsquo;Union europ\u00e9enne en 2019 sur la question du Sahara marocain, o\u00f9 l&rsquo;UE prend note positivement des efforts s\u00e9rieux et cr\u00e9dibles men\u00e9s par le Maroc. Il fait \u00e9galement r\u00e9f\u00e9rence aux positions nationales post\u00e9rieures de nombreux Etats membres de l&rsquo;UE, exprimant leur appui \u00e0 l\u2019initiative marocaine d\u2019autonomie, dans le cadre de la dynamique impuls\u00e9e par Sa Majest\u00e9 le Roi Mohammed VI, que Dieu L\u2019assiste, a-t-il soulign\u00e9.<\/p>\n\n\n\n<p class=\"wp-block-paragraph\">Et M. Bourita de faire remarquer que<em> \u00ab Bien entendu, il ne s\u2019agit pas d\u2019un accord politique ; mais d\u2019un accord sectoriel, commercial et op\u00e9rationnel. Il n&rsquo;en demeure pas moins qu&rsquo;il envoie des signaux forts et clairs \u00bb.<\/em><\/p>\n\n\n\n<figure class=\"wp-block-image size-full\"><img loading=\"lazy\" decoding=\"async\" width=\"851\" height=\"315\" src=\"https:\/\/macite.tg\/wp-content\/uploads\/2025\/10\/OTR_Bandeau-Renseignements.jpg\" alt=\"\" class=\"wp-image-25075\" srcset=\"https:\/\/macite.tg\/wp-content\/uploads\/2025\/10\/OTR_Bandeau-Renseignements.jpg 851w, https:\/\/macite.tg\/wp-content\/uploads\/2025\/10\/OTR_Bandeau-Renseignements-300x111.jpg 300w, https:\/\/macite.tg\/wp-content\/uploads\/2025\/10\/OTR_Bandeau-Renseignements-768x284.jpg 768w\" sizes=\"auto, (max-width: 851px) 100vw, 851px\" \/><\/figure>\n\n\n\n<p class=\"wp-block-paragraph\">Dans ce sens, le ministre a mis en exergue la vision \u00e9clair\u00e9e de Sa Majest\u00e9 le Roi Mohammed VI, gr\u00e2ce \u00e0 laquelle <em>\u00ab le Sahara marocain est devenu une zone de d\u00e9veloppement, de connexion et de prosp\u00e9rit\u00e9, qui se confirme comme un p\u00f4le de stabilit\u00e9 et de d\u00e9veloppement r\u00e9gional \u00bb.<\/em> Cette dynamique explique, a poursuivi M. Bourita, <em>\u00ab l\u2019int\u00e9r\u00eat de grandes puissances mondiales et r\u00e9gionales pour les activit\u00e9s \u00e9conomiques au Sahara marocain, et leur volont\u00e9 d\u2019encourager le commerce et l\u2019investissement dans la r\u00e9gion, pour faire du Sahara un trait d\u2019union entre Europe et Afrique, entre M\u00e9diterran\u00e9e et Atlantique \u00bb<\/em>. Le ministre a cit\u00e9 \u00e0 titre d\u2019exemple <em>\u00ab la d\u00e9claration forte des Etats-Unis la semaine derni\u00e8re \u00bb, le \u00ab Forum \u00e9conomique Maroc France pr\u00e9vu \u00e0 Dakhla le 9 octobre \u00bb <\/em>et<em> \u00ab l\u2019action projet\u00e9e par l\u2019Agence britannique UK Export Finance \u00bb.<\/em><\/p>\n\n\n\n<p class=\"wp-block-paragraph\">De m\u00eame, l&rsquo;Accord avec l&rsquo;UE <em>\u00ab apporte une contribution qualitative sur le plan national \u00bb,<\/em> en participant au PIB agricole et \u00e0 la cr\u00e9ation et au maintien de l&#8217;emploi, notamment dans la r\u00e9gion du Sahara marocain, a ajout\u00e9 le ministre.<\/p>\n\n\n\n<p class=\"wp-block-paragraph\"><em>\u00ab Naturellement, cet Accord conforte le Partenariat strat\u00e9gique ancien et solide entre le Maroc et l&rsquo;UE \u00bb,<\/em> a r\u00e9affirm\u00e9 M. Bourita, soulignant que le Maroc est un partenaire fiable et cr\u00e9dible, avec lequel l&rsquo;UE entretient la plus grande part de ses \u00e9changes commerciaux en Afrique et dans le monde arabe, pour un montant annuel d\u00e9passant les 60 milliards d&rsquo;euros, incluant produits industriels, \u00e9quipements et produits agricoles.<\/p>\n\n\n\n<p class=\"wp-block-paragraph\">En outre, tout en soulignant que <em>\u00ab Sa Majest\u00e9 le Roi a toujours voulu que le Partenariat Maroc-UE se d\u00e9ploie par des actions communes et concr\u00e8tes \u00bb,<\/em> M. Bourita a indiqu\u00e9 que <em>\u00ab les domaines commercial et agricole sont importants, certes, de par leur place dans l&rsquo;\u00e9conomie du Royaume, mais notre Partenariat [avec l\u2019Union europ\u00e9enne] s&rsquo;\u00e9tend aussi \u00e0 un large \u00e9ventail de domaines : politique, \u00e9conomique, social, environnemental, ainsi que les secteurs de la migration et de la mobilit\u00e9, de la s\u00e9curit\u00e9, du num\u00e9rique et de la culture \u00bb.<\/em><\/p>\n\n\n\n<p class=\"wp-block-paragraph\">Enfin, \u00e0 un moment o\u00f9 le contexte r\u00e9gional est complexe et o\u00f9 les crises deviennent structurelles, cette avanc\u00e9e incr\u00e9mentale permet au Maroc et \u00e0 l\u2019UE d&rsquo;aborder leur avenir commun avec s\u00e9r\u00e9nit\u00e9 et d&rsquo;envisager une voie ambitieuse et prometteuse, a soutenu le ministre.<\/p>\n\n\n<div class=\"wp-block-image\">\n<figure class=\"aligncenter size-large is-resized\"><img loading=\"lazy\" decoding=\"async\" width=\"1024\" height=\"1024\" src=\"https:\/\/macite.tg\/wp-content\/uploads\/2025\/09\/a85f0ce4-ba89-497d-a417-b4838d5a0d21-1-1024x1024.jpg\" alt=\"\" class=\"wp-image-25042\" style=\"width:512px;height:auto\" srcset=\"https:\/\/macite.tg\/wp-content\/uploads\/2025\/09\/a85f0ce4-ba89-497d-a417-b4838d5a0d21-1-1024x1024.jpg 1024w, https:\/\/macite.tg\/wp-content\/uploads\/2025\/09\/a85f0ce4-ba89-497d-a417-b4838d5a0d21-1-300x300.jpg 300w, https:\/\/macite.tg\/wp-content\/uploads\/2025\/09\/a85f0ce4-ba89-497d-a417-b4838d5a0d21-1-150x150.jpg 150w, https:\/\/macite.tg\/wp-content\/uploads\/2025\/09\/a85f0ce4-ba89-497d-a417-b4838d5a0d21-1-768x768.jpg 768w, https:\/\/macite.tg\/wp-content\/uploads\/2025\/09\/a85f0ce4-ba89-497d-a417-b4838d5a0d21-1-122x122.jpg 122w, https:\/\/macite.tg\/wp-content\/uploads\/2025\/09\/a85f0ce4-ba89-497d-a417-b4838d5a0d21-1.jpg 1080w\" sizes=\"auto, (max-width: 1024px) 100vw, 1024px\" \/><\/figure>\n<\/div>\n\n\n<p class=\"wp-block-paragraph\"><em>\u00ab&nbsp;Nous sommes d\u00e9sormais en mesure de d\u00e9ployer tout notre potentiel existant, qu&rsquo;il s&rsquo;agisse de pr\u00e9parer des \u00e9ch\u00e9ances conjointes, ou de dynamiser nos cadres politiques, comme le Conseil d&rsquo;Association, et de jeter les bases d\u2019un partenariat strat\u00e9gique encore plus approfondi, qui guidera nos relations pour les prochaines ann\u00e9es&nbsp;\u00bb,<\/em> a conclu M. Bourita.<\/p>\n\n\n\n<p class=\"wp-block-paragraph\"><strong>MC<\/strong><\/p>\n\n\n\n<p class=\"wp-block-paragraph\"><a><strong><em>@macite.tg&nbsp;&nbsp;&nbsp;&nbsp;&nbsp;&nbsp;&nbsp;&nbsp;<\/em><\/strong><\/a><\/p>\n\n\n\n<p class=\"wp-block-paragraph\"><strong><em>E-mail&nbsp;: <\/em><\/strong><a href=\"mailto:maciteinfo@gmail.com\"><strong><em>maciteinfo@gmail.com<\/em><\/strong><\/a><strong><em>; <\/em><\/strong><a href=\"mailto:bawela1@gmail.com\"><strong><em>bawela1@gmail.com<\/em><\/strong><\/a><strong><em><\/em><\/strong><\/p>\n\n\n\n<p class=\"wp-block-paragraph\"><strong><em>Pour vos annonces, (publi)reportages, etc., joignez-nous au (00228)91515309\/<strong>79872224 <\/strong><strong><\/strong><\/em><\/strong><\/p>\n\n\n\n<p class=\"wp-block-paragraph\"><strong><em>www.macite.tg, L\u2019information, la bonne&nbsp;!<\/em><\/strong><\/p>\n\n\n\n<p class=\"wp-block-paragraph\"><\/p>\n","protected":false},"excerpt":{"rendered":"<p class=\"text-justify mb-2\" >L\u2019accord agricole qui lie le Royaume du Maroc \u00e0 l\u2019Union europ\u00e9enne est en bonne voie. Les n\u00e9gociations en vue de son amendement viennent de prendre fin avec \u00ab succ\u00e8s, dans un esprit de partenariat et de compromis&nbsp;\u00bb, a indiqu\u00e9, ce jeudi dans un communiqu\u00e9, le [&hellip;]<\/p>\n","protected":false},"author":2,"featured_media":25135,"comment_status":"open","ping_status":"open","sticky":false,"template":"","format":"standard","meta":{"footnotes":""},"categories":[20,22,16],"tags":[],"class_list":["post-25134","post","type-post","status-publish","format-standard","has-post-thumbnail","hentry","category-actualite","category-agriculture","category-cooperation"],"yoast_head":"<!-- This site is optimized with the Yoast SEO plugin v28.4 - https:\/\/yoast.com\/product\/yoast-seo-wordpress\/ -->\n<title>ACCORD AGRICOLE MAROC- UE : Succ\u00e8s \u00e9clatant des n\u00e9gociations pr\u00e9alables\u2026 la signature annonc\u00e9e tr\u00e8s prochainement -<\/title>\n<meta name=\"robots\" content=\"index, follow, max-snippet:-1, max-image-preview:large, max-video-preview:-1\" \/>\n<link rel=\"canonical\" href=\"https:\/\/macite.tg\/?p=25134\" \/>\n<meta property=\"og:locale\" content=\"fr_FR\" \/>\n<meta property=\"og:type\" content=\"article\" \/>\n<meta property=\"og:title\" content=\"ACCORD AGRICOLE MAROC- UE : Succ\u00e8s \u00e9clatant des n\u00e9gociations pr\u00e9alables\u2026 la signature annonc\u00e9e tr\u00e8s prochainement -\" \/>\n<meta property=\"og:description\" content=\"L\u2019accord agricole qui lie le Royaume du Maroc \u00e0 l\u2019Union europ\u00e9enne est en bonne voie. Les n\u00e9gociations en vue de son amendement viennent de prendre fin avec \u00ab succ\u00e8s, dans un esprit de partenariat et de compromis&nbsp;\u00bb, a indiqu\u00e9, ce jeudi dans un communiqu\u00e9, le [&hellip;]\" \/>\n<meta property=\"og:url\" content=\"https:\/\/macite.tg\/?p=25134\" \/>\n<meta property=\"article:published_time\" content=\"2025-10-02T21:42:48+00:00\" \/>\n<meta property=\"article:modified_time\" content=\"2025-10-02T21:43:35+00:00\" \/>\n<meta property=\"og:image\" content=\"https:\/\/macite.tg\/wp-content\/uploads\/2025\/10\/image-7.png\" \/>\n\t<meta property=\"og:image:width\" content=\"437\" \/>\n\t<meta property=\"og:image:height\" content=\"241\" \/>\n\t<meta property=\"og:image:type\" content=\"image\/png\" \/>\n<meta name=\"author\" content=\"Jean Pierre BAWELA\" \/>\n<meta name=\"twitter:card\" content=\"summary_large_image\" \/>\n<meta name=\"twitter:label1\" content=\"\u00c9crit par\" \/>\n\t<meta name=\"twitter:data1\" content=\"Jean Pierre BAWELA\" \/>\n\t<meta name=\"twitter:label2\" content=\"Dur\u00e9e de lecture estim\u00e9e\" \/>\n\t<meta name=\"twitter:data2\" content=\"6 minutes\" \/>\n<script type=\"application\/ld+json\" class=\"yoast-schema-graph\">{\"@context\":\"https:\\\/\\\/schema.org\",\"@graph\":[{\"@type\":\"Article\",\"@id\":\"https:\\\/\\\/macite.tg\\\/?p=25134#article\",\"isPartOf\":{\"@id\":\"https:\\\/\\\/macite.tg\\\/?p=25134\"},\"author\":{\"name\":\"Jean Pierre BAWELA\",\"@id\":\"https:\\\/\\\/macite.tg\\\/#\\\/schema\\\/person\\\/e9f2de7e5dbbe7770a9402c7ce82f5c2\"},\"headline\":\"ACCORD AGRICOLE MAROC- UE : Succ\u00e8s \u00e9clatant des n\u00e9gociations pr\u00e9alables\u2026 la signature annonc\u00e9e tr\u00e8s prochainement\",\"datePublished\":\"2025-10-02T21:42:48+00:00\",\"dateModified\":\"2025-10-02T21:43:35+00:00\",\"mainEntityOfPage\":{\"@id\":\"https:\\\/\\\/macite.tg\\\/?p=25134\"},\"wordCount\":1018,\"commentCount\":0,\"image\":{\"@id\":\"https:\\\/\\\/macite.tg\\\/?p=25134#primaryimage\"},\"thumbnailUrl\":\"https:\\\/\\\/macite.tg\\\/wp-content\\\/uploads\\\/2025\\\/10\\\/image-7.png\",\"articleSection\":[\"ACTUALITE\",\"AGRICULTURE\",\"COOPERATION\"],\"inLanguage\":\"fr-FR\",\"potentialAction\":[{\"@type\":\"CommentAction\",\"name\":\"Comment\",\"target\":[\"https:\\\/\\\/macite.tg\\\/?p=25134#respond\"]}]},{\"@type\":\"WebPage\",\"@id\":\"https:\\\/\\\/macite.tg\\\/?p=25134\",\"url\":\"https:\\\/\\\/macite.tg\\\/?p=25134\",\"name\":\"ACCORD AGRICOLE MAROC- UE : Succ\u00e8s \u00e9clatant des n\u00e9gociations pr\u00e9alables\u2026 la signature annonc\u00e9e tr\u00e8s prochainement -\",\"isPartOf\":{\"@id\":\"https:\\\/\\\/macite.tg\\\/#website\"},\"primaryImageOfPage\":{\"@id\":\"https:\\\/\\\/macite.tg\\\/?p=25134#primaryimage\"},\"image\":{\"@id\":\"https:\\\/\\\/macite.tg\\\/?p=25134#primaryimage\"},\"thumbnailUrl\":\"https:\\\/\\\/macite.tg\\\/wp-content\\\/uploads\\\/2025\\\/10\\\/image-7.png\",\"datePublished\":\"2025-10-02T21:42:48+00:00\",\"dateModified\":\"2025-10-02T21:43:35+00:00\",\"author\":{\"@id\":\"https:\\\/\\\/macite.tg\\\/#\\\/schema\\\/person\\\/e9f2de7e5dbbe7770a9402c7ce82f5c2\"},\"breadcrumb\":{\"@id\":\"https:\\\/\\\/macite.tg\\\/?p=25134#breadcrumb\"},\"inLanguage\":\"fr-FR\",\"potentialAction\":[{\"@type\":\"ReadAction\",\"target\":[\"https:\\\/\\\/macite.tg\\\/?p=25134\"]}]},{\"@type\":\"ImageObject\",\"inLanguage\":\"fr-FR\",\"@id\":\"https:\\\/\\\/macite.tg\\\/?p=25134#primaryimage\",\"url\":\"https:\\\/\\\/macite.tg\\\/wp-content\\\/uploads\\\/2025\\\/10\\\/image-7.png\",\"contentUrl\":\"https:\\\/\\\/macite.tg\\\/wp-content\\\/uploads\\\/2025\\\/10\\\/image-7.png\",\"width\":437,\"height\":241},{\"@type\":\"BreadcrumbList\",\"@id\":\"https:\\\/\\\/macite.tg\\\/?p=25134#breadcrumb\",\"itemListElement\":[{\"@type\":\"ListItem\",\"position\":1,\"name\":\"Accueil\",\"item\":\"https:\\\/\\\/macite.tg\\\/\"},{\"@type\":\"ListItem\",\"position\":2,\"name\":\"ACCORD AGRICOLE MAROC- UE : Succ\u00e8s \u00e9clatant des n\u00e9gociations pr\u00e9alables\u2026 la signature annonc\u00e9e tr\u00e8s prochainement\"}]},{\"@type\":\"WebSite\",\"@id\":\"https:\\\/\\\/macite.tg\\\/#website\",\"url\":\"https:\\\/\\\/macite.tg\\\/\",\"name\":\"\",\"description\":\"L&#039;information, la bonne!!!\",\"potentialAction\":[{\"@type\":\"SearchAction\",\"target\":{\"@type\":\"EntryPoint\",\"urlTemplate\":\"https:\\\/\\\/macite.tg\\\/?s={search_term_string}\"},\"query-input\":{\"@type\":\"PropertyValueSpecification\",\"valueRequired\":true,\"valueName\":\"search_term_string\"}}],\"inLanguage\":\"fr-FR\"},{\"@type\":\"Person\",\"@id\":\"https:\\\/\\\/macite.tg\\\/#\\\/schema\\\/person\\\/e9f2de7e5dbbe7770a9402c7ce82f5c2\",\"name\":\"Jean Pierre BAWELA\",\"image\":{\"@type\":\"ImageObject\",\"inLanguage\":\"fr-FR\",\"@id\":\"https:\\\/\\\/macite.tg\\\/wp-content\\\/uploads\\\/2023\\\/09\\\/WhatsApp-Image-2023-09-19-at-14.44.41-122x122.jpeg\",\"url\":\"https:\\\/\\\/macite.tg\\\/wp-content\\\/uploads\\\/2023\\\/09\\\/WhatsApp-Image-2023-09-19-at-14.44.41-122x122.jpeg\",\"contentUrl\":\"https:\\\/\\\/macite.tg\\\/wp-content\\\/uploads\\\/2023\\\/09\\\/WhatsApp-Image-2023-09-19-at-14.44.41-122x122.jpeg\",\"caption\":\"Jean Pierre BAWELA\"},\"url\":\"https:\\\/\\\/macite.tg\\\/?author=2\"}]}<\/script>\n<!-- \/ Yoast SEO plugin. -->","yoast_head_json":{"title":"ACCORD AGRICOLE MAROC- UE : Succ\u00e8s \u00e9clatant des n\u00e9gociations pr\u00e9alables\u2026 la signature annonc\u00e9e tr\u00e8s prochainement -","robots":{"index":"index","follow":"follow","max-snippet":"max-snippet:-1","max-image-preview":"max-image-preview:large","max-video-preview":"max-video-preview:-1"},"canonical":"https:\/\/macite.tg\/?p=25134","og_locale":"fr_FR","og_type":"article","og_title":"ACCORD AGRICOLE MAROC- UE : Succ\u00e8s \u00e9clatant des n\u00e9gociations pr\u00e9alables\u2026 la signature annonc\u00e9e tr\u00e8s prochainement -","og_description":"L\u2019accord agricole qui lie le Royaume du Maroc \u00e0 l\u2019Union europ\u00e9enne est en bonne voie. Les n\u00e9gociations en vue de son amendement viennent de prendre fin avec \u00ab succ\u00e8s, dans un esprit de partenariat et de compromis&nbsp;\u00bb, a indiqu\u00e9, ce jeudi dans un communiqu\u00e9, le [&hellip;]","og_url":"https:\/\/macite.tg\/?p=25134","article_published_time":"2025-10-02T21:42:48+00:00","article_modified_time":"2025-10-02T21:43:35+00:00","og_image":[{"width":437,"height":241,"url":"https:\/\/macite.tg\/wp-content\/uploads\/2025\/10\/image-7.png","type":"image\/png"}],"author":"Jean Pierre BAWELA","twitter_card":"summary_large_image","twitter_misc":{"\u00c9crit par":"Jean Pierre BAWELA","Dur\u00e9e de lecture estim\u00e9e":"6 minutes"},"schema":{"@context":"https:\/\/schema.org","@graph":[{"@type":"Article","@id":"https:\/\/macite.tg\/?p=25134#article","isPartOf":{"@id":"https:\/\/macite.tg\/?p=25134"},"author":{"name":"Jean Pierre BAWELA","@id":"https:\/\/macite.tg\/#\/schema\/person\/e9f2de7e5dbbe7770a9402c7ce82f5c2"},"headline":"ACCORD AGRICOLE MAROC- UE : Succ\u00e8s \u00e9clatant des n\u00e9gociations pr\u00e9alables\u2026 la signature annonc\u00e9e tr\u00e8s prochainement","datePublished":"2025-10-02T21:42:48+00:00","dateModified":"2025-10-02T21:43:35+00:00","mainEntityOfPage":{"@id":"https:\/\/macite.tg\/?p=25134"},"wordCount":1018,"commentCount":0,"image":{"@id":"https:\/\/macite.tg\/?p=25134#primaryimage"},"thumbnailUrl":"https:\/\/macite.tg\/wp-content\/uploads\/2025\/10\/image-7.png","articleSection":["ACTUALITE","AGRICULTURE","COOPERATION"],"inLanguage":"fr-FR","potentialAction":[{"@type":"CommentAction","name":"Comment","target":["https:\/\/macite.tg\/?p=25134#respond"]}]},{"@type":"WebPage","@id":"https:\/\/macite.tg\/?p=25134","url":"https:\/\/macite.tg\/?p=25134","name":"ACCORD AGRICOLE MAROC- UE : Succ\u00e8s \u00e9clatant des n\u00e9gociations pr\u00e9alables\u2026 la signature annonc\u00e9e tr\u00e8s prochainement -","isPartOf":{"@id":"https:\/\/macite.tg\/#website"},"primaryImageOfPage":{"@id":"https:\/\/macite.tg\/?p=25134#primaryimage"},"image":{"@id":"https:\/\/macite.tg\/?p=25134#primaryimage"},"thumbnailUrl":"https:\/\/macite.tg\/wp-content\/uploads\/2025\/10\/image-7.png","datePublished":"2025-10-02T21:42:48+00:00","dateModified":"2025-10-02T21:43:35+00:00","author":{"@id":"https:\/\/macite.tg\/#\/schema\/person\/e9f2de7e5dbbe7770a9402c7ce82f5c2"},"breadcrumb":{"@id":"https:\/\/macite.tg\/?p=25134#breadcrumb"},"inLanguage":"fr-FR","potentialAction":[{"@type":"ReadAction","target":["https:\/\/macite.tg\/?p=25134"]}]},{"@type":"ImageObject","inLanguage":"fr-FR","@id":"https:\/\/macite.tg\/?p=25134#primaryimage","url":"https:\/\/macite.tg\/wp-content\/uploads\/2025\/10\/image-7.png","contentUrl":"https:\/\/macite.tg\/wp-content\/uploads\/2025\/10\/image-7.png","width":437,"height":241},{"@type":"BreadcrumbList","@id":"https:\/\/macite.tg\/?p=25134#breadcrumb","itemListElement":[{"@type":"ListItem","position":1,"name":"Accueil","item":"https:\/\/macite.tg\/"},{"@type":"ListItem","position":2,"name":"ACCORD AGRICOLE MAROC- UE : Succ\u00e8s \u00e9clatant des n\u00e9gociations pr\u00e9alables\u2026 la signature annonc\u00e9e tr\u00e8s prochainement"}]},{"@type":"WebSite","@id":"https:\/\/macite.tg\/#website","url":"https:\/\/macite.tg\/","name":"","description":"L&#039;information, la bonne!!!","potentialAction":[{"@type":"SearchAction","target":{"@type":"EntryPoint","urlTemplate":"https:\/\/macite.tg\/?s={search_term_string}"},"query-input":{"@type":"PropertyValueSpecification","valueRequired":true,"valueName":"search_term_string"}}],"inLanguage":"fr-FR"},{"@type":"Person","@id":"https:\/\/macite.tg\/#\/schema\/person\/e9f2de7e5dbbe7770a9402c7ce82f5c2","name":"Jean Pierre BAWELA","image":{"@type":"ImageObject","inLanguage":"fr-FR","@id":"https:\/\/macite.tg\/wp-content\/uploads\/2023\/09\/WhatsApp-Image-2023-09-19-at-14.44.41-122x122.jpeg","url":"https:\/\/macite.tg\/wp-content\/uploads\/2023\/09\/WhatsApp-Image-2023-09-19-at-14.44.41-122x122.jpeg","contentUrl":"https:\/\/macite.tg\/wp-content\/uploads\/2023\/09\/WhatsApp-Image-2023-09-19-at-14.44.41-122x122.jpeg","caption":"Jean Pierre BAWELA"},"url":"https:\/\/macite.tg\/?author=2"}]}},"_links":{"self":[{"href":"https:\/\/macite.tg\/index.php?rest_route=\/wp\/v2\/posts\/25134","targetHints":{"allow":["GET"]}}],"collection":[{"href":"https:\/\/macite.tg\/index.php?rest_route=\/wp\/v2\/posts"}],"about":[{"href":"https:\/\/macite.tg\/index.php?rest_route=\/wp\/v2\/types\/post"}],"author":[{"embeddable":true,"href":"https:\/\/macite.tg\/index.php?rest_route=\/wp\/v2\/users\/2"}],"replies":[{"embeddable":true,"href":"https:\/\/macite.tg\/index.php?rest_route=%2Fwp%2Fv2%2Fcomments&post=25134"}],"version-history":[{"count":0,"href":"https:\/\/macite.tg\/index.php?rest_route=\/wp\/v2\/posts\/25134\/revisions"}],"wp:featuredmedia":[{"embeddable":true,"href":"https:\/\/macite.tg\/index.php?rest_route=\/wp\/v2\/media\/25135"}],"wp:attachment":[{"href":"https:\/\/macite.tg\/index.php?rest_route=%2Fwp%2Fv2%2Fmedia&parent=25134"}],"wp:term":[{"taxonomy":"category","embeddable":true,"href":"https:\/\/macite.tg\/index.php?rest_route=%2Fwp%2Fv2%2Fcategories&post=25134"},{"taxonomy":"post_tag","embeddable":true,"href":"https:\/\/macite.tg\/index.php?rest_route=%2Fwp%2Fv2%2Ftags&post=25134"}],"curies":[{"name":"wp","href":"https:\/\/api.w.org\/{rel}","templated":true}]}}