{"id":25128,"date":"2025-10-02T21:14:57","date_gmt":"2025-10-02T21:14:57","guid":{"rendered":"https:\/\/macite.tg\/?p=25128"},"modified":"2025-10-02T21:15:21","modified_gmt":"2025-10-02T21:15:21","slug":"senat-ouverture-de-la-2eme-session-ordinaire-consacree-au-budget","status":"publish","type":"post","link":"https:\/\/macite.tg\/?p=25128","title":{"rendered":"SENAT\u00a0: Ouverture de la 2\u00e8me session ordinaire consacr\u00e9e au budget"},"content":{"rendered":"\n<p class=\"wp-block-paragraph\"><strong><em>Le S\u00e9nat, seconde chambre du Parlement, a ouvert sa deuxi\u00e8me session ordinaire de l\u2019ann\u00e9e 2025, ce jeudi 02 octobre 2025 au Palais des Congr\u00e8s de Lom\u00e9, conform\u00e9ment aux dispositions de l\u2019article 12 alin\u00e9a 2 de la Constitution.<\/em><\/strong><\/p>\n\n\n\n<p class=\"wp-block-paragraph\">La c\u00e9r\u00e9monie a \u00e9t\u00e9 pr\u00e9sid\u00e9e par Son Excellence Monsieur Barry Moussa Barqu\u00e9, en pr\u00e9sence de hautes personnalit\u00e9s, notamment le pr\u00e9sident de l\u2019Assembl\u00e9e nationale, S.E.M. Sevon-T\u00e9p\u00e9 Kodjo Ad\u00e9zd\u00e9, le ministre des Droits de l\u2019Homme, de la Formation \u00e0 la Citoyennet\u00e9 et des Relations avec les Institutions de la R\u00e9publique, Pac\u00f4me Adjourouvi, ainsi que les membres du bureau de l\u2019Assembl\u00e9e nationale.<\/p>\n\n\n\n<figure class=\"wp-block-image size-full\"><img loading=\"lazy\" decoding=\"async\" width=\"972\" height=\"560\" src=\"https:\/\/macite.tg\/wp-content\/uploads\/2025\/10\/ce1ae34c-a8f5-42a8-b203-878893625664.jpg\" alt=\"\" class=\"wp-image-25132\" srcset=\"https:\/\/macite.tg\/wp-content\/uploads\/2025\/10\/ce1ae34c-a8f5-42a8-b203-878893625664.jpg 972w, https:\/\/macite.tg\/wp-content\/uploads\/2025\/10\/ce1ae34c-a8f5-42a8-b203-878893625664-300x173.jpg 300w, https:\/\/macite.tg\/wp-content\/uploads\/2025\/10\/ce1ae34c-a8f5-42a8-b203-878893625664-768x442.jpg 768w\" sizes=\"auto, (max-width: 972px) 100vw, 972px\" \/><figcaption class=\"wp-element-caption\"><em><strong>Photo de famille \u00e0 l&rsquo;issue de la c\u00e9r\u00e9monie d&rsquo;ouverture <\/strong><\/em><\/figcaption><\/figure>\n\n\n\n<p class=\"wp-block-paragraph\">Apr\u00e8s l\u2019ex\u00e9cution de l\u2019hymne national <em>\u00ab Terre de nos a\u00efeux \u00bb<\/em> et la v\u00e9rification du quorum, l\u2019ordre du jour comportant quatre points, a \u00e9t\u00e9 adopt\u00e9 \u00e0 l\u2019unanimit\u00e9 des s\u00e9nateurs pr\u00e9sents.<\/p>\n\n\n\n<p class=\"wp-block-paragraph\">\u00c0 l&rsquo;entame du discours d&rsquo;ouverture la session, le pr\u00e9sident du S\u00e9nat a d\u2019abord exprim\u00e9 sa profonde gratitude \u00e0 l\u2019\u00c9ternel Dieu Tout-Puissant, dont la mis\u00e9ricorde infinie et bienveillante a permis aux s\u00e9nateurs de vivre et de s\u2019approprier ce moment important et significatif dans l\u2019exercice de leurs fonctions parlementaires.<\/p>\n\n\n<div class=\"wp-block-image\">\n<figure class=\"aligncenter size-large is-resized\"><img loading=\"lazy\" decoding=\"async\" width=\"721\" height=\"1024\" src=\"https:\/\/macite.tg\/wp-content\/uploads\/2025\/10\/9666a2c7-d86a-41de-876e-8ee6850f98d4-721x1024.jpg\" alt=\"\" class=\"wp-image-25115\" style=\"width:577px;height:auto\" srcset=\"https:\/\/macite.tg\/wp-content\/uploads\/2025\/10\/9666a2c7-d86a-41de-876e-8ee6850f98d4-721x1024.jpg 721w, https:\/\/macite.tg\/wp-content\/uploads\/2025\/10\/9666a2c7-d86a-41de-876e-8ee6850f98d4-211x300.jpg 211w, https:\/\/macite.tg\/wp-content\/uploads\/2025\/10\/9666a2c7-d86a-41de-876e-8ee6850f98d4-768x1091.jpg 768w, https:\/\/macite.tg\/wp-content\/uploads\/2025\/10\/9666a2c7-d86a-41de-876e-8ee6850f98d4-1081x1536.jpg 1081w, https:\/\/macite.tg\/wp-content\/uploads\/2025\/10\/9666a2c7-d86a-41de-876e-8ee6850f98d4.jpg 1126w\" sizes=\"auto, (max-width: 721px) 100vw, 721px\" \/><\/figure>\n<\/div>\n\n\n<p class=\"wp-block-paragraph\"><strong>Une session consacr\u00e9e au budget<\/strong><\/p>\n\n\n\n<p class=\"wp-block-paragraph\">Pour le Pr\u00e9sident Barry Moussa Barqu\u00e9, cette session, centr\u00e9e sur l\u2019examen du projet de loi de finances pour la gestion de l\u2019ann\u00e9e 2026, rev\u00eat une grande importance pour la nation togolaise. D\u2019apr\u00e8s lui, elle est d\u00e9terminante pour les orientations \u00e9conomiques et sociales du pays et aura un impact consid\u00e9rable sur les ambitions de la R\u00e9publique ainsi que sur l\u2019avenir des territoires.<\/p>\n\n\n\n<p class=\"wp-block-paragraph\"><em>\u00ab Nous devons donc, au cours des travaux de la pr\u00e9sente session dite budg\u00e9taire, nous laisser guider par la vision d\u2019un Togo en paix, une nation moderne avec une croissance \u00e9conomique inclusive et durable, fondement de la doctrine de Son Excellence Monsieur Faure Essozimna Gnassingb\u00e9, Pr\u00e9sident du Conseil \u00bb,<\/em> a-t-il d\u00e9clar\u00e9.<\/p>\n\n\n\n<p class=\"wp-block-paragraph\">Le S\u00e9nat examinera, au cours de cette session tenue en temps opportun, la loi de finances pour l\u2019exercice 2026 d\u00e8s sa transmission par l\u2019Assembl\u00e9e nationale, dans le cadre de la navette parlementaire.<\/p>\n\n\n\n<p class=\"wp-block-paragraph\"><em>\u00ab Nous sommes attach\u00e9s \u00e0 une qualit\u00e9 des \u00e9changes entre nos deux chambres. \u00c0 ce titre, nous saurons travailler \u00e0 doter notre pays d\u2019un budget avant la cl\u00f4ture de la session \u00bb,<\/em> a ajout\u00e9 le pr\u00e9sident du S\u00e9nat.<\/p>\n\n\n<div class=\"wp-block-image\">\n<figure class=\"aligncenter size-full\"><img loading=\"lazy\" decoding=\"async\" width=\"851\" height=\"315\" src=\"https:\/\/macite.tg\/wp-content\/uploads\/2025\/10\/OTR_Ferer-pour-batir-1.jpg\" alt=\"\" class=\"wp-image-25092\" srcset=\"https:\/\/macite.tg\/wp-content\/uploads\/2025\/10\/OTR_Ferer-pour-batir-1.jpg 851w, https:\/\/macite.tg\/wp-content\/uploads\/2025\/10\/OTR_Ferer-pour-batir-1-300x111.jpg 300w, https:\/\/macite.tg\/wp-content\/uploads\/2025\/10\/OTR_Ferer-pour-batir-1-768x284.jpg 768w\" sizes=\"auto, (max-width: 851px) 100vw, 851px\" \/><\/figure>\n<\/div>\n\n\n<p class=\"wp-block-paragraph\"><strong>Une session budg\u00e9taire sous le signe de la responsabilit\u00e9 et du progr\u00e8s<\/strong><\/p>\n\n\n\n<p class=\"wp-block-paragraph\">Le pr\u00e9sident du S\u00e9nat a en outre soulign\u00e9 que la session s\u2019ouvre dans un contexte de profonds bouleversements \u00e0 l\u2019\u00e9chelle mondiale, et le Togo n\u2019\u00e9chappe pas aux d\u00e9fis.<\/p>\n\n\n\n<p class=\"wp-block-paragraph\">Ainsi, il a invit\u00e9 ses coll\u00e8gues s\u00e9nateurs \u00e0 assumer pleinement leur responsabilit\u00e9, celle de faire des choix \u00e9clair\u00e9s, \u00e9quilibr\u00e9s et orient\u00e9s vers le progr\u00e8s tout au long de cette session.<\/p>\n\n\n\n<p class=\"wp-block-paragraph\"><em>\u00ab En effet, l\u2019examen du projet de loi de finances, exercice 2026 qui nous attend n\u2019est pas qu\u2019un simple exercice comptable. C\u2019est l\u2019expression de nos priorit\u00e9s, de nos ambitions pour notre nation et de notre engagement envers les g\u00e9n\u00e9rations futures \u00bb,<\/em> a-t-il affirm\u00e9.<\/p>\n\n\n\n<p class=\"wp-block-paragraph\"><em>\u00ab Notre assembl\u00e9e aura \u00e0 examiner un projet de budget qui devra r\u00e9pondre \u00e0 trois imp\u00e9ratifs majeurs : premi\u00e8rement, consolider les acquis de notre politique de d\u00e9veloppement, notamment \u00e0 travers la mise en \u0153uvre de la nouvelle feuille de route gouvernementale ; deuxi\u00e8mement, renforcer la comp\u00e9titivit\u00e9 de notre \u00e9conomie face aux chocs externes, dans un contexte international incertain ; troisi\u00e8mement, acc\u00e9l\u00e9rer la transformation structurelle de notre syst\u00e8me de gouvernance, notamment dans les secteurs de la sant\u00e9, de l\u2019\u00e9ducation et de l\u2019agriculture \u00bb,<\/em> a-t-il ajout\u00e9.<\/p>\n\n\n<div class=\"wp-block-image\">\n<figure class=\"aligncenter size-full\"><img loading=\"lazy\" decoding=\"async\" width=\"500\" height=\"500\" src=\"https:\/\/macite.tg\/wp-content\/uploads\/2025\/09\/LAISSEZ6PASSER-EN-UN-CLIC.jpg\" alt=\"\" class=\"wp-image-25044\" srcset=\"https:\/\/macite.tg\/wp-content\/uploads\/2025\/09\/LAISSEZ6PASSER-EN-UN-CLIC.jpg 500w, https:\/\/macite.tg\/wp-content\/uploads\/2025\/09\/LAISSEZ6PASSER-EN-UN-CLIC-300x300.jpg 300w, https:\/\/macite.tg\/wp-content\/uploads\/2025\/09\/LAISSEZ6PASSER-EN-UN-CLIC-150x150.jpg 150w, https:\/\/macite.tg\/wp-content\/uploads\/2025\/09\/LAISSEZ6PASSER-EN-UN-CLIC-122x122.jpg 122w\" sizes=\"auto, (max-width: 500px) 100vw, 500px\" \/><\/figure>\n<\/div>\n\n\n<p class=\"wp-block-paragraph\">Pour lui, face aux d\u00e9fis, le S\u00e9nat, dans sa mission constitutionnelle, contribuera \u00e0 ce que les ressources de la nation soient allou\u00e9es de mani\u00e8re optimale afin de servir la R\u00e9publique, une R\u00e9publique exemplaire.<\/p>\n\n\n\n<p class=\"wp-block-paragraph\">Le pr\u00e9sident du S\u00e9nat a \u00e9galement soulign\u00e9 que cette session pourrait \u00eatre l\u2019occasion d\u2019examiner des projets de loi importants.<\/p>\n\n\n\n<p class=\"wp-block-paragraph\"><em>\u00ab Notre r\u00f4le est d\u2019enrichir ces textes par notre expertise et notre connaissance de nos territoires, pour qu\u2019ils r\u00e9pondent au mieux aux attentes de nos concitoyens. Que nos travaux de la session budg\u00e9taire de cette ann\u00e9e 2025 soient guid\u00e9s par la recherche de l\u2019int\u00e9r\u00eat g\u00e9n\u00e9ral et le souci constant du bien-\u00eatre de nos concitoyens. Vive le S\u00e9nat pour que vive la R\u00e9publique \u00bb,<\/em> a-t-il martel\u00e9.<\/p>\n\n\n\n<p class=\"wp-block-paragraph\"><strong>Le S\u00e9nat salue la maturit\u00e9 d\u00e9mocratique exprim\u00e9e lors des \u00e9lections municipales<\/strong><\/p>\n\n\n\n<p class=\"wp-block-paragraph\">Autre sujet essentiel \u00e9voqu\u00e9 dans le discours d&rsquo;ouverture, le bon d\u00e9roulement des \u00e9lections municipales. Le pr\u00e9sident du S\u00e9nat a rappel\u00e9 que les derniers mois n\u2019ont pas \u00e9t\u00e9 sans d\u00e9fis et que les \u00e9lections municipales de juillet dernier, entre autres, ont marqu\u00e9 une \u00e9tape importante dans la consolidation du processus de d\u00e9centralisation. Il a salu\u00e9 la maturit\u00e9 d\u00e9mocratique du corps \u00e9lectoral ainsi que le travail remarquable de tous les acteurs ayant permis l\u2019heureux aboutissement du processus \u00e9lectoral.<\/p>\n\n\n\n<p class=\"wp-block-paragraph\">Les s\u00e9nateurs ont \u00e9galement exprim\u00e9 le v\u0153u que les prochaines \u00e9lections au Togo se d\u00e9roulent toujours dans la paix, gage de stabilit\u00e9 et de coh\u00e9sion nationale.<\/p>\n\n\n<div class=\"wp-block-image\">\n<figure class=\"aligncenter size-large is-resized\"><img loading=\"lazy\" decoding=\"async\" width=\"1024\" height=\"1024\" src=\"https:\/\/macite.tg\/wp-content\/uploads\/2025\/09\/a85f0ce4-ba89-497d-a417-b4838d5a0d21-1-1024x1024.jpg\" alt=\"\" class=\"wp-image-25042\" style=\"width:604px;height:auto\" srcset=\"https:\/\/macite.tg\/wp-content\/uploads\/2025\/09\/a85f0ce4-ba89-497d-a417-b4838d5a0d21-1-1024x1024.jpg 1024w, https:\/\/macite.tg\/wp-content\/uploads\/2025\/09\/a85f0ce4-ba89-497d-a417-b4838d5a0d21-1-300x300.jpg 300w, https:\/\/macite.tg\/wp-content\/uploads\/2025\/09\/a85f0ce4-ba89-497d-a417-b4838d5a0d21-1-150x150.jpg 150w, https:\/\/macite.tg\/wp-content\/uploads\/2025\/09\/a85f0ce4-ba89-497d-a417-b4838d5a0d21-1-768x768.jpg 768w, https:\/\/macite.tg\/wp-content\/uploads\/2025\/09\/a85f0ce4-ba89-497d-a417-b4838d5a0d21-1-122x122.jpg 122w, https:\/\/macite.tg\/wp-content\/uploads\/2025\/09\/a85f0ce4-ba89-497d-a417-b4838d5a0d21-1.jpg 1080w\" sizes=\"auto, (max-width: 1024px) 100vw, 1024px\" \/><\/figure>\n<\/div>\n\n\n<p class=\"wp-block-paragraph\">Tout comme la premi\u00e8re session de l\u2019ann\u00e9e a d\u00e9montr\u00e9 l\u2019importance du bicam\u00e9risme pour l\u2019\u00e9quilibre des institutions, le pr\u00e9sident du S\u00e9nat a soulign\u00e9 que cette deuxi\u00e8me session sera tout aussi d\u00e9terminante pour renforcer ce principe. Dans le m\u00eame \u00e9lan, Monsieur Barry Moussa Barqu\u00e9 a invit\u00e9 les s\u00e9nateurs \u00e0 entamer cette nouvelle \u00e9tape avec un enthousiasme renouvel\u00e9 et une grande d\u00e9termination.<\/p>\n\n\n\n<p class=\"wp-block-paragraph\"><a><strong><em>@macite.tg&nbsp;&nbsp;&nbsp;&nbsp;&nbsp;&nbsp;&nbsp;&nbsp;<\/em><\/strong><\/a><\/p>\n\n\n\n<p class=\"wp-block-paragraph\"><strong><em>E-mail&nbsp;: <\/em><\/strong><a href=\"mailto:maciteinfo@gmail.com\"><strong><em>maciteinfo@gmail.com<\/em><\/strong><\/a><strong><em>; <\/em><\/strong><a href=\"mailto:bawela1@gmail.com\"><strong><em>bawela1@gmail.com<\/em><\/strong><\/a><strong><em><\/em><\/strong><\/p>\n\n\n\n<p class=\"wp-block-paragraph\"><strong><em>Pour vos annonces, (publi)reportages, etc., joignez-nous au (00228)91515309\/<strong>79872224 <\/strong><strong><\/strong><\/em><\/strong><\/p>\n\n\n\n<p class=\"wp-block-paragraph\"><strong><em>www.macite.tg, L\u2019information, la bonne&nbsp;!<\/em><\/strong><\/p>\n\n\n\n<p class=\"wp-block-paragraph\"><\/p>\n","protected":false},"excerpt":{"rendered":"<p class=\"text-justify mb-2\" >Le S\u00e9nat, seconde chambre du Parlement, a ouvert sa deuxi\u00e8me session ordinaire de l\u2019ann\u00e9e 2025, ce jeudi 02 octobre 2025 au Palais des Congr\u00e8s de Lom\u00e9, conform\u00e9ment aux dispositions de l\u2019article 12 alin\u00e9a 2 de la Constitution. La c\u00e9r\u00e9monie a \u00e9t\u00e9 pr\u00e9sid\u00e9e par Son Excellence [&hellip;]<\/p>\n","protected":false},"author":2,"featured_media":25131,"comment_status":"open","ping_status":"open","sticky":false,"template":"","format":"standard","meta":{"footnotes":""},"categories":[20,1],"tags":[],"class_list":["post-25128","post","type-post","status-publish","format-standard","has-post-thumbnail","hentry","category-actualite","category-politique"],"yoast_head":"<!-- This site is optimized with the Yoast SEO plugin v28.4 - https:\/\/yoast.com\/product\/yoast-seo-wordpress\/ -->\n<title>SENAT\u00a0: Ouverture de la 2\u00e8me session ordinaire consacr\u00e9e au budget -<\/title>\n<meta name=\"robots\" content=\"index, follow, max-snippet:-1, max-image-preview:large, max-video-preview:-1\" \/>\n<link rel=\"canonical\" href=\"https:\/\/macite.tg\/?p=25128\" \/>\n<meta property=\"og:locale\" content=\"fr_FR\" \/>\n<meta property=\"og:type\" content=\"article\" \/>\n<meta property=\"og:title\" content=\"SENAT\u00a0: Ouverture de la 2\u00e8me session ordinaire consacr\u00e9e au budget -\" \/>\n<meta property=\"og:description\" content=\"Le S\u00e9nat, seconde chambre du Parlement, a ouvert sa deuxi\u00e8me session ordinaire de l\u2019ann\u00e9e 2025, ce jeudi 02 octobre 2025 au Palais des Congr\u00e8s de Lom\u00e9, conform\u00e9ment aux dispositions de l\u2019article 12 alin\u00e9a 2 de la Constitution. La c\u00e9r\u00e9monie a \u00e9t\u00e9 pr\u00e9sid\u00e9e par Son Excellence [&hellip;]\" \/>\n<meta property=\"og:url\" content=\"https:\/\/macite.tg\/?p=25128\" \/>\n<meta property=\"article:published_time\" content=\"2025-10-02T21:14:57+00:00\" \/>\n<meta property=\"article:modified_time\" content=\"2025-10-02T21:15:21+00:00\" \/>\n<meta property=\"og:image\" content=\"https:\/\/macite.tg\/wp-content\/uploads\/2025\/10\/Pdt-senat.jpg\" \/>\n\t<meta property=\"og:image:width\" content=\"500\" \/>\n\t<meta property=\"og:image:height\" content=\"379\" \/>\n\t<meta property=\"og:image:type\" content=\"image\/jpeg\" \/>\n<meta name=\"author\" content=\"Jean Pierre BAWELA\" \/>\n<meta name=\"twitter:card\" content=\"summary_large_image\" \/>\n<meta name=\"twitter:label1\" content=\"\u00c9crit par\" \/>\n\t<meta name=\"twitter:data1\" content=\"Jean Pierre BAWELA\" \/>\n\t<meta name=\"twitter:label2\" content=\"Dur\u00e9e de lecture estim\u00e9e\" \/>\n\t<meta name=\"twitter:data2\" content=\"6 minutes\" \/>\n<script type=\"application\/ld+json\" class=\"yoast-schema-graph\">{\"@context\":\"https:\\\/\\\/schema.org\",\"@graph\":[{\"@type\":\"Article\",\"@id\":\"https:\\\/\\\/macite.tg\\\/?p=25128#article\",\"isPartOf\":{\"@id\":\"https:\\\/\\\/macite.tg\\\/?p=25128\"},\"author\":{\"name\":\"Jean Pierre BAWELA\",\"@id\":\"https:\\\/\\\/macite.tg\\\/#\\\/schema\\\/person\\\/e9f2de7e5dbbe7770a9402c7ce82f5c2\"},\"headline\":\"SENAT\u00a0: Ouverture de la 2\u00e8me session ordinaire consacr\u00e9e au budget\",\"datePublished\":\"2025-10-02T21:14:57+00:00\",\"dateModified\":\"2025-10-02T21:15:21+00:00\",\"mainEntityOfPage\":{\"@id\":\"https:\\\/\\\/macite.tg\\\/?p=25128\"},\"wordCount\":1029,\"commentCount\":0,\"image\":{\"@id\":\"https:\\\/\\\/macite.tg\\\/?p=25128#primaryimage\"},\"thumbnailUrl\":\"https:\\\/\\\/macite.tg\\\/wp-content\\\/uploads\\\/2025\\\/10\\\/Pdt-senat.jpg\",\"articleSection\":[\"ACTUALITE\",\"POLITIQUE\"],\"inLanguage\":\"fr-FR\",\"potentialAction\":[{\"@type\":\"CommentAction\",\"name\":\"Comment\",\"target\":[\"https:\\\/\\\/macite.tg\\\/?p=25128#respond\"]}]},{\"@type\":\"WebPage\",\"@id\":\"https:\\\/\\\/macite.tg\\\/?p=25128\",\"url\":\"https:\\\/\\\/macite.tg\\\/?p=25128\",\"name\":\"SENAT\u00a0: Ouverture de la 2\u00e8me session ordinaire consacr\u00e9e au budget -\",\"isPartOf\":{\"@id\":\"https:\\\/\\\/macite.tg\\\/#website\"},\"primaryImageOfPage\":{\"@id\":\"https:\\\/\\\/macite.tg\\\/?p=25128#primaryimage\"},\"image\":{\"@id\":\"https:\\\/\\\/macite.tg\\\/?p=25128#primaryimage\"},\"thumbnailUrl\":\"https:\\\/\\\/macite.tg\\\/wp-content\\\/uploads\\\/2025\\\/10\\\/Pdt-senat.jpg\",\"datePublished\":\"2025-10-02T21:14:57+00:00\",\"dateModified\":\"2025-10-02T21:15:21+00:00\",\"author\":{\"@id\":\"https:\\\/\\\/macite.tg\\\/#\\\/schema\\\/person\\\/e9f2de7e5dbbe7770a9402c7ce82f5c2\"},\"breadcrumb\":{\"@id\":\"https:\\\/\\\/macite.tg\\\/?p=25128#breadcrumb\"},\"inLanguage\":\"fr-FR\",\"potentialAction\":[{\"@type\":\"ReadAction\",\"target\":[\"https:\\\/\\\/macite.tg\\\/?p=25128\"]}]},{\"@type\":\"ImageObject\",\"inLanguage\":\"fr-FR\",\"@id\":\"https:\\\/\\\/macite.tg\\\/?p=25128#primaryimage\",\"url\":\"https:\\\/\\\/macite.tg\\\/wp-content\\\/uploads\\\/2025\\\/10\\\/Pdt-senat.jpg\",\"contentUrl\":\"https:\\\/\\\/macite.tg\\\/wp-content\\\/uploads\\\/2025\\\/10\\\/Pdt-senat.jpg\",\"width\":500,\"height\":379,\"caption\":\"Barry Moussa Barqu\u00e9, Pr\u00e9sident du S\u00e9nat\"},{\"@type\":\"BreadcrumbList\",\"@id\":\"https:\\\/\\\/macite.tg\\\/?p=25128#breadcrumb\",\"itemListElement\":[{\"@type\":\"ListItem\",\"position\":1,\"name\":\"Accueil\",\"item\":\"https:\\\/\\\/macite.tg\\\/\"},{\"@type\":\"ListItem\",\"position\":2,\"name\":\"SENAT\u00a0: Ouverture de la 2\u00e8me session ordinaire consacr\u00e9e au budget\"}]},{\"@type\":\"WebSite\",\"@id\":\"https:\\\/\\\/macite.tg\\\/#website\",\"url\":\"https:\\\/\\\/macite.tg\\\/\",\"name\":\"\",\"description\":\"L&#039;information, la bonne!!!\",\"potentialAction\":[{\"@type\":\"SearchAction\",\"target\":{\"@type\":\"EntryPoint\",\"urlTemplate\":\"https:\\\/\\\/macite.tg\\\/?s={search_term_string}\"},\"query-input\":{\"@type\":\"PropertyValueSpecification\",\"valueRequired\":true,\"valueName\":\"search_term_string\"}}],\"inLanguage\":\"fr-FR\"},{\"@type\":\"Person\",\"@id\":\"https:\\\/\\\/macite.tg\\\/#\\\/schema\\\/person\\\/e9f2de7e5dbbe7770a9402c7ce82f5c2\",\"name\":\"Jean Pierre BAWELA\",\"image\":{\"@type\":\"ImageObject\",\"inLanguage\":\"fr-FR\",\"@id\":\"https:\\\/\\\/macite.tg\\\/wp-content\\\/uploads\\\/2023\\\/09\\\/WhatsApp-Image-2023-09-19-at-14.44.41-122x122.jpeg\",\"url\":\"https:\\\/\\\/macite.tg\\\/wp-content\\\/uploads\\\/2023\\\/09\\\/WhatsApp-Image-2023-09-19-at-14.44.41-122x122.jpeg\",\"contentUrl\":\"https:\\\/\\\/macite.tg\\\/wp-content\\\/uploads\\\/2023\\\/09\\\/WhatsApp-Image-2023-09-19-at-14.44.41-122x122.jpeg\",\"caption\":\"Jean Pierre BAWELA\"},\"url\":\"https:\\\/\\\/macite.tg\\\/?author=2\"}]}<\/script>\n<!-- \/ Yoast SEO plugin. -->","yoast_head_json":{"title":"SENAT\u00a0: Ouverture de la 2\u00e8me session ordinaire consacr\u00e9e au budget -","robots":{"index":"index","follow":"follow","max-snippet":"max-snippet:-1","max-image-preview":"max-image-preview:large","max-video-preview":"max-video-preview:-1"},"canonical":"https:\/\/macite.tg\/?p=25128","og_locale":"fr_FR","og_type":"article","og_title":"SENAT\u00a0: Ouverture de la 2\u00e8me session ordinaire consacr\u00e9e au budget -","og_description":"Le S\u00e9nat, seconde chambre du Parlement, a ouvert sa deuxi\u00e8me session ordinaire de l\u2019ann\u00e9e 2025, ce jeudi 02 octobre 2025 au Palais des Congr\u00e8s de Lom\u00e9, conform\u00e9ment aux dispositions de l\u2019article 12 alin\u00e9a 2 de la Constitution. La c\u00e9r\u00e9monie a \u00e9t\u00e9 pr\u00e9sid\u00e9e par Son Excellence [&hellip;]","og_url":"https:\/\/macite.tg\/?p=25128","article_published_time":"2025-10-02T21:14:57+00:00","article_modified_time":"2025-10-02T21:15:21+00:00","og_image":[{"width":500,"height":379,"url":"https:\/\/macite.tg\/wp-content\/uploads\/2025\/10\/Pdt-senat.jpg","type":"image\/jpeg"}],"author":"Jean Pierre BAWELA","twitter_card":"summary_large_image","twitter_misc":{"\u00c9crit par":"Jean Pierre BAWELA","Dur\u00e9e de lecture estim\u00e9e":"6 minutes"},"schema":{"@context":"https:\/\/schema.org","@graph":[{"@type":"Article","@id":"https:\/\/macite.tg\/?p=25128#article","isPartOf":{"@id":"https:\/\/macite.tg\/?p=25128"},"author":{"name":"Jean Pierre BAWELA","@id":"https:\/\/macite.tg\/#\/schema\/person\/e9f2de7e5dbbe7770a9402c7ce82f5c2"},"headline":"SENAT\u00a0: Ouverture de la 2\u00e8me session ordinaire consacr\u00e9e au budget","datePublished":"2025-10-02T21:14:57+00:00","dateModified":"2025-10-02T21:15:21+00:00","mainEntityOfPage":{"@id":"https:\/\/macite.tg\/?p=25128"},"wordCount":1029,"commentCount":0,"image":{"@id":"https:\/\/macite.tg\/?p=25128#primaryimage"},"thumbnailUrl":"https:\/\/macite.tg\/wp-content\/uploads\/2025\/10\/Pdt-senat.jpg","articleSection":["ACTUALITE","POLITIQUE"],"inLanguage":"fr-FR","potentialAction":[{"@type":"CommentAction","name":"Comment","target":["https:\/\/macite.tg\/?p=25128#respond"]}]},{"@type":"WebPage","@id":"https:\/\/macite.tg\/?p=25128","url":"https:\/\/macite.tg\/?p=25128","name":"SENAT\u00a0: Ouverture de la 2\u00e8me session ordinaire consacr\u00e9e au budget -","isPartOf":{"@id":"https:\/\/macite.tg\/#website"},"primaryImageOfPage":{"@id":"https:\/\/macite.tg\/?p=25128#primaryimage"},"image":{"@id":"https:\/\/macite.tg\/?p=25128#primaryimage"},"thumbnailUrl":"https:\/\/macite.tg\/wp-content\/uploads\/2025\/10\/Pdt-senat.jpg","datePublished":"2025-10-02T21:14:57+00:00","dateModified":"2025-10-02T21:15:21+00:00","author":{"@id":"https:\/\/macite.tg\/#\/schema\/person\/e9f2de7e5dbbe7770a9402c7ce82f5c2"},"breadcrumb":{"@id":"https:\/\/macite.tg\/?p=25128#breadcrumb"},"inLanguage":"fr-FR","potentialAction":[{"@type":"ReadAction","target":["https:\/\/macite.tg\/?p=25128"]}]},{"@type":"ImageObject","inLanguage":"fr-FR","@id":"https:\/\/macite.tg\/?p=25128#primaryimage","url":"https:\/\/macite.tg\/wp-content\/uploads\/2025\/10\/Pdt-senat.jpg","contentUrl":"https:\/\/macite.tg\/wp-content\/uploads\/2025\/10\/Pdt-senat.jpg","width":500,"height":379,"caption":"Barry Moussa Barqu\u00e9, Pr\u00e9sident du S\u00e9nat"},{"@type":"BreadcrumbList","@id":"https:\/\/macite.tg\/?p=25128#breadcrumb","itemListElement":[{"@type":"ListItem","position":1,"name":"Accueil","item":"https:\/\/macite.tg\/"},{"@type":"ListItem","position":2,"name":"SENAT\u00a0: Ouverture de la 2\u00e8me session ordinaire consacr\u00e9e au budget"}]},{"@type":"WebSite","@id":"https:\/\/macite.tg\/#website","url":"https:\/\/macite.tg\/","name":"","description":"L&#039;information, la bonne!!!","potentialAction":[{"@type":"SearchAction","target":{"@type":"EntryPoint","urlTemplate":"https:\/\/macite.tg\/?s={search_term_string}"},"query-input":{"@type":"PropertyValueSpecification","valueRequired":true,"valueName":"search_term_string"}}],"inLanguage":"fr-FR"},{"@type":"Person","@id":"https:\/\/macite.tg\/#\/schema\/person\/e9f2de7e5dbbe7770a9402c7ce82f5c2","name":"Jean Pierre BAWELA","image":{"@type":"ImageObject","inLanguage":"fr-FR","@id":"https:\/\/macite.tg\/wp-content\/uploads\/2023\/09\/WhatsApp-Image-2023-09-19-at-14.44.41-122x122.jpeg","url":"https:\/\/macite.tg\/wp-content\/uploads\/2023\/09\/WhatsApp-Image-2023-09-19-at-14.44.41-122x122.jpeg","contentUrl":"https:\/\/macite.tg\/wp-content\/uploads\/2023\/09\/WhatsApp-Image-2023-09-19-at-14.44.41-122x122.jpeg","caption":"Jean Pierre BAWELA"},"url":"https:\/\/macite.tg\/?author=2"}]}},"_links":{"self":[{"href":"https:\/\/macite.tg\/index.php?rest_route=\/wp\/v2\/posts\/25128","targetHints":{"allow":["GET"]}}],"collection":[{"href":"https:\/\/macite.tg\/index.php?rest_route=\/wp\/v2\/posts"}],"about":[{"href":"https:\/\/macite.tg\/index.php?rest_route=\/wp\/v2\/types\/post"}],"author":[{"embeddable":true,"href":"https:\/\/macite.tg\/index.php?rest_route=\/wp\/v2\/users\/2"}],"replies":[{"embeddable":true,"href":"https:\/\/macite.tg\/index.php?rest_route=%2Fwp%2Fv2%2Fcomments&post=25128"}],"version-history":[{"count":0,"href":"https:\/\/macite.tg\/index.php?rest_route=\/wp\/v2\/posts\/25128\/revisions"}],"wp:featuredmedia":[{"embeddable":true,"href":"https:\/\/macite.tg\/index.php?rest_route=\/wp\/v2\/media\/25131"}],"wp:attachment":[{"href":"https:\/\/macite.tg\/index.php?rest_route=%2Fwp%2Fv2%2Fmedia&parent=25128"}],"wp:term":[{"taxonomy":"category","embeddable":true,"href":"https:\/\/macite.tg\/index.php?rest_route=%2Fwp%2Fv2%2Fcategories&post=25128"},{"taxonomy":"post_tag","embeddable":true,"href":"https:\/\/macite.tg\/index.php?rest_route=%2Fwp%2Fv2%2Ftags&post=25128"}],"curies":[{"name":"wp","href":"https:\/\/api.w.org\/{rel}","templated":true}]}}