{"id":25127,"date":"2025-10-02T21:04:32","date_gmt":"2025-10-02T21:04:32","guid":{"rendered":"https:\/\/macite.tg\/?p=25127"},"modified":"2025-10-02T21:04:41","modified_gmt":"2025-10-02T21:04:41","slug":"retour-sur-lag-des-nations-unies-2025-le-togo-va-bien-robert-dussey-chef-de-la-diplomatie-togolaise","status":"publish","type":"post","link":"https:\/\/macite.tg\/?p=25127","title":{"rendered":"RETOUR SUR L\u2019AG DES NATIONS-UNIES 2025 : \u00ab\u00a0(\u2026) Le Togo va bien\u00a0!\u00a0\u00bb (Robert Dussey, chef de la Diplomatie togolaise)"},"content":{"rendered":"\n<p class=\"wp-block-paragraph\"><strong><em>\u00c0 la tribune des Nations Unies (ONU), Robert Dussey, le ministre togolais des Affaires \u00e9trang\u00e8res a \u00e9t\u00e9 cat\u00e9gorique. \u00ab&nbsp;Comment vous parler des affaires du monde, sans parler des performances de notre pays le Togo. Soyez rassur\u00e9, le Togo va bien et le Togo va mieux&nbsp;\u00bb, a-t-il lanc\u00e9 \u00e0 l&rsquo;entame de son discours.<\/em><\/strong><\/p>\n\n\n\n<p class=\"wp-block-paragraph\"><strong>Des r\u00e9formes significatives qui portent leur fruit<\/strong><\/p>\n\n\n\n<p class=\"wp-block-paragraph\">Dans les d\u00e9tails des performances dont parle le chef de la diplomatie togolaise, il \u00e9voque des avanc\u00e9es significatives largement reconnues dans la mise en \u0153uvre des objectifs de d\u00e9veloppement durable (ODD).<\/p>\n\n\n\n<p class=\"wp-block-paragraph\">Selon Robert Dussey, plus de 70 % de cibles des ODD sont d\u00e9sormais int\u00e9gr\u00e9s dans les strat\u00e9gies nationales, en particulier \u00e0 travers la feuille de route gouvernementale 2020-2025, qui s&rsquo;articule autour de quatre piliers essentiels : le social, l&rsquo;\u00e9conomie, l&rsquo;environnement et la gouvernance.<\/p>\n\n\n\n<figure class=\"wp-block-image size-full\"><img loading=\"lazy\" decoding=\"async\" width=\"851\" height=\"315\" src=\"https:\/\/macite.tg\/wp-content\/uploads\/2025\/10\/OTR_Bandeau-Renseignements.jpg\" alt=\"\" class=\"wp-image-25075\" srcset=\"https:\/\/macite.tg\/wp-content\/uploads\/2025\/10\/OTR_Bandeau-Renseignements.jpg 851w, https:\/\/macite.tg\/wp-content\/uploads\/2025\/10\/OTR_Bandeau-Renseignements-300x111.jpg 300w, https:\/\/macite.tg\/wp-content\/uploads\/2025\/10\/OTR_Bandeau-Renseignements-768x284.jpg 768w\" sizes=\"auto, (max-width: 851px) 100vw, 851px\" \/><\/figure>\n\n\n\n<p class=\"wp-block-paragraph\">La digitalisation et la simplification des proc\u00e9dures fiscales et douani\u00e8res, ayant accru la mobilisation des recettes publiques ; l&rsquo;op\u00e9rationnalisation du guichet unique de d\u00e9p\u00f4t des \u00e9tats financiers qui permet de faire un seul d\u00e9p\u00f4t des \u00e9tats financiers ; le renforcement du cadre juridique de la commande publique, notamment l&rsquo;adoption des lois relatives aux march\u00e9s publics et au contrat du partenariat public-priv\u00e9 (PPP) en 2021 ; la possibilit\u00e9 au Togo de tenir des audiences en ligne, la r\u00e9duction des d\u00e9lais de proc\u00e9dures, actes judiciaires sont certaines r\u00e9formes mis en \u0153uvre par le gouvernement togolais.<\/p>\n\n\n\n<p class=\"wp-block-paragraph\">Robert Dussey indique que, de fa\u00e7on g\u00e9n\u00e9rale, les diff\u00e9rentes r\u00e9formes op\u00e9r\u00e9es par le gouvernement togolais, sous le leardership du Pr\u00e9sident Faure Gnassingb\u00e9, dans sa feuille de route 2025, ont permis la r\u00e9alisation du plusieurs projets. 90,7 % d&rsquo;accessibilit\u00e9 g\u00e9ographique aux soins de sant\u00e9 en 2023 (+19,3 % par rapport \u00e0 2020) ; le lancement de l&rsquo;assurance maladie universelle, couvrant d\u00e9j\u00e0 plus de 3 millions de personnes, dont les \u00e9l\u00e8ves par le School AMU ; 86 % d&rsquo;acc\u00e8s \u00e0 l&rsquo;eau potable en 2024 (+26 % depuis 2020) ; 74,5 % d&rsquo;acc\u00e8s \u00e0 l&rsquo;\u00e9lectricit\u00e9 avec une r\u00e9duction de la d\u00e9pendance \u00e9nerg\u00e9tique de l&rsquo;ext\u00e9rieure (64 % en 2020 contre moins de 50 % en 2025).<\/p>\n\n\n\n<p class=\"wp-block-paragraph\">Concernant la lutte contre la pauvret\u00e9, le taux de population vivant en dessous du seuil est pass\u00e9 de 51,1 % en 2020 \u00e0 24,8 % en 2025. Dans le secteur agricole, les rendements ont progress\u00e9 entre 11 % et 17, 32 % selon les fili\u00e8res (ma\u00efs, riz, manioc et le soja). Par ailleurs, 4 472 km de pistes rurales ont \u00e9t\u00e9 am\u00e9nag\u00e9es et 485 km de routes bitum\u00e9es construites ou r\u00e9habilit\u00e9es sur toute l&rsquo;\u00e9tendue du territoire.<\/p>\n\n\n\n<p class=\"wp-block-paragraph\"><em>\u00ab&nbsp;Nous pouvons continuer \u00e0 vous citer des exemples. Vous verrez qu&rsquo;effectivement, le Togo va mieux. Ces diff\u00e9rentes r\u00e9alisations, dans le cadre de la mise en \u0153uvre de cette feuille de route, ont permis d&rsquo;acc\u00e9l\u00e9rer la croissance \u00e9conomique du Togo \u00e0 5% en 2025 en cours et de maitriser l&rsquo;inflation&nbsp;\u00bb,<\/em> a martel\u00e9 Robert Dussey, ajoutant que dans la lutte contre les changements climatiques au Togo et des effets de l&rsquo;\u00e9rosion c\u00f4ti\u00e8re, 60 % des populations affect\u00e9es sont d\u00e9sormais prot\u00e9g\u00e9es contre l&rsquo;\u00e9rosion, et 40 millions de plants ont \u00e9t\u00e9 mis en terre sur 48.000 hectares.<\/p>\n\n\n<div class=\"wp-block-image\">\n<figure class=\"aligncenter size-large is-resized\"><img loading=\"lazy\" decoding=\"async\" width=\"721\" height=\"1024\" src=\"https:\/\/macite.tg\/wp-content\/uploads\/2025\/10\/9666a2c7-d86a-41de-876e-8ee6850f98d4-721x1024.jpg\" alt=\"\" class=\"wp-image-25115\" style=\"width:637px;height:auto\" srcset=\"https:\/\/macite.tg\/wp-content\/uploads\/2025\/10\/9666a2c7-d86a-41de-876e-8ee6850f98d4-721x1024.jpg 721w, https:\/\/macite.tg\/wp-content\/uploads\/2025\/10\/9666a2c7-d86a-41de-876e-8ee6850f98d4-211x300.jpg 211w, https:\/\/macite.tg\/wp-content\/uploads\/2025\/10\/9666a2c7-d86a-41de-876e-8ee6850f98d4-768x1091.jpg 768w, https:\/\/macite.tg\/wp-content\/uploads\/2025\/10\/9666a2c7-d86a-41de-876e-8ee6850f98d4-1081x1536.jpg 1081w, https:\/\/macite.tg\/wp-content\/uploads\/2025\/10\/9666a2c7-d86a-41de-876e-8ee6850f98d4.jpg 1126w\" sizes=\"auto, (max-width: 721px) 100vw, 721px\" \/><\/figure>\n<\/div>\n\n\n<p class=\"wp-block-paragraph\">Le ministre des affaires \u00e9trang\u00e8res n&rsquo;a pas manqu\u00e9 de relever l&rsquo;excellente performance dans le cadre de l&rsquo;indice de d\u00e9veloppement humain 2025 que le PNUD vient de publier et qui voit le Togo progresser pour \u00eatre d\u00e9sormais dans la sph\u00e8re des pays \u00e0 revenu moyen. Au niveau r\u00e9gional, le Togo consolide sa position en se hissant au 2<sup>\u00e8me<\/sup> rang dans l&rsquo;espace UEMOA (derri\u00e8re la C\u00f4te d&rsquo;Ivoire) et au 4<sup>\u00e8me<\/sup> rang au sein de la CEDEAO (apr\u00e8s le Cap-Vert, le Ghana et la C\u00f4te d&rsquo;Ivoire). Ces r\u00e9sultats t\u00e9moignent de la d\u00e9termination du gouvernement togolais \u00e0 conjuguer r\u00e9silience \u00e9conomique, stabilit\u00e9 sociale et ambition de d\u00e9veloppement durable dans un contexte mondial marqu\u00e9 par de multiples d\u00e9fis.<\/p>\n\n\n\n<p class=\"wp-block-paragraph\"><strong>Onu, esclavage, etc.<\/strong><\/p>\n\n\n\n<p class=\"wp-block-paragraph\">L&rsquo;officiel togolais n&rsquo;a pas manqu\u00e9 de parler des menaces terroristes qui mettent \u00e0 mal les pays de l&rsquo;Afrique de l&rsquo;Ouest et surtout des 80 ans de l&rsquo;organisation des Nations-Unies qui ne peut r\u00e9sister aux appels incessants des Etats de changer l&rsquo;ordre international qui a \u00e9t\u00e9 impos\u00e9 par un petit groupe d&rsquo;Etats aux int\u00e9r\u00eats tant\u00f4t convergents, tant\u00f4t divergents.<\/p>\n\n\n\n<p class=\"wp-block-paragraph\">La r\u00e9forme du Conseil de S\u00e9curit\u00e9 est une question de r\u00e9paration d&rsquo;un pr\u00e9judice historique faite \u00e0 l&rsquo;Afrique et \u00e0 d&rsquo;autres peuples du monde. La r\u00e9forme du Conseil de s\u00e9curit\u00e9, avec l&rsquo;octroi de si\u00e8ges permanents \u00e0 l&rsquo;Afrique, est un imp\u00e9ratif de dignit\u00e9 et de justice. Mais cette r\u00e9forme doit aller de pair avec la reconnaissance que les in\u00e9galit\u00e9s mondiales actuelles sont enracin\u00e9es dans des injustices historiques. Refuser de les aborder, c&rsquo;est perp\u00e9tuer un multilat\u00e9ralisme inachev\u00e9.&nbsp;<\/p>\n\n\n\n<p class=\"wp-block-paragraph\">L&rsquo;Afrique r\u00e9clame justice pace qu&rsquo;elle a \u00e9t\u00e9 exclue pendant 80 ans des instances d\u00e9cisionnelles du monde. L&rsquo;Afrique r\u00e9clame justice parce que le Conseil de S\u00e9curit\u00e9 est assis sur le droit de ses peuples \u00e0 une juste et \u00e9quitable repr\u00e9sentativit\u00e9 en son sein. Le combat de l&rsquo;Afrique en ce qui concerne les r\u00e9parations pour avoir \u00e9t\u00e9 pill\u00e9e et humili\u00e9e par l&rsquo;esclavage pendant plus de 400 ans.<\/p>\n\n\n<div class=\"wp-block-image\">\n<figure class=\"aligncenter size-large is-resized\"><img loading=\"lazy\" decoding=\"async\" width=\"1024\" height=\"1024\" src=\"https:\/\/macite.tg\/wp-content\/uploads\/2025\/09\/556453702_1402220351912767_3329053273485456202_n-1024x1024.jpg\" alt=\"\" class=\"wp-image-25041\" style=\"width:500px;height:auto\" srcset=\"https:\/\/macite.tg\/wp-content\/uploads\/2025\/09\/556453702_1402220351912767_3329053273485456202_n-1024x1024.jpg 1024w, https:\/\/macite.tg\/wp-content\/uploads\/2025\/09\/556453702_1402220351912767_3329053273485456202_n-300x300.jpg 300w, https:\/\/macite.tg\/wp-content\/uploads\/2025\/09\/556453702_1402220351912767_3329053273485456202_n-150x150.jpg 150w, https:\/\/macite.tg\/wp-content\/uploads\/2025\/09\/556453702_1402220351912767_3329053273485456202_n-768x768.jpg 768w, https:\/\/macite.tg\/wp-content\/uploads\/2025\/09\/556453702_1402220351912767_3329053273485456202_n-1536x1536.jpg 1536w, https:\/\/macite.tg\/wp-content\/uploads\/2025\/09\/556453702_1402220351912767_3329053273485456202_n-122x122.jpg 122w, https:\/\/macite.tg\/wp-content\/uploads\/2025\/09\/556453702_1402220351912767_3329053273485456202_n.jpg 2048w\" sizes=\"auto, (max-width: 1024px) 100vw, 1024px\" \/><\/figure>\n<\/div>\n\n\n<p class=\"wp-block-paragraph\"><em>\u00ab&nbsp;L&rsquo;Afrique r\u00e9clame Justice et r\u00e9paration. Du haut cette tribune, je voudrais interpeler l&rsquo;opinion publique universelle sur la n\u00e9cessit\u00e9 d&rsquo;avoir le courage d&rsquo;affronter la question de r\u00e9paration&nbsp;\u00bb,<\/em> a dit Robert Dussey.<\/p>\n\n\n\n<p class=\"wp-block-paragraph\"><strong>(In LE MEDIUM n\u00b0672 du 30 septembre au 06 Octobre 2025)<\/strong><\/p>\n\n\n\n<p class=\"wp-block-paragraph\"><strong><em>@macite.tg&nbsp;&nbsp;&nbsp;&nbsp;&nbsp;&nbsp;&nbsp;&nbsp;<\/em><\/strong><\/p>\n\n\n\n<p class=\"wp-block-paragraph\"><strong><em>E-mail&nbsp;: <\/em><\/strong><a href=\"mailto:maciteinfo@gmail.com\"><strong><em>maciteinfo@gmail.com<\/em><\/strong><\/a><strong><em>; <\/em><\/strong><a href=\"mailto:bawela1@gmail.com\"><strong><em>bawela1@gmail.com<\/em><\/strong><\/a><strong><em><\/em><\/strong><\/p>\n\n\n\n<p class=\"wp-block-paragraph\"><strong><em>Pour vos annonces, (publi)reportages, etc., joignez-nous au (00228)91515309\/<strong>79872224 <\/strong><strong><\/strong><\/em><\/strong><\/p>\n\n\n\n<p class=\"wp-block-paragraph\"><strong><em>www.macite.tg, L\u2019information, la bonne&nbsp;!<\/em><\/strong><\/p>\n\n\n\n<p class=\"wp-block-paragraph\"><\/p>\n","protected":false},"excerpt":{"rendered":"<p class=\"text-justify mb-2\" >\u00c0 la tribune des Nations Unies (ONU), Robert Dussey, le ministre togolais des Affaires \u00e9trang\u00e8res a \u00e9t\u00e9 cat\u00e9gorique. \u00ab&nbsp;Comment vous parler des affaires du monde, sans parler des performances de notre pays le Togo. Soyez rassur\u00e9, le Togo va bien et le Togo va mieux&nbsp;\u00bb, [&hellip;]<\/p>\n","protected":false},"author":2,"featured_media":25129,"comment_status":"open","ping_status":"open","sticky":false,"template":"","format":"standard","meta":{"footnotes":""},"categories":[20,8],"tags":[],"class_list":["post-25127","post","type-post","status-publish","format-standard","has-post-thumbnail","hentry","category-actualite","category-diplomatie"],"yoast_head":"<!-- This site is optimized with the Yoast SEO plugin v28.4 - https:\/\/yoast.com\/product\/yoast-seo-wordpress\/ -->\n<title>RETOUR SUR L\u2019AG DES NATIONS-UNIES 2025 : \u00ab\u00a0(\u2026) Le Togo va bien\u00a0!\u00a0\u00bb (Robert Dussey, chef de la Diplomatie togolaise) -<\/title>\n<meta name=\"robots\" content=\"index, follow, max-snippet:-1, max-image-preview:large, max-video-preview:-1\" \/>\n<link rel=\"canonical\" href=\"https:\/\/macite.tg\/?p=25127\" \/>\n<meta property=\"og:locale\" content=\"fr_FR\" \/>\n<meta property=\"og:type\" content=\"article\" \/>\n<meta property=\"og:title\" content=\"RETOUR SUR L\u2019AG DES NATIONS-UNIES 2025 : \u00ab\u00a0(\u2026) Le Togo va bien\u00a0!\u00a0\u00bb (Robert Dussey, chef de la Diplomatie togolaise) -\" \/>\n<meta property=\"og:description\" content=\"\u00c0 la tribune des Nations Unies (ONU), Robert Dussey, le ministre togolais des Affaires \u00e9trang\u00e8res a \u00e9t\u00e9 cat\u00e9gorique. \u00ab&nbsp;Comment vous parler des affaires du monde, sans parler des performances de notre pays le Togo. Soyez rassur\u00e9, le Togo va bien et le Togo va mieux&nbsp;\u00bb, [&hellip;]\" \/>\n<meta property=\"og:url\" content=\"https:\/\/macite.tg\/?p=25127\" \/>\n<meta property=\"article:published_time\" content=\"2025-10-02T21:04:32+00:00\" \/>\n<meta property=\"article:modified_time\" content=\"2025-10-02T21:04:41+00:00\" \/>\n<meta property=\"og:image\" content=\"https:\/\/macite.tg\/wp-content\/uploads\/2025\/10\/image-6.png\" \/>\n\t<meta property=\"og:image:width\" content=\"381\" \/>\n\t<meta property=\"og:image:height\" content=\"270\" \/>\n\t<meta property=\"og:image:type\" content=\"image\/png\" \/>\n<meta name=\"author\" content=\"Jean Pierre BAWELA\" \/>\n<meta name=\"twitter:card\" content=\"summary_large_image\" \/>\n<meta name=\"twitter:label1\" content=\"\u00c9crit par\" \/>\n\t<meta name=\"twitter:data1\" content=\"Jean Pierre BAWELA\" \/>\n\t<meta name=\"twitter:label2\" content=\"Dur\u00e9e de lecture estim\u00e9e\" \/>\n\t<meta name=\"twitter:data2\" content=\"6 minutes\" \/>\n<script type=\"application\/ld+json\" class=\"yoast-schema-graph\">{\"@context\":\"https:\\\/\\\/schema.org\",\"@graph\":[{\"@type\":\"Article\",\"@id\":\"https:\\\/\\\/macite.tg\\\/?p=25127#article\",\"isPartOf\":{\"@id\":\"https:\\\/\\\/macite.tg\\\/?p=25127\"},\"author\":{\"name\":\"Jean Pierre BAWELA\",\"@id\":\"https:\\\/\\\/macite.tg\\\/#\\\/schema\\\/person\\\/e9f2de7e5dbbe7770a9402c7ce82f5c2\"},\"headline\":\"RETOUR SUR L\u2019AG DES NATIONS-UNIES 2025 : \u00ab\u00a0(\u2026) Le Togo va bien\u00a0!\u00a0\u00bb (Robert Dussey, chef de la Diplomatie togolaise)\",\"datePublished\":\"2025-10-02T21:04:32+00:00\",\"dateModified\":\"2025-10-02T21:04:41+00:00\",\"mainEntityOfPage\":{\"@id\":\"https:\\\/\\\/macite.tg\\\/?p=25127\"},\"wordCount\":992,\"commentCount\":0,\"image\":{\"@id\":\"https:\\\/\\\/macite.tg\\\/?p=25127#primaryimage\"},\"thumbnailUrl\":\"https:\\\/\\\/macite.tg\\\/wp-content\\\/uploads\\\/2025\\\/10\\\/image-6.png\",\"articleSection\":[\"ACTUALITE\",\"DIPLOMATIE\"],\"inLanguage\":\"fr-FR\",\"potentialAction\":[{\"@type\":\"CommentAction\",\"name\":\"Comment\",\"target\":[\"https:\\\/\\\/macite.tg\\\/?p=25127#respond\"]}]},{\"@type\":\"WebPage\",\"@id\":\"https:\\\/\\\/macite.tg\\\/?p=25127\",\"url\":\"https:\\\/\\\/macite.tg\\\/?p=25127\",\"name\":\"RETOUR SUR L\u2019AG DES NATIONS-UNIES 2025 : \u00ab\u00a0(\u2026) Le Togo va bien\u00a0!\u00a0\u00bb (Robert Dussey, chef de la Diplomatie togolaise) -\",\"isPartOf\":{\"@id\":\"https:\\\/\\\/macite.tg\\\/#website\"},\"primaryImageOfPage\":{\"@id\":\"https:\\\/\\\/macite.tg\\\/?p=25127#primaryimage\"},\"image\":{\"@id\":\"https:\\\/\\\/macite.tg\\\/?p=25127#primaryimage\"},\"thumbnailUrl\":\"https:\\\/\\\/macite.tg\\\/wp-content\\\/uploads\\\/2025\\\/10\\\/image-6.png\",\"datePublished\":\"2025-10-02T21:04:32+00:00\",\"dateModified\":\"2025-10-02T21:04:41+00:00\",\"author\":{\"@id\":\"https:\\\/\\\/macite.tg\\\/#\\\/schema\\\/person\\\/e9f2de7e5dbbe7770a9402c7ce82f5c2\"},\"breadcrumb\":{\"@id\":\"https:\\\/\\\/macite.tg\\\/?p=25127#breadcrumb\"},\"inLanguage\":\"fr-FR\",\"potentialAction\":[{\"@type\":\"ReadAction\",\"target\":[\"https:\\\/\\\/macite.tg\\\/?p=25127\"]}]},{\"@type\":\"ImageObject\",\"inLanguage\":\"fr-FR\",\"@id\":\"https:\\\/\\\/macite.tg\\\/?p=25127#primaryimage\",\"url\":\"https:\\\/\\\/macite.tg\\\/wp-content\\\/uploads\\\/2025\\\/10\\\/image-6.png\",\"contentUrl\":\"https:\\\/\\\/macite.tg\\\/wp-content\\\/uploads\\\/2025\\\/10\\\/image-6.png\",\"width\":381,\"height\":270,\"caption\":\"Prof Robert Dussey, chef de la Diplomatie togolaise\"},{\"@type\":\"BreadcrumbList\",\"@id\":\"https:\\\/\\\/macite.tg\\\/?p=25127#breadcrumb\",\"itemListElement\":[{\"@type\":\"ListItem\",\"position\":1,\"name\":\"Accueil\",\"item\":\"https:\\\/\\\/macite.tg\\\/\"},{\"@type\":\"ListItem\",\"position\":2,\"name\":\"RETOUR SUR L\u2019AG DES NATIONS-UNIES 2025 : \u00ab\u00a0(\u2026) Le Togo va bien\u00a0!\u00a0\u00bb (Robert Dussey, chef de la Diplomatie togolaise)\"}]},{\"@type\":\"WebSite\",\"@id\":\"https:\\\/\\\/macite.tg\\\/#website\",\"url\":\"https:\\\/\\\/macite.tg\\\/\",\"name\":\"\",\"description\":\"L&#039;information, la bonne!!!\",\"potentialAction\":[{\"@type\":\"SearchAction\",\"target\":{\"@type\":\"EntryPoint\",\"urlTemplate\":\"https:\\\/\\\/macite.tg\\\/?s={search_term_string}\"},\"query-input\":{\"@type\":\"PropertyValueSpecification\",\"valueRequired\":true,\"valueName\":\"search_term_string\"}}],\"inLanguage\":\"fr-FR\"},{\"@type\":\"Person\",\"@id\":\"https:\\\/\\\/macite.tg\\\/#\\\/schema\\\/person\\\/e9f2de7e5dbbe7770a9402c7ce82f5c2\",\"name\":\"Jean Pierre BAWELA\",\"image\":{\"@type\":\"ImageObject\",\"inLanguage\":\"fr-FR\",\"@id\":\"https:\\\/\\\/macite.tg\\\/wp-content\\\/uploads\\\/2023\\\/09\\\/WhatsApp-Image-2023-09-19-at-14.44.41-122x122.jpeg\",\"url\":\"https:\\\/\\\/macite.tg\\\/wp-content\\\/uploads\\\/2023\\\/09\\\/WhatsApp-Image-2023-09-19-at-14.44.41-122x122.jpeg\",\"contentUrl\":\"https:\\\/\\\/macite.tg\\\/wp-content\\\/uploads\\\/2023\\\/09\\\/WhatsApp-Image-2023-09-19-at-14.44.41-122x122.jpeg\",\"caption\":\"Jean Pierre BAWELA\"},\"url\":\"https:\\\/\\\/macite.tg\\\/?author=2\"}]}<\/script>\n<!-- \/ Yoast SEO plugin. -->","yoast_head_json":{"title":"RETOUR SUR L\u2019AG DES NATIONS-UNIES 2025 : \u00ab\u00a0(\u2026) Le Togo va bien\u00a0!\u00a0\u00bb (Robert Dussey, chef de la Diplomatie togolaise) -","robots":{"index":"index","follow":"follow","max-snippet":"max-snippet:-1","max-image-preview":"max-image-preview:large","max-video-preview":"max-video-preview:-1"},"canonical":"https:\/\/macite.tg\/?p=25127","og_locale":"fr_FR","og_type":"article","og_title":"RETOUR SUR L\u2019AG DES NATIONS-UNIES 2025 : \u00ab\u00a0(\u2026) Le Togo va bien\u00a0!\u00a0\u00bb (Robert Dussey, chef de la Diplomatie togolaise) -","og_description":"\u00c0 la tribune des Nations Unies (ONU), Robert Dussey, le ministre togolais des Affaires \u00e9trang\u00e8res a \u00e9t\u00e9 cat\u00e9gorique. \u00ab&nbsp;Comment vous parler des affaires du monde, sans parler des performances de notre pays le Togo. Soyez rassur\u00e9, le Togo va bien et le Togo va mieux&nbsp;\u00bb, [&hellip;]","og_url":"https:\/\/macite.tg\/?p=25127","article_published_time":"2025-10-02T21:04:32+00:00","article_modified_time":"2025-10-02T21:04:41+00:00","og_image":[{"width":381,"height":270,"url":"https:\/\/macite.tg\/wp-content\/uploads\/2025\/10\/image-6.png","type":"image\/png"}],"author":"Jean Pierre BAWELA","twitter_card":"summary_large_image","twitter_misc":{"\u00c9crit par":"Jean Pierre BAWELA","Dur\u00e9e de lecture estim\u00e9e":"6 minutes"},"schema":{"@context":"https:\/\/schema.org","@graph":[{"@type":"Article","@id":"https:\/\/macite.tg\/?p=25127#article","isPartOf":{"@id":"https:\/\/macite.tg\/?p=25127"},"author":{"name":"Jean Pierre BAWELA","@id":"https:\/\/macite.tg\/#\/schema\/person\/e9f2de7e5dbbe7770a9402c7ce82f5c2"},"headline":"RETOUR SUR L\u2019AG DES NATIONS-UNIES 2025 : \u00ab\u00a0(\u2026) Le Togo va bien\u00a0!\u00a0\u00bb (Robert Dussey, chef de la Diplomatie togolaise)","datePublished":"2025-10-02T21:04:32+00:00","dateModified":"2025-10-02T21:04:41+00:00","mainEntityOfPage":{"@id":"https:\/\/macite.tg\/?p=25127"},"wordCount":992,"commentCount":0,"image":{"@id":"https:\/\/macite.tg\/?p=25127#primaryimage"},"thumbnailUrl":"https:\/\/macite.tg\/wp-content\/uploads\/2025\/10\/image-6.png","articleSection":["ACTUALITE","DIPLOMATIE"],"inLanguage":"fr-FR","potentialAction":[{"@type":"CommentAction","name":"Comment","target":["https:\/\/macite.tg\/?p=25127#respond"]}]},{"@type":"WebPage","@id":"https:\/\/macite.tg\/?p=25127","url":"https:\/\/macite.tg\/?p=25127","name":"RETOUR SUR L\u2019AG DES NATIONS-UNIES 2025 : \u00ab\u00a0(\u2026) Le Togo va bien\u00a0!\u00a0\u00bb (Robert Dussey, chef de la Diplomatie togolaise) -","isPartOf":{"@id":"https:\/\/macite.tg\/#website"},"primaryImageOfPage":{"@id":"https:\/\/macite.tg\/?p=25127#primaryimage"},"image":{"@id":"https:\/\/macite.tg\/?p=25127#primaryimage"},"thumbnailUrl":"https:\/\/macite.tg\/wp-content\/uploads\/2025\/10\/image-6.png","datePublished":"2025-10-02T21:04:32+00:00","dateModified":"2025-10-02T21:04:41+00:00","author":{"@id":"https:\/\/macite.tg\/#\/schema\/person\/e9f2de7e5dbbe7770a9402c7ce82f5c2"},"breadcrumb":{"@id":"https:\/\/macite.tg\/?p=25127#breadcrumb"},"inLanguage":"fr-FR","potentialAction":[{"@type":"ReadAction","target":["https:\/\/macite.tg\/?p=25127"]}]},{"@type":"ImageObject","inLanguage":"fr-FR","@id":"https:\/\/macite.tg\/?p=25127#primaryimage","url":"https:\/\/macite.tg\/wp-content\/uploads\/2025\/10\/image-6.png","contentUrl":"https:\/\/macite.tg\/wp-content\/uploads\/2025\/10\/image-6.png","width":381,"height":270,"caption":"Prof Robert Dussey, chef de la Diplomatie togolaise"},{"@type":"BreadcrumbList","@id":"https:\/\/macite.tg\/?p=25127#breadcrumb","itemListElement":[{"@type":"ListItem","position":1,"name":"Accueil","item":"https:\/\/macite.tg\/"},{"@type":"ListItem","position":2,"name":"RETOUR SUR L\u2019AG DES NATIONS-UNIES 2025 : \u00ab\u00a0(\u2026) Le Togo va bien\u00a0!\u00a0\u00bb (Robert Dussey, chef de la Diplomatie togolaise)"}]},{"@type":"WebSite","@id":"https:\/\/macite.tg\/#website","url":"https:\/\/macite.tg\/","name":"","description":"L&#039;information, la bonne!!!","potentialAction":[{"@type":"SearchAction","target":{"@type":"EntryPoint","urlTemplate":"https:\/\/macite.tg\/?s={search_term_string}"},"query-input":{"@type":"PropertyValueSpecification","valueRequired":true,"valueName":"search_term_string"}}],"inLanguage":"fr-FR"},{"@type":"Person","@id":"https:\/\/macite.tg\/#\/schema\/person\/e9f2de7e5dbbe7770a9402c7ce82f5c2","name":"Jean Pierre BAWELA","image":{"@type":"ImageObject","inLanguage":"fr-FR","@id":"https:\/\/macite.tg\/wp-content\/uploads\/2023\/09\/WhatsApp-Image-2023-09-19-at-14.44.41-122x122.jpeg","url":"https:\/\/macite.tg\/wp-content\/uploads\/2023\/09\/WhatsApp-Image-2023-09-19-at-14.44.41-122x122.jpeg","contentUrl":"https:\/\/macite.tg\/wp-content\/uploads\/2023\/09\/WhatsApp-Image-2023-09-19-at-14.44.41-122x122.jpeg","caption":"Jean Pierre BAWELA"},"url":"https:\/\/macite.tg\/?author=2"}]}},"_links":{"self":[{"href":"https:\/\/macite.tg\/index.php?rest_route=\/wp\/v2\/posts\/25127","targetHints":{"allow":["GET"]}}],"collection":[{"href":"https:\/\/macite.tg\/index.php?rest_route=\/wp\/v2\/posts"}],"about":[{"href":"https:\/\/macite.tg\/index.php?rest_route=\/wp\/v2\/types\/post"}],"author":[{"embeddable":true,"href":"https:\/\/macite.tg\/index.php?rest_route=\/wp\/v2\/users\/2"}],"replies":[{"embeddable":true,"href":"https:\/\/macite.tg\/index.php?rest_route=%2Fwp%2Fv2%2Fcomments&post=25127"}],"version-history":[{"count":0,"href":"https:\/\/macite.tg\/index.php?rest_route=\/wp\/v2\/posts\/25127\/revisions"}],"wp:featuredmedia":[{"embeddable":true,"href":"https:\/\/macite.tg\/index.php?rest_route=\/wp\/v2\/media\/25129"}],"wp:attachment":[{"href":"https:\/\/macite.tg\/index.php?rest_route=%2Fwp%2Fv2%2Fmedia&parent=25127"}],"wp:term":[{"taxonomy":"category","embeddable":true,"href":"https:\/\/macite.tg\/index.php?rest_route=%2Fwp%2Fv2%2Fcategories&post=25127"},{"taxonomy":"post_tag","embeddable":true,"href":"https:\/\/macite.tg\/index.php?rest_route=%2Fwp%2Fv2%2Ftags&post=25127"}],"curies":[{"name":"wp","href":"https:\/\/api.w.org\/{rel}","templated":true}]}}