{"id":25120,"date":"2025-10-03T09:49:19","date_gmt":"2025-10-03T09:49:19","guid":{"rendered":"https:\/\/macite.tg\/?p=25120"},"modified":"2025-10-03T09:49:25","modified_gmt":"2025-10-03T09:49:25","slug":"dette-publique-la-maturite-moyenne-du-portefeuille-a-672-ans-a-fin-decembre-2025","status":"publish","type":"post","link":"https:\/\/macite.tg\/?p=25120","title":{"rendered":"DETTE PUBLIQUE : La maturit\u00e9 moyenne du portefeuille \u00e0 6,72 ans \u00e0 fin d\u00e9cembre 2025"},"content":{"rendered":"\n<p class=\"wp-block-paragraph\"><strong><em>Selon le bulletin statistique de la dette publique du Togo au 30 juin 2025, r\u00e9alis\u00e9 par la Direction de la dette publique et du financement (minist\u00e8re de l&rsquo;\u00e9conomie et des finances), le co\u00fbt du portefeuille de la dette, analys\u00e9 \u00e0 travers le taux d&rsquo;int\u00e9r\u00eat implicite, ressortirait \u00e0 4,47 % \u00e0 fin d\u00e9cembre 2025 contre 4,14 % \u00e0 fin d\u00e9cembre 2024. \u00a0\u00bb Cette hausse du taux d&rsquo;int\u00e9r\u00eat implicite s&rsquo;explique par le rench\u00e9rissement des taux sur le march\u00e9 des titres et la mobilisation des pr\u00eats commerciaux \u00ab\u00a0, lit-on dans le document.<\/em><\/strong><\/p>\n\n\n\n<p class=\"wp-block-paragraph\">On informe au minist\u00e8re de l&rsquo;\u00e9conomie et des finances que la dette int\u00e9rieure, domin\u00e9e par les titres publics, co\u00fbte en moyenne 6,11 % contre 2,59 % pour la dette ext\u00e9rieure. La charge d&rsquo;int\u00e9r\u00eat repr\u00e9sente 3,06 % du PIB. Elle est de 2,24 % du PIB pour la dette int\u00e9rieure contre 0,82 % du PIB pour la dette ext\u00e9rieure. <em>\u00ab&nbsp;La r\u00e9duction du co\u00fbt de la dette d\u00e9pendra de la capacit\u00e9 de l&rsquo;Etat \u00e0 mobiliser les ressources concessionnelles sur le long terme&nbsp;\u00bb,<\/em> indique-t-on.<\/p>\n\n\n\n<p class=\"wp-block-paragraph\"><strong>Les risques li\u00e9s au portefeuille de la dette existante<\/strong><\/p>\n\n\n\n<p class=\"wp-block-paragraph\">Par rapport au risque de refinancement, la maturit\u00e9 moyenne de l&rsquo;ensemble du portefeuille ressortirait \u00e0 6,72 ans \u00e0 fin d\u00e9cembre 2025 contre 6,67 ans \u00e0 fin d\u00e9cembre 2024. Ce l\u00e9ger allongement de la maturit\u00e9 est d\u00fb aux d\u00e9caissements effectu\u00e9s aupr\u00e8s des cr\u00e9anciers multilat\u00e9raux, au cours de l&rsquo;ann\u00e9e 2025.<\/p>\n\n\n\n<figure class=\"wp-block-image size-full\"><img loading=\"lazy\" decoding=\"async\" width=\"851\" height=\"315\" src=\"https:\/\/macite.tg\/wp-content\/uploads\/2025\/10\/OTR_Ferer-pour-batir-1.jpg\" alt=\"\" class=\"wp-image-25092\" srcset=\"https:\/\/macite.tg\/wp-content\/uploads\/2025\/10\/OTR_Ferer-pour-batir-1.jpg 851w, https:\/\/macite.tg\/wp-content\/uploads\/2025\/10\/OTR_Ferer-pour-batir-1-300x111.jpg 300w, https:\/\/macite.tg\/wp-content\/uploads\/2025\/10\/OTR_Ferer-pour-batir-1-768x284.jpg 768w\" sizes=\"auto, (max-width: 851px) 100vw, 851px\" \/><\/figure>\n\n\n\n<p class=\"wp-block-paragraph\">Cet indicateur est influenc\u00e9 n\u00e9gativement par la dette int\u00e9rieure ayant une maturit\u00e9 moyenne de 3,49 ans en 2025, contre 4,02 ans en 2024. La maturit\u00e9 moyenne de la dette ext\u00e9rieure, quant \u00e0 elle, ressortirait \u00e0 10,41 ans tir\u00e9 par des pr\u00eats de maturit\u00e9 de 50 ans contract\u00e9s aupr\u00e8s de la Banque Mondiale et par le financement durable de maturit\u00e9 de 20 ans, garanti par le groupe de la BAD\/FAD.<\/p>\n\n\n\n<p class=\"wp-block-paragraph\">La part de la dette, qui arrive \u00e0 \u00e9ch\u00e9ance au 31 d\u00e9cembre 2026, repr\u00e9senterait 19 % de l&rsquo;ensemble du portefeuille de la dette, soit 13,04 % du PIB. La part de la dette int\u00e9rieure, qui arriverait \u00e0 \u00e9ch\u00e9ance au 31 d\u00e9cembre 2026, est de 25,47 %, contre 11,61 % pour la dette ext\u00e9rieure.<\/p>\n\n\n\n<p class=\"wp-block-paragraph\"><strong>Le risque de taux d&rsquo;int\u00e9r\u00eat<\/strong><\/p>\n\n\n\n<p class=\"wp-block-paragraph\">Le temps moyen de l&rsquo;ensemble du portefeuille jusqu&rsquo;\u00e0 la r\u00e9vision des taux serait de 6,04 ans. Cet indicateur, relativement faible, est influenc\u00e9 par la dette int\u00e9rieure ayant un temps moyen de 3,49 ans. Le temps moyen de la dette ext\u00e9rieure serait de 8,96 ans contre 10,04 ans en 2024. Cette baisse est cons\u00e9cutive au pr\u00eat de la Soci\u00e9t\u00e9 G\u00e9n\u00e9rale garanti par la MIGA et dont la maturit\u00e9 est d&rsquo;un (01) an, avec un encours qui repr\u00e9sente 4,7 % de la dette ext\u00e9rieure.<\/p>\n\n\n\n<p class=\"wp-block-paragraph\">L&rsquo;encours de la dette, dont le taux serait r\u00e9vis\u00e9 au 31 d\u00e9cembre 2026 repr\u00e9senterait 29,27 %,&nbsp;&nbsp; contre 18,71 % de la dette totale \u00e0 fin d\u00e9cembre 2024. Cette dette, qui arrive \u00e0 \u00e9ch\u00e9ance sur la p\u00e9riode, doit toutefois \u00eatre refinanc\u00e9e \u00e0 de nouvelles conditions financi\u00e8res de march\u00e9, ce qui exposerait le portefeuille de la dette publique \u00e0 un risque de taux d&rsquo;int\u00e9r\u00eat. C&rsquo;est le cas notamment de 25,47 % de la dette int\u00e9rieure \u00e0 fin d\u00e9cembre 2026.<\/p>\n\n\n<div class=\"wp-block-image\">\n<figure class=\"aligncenter size-large is-resized\"><img loading=\"lazy\" decoding=\"async\" width=\"721\" height=\"1024\" src=\"https:\/\/macite.tg\/wp-content\/uploads\/2025\/10\/9666a2c7-d86a-41de-876e-8ee6850f98d4-721x1024.jpg\" alt=\"\" class=\"wp-image-25115\" style=\"width:469px;height:auto\" srcset=\"https:\/\/macite.tg\/wp-content\/uploads\/2025\/10\/9666a2c7-d86a-41de-876e-8ee6850f98d4-721x1024.jpg 721w, https:\/\/macite.tg\/wp-content\/uploads\/2025\/10\/9666a2c7-d86a-41de-876e-8ee6850f98d4-211x300.jpg 211w, https:\/\/macite.tg\/wp-content\/uploads\/2025\/10\/9666a2c7-d86a-41de-876e-8ee6850f98d4-768x1091.jpg 768w, https:\/\/macite.tg\/wp-content\/uploads\/2025\/10\/9666a2c7-d86a-41de-876e-8ee6850f98d4-1081x1536.jpg 1081w, https:\/\/macite.tg\/wp-content\/uploads\/2025\/10\/9666a2c7-d86a-41de-876e-8ee6850f98d4.jpg 1126w\" sizes=\"auto, (max-width: 721px) 100vw, 721px\" \/><\/figure>\n<\/div>\n\n\n<p class=\"wp-block-paragraph\">Le niveau de la dette \u00e0 taux variable dans le portefeuille est significatif. Il passerait de 1,72 % en 2024 \u00e0 12,14 % projet\u00e9 \u00e0 fin d\u00e9cembre 2025, ce qui augmenterait l&rsquo;exposition du portefeuille aux fluctuations des taux d&rsquo;int\u00e9r\u00eat. Au vu de la composition de l&rsquo;encours, la dette publique serait moins expos\u00e9e au risque de taux de change. En effet, il est compos\u00e9 de 53,45 % de dettes libell\u00e9es en FCFA et 29,80 % en Euro.<\/p>\n\n\n\n<p class=\"wp-block-paragraph\"><strong>(In LE MEDIUM n\u00b0672 du 30 septembre au 06 Octobre 2025)<\/strong><\/p>\n\n\n\n<p class=\"wp-block-paragraph\"><strong><em>@macite.tg&nbsp;&nbsp;&nbsp;&nbsp;&nbsp;&nbsp;&nbsp;&nbsp;<\/em><\/strong><\/p>\n\n\n\n<p class=\"wp-block-paragraph\"><strong><em>E-mail&nbsp;: <\/em><\/strong><a href=\"mailto:maciteinfo@gmail.com\"><strong><em>maciteinfo@gmail.com<\/em><\/strong><\/a><strong><em>; <\/em><\/strong><a href=\"mailto:bawela1@gmail.com\"><strong><em>bawela1@gmail.com<\/em><\/strong><\/a><strong><em><\/em><\/strong><\/p>\n\n\n\n<p class=\"wp-block-paragraph\"><strong><em>Pour vos annonces, (publi)reportages, etc., joignez-nous au (00228)91515309\/<strong>79872224 <\/strong><strong><\/strong><\/em><\/strong><strong><em>www.macite.tg, L\u2019information, la bonne&nbsp;!<\/em><\/strong><\/p>\n\n\n\n<p class=\"wp-block-paragraph\"><\/p>\n","protected":false},"excerpt":{"rendered":"<p class=\"text-justify mb-2\" >Selon le bulletin statistique de la dette publique du Togo au 30 juin 2025, r\u00e9alis\u00e9 par la Direction de la dette publique et du financement (minist\u00e8re de l&rsquo;\u00e9conomie et des finances), le co\u00fbt du portefeuille de la dette, analys\u00e9 \u00e0 travers le taux d&rsquo;int\u00e9r\u00eat implicite, [&hellip;]<\/p>\n","protected":false},"author":2,"featured_media":25122,"comment_status":"open","ping_status":"open","sticky":false,"template":"","format":"standard","meta":{"footnotes":""},"categories":[20,42],"tags":[],"class_list":["post-25120","post","type-post","status-publish","format-standard","has-post-thumbnail","hentry","category-actualite","category-finances"],"yoast_head":"<!-- This site is optimized with the Yoast SEO plugin v28.4 - https:\/\/yoast.com\/product\/yoast-seo-wordpress\/ -->\n<title>DETTE PUBLIQUE : La maturit\u00e9 moyenne du portefeuille \u00e0 6,72 ans \u00e0 fin d\u00e9cembre 2025 -<\/title>\n<meta name=\"robots\" content=\"index, follow, max-snippet:-1, max-image-preview:large, max-video-preview:-1\" \/>\n<link rel=\"canonical\" href=\"https:\/\/macite.tg\/?p=25120\" \/>\n<meta property=\"og:locale\" content=\"fr_FR\" \/>\n<meta property=\"og:type\" content=\"article\" \/>\n<meta property=\"og:title\" content=\"DETTE PUBLIQUE : La maturit\u00e9 moyenne du portefeuille \u00e0 6,72 ans \u00e0 fin d\u00e9cembre 2025 -\" \/>\n<meta property=\"og:description\" content=\"Selon le bulletin statistique de la dette publique du Togo au 30 juin 2025, r\u00e9alis\u00e9 par la Direction de la dette publique et du financement (minist\u00e8re de l&rsquo;\u00e9conomie et des finances), le co\u00fbt du portefeuille de la dette, analys\u00e9 \u00e0 travers le taux d&rsquo;int\u00e9r\u00eat implicite, [&hellip;]\" \/>\n<meta property=\"og:url\" content=\"https:\/\/macite.tg\/?p=25120\" \/>\n<meta property=\"article:published_time\" content=\"2025-10-03T09:49:19+00:00\" \/>\n<meta property=\"article:modified_time\" content=\"2025-10-03T09:49:25+00:00\" \/>\n<meta property=\"og:image\" content=\"https:\/\/macite.tg\/wp-content\/uploads\/2025\/10\/CASEF.jpg\" \/>\n\t<meta property=\"og:image:width\" content=\"500\" \/>\n\t<meta property=\"og:image:height\" content=\"333\" \/>\n\t<meta property=\"og:image:type\" content=\"image\/jpeg\" \/>\n<meta name=\"author\" content=\"Jean Pierre BAWELA\" \/>\n<meta name=\"twitter:card\" content=\"summary_large_image\" \/>\n<meta name=\"twitter:label1\" content=\"\u00c9crit par\" \/>\n\t<meta name=\"twitter:data1\" content=\"Jean Pierre BAWELA\" \/>\n\t<meta name=\"twitter:label2\" content=\"Dur\u00e9e de lecture estim\u00e9e\" \/>\n\t<meta name=\"twitter:data2\" content=\"4 minutes\" \/>\n<script type=\"application\/ld+json\" class=\"yoast-schema-graph\">{\"@context\":\"https:\\\/\\\/schema.org\",\"@graph\":[{\"@type\":\"Article\",\"@id\":\"https:\\\/\\\/macite.tg\\\/?p=25120#article\",\"isPartOf\":{\"@id\":\"https:\\\/\\\/macite.tg\\\/?p=25120\"},\"author\":{\"name\":\"Jean Pierre BAWELA\",\"@id\":\"https:\\\/\\\/macite.tg\\\/#\\\/schema\\\/person\\\/e9f2de7e5dbbe7770a9402c7ce82f5c2\"},\"headline\":\"DETTE PUBLIQUE : La maturit\u00e9 moyenne du portefeuille \u00e0 6,72 ans \u00e0 fin d\u00e9cembre 2025\",\"datePublished\":\"2025-10-03T09:49:19+00:00\",\"dateModified\":\"2025-10-03T09:49:25+00:00\",\"mainEntityOfPage\":{\"@id\":\"https:\\\/\\\/macite.tg\\\/?p=25120\"},\"wordCount\":650,\"commentCount\":0,\"image\":{\"@id\":\"https:\\\/\\\/macite.tg\\\/?p=25120#primaryimage\"},\"thumbnailUrl\":\"https:\\\/\\\/macite.tg\\\/wp-content\\\/uploads\\\/2025\\\/10\\\/CASEF.jpg\",\"articleSection\":[\"ACTUALITE\",\"FINANCES\"],\"inLanguage\":\"fr-FR\",\"potentialAction\":[{\"@type\":\"CommentAction\",\"name\":\"Comment\",\"target\":[\"https:\\\/\\\/macite.tg\\\/?p=25120#respond\"]}]},{\"@type\":\"WebPage\",\"@id\":\"https:\\\/\\\/macite.tg\\\/?p=25120\",\"url\":\"https:\\\/\\\/macite.tg\\\/?p=25120\",\"name\":\"DETTE PUBLIQUE : La maturit\u00e9 moyenne du portefeuille \u00e0 6,72 ans \u00e0 fin d\u00e9cembre 2025 -\",\"isPartOf\":{\"@id\":\"https:\\\/\\\/macite.tg\\\/#website\"},\"primaryImageOfPage\":{\"@id\":\"https:\\\/\\\/macite.tg\\\/?p=25120#primaryimage\"},\"image\":{\"@id\":\"https:\\\/\\\/macite.tg\\\/?p=25120#primaryimage\"},\"thumbnailUrl\":\"https:\\\/\\\/macite.tg\\\/wp-content\\\/uploads\\\/2025\\\/10\\\/CASEF.jpg\",\"datePublished\":\"2025-10-03T09:49:19+00:00\",\"dateModified\":\"2025-10-03T09:49:25+00:00\",\"author\":{\"@id\":\"https:\\\/\\\/macite.tg\\\/#\\\/schema\\\/person\\\/e9f2de7e5dbbe7770a9402c7ce82f5c2\"},\"breadcrumb\":{\"@id\":\"https:\\\/\\\/macite.tg\\\/?p=25120#breadcrumb\"},\"inLanguage\":\"fr-FR\",\"potentialAction\":[{\"@type\":\"ReadAction\",\"target\":[\"https:\\\/\\\/macite.tg\\\/?p=25120\"]}]},{\"@type\":\"ImageObject\",\"inLanguage\":\"fr-FR\",\"@id\":\"https:\\\/\\\/macite.tg\\\/?p=25120#primaryimage\",\"url\":\"https:\\\/\\\/macite.tg\\\/wp-content\\\/uploads\\\/2025\\\/10\\\/CASEF.jpg\",\"contentUrl\":\"https:\\\/\\\/macite.tg\\\/wp-content\\\/uploads\\\/2025\\\/10\\\/CASEF.jpg\",\"width\":500,\"height\":333},{\"@type\":\"BreadcrumbList\",\"@id\":\"https:\\\/\\\/macite.tg\\\/?p=25120#breadcrumb\",\"itemListElement\":[{\"@type\":\"ListItem\",\"position\":1,\"name\":\"Accueil\",\"item\":\"https:\\\/\\\/macite.tg\\\/\"},{\"@type\":\"ListItem\",\"position\":2,\"name\":\"DETTE PUBLIQUE : La maturit\u00e9 moyenne du portefeuille \u00e0 6,72 ans \u00e0 fin d\u00e9cembre 2025\"}]},{\"@type\":\"WebSite\",\"@id\":\"https:\\\/\\\/macite.tg\\\/#website\",\"url\":\"https:\\\/\\\/macite.tg\\\/\",\"name\":\"\",\"description\":\"L&#039;information, la bonne!!!\",\"potentialAction\":[{\"@type\":\"SearchAction\",\"target\":{\"@type\":\"EntryPoint\",\"urlTemplate\":\"https:\\\/\\\/macite.tg\\\/?s={search_term_string}\"},\"query-input\":{\"@type\":\"PropertyValueSpecification\",\"valueRequired\":true,\"valueName\":\"search_term_string\"}}],\"inLanguage\":\"fr-FR\"},{\"@type\":\"Person\",\"@id\":\"https:\\\/\\\/macite.tg\\\/#\\\/schema\\\/person\\\/e9f2de7e5dbbe7770a9402c7ce82f5c2\",\"name\":\"Jean Pierre BAWELA\",\"image\":{\"@type\":\"ImageObject\",\"inLanguage\":\"fr-FR\",\"@id\":\"https:\\\/\\\/macite.tg\\\/wp-content\\\/uploads\\\/2023\\\/09\\\/WhatsApp-Image-2023-09-19-at-14.44.41-122x122.jpeg\",\"url\":\"https:\\\/\\\/macite.tg\\\/wp-content\\\/uploads\\\/2023\\\/09\\\/WhatsApp-Image-2023-09-19-at-14.44.41-122x122.jpeg\",\"contentUrl\":\"https:\\\/\\\/macite.tg\\\/wp-content\\\/uploads\\\/2023\\\/09\\\/WhatsApp-Image-2023-09-19-at-14.44.41-122x122.jpeg\",\"caption\":\"Jean Pierre BAWELA\"},\"url\":\"https:\\\/\\\/macite.tg\\\/?author=2\"}]}<\/script>\n<!-- \/ Yoast SEO plugin. -->","yoast_head_json":{"title":"DETTE PUBLIQUE : La maturit\u00e9 moyenne du portefeuille \u00e0 6,72 ans \u00e0 fin d\u00e9cembre 2025 -","robots":{"index":"index","follow":"follow","max-snippet":"max-snippet:-1","max-image-preview":"max-image-preview:large","max-video-preview":"max-video-preview:-1"},"canonical":"https:\/\/macite.tg\/?p=25120","og_locale":"fr_FR","og_type":"article","og_title":"DETTE PUBLIQUE : La maturit\u00e9 moyenne du portefeuille \u00e0 6,72 ans \u00e0 fin d\u00e9cembre 2025 -","og_description":"Selon le bulletin statistique de la dette publique du Togo au 30 juin 2025, r\u00e9alis\u00e9 par la Direction de la dette publique et du financement (minist\u00e8re de l&rsquo;\u00e9conomie et des finances), le co\u00fbt du portefeuille de la dette, analys\u00e9 \u00e0 travers le taux d&rsquo;int\u00e9r\u00eat implicite, [&hellip;]","og_url":"https:\/\/macite.tg\/?p=25120","article_published_time":"2025-10-03T09:49:19+00:00","article_modified_time":"2025-10-03T09:49:25+00:00","og_image":[{"width":500,"height":333,"url":"https:\/\/macite.tg\/wp-content\/uploads\/2025\/10\/CASEF.jpg","type":"image\/jpeg"}],"author":"Jean Pierre BAWELA","twitter_card":"summary_large_image","twitter_misc":{"\u00c9crit par":"Jean Pierre BAWELA","Dur\u00e9e de lecture estim\u00e9e":"4 minutes"},"schema":{"@context":"https:\/\/schema.org","@graph":[{"@type":"Article","@id":"https:\/\/macite.tg\/?p=25120#article","isPartOf":{"@id":"https:\/\/macite.tg\/?p=25120"},"author":{"name":"Jean Pierre BAWELA","@id":"https:\/\/macite.tg\/#\/schema\/person\/e9f2de7e5dbbe7770a9402c7ce82f5c2"},"headline":"DETTE PUBLIQUE : La maturit\u00e9 moyenne du portefeuille \u00e0 6,72 ans \u00e0 fin d\u00e9cembre 2025","datePublished":"2025-10-03T09:49:19+00:00","dateModified":"2025-10-03T09:49:25+00:00","mainEntityOfPage":{"@id":"https:\/\/macite.tg\/?p=25120"},"wordCount":650,"commentCount":0,"image":{"@id":"https:\/\/macite.tg\/?p=25120#primaryimage"},"thumbnailUrl":"https:\/\/macite.tg\/wp-content\/uploads\/2025\/10\/CASEF.jpg","articleSection":["ACTUALITE","FINANCES"],"inLanguage":"fr-FR","potentialAction":[{"@type":"CommentAction","name":"Comment","target":["https:\/\/macite.tg\/?p=25120#respond"]}]},{"@type":"WebPage","@id":"https:\/\/macite.tg\/?p=25120","url":"https:\/\/macite.tg\/?p=25120","name":"DETTE PUBLIQUE : La maturit\u00e9 moyenne du portefeuille \u00e0 6,72 ans \u00e0 fin d\u00e9cembre 2025 -","isPartOf":{"@id":"https:\/\/macite.tg\/#website"},"primaryImageOfPage":{"@id":"https:\/\/macite.tg\/?p=25120#primaryimage"},"image":{"@id":"https:\/\/macite.tg\/?p=25120#primaryimage"},"thumbnailUrl":"https:\/\/macite.tg\/wp-content\/uploads\/2025\/10\/CASEF.jpg","datePublished":"2025-10-03T09:49:19+00:00","dateModified":"2025-10-03T09:49:25+00:00","author":{"@id":"https:\/\/macite.tg\/#\/schema\/person\/e9f2de7e5dbbe7770a9402c7ce82f5c2"},"breadcrumb":{"@id":"https:\/\/macite.tg\/?p=25120#breadcrumb"},"inLanguage":"fr-FR","potentialAction":[{"@type":"ReadAction","target":["https:\/\/macite.tg\/?p=25120"]}]},{"@type":"ImageObject","inLanguage":"fr-FR","@id":"https:\/\/macite.tg\/?p=25120#primaryimage","url":"https:\/\/macite.tg\/wp-content\/uploads\/2025\/10\/CASEF.jpg","contentUrl":"https:\/\/macite.tg\/wp-content\/uploads\/2025\/10\/CASEF.jpg","width":500,"height":333},{"@type":"BreadcrumbList","@id":"https:\/\/macite.tg\/?p=25120#breadcrumb","itemListElement":[{"@type":"ListItem","position":1,"name":"Accueil","item":"https:\/\/macite.tg\/"},{"@type":"ListItem","position":2,"name":"DETTE PUBLIQUE : La maturit\u00e9 moyenne du portefeuille \u00e0 6,72 ans \u00e0 fin d\u00e9cembre 2025"}]},{"@type":"WebSite","@id":"https:\/\/macite.tg\/#website","url":"https:\/\/macite.tg\/","name":"","description":"L&#039;information, la bonne!!!","potentialAction":[{"@type":"SearchAction","target":{"@type":"EntryPoint","urlTemplate":"https:\/\/macite.tg\/?s={search_term_string}"},"query-input":{"@type":"PropertyValueSpecification","valueRequired":true,"valueName":"search_term_string"}}],"inLanguage":"fr-FR"},{"@type":"Person","@id":"https:\/\/macite.tg\/#\/schema\/person\/e9f2de7e5dbbe7770a9402c7ce82f5c2","name":"Jean Pierre BAWELA","image":{"@type":"ImageObject","inLanguage":"fr-FR","@id":"https:\/\/macite.tg\/wp-content\/uploads\/2023\/09\/WhatsApp-Image-2023-09-19-at-14.44.41-122x122.jpeg","url":"https:\/\/macite.tg\/wp-content\/uploads\/2023\/09\/WhatsApp-Image-2023-09-19-at-14.44.41-122x122.jpeg","contentUrl":"https:\/\/macite.tg\/wp-content\/uploads\/2023\/09\/WhatsApp-Image-2023-09-19-at-14.44.41-122x122.jpeg","caption":"Jean Pierre BAWELA"},"url":"https:\/\/macite.tg\/?author=2"}]}},"_links":{"self":[{"href":"https:\/\/macite.tg\/index.php?rest_route=\/wp\/v2\/posts\/25120","targetHints":{"allow":["GET"]}}],"collection":[{"href":"https:\/\/macite.tg\/index.php?rest_route=\/wp\/v2\/posts"}],"about":[{"href":"https:\/\/macite.tg\/index.php?rest_route=\/wp\/v2\/types\/post"}],"author":[{"embeddable":true,"href":"https:\/\/macite.tg\/index.php?rest_route=\/wp\/v2\/users\/2"}],"replies":[{"embeddable":true,"href":"https:\/\/macite.tg\/index.php?rest_route=%2Fwp%2Fv2%2Fcomments&post=25120"}],"version-history":[{"count":0,"href":"https:\/\/macite.tg\/index.php?rest_route=\/wp\/v2\/posts\/25120\/revisions"}],"wp:featuredmedia":[{"embeddable":true,"href":"https:\/\/macite.tg\/index.php?rest_route=\/wp\/v2\/media\/25122"}],"wp:attachment":[{"href":"https:\/\/macite.tg\/index.php?rest_route=%2Fwp%2Fv2%2Fmedia&parent=25120"}],"wp:term":[{"taxonomy":"category","embeddable":true,"href":"https:\/\/macite.tg\/index.php?rest_route=%2Fwp%2Fv2%2Fcategories&post=25120"},{"taxonomy":"post_tag","embeddable":true,"href":"https:\/\/macite.tg\/index.php?rest_route=%2Fwp%2Fv2%2Ftags&post=25120"}],"curies":[{"name":"wp","href":"https:\/\/api.w.org\/{rel}","templated":true}]}}