{"id":25112,"date":"2025-10-02T16:49:26","date_gmt":"2025-10-02T16:49:26","guid":{"rendered":"https:\/\/macite.tg\/?p=25112"},"modified":"2025-10-02T16:49:38","modified_gmt":"2025-10-02T16:49:38","slug":"3eme-session-ordinaire-du-cnc-la-dette-publique-maitrisee-a-65-du-pib-en-juin-2025","status":"publish","type":"post","link":"https:\/\/macite.tg\/?p=25112","title":{"rendered":"3EME SESSION ORDINAIRE DU CNC\u00a0: La dette publique ma\u00eetris\u00e9e \u00e0 65% du PIB en juin 2025"},"content":{"rendered":"\n<p class=\"wp-block-paragraph\"><strong><em>Le Conseil National du Cr\u00e9dit a tenu, le mardi 30 septembre dernier, sa troisi\u00e8me session ordinaire au titre de l\u2019ann\u00e9e en cours. Deux points \u00e9taient \u00e0 l\u2019ordre du jour de cette troisi\u00e8me session ordinaire notamment l\u2019examen de la situation sur le rapatriement des recettes d\u2019exportation \u00e0 fin juin 2025 ; et l\u2019\u00e9volution de la situation \u00e9conomique, mon\u00e9taire et du syst\u00e8me bancaire et financier de notre pays. Il en ressort que la dette publique reste ma\u00eetris\u00e9e \u00e0 65% du Produit Int\u00e9rieur Brut (PIB) \u00e0 fin juin 2025, en dessous de la norme communautaire plafond de 70%<\/em><\/strong><\/p>\n\n\n\n<p class=\"wp-block-paragraph\">Malgr\u00e9 les risques qui p\u00e8sent sur la conjoncture \u00e9conomique mondiale, l\u2019\u00e9conomie nationale demeure r\u00e9siliente gr\u00e2ce aux mesures de politiques \u00e9conomiques prises par le Gouvernement, sous le leadership \u00e9clair\u00e9 du Pr\u00e9sident du Conseil, Faure Essozimna Gnassingb\u00e9.<\/p>\n\n\n\n<p class=\"wp-block-paragraph\">Selon le Ministre de l\u2019\u00c9conomie et des Finances, Monsieur Essow\u00e8 Georges Barcola, les indicateurs \u00e9conomiques sont encourageants :<\/p>\n\n\n<div class=\"wp-block-image\">\n<figure class=\"aligncenter size-large is-resized\"><img loading=\"lazy\" decoding=\"async\" width=\"721\" height=\"1024\" src=\"https:\/\/macite.tg\/wp-content\/uploads\/2025\/10\/9666a2c7-d86a-41de-876e-8ee6850f98d4-721x1024.jpg\" alt=\"\" class=\"wp-image-25115\" style=\"width:623px;height:auto\" srcset=\"https:\/\/macite.tg\/wp-content\/uploads\/2025\/10\/9666a2c7-d86a-41de-876e-8ee6850f98d4-721x1024.jpg 721w, https:\/\/macite.tg\/wp-content\/uploads\/2025\/10\/9666a2c7-d86a-41de-876e-8ee6850f98d4-211x300.jpg 211w, https:\/\/macite.tg\/wp-content\/uploads\/2025\/10\/9666a2c7-d86a-41de-876e-8ee6850f98d4-768x1091.jpg 768w, https:\/\/macite.tg\/wp-content\/uploads\/2025\/10\/9666a2c7-d86a-41de-876e-8ee6850f98d4-1081x1536.jpg 1081w, https:\/\/macite.tg\/wp-content\/uploads\/2025\/10\/9666a2c7-d86a-41de-876e-8ee6850f98d4.jpg 1126w\" sizes=\"auto, (max-width: 721px) 100vw, 721px\" \/><\/figure>\n<\/div>\n\n\n<ul class=\"wp-block-list\">\n<li>Le taux de croissance \u00e9conomique est attendu autour de 6,3% en 2025 ;<\/li>\n\n\n\n<li>Tous les secteurs contribueront \u00e0 cette croissance \u00e9conomique, en particulier le secteur tertiaire ;<\/li>\n\n\n\n<li>Le secteur financier a maintenu son dynamisme, avec une progression de 22% du volume des nouvelles mises en place de cr\u00e9dit bancaires ;<\/li>\n\n\n\n<li>La dette publique reste ma\u00eetris\u00e9e \u00e0 65% du Produit Int\u00e9rieur Brut (PIB) \u00e0 fin juin 2025, contre 69% du PIB \u00e0 fin d\u00e9cembre 2024.<\/li>\n<\/ul>\n\n\n\n<p class=\"wp-block-paragraph\"><strong>Des d\u00e9fis \u00e0 relever<\/strong><\/p>\n\n\n\n<ul class=\"wp-block-list\">\n<li>L\u2019am\u00e9lioration de la qualit\u00e9 des produits et services \u00e0 la client\u00e8le ;<\/li>\n\n\n\n<li>La prise en charge diligente des r\u00e9clamations des clients ;<\/li>\n\n\n\n<li>L\u2019inversion de la d\u00e9gradation continue des portefeuilles de cr\u00e9dit des institutions de microfinance.<\/li>\n<\/ul>\n\n\n\n<p class=\"wp-block-paragraph\"><strong>Un secteur financier dynamique<\/strong><\/p>\n\n\n\n<p class=\"wp-block-paragraph\">Le Ministre de l\u2019\u00c9conomie et des Finances a soulign\u00e9 la contribution d\u00e9terminante du secteur financier dans l\u2019obtention de r\u00e9sultats satisfaisants, notamment :<\/p>\n\n\n\n<p class=\"wp-block-paragraph\">\u2013 L\u2019accroissement continu du volume de cr\u00e9dits octroy\u00e9 aux op\u00e9rateurs \u00e9conomiques ;<\/p>\n\n\n<div class=\"wp-block-image\">\n<figure class=\"aligncenter size-full\"><img loading=\"lazy\" decoding=\"async\" width=\"851\" height=\"315\" src=\"https:\/\/macite.tg\/wp-content\/uploads\/2025\/10\/OTR_Ferer-pour-batir-1.jpg\" alt=\"\" class=\"wp-image-25092\" srcset=\"https:\/\/macite.tg\/wp-content\/uploads\/2025\/10\/OTR_Ferer-pour-batir-1.jpg 851w, https:\/\/macite.tg\/wp-content\/uploads\/2025\/10\/OTR_Ferer-pour-batir-1-300x111.jpg 300w, https:\/\/macite.tg\/wp-content\/uploads\/2025\/10\/OTR_Ferer-pour-batir-1-768x284.jpg 768w\" sizes=\"auto, (max-width: 851px) 100vw, 851px\" \/><\/figure>\n<\/div>\n\n\n<p class=\"wp-block-paragraph\">\u2013 La poursuite de l\u2019assainissement du portefeuille de cr\u00e9dit des banques ;<\/p>\n\n\n\n<p class=\"wp-block-paragraph\">\u2013 La baisse du co\u00fbt du cr\u00e9dit.<\/p>\n\n\n\n<p class=\"wp-block-paragraph\"><strong>Un impact favorable sur le plan socio-\u00e9conomique<\/strong><\/p>\n\n\n\n<p class=\"wp-block-paragraph\">Les \u00e9volutions positives ont eu un impact favorable significatif sur le plan socio-\u00e9conomique, comme en t\u00e9moigne l\u2019am\u00e9lioration r\u00e9cente de l\u2019Indice de D\u00e9veloppement Humain (IDH) du Togo. <em>\u00ab Le Togo a enregistr\u00e9 un bond satisfaisant de son IDH pour \u00eatre class\u00e9 2<\/em><em>\u1d49<\/em><em> pays le plus performant dans l\u2019UEMOA et 4\u1d49<\/em><em> au niveau de la CEDEAO \u00bb, <\/em>a soulign\u00e9 le ministre Barcola, qui s\u2019en est d\u2019ailleurs f\u00e9licit\u00e9.<\/p>\n\n\n<div class=\"wp-block-image\">\n<figure class=\"aligncenter size-large is-resized\"><img loading=\"lazy\" decoding=\"async\" width=\"726\" height=\"1024\" src=\"https:\/\/macite.tg\/wp-content\/uploads\/2025\/10\/86f2a862-0571-4dd6-b672-18790dfb3d26-726x1024.jpg\" alt=\"\" class=\"wp-image-25114\" style=\"width:644px;height:auto\" srcset=\"https:\/\/macite.tg\/wp-content\/uploads\/2025\/10\/86f2a862-0571-4dd6-b672-18790dfb3d26-726x1024.jpg 726w, https:\/\/macite.tg\/wp-content\/uploads\/2025\/10\/86f2a862-0571-4dd6-b672-18790dfb3d26-213x300.jpg 213w, https:\/\/macite.tg\/wp-content\/uploads\/2025\/10\/86f2a862-0571-4dd6-b672-18790dfb3d26-768x1083.jpg 768w, https:\/\/macite.tg\/wp-content\/uploads\/2025\/10\/86f2a862-0571-4dd6-b672-18790dfb3d26-1090x1536.jpg 1090w, https:\/\/macite.tg\/wp-content\/uploads\/2025\/10\/86f2a862-0571-4dd6-b672-18790dfb3d26.jpg 1135w\" sizes=\"auto, (max-width: 726px) 100vw, 726px\" \/><\/figure>\n<\/div>\n\n\n<p class=\"wp-block-paragraph\">Le Ministre de l\u2019\u00c9conomie et des Finances a f\u00e9licit\u00e9 les acteurs du secteur financier et les a exhort\u00e9s \u00e0 relever les d\u00e9fis qui se posent aux secteurs bancaires et de la microfinance. L\u2019\u00e9conomie togolaise r\u00e9siste tout naturellement aux risques mondiaux.<\/p>\n\n\n\n<p class=\"wp-block-paragraph\"><strong>(Avec finances.gouv.tg)<\/strong><\/p>\n\n\n\n<p class=\"wp-block-paragraph\"><a><strong><em>@macite.tg&nbsp;&nbsp;&nbsp;&nbsp;&nbsp;&nbsp;&nbsp;&nbsp;<\/em><\/strong><\/a><\/p>\n\n\n\n<p class=\"wp-block-paragraph\"><strong><em>E-mail&nbsp;: <\/em><\/strong><a href=\"mailto:maciteinfo@gmail.com\"><strong><em>maciteinfo@gmail.com<\/em><\/strong><\/a><strong><em>; <\/em><\/strong><a href=\"mailto:bawela1@gmail.com\"><strong><em>bawela1@gmail.com<\/em><\/strong><\/a><strong><em><\/em><\/strong><\/p>\n\n\n\n<p class=\"wp-block-paragraph\"><strong><em>Pour vos annonces, (publi)reportages, etc., joignez-nous au (00228)91515309\/<strong>79872224 <\/strong><strong><\/strong><\/em><\/strong><\/p>\n\n\n\n<p class=\"wp-block-paragraph\"><strong><em>www.macite.tg, L\u2019information, la bonne&nbsp;!<\/em><\/strong><\/p>\n\n\n\n<p class=\"wp-block-paragraph\"><\/p>\n","protected":false},"excerpt":{"rendered":"<p class=\"text-justify mb-2\" >Le Conseil National du Cr\u00e9dit a tenu, le mardi 30 septembre dernier, sa troisi\u00e8me session ordinaire au titre de l\u2019ann\u00e9e en cours. Deux points \u00e9taient \u00e0 l\u2019ordre du jour de cette troisi\u00e8me session ordinaire notamment l\u2019examen de la situation sur le rapatriement des recettes d\u2019exportation [&hellip;]<\/p>\n","protected":false},"author":2,"featured_media":25113,"comment_status":"open","ping_status":"open","sticky":false,"template":"","format":"standard","meta":{"footnotes":""},"categories":[20,3],"tags":[],"class_list":["post-25112","post","type-post","status-publish","format-standard","has-post-thumbnail","hentry","category-actualite","category-economie"],"yoast_head":"<!-- This site is optimized with the Yoast SEO plugin v28.4 - https:\/\/yoast.com\/product\/yoast-seo-wordpress\/ -->\n<title>3EME SESSION ORDINAIRE DU CNC\u00a0: La dette publique ma\u00eetris\u00e9e \u00e0 65% du PIB en juin 2025 -<\/title>\n<meta name=\"robots\" content=\"index, follow, max-snippet:-1, max-image-preview:large, max-video-preview:-1\" \/>\n<link rel=\"canonical\" href=\"https:\/\/macite.tg\/?p=25112\" \/>\n<meta property=\"og:locale\" content=\"fr_FR\" \/>\n<meta property=\"og:type\" content=\"article\" \/>\n<meta property=\"og:title\" content=\"3EME SESSION ORDINAIRE DU CNC\u00a0: La dette publique ma\u00eetris\u00e9e \u00e0 65% du PIB en juin 2025 -\" \/>\n<meta property=\"og:description\" content=\"Le Conseil National du Cr\u00e9dit a tenu, le mardi 30 septembre dernier, sa troisi\u00e8me session ordinaire au titre de l\u2019ann\u00e9e en cours. Deux points \u00e9taient \u00e0 l\u2019ordre du jour de cette troisi\u00e8me session ordinaire notamment l\u2019examen de la situation sur le rapatriement des recettes d\u2019exportation [&hellip;]\" \/>\n<meta property=\"og:url\" content=\"https:\/\/macite.tg\/?p=25112\" \/>\n<meta property=\"article:published_time\" content=\"2025-10-02T16:49:26+00:00\" \/>\n<meta property=\"article:modified_time\" content=\"2025-10-02T16:49:38+00:00\" \/>\n<meta property=\"og:image\" content=\"https:\/\/macite.tg\/wp-content\/uploads\/2025\/10\/CNC-3.jpg\" \/>\n\t<meta property=\"og:image:width\" content=\"500\" \/>\n\t<meta property=\"og:image:height\" content=\"307\" \/>\n\t<meta property=\"og:image:type\" content=\"image\/jpeg\" \/>\n<meta name=\"author\" content=\"Jean Pierre BAWELA\" \/>\n<meta name=\"twitter:card\" content=\"summary_large_image\" \/>\n<meta name=\"twitter:label1\" content=\"\u00c9crit par\" \/>\n\t<meta name=\"twitter:data1\" content=\"Jean Pierre BAWELA\" \/>\n\t<meta name=\"twitter:label2\" content=\"Dur\u00e9e de lecture estim\u00e9e\" \/>\n\t<meta name=\"twitter:data2\" content=\"4 minutes\" \/>\n<script type=\"application\/ld+json\" class=\"yoast-schema-graph\">{\"@context\":\"https:\\\/\\\/schema.org\",\"@graph\":[{\"@type\":\"Article\",\"@id\":\"https:\\\/\\\/macite.tg\\\/?p=25112#article\",\"isPartOf\":{\"@id\":\"https:\\\/\\\/macite.tg\\\/?p=25112\"},\"author\":{\"name\":\"Jean Pierre BAWELA\",\"@id\":\"https:\\\/\\\/macite.tg\\\/#\\\/schema\\\/person\\\/e9f2de7e5dbbe7770a9402c7ce82f5c2\"},\"headline\":\"3EME SESSION ORDINAIRE DU CNC\u00a0: La dette publique ma\u00eetris\u00e9e \u00e0 65% du PIB en juin 2025\",\"datePublished\":\"2025-10-02T16:49:26+00:00\",\"dateModified\":\"2025-10-02T16:49:38+00:00\",\"mainEntityOfPage\":{\"@id\":\"https:\\\/\\\/macite.tg\\\/?p=25112\"},\"wordCount\":505,\"commentCount\":0,\"image\":{\"@id\":\"https:\\\/\\\/macite.tg\\\/?p=25112#primaryimage\"},\"thumbnailUrl\":\"https:\\\/\\\/macite.tg\\\/wp-content\\\/uploads\\\/2025\\\/10\\\/CNC-3.jpg\",\"articleSection\":[\"ACTUALITE\",\"ECONOMIE\"],\"inLanguage\":\"fr-FR\",\"potentialAction\":[{\"@type\":\"CommentAction\",\"name\":\"Comment\",\"target\":[\"https:\\\/\\\/macite.tg\\\/?p=25112#respond\"]}]},{\"@type\":\"WebPage\",\"@id\":\"https:\\\/\\\/macite.tg\\\/?p=25112\",\"url\":\"https:\\\/\\\/macite.tg\\\/?p=25112\",\"name\":\"3EME SESSION ORDINAIRE DU CNC\u00a0: La dette publique ma\u00eetris\u00e9e \u00e0 65% du PIB en juin 2025 -\",\"isPartOf\":{\"@id\":\"https:\\\/\\\/macite.tg\\\/#website\"},\"primaryImageOfPage\":{\"@id\":\"https:\\\/\\\/macite.tg\\\/?p=25112#primaryimage\"},\"image\":{\"@id\":\"https:\\\/\\\/macite.tg\\\/?p=25112#primaryimage\"},\"thumbnailUrl\":\"https:\\\/\\\/macite.tg\\\/wp-content\\\/uploads\\\/2025\\\/10\\\/CNC-3.jpg\",\"datePublished\":\"2025-10-02T16:49:26+00:00\",\"dateModified\":\"2025-10-02T16:49:38+00:00\",\"author\":{\"@id\":\"https:\\\/\\\/macite.tg\\\/#\\\/schema\\\/person\\\/e9f2de7e5dbbe7770a9402c7ce82f5c2\"},\"breadcrumb\":{\"@id\":\"https:\\\/\\\/macite.tg\\\/?p=25112#breadcrumb\"},\"inLanguage\":\"fr-FR\",\"potentialAction\":[{\"@type\":\"ReadAction\",\"target\":[\"https:\\\/\\\/macite.tg\\\/?p=25112\"]}]},{\"@type\":\"ImageObject\",\"inLanguage\":\"fr-FR\",\"@id\":\"https:\\\/\\\/macite.tg\\\/?p=25112#primaryimage\",\"url\":\"https:\\\/\\\/macite.tg\\\/wp-content\\\/uploads\\\/2025\\\/10\\\/CNC-3.jpg\",\"contentUrl\":\"https:\\\/\\\/macite.tg\\\/wp-content\\\/uploads\\\/2025\\\/10\\\/CNC-3.jpg\",\"width\":500,\"height\":307,\"caption\":\"Au milieu, le misnitre de l'Economie et des finances, Georges Essow\u00e8 Barcola, pr\u00e9sident la s\u00e9ance\"},{\"@type\":\"BreadcrumbList\",\"@id\":\"https:\\\/\\\/macite.tg\\\/?p=25112#breadcrumb\",\"itemListElement\":[{\"@type\":\"ListItem\",\"position\":1,\"name\":\"Accueil\",\"item\":\"https:\\\/\\\/macite.tg\\\/\"},{\"@type\":\"ListItem\",\"position\":2,\"name\":\"3EME SESSION ORDINAIRE DU CNC\u00a0: La dette publique ma\u00eetris\u00e9e \u00e0 65% du PIB en juin 2025\"}]},{\"@type\":\"WebSite\",\"@id\":\"https:\\\/\\\/macite.tg\\\/#website\",\"url\":\"https:\\\/\\\/macite.tg\\\/\",\"name\":\"\",\"description\":\"L&#039;information, la bonne!!!\",\"potentialAction\":[{\"@type\":\"SearchAction\",\"target\":{\"@type\":\"EntryPoint\",\"urlTemplate\":\"https:\\\/\\\/macite.tg\\\/?s={search_term_string}\"},\"query-input\":{\"@type\":\"PropertyValueSpecification\",\"valueRequired\":true,\"valueName\":\"search_term_string\"}}],\"inLanguage\":\"fr-FR\"},{\"@type\":\"Person\",\"@id\":\"https:\\\/\\\/macite.tg\\\/#\\\/schema\\\/person\\\/e9f2de7e5dbbe7770a9402c7ce82f5c2\",\"name\":\"Jean Pierre BAWELA\",\"image\":{\"@type\":\"ImageObject\",\"inLanguage\":\"fr-FR\",\"@id\":\"https:\\\/\\\/macite.tg\\\/wp-content\\\/uploads\\\/2023\\\/09\\\/WhatsApp-Image-2023-09-19-at-14.44.41-122x122.jpeg\",\"url\":\"https:\\\/\\\/macite.tg\\\/wp-content\\\/uploads\\\/2023\\\/09\\\/WhatsApp-Image-2023-09-19-at-14.44.41-122x122.jpeg\",\"contentUrl\":\"https:\\\/\\\/macite.tg\\\/wp-content\\\/uploads\\\/2023\\\/09\\\/WhatsApp-Image-2023-09-19-at-14.44.41-122x122.jpeg\",\"caption\":\"Jean Pierre BAWELA\"},\"url\":\"https:\\\/\\\/macite.tg\\\/?author=2\"}]}<\/script>\n<!-- \/ Yoast SEO plugin. -->","yoast_head_json":{"title":"3EME SESSION ORDINAIRE DU CNC\u00a0: La dette publique ma\u00eetris\u00e9e \u00e0 65% du PIB en juin 2025 -","robots":{"index":"index","follow":"follow","max-snippet":"max-snippet:-1","max-image-preview":"max-image-preview:large","max-video-preview":"max-video-preview:-1"},"canonical":"https:\/\/macite.tg\/?p=25112","og_locale":"fr_FR","og_type":"article","og_title":"3EME SESSION ORDINAIRE DU CNC\u00a0: La dette publique ma\u00eetris\u00e9e \u00e0 65% du PIB en juin 2025 -","og_description":"Le Conseil National du Cr\u00e9dit a tenu, le mardi 30 septembre dernier, sa troisi\u00e8me session ordinaire au titre de l\u2019ann\u00e9e en cours. Deux points \u00e9taient \u00e0 l\u2019ordre du jour de cette troisi\u00e8me session ordinaire notamment l\u2019examen de la situation sur le rapatriement des recettes d\u2019exportation [&hellip;]","og_url":"https:\/\/macite.tg\/?p=25112","article_published_time":"2025-10-02T16:49:26+00:00","article_modified_time":"2025-10-02T16:49:38+00:00","og_image":[{"width":500,"height":307,"url":"https:\/\/macite.tg\/wp-content\/uploads\/2025\/10\/CNC-3.jpg","type":"image\/jpeg"}],"author":"Jean Pierre BAWELA","twitter_card":"summary_large_image","twitter_misc":{"\u00c9crit par":"Jean Pierre BAWELA","Dur\u00e9e de lecture estim\u00e9e":"4 minutes"},"schema":{"@context":"https:\/\/schema.org","@graph":[{"@type":"Article","@id":"https:\/\/macite.tg\/?p=25112#article","isPartOf":{"@id":"https:\/\/macite.tg\/?p=25112"},"author":{"name":"Jean Pierre BAWELA","@id":"https:\/\/macite.tg\/#\/schema\/person\/e9f2de7e5dbbe7770a9402c7ce82f5c2"},"headline":"3EME SESSION ORDINAIRE DU CNC\u00a0: La dette publique ma\u00eetris\u00e9e \u00e0 65% du PIB en juin 2025","datePublished":"2025-10-02T16:49:26+00:00","dateModified":"2025-10-02T16:49:38+00:00","mainEntityOfPage":{"@id":"https:\/\/macite.tg\/?p=25112"},"wordCount":505,"commentCount":0,"image":{"@id":"https:\/\/macite.tg\/?p=25112#primaryimage"},"thumbnailUrl":"https:\/\/macite.tg\/wp-content\/uploads\/2025\/10\/CNC-3.jpg","articleSection":["ACTUALITE","ECONOMIE"],"inLanguage":"fr-FR","potentialAction":[{"@type":"CommentAction","name":"Comment","target":["https:\/\/macite.tg\/?p=25112#respond"]}]},{"@type":"WebPage","@id":"https:\/\/macite.tg\/?p=25112","url":"https:\/\/macite.tg\/?p=25112","name":"3EME SESSION ORDINAIRE DU CNC\u00a0: La dette publique ma\u00eetris\u00e9e \u00e0 65% du PIB en juin 2025 -","isPartOf":{"@id":"https:\/\/macite.tg\/#website"},"primaryImageOfPage":{"@id":"https:\/\/macite.tg\/?p=25112#primaryimage"},"image":{"@id":"https:\/\/macite.tg\/?p=25112#primaryimage"},"thumbnailUrl":"https:\/\/macite.tg\/wp-content\/uploads\/2025\/10\/CNC-3.jpg","datePublished":"2025-10-02T16:49:26+00:00","dateModified":"2025-10-02T16:49:38+00:00","author":{"@id":"https:\/\/macite.tg\/#\/schema\/person\/e9f2de7e5dbbe7770a9402c7ce82f5c2"},"breadcrumb":{"@id":"https:\/\/macite.tg\/?p=25112#breadcrumb"},"inLanguage":"fr-FR","potentialAction":[{"@type":"ReadAction","target":["https:\/\/macite.tg\/?p=25112"]}]},{"@type":"ImageObject","inLanguage":"fr-FR","@id":"https:\/\/macite.tg\/?p=25112#primaryimage","url":"https:\/\/macite.tg\/wp-content\/uploads\/2025\/10\/CNC-3.jpg","contentUrl":"https:\/\/macite.tg\/wp-content\/uploads\/2025\/10\/CNC-3.jpg","width":500,"height":307,"caption":"Au milieu, le misnitre de l'Economie et des finances, Georges Essow\u00e8 Barcola, pr\u00e9sident la s\u00e9ance"},{"@type":"BreadcrumbList","@id":"https:\/\/macite.tg\/?p=25112#breadcrumb","itemListElement":[{"@type":"ListItem","position":1,"name":"Accueil","item":"https:\/\/macite.tg\/"},{"@type":"ListItem","position":2,"name":"3EME SESSION ORDINAIRE DU CNC\u00a0: La dette publique ma\u00eetris\u00e9e \u00e0 65% du PIB en juin 2025"}]},{"@type":"WebSite","@id":"https:\/\/macite.tg\/#website","url":"https:\/\/macite.tg\/","name":"","description":"L&#039;information, la bonne!!!","potentialAction":[{"@type":"SearchAction","target":{"@type":"EntryPoint","urlTemplate":"https:\/\/macite.tg\/?s={search_term_string}"},"query-input":{"@type":"PropertyValueSpecification","valueRequired":true,"valueName":"search_term_string"}}],"inLanguage":"fr-FR"},{"@type":"Person","@id":"https:\/\/macite.tg\/#\/schema\/person\/e9f2de7e5dbbe7770a9402c7ce82f5c2","name":"Jean Pierre BAWELA","image":{"@type":"ImageObject","inLanguage":"fr-FR","@id":"https:\/\/macite.tg\/wp-content\/uploads\/2023\/09\/WhatsApp-Image-2023-09-19-at-14.44.41-122x122.jpeg","url":"https:\/\/macite.tg\/wp-content\/uploads\/2023\/09\/WhatsApp-Image-2023-09-19-at-14.44.41-122x122.jpeg","contentUrl":"https:\/\/macite.tg\/wp-content\/uploads\/2023\/09\/WhatsApp-Image-2023-09-19-at-14.44.41-122x122.jpeg","caption":"Jean Pierre BAWELA"},"url":"https:\/\/macite.tg\/?author=2"}]}},"_links":{"self":[{"href":"https:\/\/macite.tg\/index.php?rest_route=\/wp\/v2\/posts\/25112","targetHints":{"allow":["GET"]}}],"collection":[{"href":"https:\/\/macite.tg\/index.php?rest_route=\/wp\/v2\/posts"}],"about":[{"href":"https:\/\/macite.tg\/index.php?rest_route=\/wp\/v2\/types\/post"}],"author":[{"embeddable":true,"href":"https:\/\/macite.tg\/index.php?rest_route=\/wp\/v2\/users\/2"}],"replies":[{"embeddable":true,"href":"https:\/\/macite.tg\/index.php?rest_route=%2Fwp%2Fv2%2Fcomments&post=25112"}],"version-history":[{"count":0,"href":"https:\/\/macite.tg\/index.php?rest_route=\/wp\/v2\/posts\/25112\/revisions"}],"wp:featuredmedia":[{"embeddable":true,"href":"https:\/\/macite.tg\/index.php?rest_route=\/wp\/v2\/media\/25113"}],"wp:attachment":[{"href":"https:\/\/macite.tg\/index.php?rest_route=%2Fwp%2Fv2%2Fmedia&parent=25112"}],"wp:term":[{"taxonomy":"category","embeddable":true,"href":"https:\/\/macite.tg\/index.php?rest_route=%2Fwp%2Fv2%2Fcategories&post=25112"},{"taxonomy":"post_tag","embeddable":true,"href":"https:\/\/macite.tg\/index.php?rest_route=%2Fwp%2Fv2%2Ftags&post=25112"}],"curies":[{"name":"wp","href":"https:\/\/api.w.org\/{rel}","templated":true}]}}