{"id":2505,"date":"2022-12-15T15:53:20","date_gmt":"2022-12-15T15:53:20","guid":{"rendered":"https:\/\/macite.info\/?p=2505"},"modified":"2022-12-15T15:53:21","modified_gmt":"2022-12-15T15:53:21","slug":"us-africa-business-forum-le-president-americain-annonce-leligibilite-du-togo-au-programme-compact-du-mcc","status":"publish","type":"post","link":"https:\/\/macite.tg\/?p=2505","title":{"rendered":"US-Africa business forum\u00a0: le Pr\u00e9sident am\u00e9ricain annonce l\u2019\u00e9ligibilit\u00e9 du Togo au programme Compact du MCC"},"content":{"rendered":"\n<p class=\"wp-block-paragraph\">Le Pr\u00e9sident de la R\u00e9publique, Faure Essozimna Gnassingb\u00e9 a pris part ce 14 d\u00e9cembre 2022 \u00e0 Washington au forum d\u2019affaires (USABF) dans le cadre de U.S. Africa Leaders Summit. Au cours des travaux, le Pr\u00e9sident am\u00e9ricain, Joe Biden a annonc\u00e9 l\u2019\u00e9ligibilit\u00e9 du Togo au programme Compact du Millenium Challenge Corporation (MCC) pour contribuer au d\u00e9veloppement \u00e9conomique de notre pays.<\/p>\n\n\n\n<p class=\"wp-block-paragraph\">Cette nouvelle \u00e8re de partenariat entre le Togo et les Etats-Unis d\u2019Am\u00e9rique est la r\u00e9sultante des performances enregistr\u00e9es par le Togo en mati\u00e8re de gouvernance, de lutte contre la corruption, de libert\u00e9 \u00e9conomique, d\u2019investissement dans le capital humain, depuis 2016.<\/p>\n\n\n\n<p class=\"wp-block-paragraph\">La carte score 2023 du Millenium challenge corporation (MCC) en est une bonne illustration. Le nouveau tableau de bord de la MCC r\u00e9v\u00e8le que le Togo a valid\u00e9 14 indicateurs sur les 20 requis, en mettant au vert plusieurs indicateurs dans les trois cat\u00e9gories que sont la libert\u00e9 \u00e9conomique, la bonne gouvernance et l\u2019investissement dans le capital humain.<\/p>\n\n\n\n<p class=\"wp-block-paragraph\">Dans la cat\u00e9gorie \u00ab Libert\u00e9 \u00e9conomique\u00a0\u00bb, le Togo a valid\u00e9 sept indicateurs sur les huit retenus. Il s\u2019agit de l\u2019inflation, la qualit\u00e9 de la r\u00e9gulation, la politique commerciale, le respect de l\u2019\u00e9quite genre dans l\u2019\u00e9conomie, les droits fonciers, l\u2019acc\u00e8s aux cr\u00e9dits et les opportunit\u00e9s d\u2019emploi.<\/p>\n\n\n\n<figure class=\"wp-block-image size-large\"><img loading=\"lazy\" decoding=\"async\" width=\"1024\" height=\"683\" src=\"https:\/\/macite.tg\/wp-content\/uploads\/2022\/12\/WhatsApp-Image-2022-12-15-at-14.00.03-1024x683.jpeg\" alt=\"\" class=\"wp-image-2507\" srcset=\"https:\/\/macite.tg\/wp-content\/uploads\/2022\/12\/WhatsApp-Image-2022-12-15-at-14.00.03-1024x683.jpeg 1024w, https:\/\/macite.tg\/wp-content\/uploads\/2022\/12\/WhatsApp-Image-2022-12-15-at-14.00.03-300x200.jpeg 300w, https:\/\/macite.tg\/wp-content\/uploads\/2022\/12\/WhatsApp-Image-2022-12-15-at-14.00.03-768x512.jpeg 768w, https:\/\/macite.tg\/wp-content\/uploads\/2022\/12\/WhatsApp-Image-2022-12-15-at-14.00.03-650x434.jpeg 650w, https:\/\/macite.tg\/wp-content\/uploads\/2022\/12\/WhatsApp-Image-2022-12-15-at-14.00.03-730x487.jpeg 730w, https:\/\/macite.tg\/wp-content\/uploads\/2022\/12\/WhatsApp-Image-2022-12-15-at-14.00.03-112x75.jpeg 112w, https:\/\/macite.tg\/wp-content\/uploads\/2022\/12\/WhatsApp-Image-2022-12-15-at-14.00.03-425x283.jpeg 425w, https:\/\/macite.tg\/wp-content\/uploads\/2022\/12\/WhatsApp-Image-2022-12-15-at-14.00.03-430x287.jpeg 430w, https:\/\/macite.tg\/wp-content\/uploads\/2022\/12\/WhatsApp-Image-2022-12-15-at-14.00.03.jpeg 1080w\" sizes=\"auto, (max-width: 1024px) 100vw, 1024px\" \/><\/figure>\n\n\n\n<p class=\"wp-block-paragraph\">En mati\u00e8re de \u00ab Bonne gouvernance&nbsp;\u00bb cinq indicateurs sur six ont \u00e9t\u00e9 mis au vert \u00e0 savoir les libert\u00e9s civiles, le contr\u00f4le de la corruption, l\u2019efficacit\u00e9 des pouvoirs publics, l\u2019\u00c9tat de droit et la libert\u00e9 d\u2019information.<\/p>\n\n\n\n<p class=\"wp-block-paragraph\">En ce qui concerne la cat\u00e9gorie \u00ab&nbsp;investissement dans le capital humain&nbsp;\u00bb, le Togo a valid\u00e9 les indicateurs que sont les d\u00e9penses dans l\u2019\u00e9ducation primaire et le taux d\u2019ach\u00e8vement de l\u2019\u00e9ducation primaire des filles.<\/p>\n\n\n\n<p class=\"wp-block-paragraph\">Avec ces performances remarquables, qui sont en phase avec les principes d\u00e9mocratiques, de d\u00e9veloppement \u00e9conomique, social, durable et inclusif, le Togo se positionne au troisi\u00e8me rang r\u00e9gional des pays les plus r\u00e9formateurs, et occupe la cinqui\u00e8me position sur le continent.<\/p>\n\n\n\n<p class=\"wp-block-paragraph\">A la veille de ce forum d\u2019affaires, le Pr\u00e9sident de la R\u00e9publique a re\u00e7u Madame Alice Albright, Directrice ex\u00e9cutive de la Millenium Challenge Corporation (MCC), audience au cours de laquelle le chef de l\u2019\u00c9tat a r\u00e9it\u00e9r\u00e9 l\u2019engagement de notre pays \u00ab&nbsp;<em>\u00e0 poursuivre la mise en \u0153uvre d\u2019une gouvernance consacr\u00e9e \u00e0 la consolidation d\u2019une croissance inclusive<\/em><em>&nbsp;<\/em>\u00bb.<\/p>\n","protected":false},"excerpt":{"rendered":"<p class=\"text-justify mb-2\" >Le Pr\u00e9sident de la R\u00e9publique, Faure Essozimna Gnassingb\u00e9 a pris part ce 14 d\u00e9cembre 2022 \u00e0 Washington au forum d\u2019affaires (USABF) dans le cadre de U.S. Africa Leaders Summit. Au cours des travaux, le Pr\u00e9sident am\u00e9ricain, Joe Biden a annonc\u00e9 l\u2019\u00e9ligibilit\u00e9 du Togo au programme [&hellip;]<\/p>\n","protected":false},"author":1,"featured_media":2506,"comment_status":"open","ping_status":"open","sticky":false,"template":"","format":"standard","meta":{"footnotes":""},"categories":[3],"tags":[],"class_list":["post-2505","post","type-post","status-publish","format-standard","has-post-thumbnail","hentry","category-economie"],"yoast_head":"<!-- This site is optimized with the Yoast SEO plugin v28.4 - https:\/\/yoast.com\/product\/yoast-seo-wordpress\/ -->\n<title>US-Africa business forum\u00a0: le Pr\u00e9sident am\u00e9ricain annonce l\u2019\u00e9ligibilit\u00e9 du Togo au programme Compact du MCC -<\/title>\n<meta name=\"robots\" content=\"index, follow, max-snippet:-1, max-image-preview:large, max-video-preview:-1\" \/>\n<link rel=\"canonical\" href=\"https:\/\/macite.tg\/?p=2505\" \/>\n<meta property=\"og:locale\" content=\"fr_FR\" \/>\n<meta property=\"og:type\" content=\"article\" \/>\n<meta property=\"og:title\" content=\"US-Africa business forum\u00a0: le Pr\u00e9sident am\u00e9ricain annonce l\u2019\u00e9ligibilit\u00e9 du Togo au programme Compact du MCC -\" \/>\n<meta property=\"og:description\" content=\"Le Pr\u00e9sident de la R\u00e9publique, Faure Essozimna Gnassingb\u00e9 a pris part ce 14 d\u00e9cembre 2022 \u00e0 Washington au forum d\u2019affaires (USABF) dans le cadre de U.S. Africa Leaders Summit. Au cours des travaux, le Pr\u00e9sident am\u00e9ricain, Joe Biden a annonc\u00e9 l\u2019\u00e9ligibilit\u00e9 du Togo au programme [&hellip;]\" \/>\n<meta property=\"og:url\" content=\"https:\/\/macite.tg\/?p=2505\" \/>\n<meta property=\"article:published_time\" content=\"2022-12-15T15:53:20+00:00\" \/>\n<meta property=\"article:modified_time\" content=\"2022-12-15T15:53:21+00:00\" \/>\n<meta property=\"og:image\" content=\"https:\/\/macite.tg\/wp-content\/uploads\/2022\/12\/WhatsApp-Image-2022-12-15-at-13.59.36.jpeg\" \/>\n\t<meta property=\"og:image:width\" content=\"1080\" \/>\n\t<meta property=\"og:image:height\" content=\"720\" \/>\n\t<meta property=\"og:image:type\" content=\"image\/jpeg\" \/>\n<meta name=\"author\" content=\"admin\" \/>\n<meta name=\"twitter:card\" content=\"summary_large_image\" \/>\n<meta name=\"twitter:label1\" content=\"\u00c9crit par\" \/>\n\t<meta name=\"twitter:data1\" content=\"admin\" \/>\n\t<meta name=\"twitter:label2\" content=\"Dur\u00e9e de lecture estim\u00e9e\" \/>\n\t<meta name=\"twitter:data2\" content=\"3 minutes\" \/>\n<script type=\"application\/ld+json\" class=\"yoast-schema-graph\">{\"@context\":\"https:\\\/\\\/schema.org\",\"@graph\":[{\"@type\":\"Article\",\"@id\":\"https:\\\/\\\/macite.tg\\\/?p=2505#article\",\"isPartOf\":{\"@id\":\"https:\\\/\\\/macite.tg\\\/?p=2505\"},\"author\":{\"name\":\"admin\",\"@id\":\"https:\\\/\\\/macite.tg\\\/#\\\/schema\\\/person\\\/6cd4c8a22a0d133225f39e62808aa0a2\"},\"headline\":\"US-Africa business forum\u00a0: le Pr\u00e9sident am\u00e9ricain annonce l\u2019\u00e9ligibilit\u00e9 du Togo au programme Compact du MCC\",\"datePublished\":\"2022-12-15T15:53:20+00:00\",\"dateModified\":\"2022-12-15T15:53:21+00:00\",\"mainEntityOfPage\":{\"@id\":\"https:\\\/\\\/macite.tg\\\/?p=2505\"},\"wordCount\":437,\"commentCount\":0,\"image\":{\"@id\":\"https:\\\/\\\/macite.tg\\\/?p=2505#primaryimage\"},\"thumbnailUrl\":\"https:\\\/\\\/macite.tg\\\/wp-content\\\/uploads\\\/2022\\\/12\\\/WhatsApp-Image-2022-12-15-at-13.59.36.jpeg\",\"articleSection\":[\"ECONOMIE\"],\"inLanguage\":\"fr-FR\",\"potentialAction\":[{\"@type\":\"CommentAction\",\"name\":\"Comment\",\"target\":[\"https:\\\/\\\/macite.tg\\\/?p=2505#respond\"]}]},{\"@type\":\"WebPage\",\"@id\":\"https:\\\/\\\/macite.tg\\\/?p=2505\",\"url\":\"https:\\\/\\\/macite.tg\\\/?p=2505\",\"name\":\"US-Africa business forum\u00a0: le Pr\u00e9sident am\u00e9ricain annonce l\u2019\u00e9ligibilit\u00e9 du Togo au programme Compact du MCC -\",\"isPartOf\":{\"@id\":\"https:\\\/\\\/macite.tg\\\/#website\"},\"primaryImageOfPage\":{\"@id\":\"https:\\\/\\\/macite.tg\\\/?p=2505#primaryimage\"},\"image\":{\"@id\":\"https:\\\/\\\/macite.tg\\\/?p=2505#primaryimage\"},\"thumbnailUrl\":\"https:\\\/\\\/macite.tg\\\/wp-content\\\/uploads\\\/2022\\\/12\\\/WhatsApp-Image-2022-12-15-at-13.59.36.jpeg\",\"datePublished\":\"2022-12-15T15:53:20+00:00\",\"dateModified\":\"2022-12-15T15:53:21+00:00\",\"author\":{\"@id\":\"https:\\\/\\\/macite.tg\\\/#\\\/schema\\\/person\\\/6cd4c8a22a0d133225f39e62808aa0a2\"},\"breadcrumb\":{\"@id\":\"https:\\\/\\\/macite.tg\\\/?p=2505#breadcrumb\"},\"inLanguage\":\"fr-FR\",\"potentialAction\":[{\"@type\":\"ReadAction\",\"target\":[\"https:\\\/\\\/macite.tg\\\/?p=2505\"]}]},{\"@type\":\"ImageObject\",\"inLanguage\":\"fr-FR\",\"@id\":\"https:\\\/\\\/macite.tg\\\/?p=2505#primaryimage\",\"url\":\"https:\\\/\\\/macite.tg\\\/wp-content\\\/uploads\\\/2022\\\/12\\\/WhatsApp-Image-2022-12-15-at-13.59.36.jpeg\",\"contentUrl\":\"https:\\\/\\\/macite.tg\\\/wp-content\\\/uploads\\\/2022\\\/12\\\/WhatsApp-Image-2022-12-15-at-13.59.36.jpeg\",\"width\":1080,\"height\":720},{\"@type\":\"BreadcrumbList\",\"@id\":\"https:\\\/\\\/macite.tg\\\/?p=2505#breadcrumb\",\"itemListElement\":[{\"@type\":\"ListItem\",\"position\":1,\"name\":\"Accueil\",\"item\":\"https:\\\/\\\/macite.tg\\\/\"},{\"@type\":\"ListItem\",\"position\":2,\"name\":\"US-Africa business forum\u00a0: le Pr\u00e9sident am\u00e9ricain annonce l\u2019\u00e9ligibilit\u00e9 du Togo au programme Compact du MCC\"}]},{\"@type\":\"WebSite\",\"@id\":\"https:\\\/\\\/macite.tg\\\/#website\",\"url\":\"https:\\\/\\\/macite.tg\\\/\",\"name\":\"\",\"description\":\"L&#039;information, la bonne!!!\",\"potentialAction\":[{\"@type\":\"SearchAction\",\"target\":{\"@type\":\"EntryPoint\",\"urlTemplate\":\"https:\\\/\\\/macite.tg\\\/?s={search_term_string}\"},\"query-input\":{\"@type\":\"PropertyValueSpecification\",\"valueRequired\":true,\"valueName\":\"search_term_string\"}}],\"inLanguage\":\"fr-FR\"},{\"@type\":\"Person\",\"@id\":\"https:\\\/\\\/macite.tg\\\/#\\\/schema\\\/person\\\/6cd4c8a22a0d133225f39e62808aa0a2\",\"name\":\"admin\",\"image\":{\"@type\":\"ImageObject\",\"inLanguage\":\"fr-FR\",\"@id\":\"https:\\\/\\\/macite.tg\\\/wp-content\\\/uploads\\\/2023\\\/09\\\/WhatsApp-Image-2023-09-19-at-14.44.41-122x122.jpeg\",\"url\":\"https:\\\/\\\/macite.tg\\\/wp-content\\\/uploads\\\/2023\\\/09\\\/WhatsApp-Image-2023-09-19-at-14.44.41-122x122.jpeg\",\"contentUrl\":\"https:\\\/\\\/macite.tg\\\/wp-content\\\/uploads\\\/2023\\\/09\\\/WhatsApp-Image-2023-09-19-at-14.44.41-122x122.jpeg\",\"caption\":\"admin\"},\"sameAs\":[\"https:\\\/\\\/macite.tg\"],\"url\":\"https:\\\/\\\/macite.tg\\\/?author=1\"}]}<\/script>\n<!-- \/ Yoast SEO plugin. -->","yoast_head_json":{"title":"US-Africa business forum\u00a0: le Pr\u00e9sident am\u00e9ricain annonce l\u2019\u00e9ligibilit\u00e9 du Togo au programme Compact du MCC -","robots":{"index":"index","follow":"follow","max-snippet":"max-snippet:-1","max-image-preview":"max-image-preview:large","max-video-preview":"max-video-preview:-1"},"canonical":"https:\/\/macite.tg\/?p=2505","og_locale":"fr_FR","og_type":"article","og_title":"US-Africa business forum\u00a0: le Pr\u00e9sident am\u00e9ricain annonce l\u2019\u00e9ligibilit\u00e9 du Togo au programme Compact du MCC -","og_description":"Le Pr\u00e9sident de la R\u00e9publique, Faure Essozimna Gnassingb\u00e9 a pris part ce 14 d\u00e9cembre 2022 \u00e0 Washington au forum d\u2019affaires (USABF) dans le cadre de U.S. Africa Leaders Summit. Au cours des travaux, le Pr\u00e9sident am\u00e9ricain, Joe Biden a annonc\u00e9 l\u2019\u00e9ligibilit\u00e9 du Togo au programme [&hellip;]","og_url":"https:\/\/macite.tg\/?p=2505","article_published_time":"2022-12-15T15:53:20+00:00","article_modified_time":"2022-12-15T15:53:21+00:00","og_image":[{"width":1080,"height":720,"url":"https:\/\/macite.tg\/wp-content\/uploads\/2022\/12\/WhatsApp-Image-2022-12-15-at-13.59.36.jpeg","type":"image\/jpeg"}],"author":"admin","twitter_card":"summary_large_image","twitter_misc":{"\u00c9crit par":"admin","Dur\u00e9e de lecture estim\u00e9e":"3 minutes"},"schema":{"@context":"https:\/\/schema.org","@graph":[{"@type":"Article","@id":"https:\/\/macite.tg\/?p=2505#article","isPartOf":{"@id":"https:\/\/macite.tg\/?p=2505"},"author":{"name":"admin","@id":"https:\/\/macite.tg\/#\/schema\/person\/6cd4c8a22a0d133225f39e62808aa0a2"},"headline":"US-Africa business forum\u00a0: le Pr\u00e9sident am\u00e9ricain annonce l\u2019\u00e9ligibilit\u00e9 du Togo au programme Compact du MCC","datePublished":"2022-12-15T15:53:20+00:00","dateModified":"2022-12-15T15:53:21+00:00","mainEntityOfPage":{"@id":"https:\/\/macite.tg\/?p=2505"},"wordCount":437,"commentCount":0,"image":{"@id":"https:\/\/macite.tg\/?p=2505#primaryimage"},"thumbnailUrl":"https:\/\/macite.tg\/wp-content\/uploads\/2022\/12\/WhatsApp-Image-2022-12-15-at-13.59.36.jpeg","articleSection":["ECONOMIE"],"inLanguage":"fr-FR","potentialAction":[{"@type":"CommentAction","name":"Comment","target":["https:\/\/macite.tg\/?p=2505#respond"]}]},{"@type":"WebPage","@id":"https:\/\/macite.tg\/?p=2505","url":"https:\/\/macite.tg\/?p=2505","name":"US-Africa business forum\u00a0: le Pr\u00e9sident am\u00e9ricain annonce l\u2019\u00e9ligibilit\u00e9 du Togo au programme Compact du MCC -","isPartOf":{"@id":"https:\/\/macite.tg\/#website"},"primaryImageOfPage":{"@id":"https:\/\/macite.tg\/?p=2505#primaryimage"},"image":{"@id":"https:\/\/macite.tg\/?p=2505#primaryimage"},"thumbnailUrl":"https:\/\/macite.tg\/wp-content\/uploads\/2022\/12\/WhatsApp-Image-2022-12-15-at-13.59.36.jpeg","datePublished":"2022-12-15T15:53:20+00:00","dateModified":"2022-12-15T15:53:21+00:00","author":{"@id":"https:\/\/macite.tg\/#\/schema\/person\/6cd4c8a22a0d133225f39e62808aa0a2"},"breadcrumb":{"@id":"https:\/\/macite.tg\/?p=2505#breadcrumb"},"inLanguage":"fr-FR","potentialAction":[{"@type":"ReadAction","target":["https:\/\/macite.tg\/?p=2505"]}]},{"@type":"ImageObject","inLanguage":"fr-FR","@id":"https:\/\/macite.tg\/?p=2505#primaryimage","url":"https:\/\/macite.tg\/wp-content\/uploads\/2022\/12\/WhatsApp-Image-2022-12-15-at-13.59.36.jpeg","contentUrl":"https:\/\/macite.tg\/wp-content\/uploads\/2022\/12\/WhatsApp-Image-2022-12-15-at-13.59.36.jpeg","width":1080,"height":720},{"@type":"BreadcrumbList","@id":"https:\/\/macite.tg\/?p=2505#breadcrumb","itemListElement":[{"@type":"ListItem","position":1,"name":"Accueil","item":"https:\/\/macite.tg\/"},{"@type":"ListItem","position":2,"name":"US-Africa business forum\u00a0: le Pr\u00e9sident am\u00e9ricain annonce l\u2019\u00e9ligibilit\u00e9 du Togo au programme Compact du MCC"}]},{"@type":"WebSite","@id":"https:\/\/macite.tg\/#website","url":"https:\/\/macite.tg\/","name":"","description":"L&#039;information, la bonne!!!","potentialAction":[{"@type":"SearchAction","target":{"@type":"EntryPoint","urlTemplate":"https:\/\/macite.tg\/?s={search_term_string}"},"query-input":{"@type":"PropertyValueSpecification","valueRequired":true,"valueName":"search_term_string"}}],"inLanguage":"fr-FR"},{"@type":"Person","@id":"https:\/\/macite.tg\/#\/schema\/person\/6cd4c8a22a0d133225f39e62808aa0a2","name":"admin","image":{"@type":"ImageObject","inLanguage":"fr-FR","@id":"https:\/\/macite.tg\/wp-content\/uploads\/2023\/09\/WhatsApp-Image-2023-09-19-at-14.44.41-122x122.jpeg","url":"https:\/\/macite.tg\/wp-content\/uploads\/2023\/09\/WhatsApp-Image-2023-09-19-at-14.44.41-122x122.jpeg","contentUrl":"https:\/\/macite.tg\/wp-content\/uploads\/2023\/09\/WhatsApp-Image-2023-09-19-at-14.44.41-122x122.jpeg","caption":"admin"},"sameAs":["https:\/\/macite.tg"],"url":"https:\/\/macite.tg\/?author=1"}]}},"_links":{"self":[{"href":"https:\/\/macite.tg\/index.php?rest_route=\/wp\/v2\/posts\/2505","targetHints":{"allow":["GET"]}}],"collection":[{"href":"https:\/\/macite.tg\/index.php?rest_route=\/wp\/v2\/posts"}],"about":[{"href":"https:\/\/macite.tg\/index.php?rest_route=\/wp\/v2\/types\/post"}],"author":[{"embeddable":true,"href":"https:\/\/macite.tg\/index.php?rest_route=\/wp\/v2\/users\/1"}],"replies":[{"embeddable":true,"href":"https:\/\/macite.tg\/index.php?rest_route=%2Fwp%2Fv2%2Fcomments&post=2505"}],"version-history":[{"count":0,"href":"https:\/\/macite.tg\/index.php?rest_route=\/wp\/v2\/posts\/2505\/revisions"}],"wp:featuredmedia":[{"embeddable":true,"href":"https:\/\/macite.tg\/index.php?rest_route=\/wp\/v2\/media\/2506"}],"wp:attachment":[{"href":"https:\/\/macite.tg\/index.php?rest_route=%2Fwp%2Fv2%2Fmedia&parent=2505"}],"wp:term":[{"taxonomy":"category","embeddable":true,"href":"https:\/\/macite.tg\/index.php?rest_route=%2Fwp%2Fv2%2Fcategories&post=2505"},{"taxonomy":"post_tag","embeddable":true,"href":"https:\/\/macite.tg\/index.php?rest_route=%2Fwp%2Fv2%2Ftags&post=2505"}],"curies":[{"name":"wp","href":"https:\/\/api.w.org\/{rel}","templated":true}]}}