{"id":2501,"date":"2022-12-15T12:07:38","date_gmt":"2022-12-15T12:07:38","guid":{"rendered":"https:\/\/macite.info\/?p=2501"},"modified":"2022-12-15T12:09:01","modified_gmt":"2022-12-15T12:09:01","slug":"luruguay-gele-sa-reconnaissance-de-la-pseudo-rasd","status":"publish","type":"post","link":"https:\/\/macite.tg\/?p=2501","title":{"rendered":"L&rsquo;Uruguay g\u00e8le sa reconnaissance de la pseudo \u00ab\u00a0RASD\u00a0\u00bb"},"content":{"rendered":"\n<p class=\"wp-block-paragraph\"><strong><em>Le quotidien uruguayen \u00a0\u00bb El Observador\u00a0\u00bb a annonc\u00e9, le mercredi 14 d\u00e9cembre 2022, que le gouvernement de ce pays s&rsquo;appr\u00eate \u00e0 annuler officiellement sa reconnaissance de la pseudo \u00a0\u00bb rasd\u00a0\u00bb.<\/em><\/strong><\/p>\n\n\n\n<p class=\"wp-block-paragraph\"><br>Dans son article titr\u00e9 \u00a0\u00bb Le gouvernement g\u00e8le le lien avec la R\u00e9publique sahraouie et prend des mesures pour approfondir les relations avec le Maroc\u00a0\u00bb, le quotidien uruguayen \u00a0\u00bb El Observador \u00a0\u00bb souligne que \u00ab\u00a0le gouvernement est d\u00e9termin\u00e9 \u00e0 approfondir les relations diplomatiques et commerciales avec le Maroc, ce pour quoi il exige n\u00e9cessairement l&rsquo;annulation ou la suspension des relations avec la RASD.&nbsp;<\/p>\n\n\n\n<p class=\"wp-block-paragraph\"><br>Une nouvelle page s&rsquo;est d\u00e9sormais ouverte entre Rabat et Montevideo, sur la base du respect de l&rsquo;int\u00e9grit\u00e9 territoriale et de la souverainet\u00e9 des \u00c9tats.&nbsp;<\/p>\n\n\n\n<p class=\"wp-block-paragraph\"><\/p>\n\n\n\n<p class=\"wp-block-paragraph\">Ce g\u00e8le vient couronner une dynamique de retraits successifs de reconnaissance de cette entit\u00e9 fantoche, que 84% des 193 pays membres des Nations Unies ne reconnaissent pas.<br><\/p>\n\n\n\n<p class=\"wp-block-paragraph\"><strong>@<em>macite.info<br>E-mail : maciteinfo@gmail.com; bawela1@gmail.com<br>Pour vos annonces, (publi)reportages, etc., joignez nous au (00228) 91515309\/79872224<br>www.macite.info, L\u2019information, la bonne<\/em> !<\/strong><\/p>\n\n\n\n<p class=\"wp-block-paragraph\"><br><div><span style=\"font-size: revert; background-color: rgb(255, 255, 255); color: initial;\"><\/span><\/div><\/p>\n","protected":false},"excerpt":{"rendered":"<p class=\"text-justify mb-2\" >Le quotidien uruguayen \u00a0\u00bb El Observador\u00a0\u00bb a annonc\u00e9, le mercredi 14 d\u00e9cembre 2022, que le gouvernement de ce pays s&rsquo;appr\u00eate \u00e0 annuler officiellement sa reconnaissance de la pseudo \u00a0\u00bb rasd\u00a0\u00bb. Dans son article titr\u00e9 \u00a0\u00bb Le gouvernement g\u00e8le le lien avec la R\u00e9publique sahraouie et [&hellip;]<\/p>\n","protected":false},"author":2,"featured_media":2502,"comment_status":"open","ping_status":"open","sticky":false,"template":"","format":"standard","meta":{"footnotes":""},"categories":[20],"tags":[],"class_list":["post-2501","post","type-post","status-publish","format-standard","has-post-thumbnail","hentry","category-actualite"],"yoast_head":"<!-- This site is optimized with the Yoast SEO plugin v28.4 - https:\/\/yoast.com\/product\/yoast-seo-wordpress\/ -->\n<title>L&#039;Uruguay g\u00e8le sa reconnaissance de la pseudo &quot;RASD&quot; -<\/title>\n<meta name=\"robots\" content=\"index, follow, max-snippet:-1, max-image-preview:large, max-video-preview:-1\" \/>\n<link rel=\"canonical\" href=\"https:\/\/macite.tg\/?p=2501\" \/>\n<meta property=\"og:locale\" content=\"fr_FR\" \/>\n<meta property=\"og:type\" content=\"article\" \/>\n<meta property=\"og:title\" content=\"L&#039;Uruguay g\u00e8le sa reconnaissance de la pseudo &quot;RASD&quot; -\" \/>\n<meta property=\"og:description\" content=\"Le quotidien uruguayen \u00a0\u00bb El Observador\u00a0\u00bb a annonc\u00e9, le mercredi 14 d\u00e9cembre 2022, que le gouvernement de ce pays s&rsquo;appr\u00eate \u00e0 annuler officiellement sa reconnaissance de la pseudo \u00a0\u00bb rasd\u00a0\u00bb. Dans son article titr\u00e9 \u00a0\u00bb Le gouvernement g\u00e8le le lien avec la R\u00e9publique sahraouie et [&hellip;]\" \/>\n<meta property=\"og:url\" content=\"https:\/\/macite.tg\/?p=2501\" \/>\n<meta property=\"article:published_time\" content=\"2022-12-15T12:07:38+00:00\" \/>\n<meta property=\"article:modified_time\" content=\"2022-12-15T12:09:01+00:00\" \/>\n<meta property=\"og:image\" content=\"https:\/\/macite.tg\/wp-content\/uploads\/2022\/12\/IMG-20221215-WA0027.jpg\" \/>\n\t<meta property=\"og:image:width\" content=\"800\" \/>\n\t<meta property=\"og:image:height\" content=\"600\" \/>\n\t<meta property=\"og:image:type\" content=\"image\/jpeg\" \/>\n<meta name=\"author\" content=\"Jean Pierre BAWELA\" \/>\n<meta name=\"twitter:card\" content=\"summary_large_image\" \/>\n<meta name=\"twitter:label1\" content=\"\u00c9crit par\" \/>\n\t<meta name=\"twitter:data1\" content=\"Jean Pierre BAWELA\" \/>\n\t<meta name=\"twitter:label2\" content=\"Dur\u00e9e de lecture estim\u00e9e\" \/>\n\t<meta name=\"twitter:data2\" content=\"1 minute\" \/>\n<script type=\"application\/ld+json\" class=\"yoast-schema-graph\">{\"@context\":\"https:\\\/\\\/schema.org\",\"@graph\":[{\"@type\":\"Article\",\"@id\":\"https:\\\/\\\/macite.tg\\\/?p=2501#article\",\"isPartOf\":{\"@id\":\"https:\\\/\\\/macite.tg\\\/?p=2501\"},\"author\":{\"name\":\"Jean Pierre BAWELA\",\"@id\":\"https:\\\/\\\/macite.tg\\\/#\\\/schema\\\/person\\\/e9f2de7e5dbbe7770a9402c7ce82f5c2\"},\"headline\":\"L&rsquo;Uruguay g\u00e8le sa reconnaissance de la pseudo \u00ab\u00a0RASD\u00a0\u00bb\",\"datePublished\":\"2022-12-15T12:07:38+00:00\",\"dateModified\":\"2022-12-15T12:09:01+00:00\",\"mainEntityOfPage\":{\"@id\":\"https:\\\/\\\/macite.tg\\\/?p=2501\"},\"wordCount\":181,\"commentCount\":0,\"image\":{\"@id\":\"https:\\\/\\\/macite.tg\\\/?p=2501#primaryimage\"},\"thumbnailUrl\":\"https:\\\/\\\/macite.tg\\\/wp-content\\\/uploads\\\/2022\\\/12\\\/IMG-20221215-WA0027.jpg\",\"articleSection\":[\"ACTUALITE\"],\"inLanguage\":\"fr-FR\",\"potentialAction\":[{\"@type\":\"CommentAction\",\"name\":\"Comment\",\"target\":[\"https:\\\/\\\/macite.tg\\\/?p=2501#respond\"]}]},{\"@type\":\"WebPage\",\"@id\":\"https:\\\/\\\/macite.tg\\\/?p=2501\",\"url\":\"https:\\\/\\\/macite.tg\\\/?p=2501\",\"name\":\"L'Uruguay g\u00e8le sa reconnaissance de la pseudo \\\"RASD\\\" -\",\"isPartOf\":{\"@id\":\"https:\\\/\\\/macite.tg\\\/#website\"},\"primaryImageOfPage\":{\"@id\":\"https:\\\/\\\/macite.tg\\\/?p=2501#primaryimage\"},\"image\":{\"@id\":\"https:\\\/\\\/macite.tg\\\/?p=2501#primaryimage\"},\"thumbnailUrl\":\"https:\\\/\\\/macite.tg\\\/wp-content\\\/uploads\\\/2022\\\/12\\\/IMG-20221215-WA0027.jpg\",\"datePublished\":\"2022-12-15T12:07:38+00:00\",\"dateModified\":\"2022-12-15T12:09:01+00:00\",\"author\":{\"@id\":\"https:\\\/\\\/macite.tg\\\/#\\\/schema\\\/person\\\/e9f2de7e5dbbe7770a9402c7ce82f5c2\"},\"breadcrumb\":{\"@id\":\"https:\\\/\\\/macite.tg\\\/?p=2501#breadcrumb\"},\"inLanguage\":\"fr-FR\",\"potentialAction\":[{\"@type\":\"ReadAction\",\"target\":[\"https:\\\/\\\/macite.tg\\\/?p=2501\"]}]},{\"@type\":\"ImageObject\",\"inLanguage\":\"fr-FR\",\"@id\":\"https:\\\/\\\/macite.tg\\\/?p=2501#primaryimage\",\"url\":\"https:\\\/\\\/macite.tg\\\/wp-content\\\/uploads\\\/2022\\\/12\\\/IMG-20221215-WA0027.jpg\",\"contentUrl\":\"https:\\\/\\\/macite.tg\\\/wp-content\\\/uploads\\\/2022\\\/12\\\/IMG-20221215-WA0027.jpg\",\"width\":800,\"height\":600},{\"@type\":\"BreadcrumbList\",\"@id\":\"https:\\\/\\\/macite.tg\\\/?p=2501#breadcrumb\",\"itemListElement\":[{\"@type\":\"ListItem\",\"position\":1,\"name\":\"Accueil\",\"item\":\"https:\\\/\\\/macite.tg\\\/\"},{\"@type\":\"ListItem\",\"position\":2,\"name\":\"L&rsquo;Uruguay g\u00e8le sa reconnaissance de la pseudo \u00ab\u00a0RASD\u00a0\u00bb\"}]},{\"@type\":\"WebSite\",\"@id\":\"https:\\\/\\\/macite.tg\\\/#website\",\"url\":\"https:\\\/\\\/macite.tg\\\/\",\"name\":\"\",\"description\":\"L&#039;information, la bonne!!!\",\"potentialAction\":[{\"@type\":\"SearchAction\",\"target\":{\"@type\":\"EntryPoint\",\"urlTemplate\":\"https:\\\/\\\/macite.tg\\\/?s={search_term_string}\"},\"query-input\":{\"@type\":\"PropertyValueSpecification\",\"valueRequired\":true,\"valueName\":\"search_term_string\"}}],\"inLanguage\":\"fr-FR\"},{\"@type\":\"Person\",\"@id\":\"https:\\\/\\\/macite.tg\\\/#\\\/schema\\\/person\\\/e9f2de7e5dbbe7770a9402c7ce82f5c2\",\"name\":\"Jean Pierre BAWELA\",\"image\":{\"@type\":\"ImageObject\",\"inLanguage\":\"fr-FR\",\"@id\":\"https:\\\/\\\/macite.tg\\\/wp-content\\\/uploads\\\/2023\\\/09\\\/WhatsApp-Image-2023-09-19-at-14.44.41-122x122.jpeg\",\"url\":\"https:\\\/\\\/macite.tg\\\/wp-content\\\/uploads\\\/2023\\\/09\\\/WhatsApp-Image-2023-09-19-at-14.44.41-122x122.jpeg\",\"contentUrl\":\"https:\\\/\\\/macite.tg\\\/wp-content\\\/uploads\\\/2023\\\/09\\\/WhatsApp-Image-2023-09-19-at-14.44.41-122x122.jpeg\",\"caption\":\"Jean Pierre BAWELA\"},\"url\":\"https:\\\/\\\/macite.tg\\\/?author=2\"}]}<\/script>\n<!-- \/ Yoast SEO plugin. -->","yoast_head_json":{"title":"L'Uruguay g\u00e8le sa reconnaissance de la pseudo \"RASD\" -","robots":{"index":"index","follow":"follow","max-snippet":"max-snippet:-1","max-image-preview":"max-image-preview:large","max-video-preview":"max-video-preview:-1"},"canonical":"https:\/\/macite.tg\/?p=2501","og_locale":"fr_FR","og_type":"article","og_title":"L'Uruguay g\u00e8le sa reconnaissance de la pseudo \"RASD\" -","og_description":"Le quotidien uruguayen \u00a0\u00bb El Observador\u00a0\u00bb a annonc\u00e9, le mercredi 14 d\u00e9cembre 2022, que le gouvernement de ce pays s&rsquo;appr\u00eate \u00e0 annuler officiellement sa reconnaissance de la pseudo \u00a0\u00bb rasd\u00a0\u00bb. Dans son article titr\u00e9 \u00a0\u00bb Le gouvernement g\u00e8le le lien avec la R\u00e9publique sahraouie et [&hellip;]","og_url":"https:\/\/macite.tg\/?p=2501","article_published_time":"2022-12-15T12:07:38+00:00","article_modified_time":"2022-12-15T12:09:01+00:00","og_image":[{"width":800,"height":600,"url":"https:\/\/macite.tg\/wp-content\/uploads\/2022\/12\/IMG-20221215-WA0027.jpg","type":"image\/jpeg"}],"author":"Jean Pierre BAWELA","twitter_card":"summary_large_image","twitter_misc":{"\u00c9crit par":"Jean Pierre BAWELA","Dur\u00e9e de lecture estim\u00e9e":"1 minute"},"schema":{"@context":"https:\/\/schema.org","@graph":[{"@type":"Article","@id":"https:\/\/macite.tg\/?p=2501#article","isPartOf":{"@id":"https:\/\/macite.tg\/?p=2501"},"author":{"name":"Jean Pierre BAWELA","@id":"https:\/\/macite.tg\/#\/schema\/person\/e9f2de7e5dbbe7770a9402c7ce82f5c2"},"headline":"L&rsquo;Uruguay g\u00e8le sa reconnaissance de la pseudo \u00ab\u00a0RASD\u00a0\u00bb","datePublished":"2022-12-15T12:07:38+00:00","dateModified":"2022-12-15T12:09:01+00:00","mainEntityOfPage":{"@id":"https:\/\/macite.tg\/?p=2501"},"wordCount":181,"commentCount":0,"image":{"@id":"https:\/\/macite.tg\/?p=2501#primaryimage"},"thumbnailUrl":"https:\/\/macite.tg\/wp-content\/uploads\/2022\/12\/IMG-20221215-WA0027.jpg","articleSection":["ACTUALITE"],"inLanguage":"fr-FR","potentialAction":[{"@type":"CommentAction","name":"Comment","target":["https:\/\/macite.tg\/?p=2501#respond"]}]},{"@type":"WebPage","@id":"https:\/\/macite.tg\/?p=2501","url":"https:\/\/macite.tg\/?p=2501","name":"L'Uruguay g\u00e8le sa reconnaissance de la pseudo \"RASD\" -","isPartOf":{"@id":"https:\/\/macite.tg\/#website"},"primaryImageOfPage":{"@id":"https:\/\/macite.tg\/?p=2501#primaryimage"},"image":{"@id":"https:\/\/macite.tg\/?p=2501#primaryimage"},"thumbnailUrl":"https:\/\/macite.tg\/wp-content\/uploads\/2022\/12\/IMG-20221215-WA0027.jpg","datePublished":"2022-12-15T12:07:38+00:00","dateModified":"2022-12-15T12:09:01+00:00","author":{"@id":"https:\/\/macite.tg\/#\/schema\/person\/e9f2de7e5dbbe7770a9402c7ce82f5c2"},"breadcrumb":{"@id":"https:\/\/macite.tg\/?p=2501#breadcrumb"},"inLanguage":"fr-FR","potentialAction":[{"@type":"ReadAction","target":["https:\/\/macite.tg\/?p=2501"]}]},{"@type":"ImageObject","inLanguage":"fr-FR","@id":"https:\/\/macite.tg\/?p=2501#primaryimage","url":"https:\/\/macite.tg\/wp-content\/uploads\/2022\/12\/IMG-20221215-WA0027.jpg","contentUrl":"https:\/\/macite.tg\/wp-content\/uploads\/2022\/12\/IMG-20221215-WA0027.jpg","width":800,"height":600},{"@type":"BreadcrumbList","@id":"https:\/\/macite.tg\/?p=2501#breadcrumb","itemListElement":[{"@type":"ListItem","position":1,"name":"Accueil","item":"https:\/\/macite.tg\/"},{"@type":"ListItem","position":2,"name":"L&rsquo;Uruguay g\u00e8le sa reconnaissance de la pseudo \u00ab\u00a0RASD\u00a0\u00bb"}]},{"@type":"WebSite","@id":"https:\/\/macite.tg\/#website","url":"https:\/\/macite.tg\/","name":"","description":"L&#039;information, la bonne!!!","potentialAction":[{"@type":"SearchAction","target":{"@type":"EntryPoint","urlTemplate":"https:\/\/macite.tg\/?s={search_term_string}"},"query-input":{"@type":"PropertyValueSpecification","valueRequired":true,"valueName":"search_term_string"}}],"inLanguage":"fr-FR"},{"@type":"Person","@id":"https:\/\/macite.tg\/#\/schema\/person\/e9f2de7e5dbbe7770a9402c7ce82f5c2","name":"Jean Pierre BAWELA","image":{"@type":"ImageObject","inLanguage":"fr-FR","@id":"https:\/\/macite.tg\/wp-content\/uploads\/2023\/09\/WhatsApp-Image-2023-09-19-at-14.44.41-122x122.jpeg","url":"https:\/\/macite.tg\/wp-content\/uploads\/2023\/09\/WhatsApp-Image-2023-09-19-at-14.44.41-122x122.jpeg","contentUrl":"https:\/\/macite.tg\/wp-content\/uploads\/2023\/09\/WhatsApp-Image-2023-09-19-at-14.44.41-122x122.jpeg","caption":"Jean Pierre BAWELA"},"url":"https:\/\/macite.tg\/?author=2"}]}},"_links":{"self":[{"href":"https:\/\/macite.tg\/index.php?rest_route=\/wp\/v2\/posts\/2501","targetHints":{"allow":["GET"]}}],"collection":[{"href":"https:\/\/macite.tg\/index.php?rest_route=\/wp\/v2\/posts"}],"about":[{"href":"https:\/\/macite.tg\/index.php?rest_route=\/wp\/v2\/types\/post"}],"author":[{"embeddable":true,"href":"https:\/\/macite.tg\/index.php?rest_route=\/wp\/v2\/users\/2"}],"replies":[{"embeddable":true,"href":"https:\/\/macite.tg\/index.php?rest_route=%2Fwp%2Fv2%2Fcomments&post=2501"}],"version-history":[{"count":0,"href":"https:\/\/macite.tg\/index.php?rest_route=\/wp\/v2\/posts\/2501\/revisions"}],"wp:featuredmedia":[{"embeddable":true,"href":"https:\/\/macite.tg\/index.php?rest_route=\/wp\/v2\/media\/2502"}],"wp:attachment":[{"href":"https:\/\/macite.tg\/index.php?rest_route=%2Fwp%2Fv2%2Fmedia&parent=2501"}],"wp:term":[{"taxonomy":"category","embeddable":true,"href":"https:\/\/macite.tg\/index.php?rest_route=%2Fwp%2Fv2%2Fcategories&post=2501"},{"taxonomy":"post_tag","embeddable":true,"href":"https:\/\/macite.tg\/index.php?rest_route=%2Fwp%2Fv2%2Ftags&post=2501"}],"curies":[{"name":"wp","href":"https:\/\/api.w.org\/{rel}","templated":true}]}}