{"id":24824,"date":"2025-09-19T12:50:20","date_gmt":"2025-09-19T12:50:20","guid":{"rendered":"https:\/\/macite.tg\/?p=24824"},"modified":"2025-09-19T12:50:24","modified_gmt":"2025-09-19T12:50:24","slug":"18-septembre-comme-un-miroir-brise","status":"publish","type":"post","link":"https:\/\/macite.tg\/?p=24824","title":{"rendered":"18 septembre, comme un miroir bris\u00e9"},"content":{"rendered":"\n<p class=\"wp-block-paragraph\"><strong><em>18 septembre 2025, au lieu d\u2019un espace d\u2019expression citoyenne, Paris et d\u2019autres grandes villes en France, se sont transform\u00e9es en champ de man\u0153uvre. Des blind\u00e9s Centaure dans les rues, des manifestants matraqu\u00e9s, des journalistes agress\u00e9s\u2026 &nbsp;<\/em><\/strong><\/p>\n\n\n\n<p class=\"wp-block-paragraph\">La sc\u00e8ne est gla\u00e7ante&nbsp;! Elle l\u2019est d\u2019autant plus qu\u2019elle se d\u00e9roule dans un pays qui, depuis des d\u00e9cennies, s\u2019\u00e9rige en gardien des libert\u00e9s publique. Mais bien plus encore, dans un pays donneur de le\u00e7on \u00e0 l\u2019international.<\/p>\n\n\n<div class=\"wp-block-image\">\n<figure class=\"aligncenter size-large\"><img loading=\"lazy\" decoding=\"async\" width=\"1024\" height=\"426\" src=\"https:\/\/macite.tg\/wp-content\/uploads\/2025\/09\/OTR_Depreciation-1024x426.jpg\" alt=\"\" class=\"wp-image-24694\" srcset=\"https:\/\/macite.tg\/wp-content\/uploads\/2025\/09\/OTR_Depreciation-1024x426.jpg 1024w, https:\/\/macite.tg\/wp-content\/uploads\/2025\/09\/OTR_Depreciation-300x125.jpg 300w, https:\/\/macite.tg\/wp-content\/uploads\/2025\/09\/OTR_Depreciation-768x320.jpg 768w, https:\/\/macite.tg\/wp-content\/uploads\/2025\/09\/OTR_Depreciation.jpg 1132w\" sizes=\"auto, (max-width: 1024px) 100vw, 1024px\" \/><\/figure>\n<\/div>\n\n\n<p class=\"wp-block-paragraph\">Comment expliquer que la France, tout en d\u00e9non\u00e7ant les d\u00e9rives polici\u00e8res et les m\u00e9thodes de s\u00e9curisations sous d\u2019autres cieux, alors qu\u2019elle s\u2019adonne \u00e0 cet exercice face ses propres citoyens&nbsp;? comment croire \u00e0 la sinc\u00e9rit\u00e9 des discours officiels, quand les forces de l\u2019ordre deviennent, elles-m\u00eames les instruments de la brutalit\u00e9&nbsp;?<\/p>\n\n\n\n<p class=\"wp-block-paragraph\">La France, comme un patriarche, sermonne des pays africains, d\u00e9nonce les d\u00e9rives de r\u00e9gimes accus\u00e9s de museler l\u2019opposition et d\u2019entraver la libert\u00e9 d\u2019expression. Mais hier, \u00e0 la face du monde, la France a montr\u00e9 cette image inqui\u00e9tante. Celle d\u2019un Etat qui, sous couvert d\u2019ordre public, \u00e9touffe ses citoyens et foule aux pieds les principes qu\u2019elle tente d\u2019imposer ailleurs, \u00e0 tout prix.<\/p>\n\n\n\n<p class=\"wp-block-paragraph\">Ce n\u2019est pas surprenant nia paradoxal&nbsp;! C\u2019est une faute morale, qu\u2019on se doit de dire \u00e0 haute voix. Car, une d\u00e9mocratie ne se mesure pas \u00e0 ses discours, mais \u00e0 sa capacit\u00e9 \u00e0 tol\u00e9rer la contestation, les voix discordantes, \u00e0 prot\u00e9ger ceux qui l\u2019informent, \u00e0 garantir la s\u00e9curit\u00e9 et le dialogue plut\u00f4t que d\u2019imposer la matraque.<\/p>\n\n\n<div class=\"wp-block-image\">\n<figure class=\"aligncenter size-full\"><img loading=\"lazy\" decoding=\"async\" width=\"595\" height=\"842\" src=\"https:\/\/macite.tg\/wp-content\/uploads\/2025\/09\/OTR_12-Sept.jpg\" alt=\"\" class=\"wp-image-24800\" srcset=\"https:\/\/macite.tg\/wp-content\/uploads\/2025\/09\/OTR_12-Sept.jpg 595w, https:\/\/macite.tg\/wp-content\/uploads\/2025\/09\/OTR_12-Sept-212x300.jpg 212w\" sizes=\"auto, (max-width: 595px) 100vw, 595px\" \/><\/figure>\n<\/div>\n\n\n<p class=\"wp-block-paragraph\">Le 18 septembre restera comme un miroir bris\u00e9&nbsp;: celui d\u2019une France qui pr\u00eache la libert\u00e9, mais pratique la r\u00e9pression, le mus\u00e8lement de ceux-l\u00e0 m\u00eames qu\u2019elle est cens\u00e9e prot\u00e9ger.<\/p>\n\n\n\n<p class=\"wp-block-paragraph\"><strong>M.C.<\/strong><\/p>\n\n\n\n<p class=\"wp-block-paragraph\"><a><strong><em>@macite.tg&nbsp;&nbsp;&nbsp;&nbsp;&nbsp;&nbsp;&nbsp;&nbsp;<\/em><\/strong><\/a><\/p>\n\n\n\n<p class=\"wp-block-paragraph\"><strong><em>E-mail&nbsp;: <\/em><\/strong><a href=\"mailto:maciteinfo@gmail.com\"><strong><em>maciteinfo@gmail.com<\/em><\/strong><\/a><strong><em>; <\/em><\/strong><a href=\"mailto:bawela1@gmail.com\"><strong><em>bawela1@gmail.com<\/em><\/strong><\/a><strong><em><\/em><\/strong><\/p>\n\n\n\n<p class=\"wp-block-paragraph\"><strong><em>Pour vos annonces, (publi)reportages, etc., joignez-nous au (00228)91515309\/<strong>79872224 <\/strong><strong><\/strong><\/em><\/strong><\/p>\n\n\n\n<p class=\"wp-block-paragraph\"><strong><em>www.macite.tg, L\u2019information, la bonne&nbsp;!<\/em><\/strong><\/p>\n\n\n\n<p class=\"wp-block-paragraph\"><\/p>\n","protected":false},"excerpt":{"rendered":"<p class=\"text-justify mb-2\" >18 septembre 2025, au lieu d\u2019un espace d\u2019expression citoyenne, Paris et d\u2019autres grandes villes en France, se sont transform\u00e9es en champ de man\u0153uvre. Des blind\u00e9s Centaure dans les rues, des manifestants matraqu\u00e9s, des journalistes agress\u00e9s\u2026 &nbsp; La sc\u00e8ne est gla\u00e7ante&nbsp;! Elle l\u2019est d\u2019autant plus qu\u2019elle [&hellip;]<\/p>\n","protected":false},"author":2,"featured_media":24828,"comment_status":"open","ping_status":"open","sticky":false,"template":"","format":"standard","meta":{"footnotes":""},"categories":[20,13,1],"tags":[],"class_list":["post-24824","post","type-post","status-publish","format-standard","has-post-thumbnail","hentry","category-actualite","category-billet","category-politique"],"yoast_head":"<!-- This site is optimized with the Yoast SEO plugin v28.4 - https:\/\/yoast.com\/product\/yoast-seo-wordpress\/ -->\n<title>18 septembre, comme un miroir bris\u00e9 -<\/title>\n<meta name=\"robots\" content=\"index, follow, max-snippet:-1, max-image-preview:large, max-video-preview:-1\" \/>\n<link rel=\"canonical\" href=\"https:\/\/macite.tg\/?p=24824\" \/>\n<meta property=\"og:locale\" content=\"fr_FR\" \/>\n<meta property=\"og:type\" content=\"article\" \/>\n<meta property=\"og:title\" content=\"18 septembre, comme un miroir bris\u00e9 -\" \/>\n<meta property=\"og:description\" content=\"18 septembre 2025, au lieu d\u2019un espace d\u2019expression citoyenne, Paris et d\u2019autres grandes villes en France, se sont transform\u00e9es en champ de man\u0153uvre. Des blind\u00e9s Centaure dans les rues, des manifestants matraqu\u00e9s, des journalistes agress\u00e9s\u2026 &nbsp; La sc\u00e8ne est gla\u00e7ante&nbsp;! Elle l\u2019est d\u2019autant plus qu\u2019elle [&hellip;]\" \/>\n<meta property=\"og:url\" content=\"https:\/\/macite.tg\/?p=24824\" \/>\n<meta property=\"article:published_time\" content=\"2025-09-19T12:50:20+00:00\" \/>\n<meta property=\"article:modified_time\" content=\"2025-09-19T12:50:24+00:00\" \/>\n<meta property=\"og:image\" content=\"https:\/\/macite.tg\/wp-content\/uploads\/2025\/09\/France-edito.jpg\" \/>\n\t<meta property=\"og:image:width\" content=\"500\" \/>\n\t<meta property=\"og:image:height\" content=\"281\" \/>\n\t<meta property=\"og:image:type\" content=\"image\/jpeg\" \/>\n<meta name=\"author\" content=\"Jean Pierre BAWELA\" \/>\n<meta name=\"twitter:card\" content=\"summary_large_image\" \/>\n<meta name=\"twitter:label1\" content=\"\u00c9crit par\" \/>\n\t<meta name=\"twitter:data1\" content=\"Jean Pierre BAWELA\" \/>\n\t<meta name=\"twitter:label2\" content=\"Dur\u00e9e de lecture estim\u00e9e\" \/>\n\t<meta name=\"twitter:data2\" content=\"3 minutes\" \/>\n<script type=\"application\/ld+json\" class=\"yoast-schema-graph\">{\"@context\":\"https:\\\/\\\/schema.org\",\"@graph\":[{\"@type\":\"Article\",\"@id\":\"https:\\\/\\\/macite.tg\\\/?p=24824#article\",\"isPartOf\":{\"@id\":\"https:\\\/\\\/macite.tg\\\/?p=24824\"},\"author\":{\"name\":\"Jean Pierre BAWELA\",\"@id\":\"https:\\\/\\\/macite.tg\\\/#\\\/schema\\\/person\\\/e9f2de7e5dbbe7770a9402c7ce82f5c2\"},\"headline\":\"18 septembre, comme un miroir bris\u00e9\",\"datePublished\":\"2025-09-19T12:50:20+00:00\",\"dateModified\":\"2025-09-19T12:50:24+00:00\",\"mainEntityOfPage\":{\"@id\":\"https:\\\/\\\/macite.tg\\\/?p=24824\"},\"wordCount\":359,\"commentCount\":0,\"image\":{\"@id\":\"https:\\\/\\\/macite.tg\\\/?p=24824#primaryimage\"},\"thumbnailUrl\":\"https:\\\/\\\/macite.tg\\\/wp-content\\\/uploads\\\/2025\\\/09\\\/France-edito.jpg\",\"articleSection\":[\"ACTUALITE\",\"BILLET\",\"POLITIQUE\"],\"inLanguage\":\"fr-FR\",\"potentialAction\":[{\"@type\":\"CommentAction\",\"name\":\"Comment\",\"target\":[\"https:\\\/\\\/macite.tg\\\/?p=24824#respond\"]}]},{\"@type\":\"WebPage\",\"@id\":\"https:\\\/\\\/macite.tg\\\/?p=24824\",\"url\":\"https:\\\/\\\/macite.tg\\\/?p=24824\",\"name\":\"18 septembre, comme un miroir bris\u00e9 -\",\"isPartOf\":{\"@id\":\"https:\\\/\\\/macite.tg\\\/#website\"},\"primaryImageOfPage\":{\"@id\":\"https:\\\/\\\/macite.tg\\\/?p=24824#primaryimage\"},\"image\":{\"@id\":\"https:\\\/\\\/macite.tg\\\/?p=24824#primaryimage\"},\"thumbnailUrl\":\"https:\\\/\\\/macite.tg\\\/wp-content\\\/uploads\\\/2025\\\/09\\\/France-edito.jpg\",\"datePublished\":\"2025-09-19T12:50:20+00:00\",\"dateModified\":\"2025-09-19T12:50:24+00:00\",\"author\":{\"@id\":\"https:\\\/\\\/macite.tg\\\/#\\\/schema\\\/person\\\/e9f2de7e5dbbe7770a9402c7ce82f5c2\"},\"breadcrumb\":{\"@id\":\"https:\\\/\\\/macite.tg\\\/?p=24824#breadcrumb\"},\"inLanguage\":\"fr-FR\",\"potentialAction\":[{\"@type\":\"ReadAction\",\"target\":[\"https:\\\/\\\/macite.tg\\\/?p=24824\"]}]},{\"@type\":\"ImageObject\",\"inLanguage\":\"fr-FR\",\"@id\":\"https:\\\/\\\/macite.tg\\\/?p=24824#primaryimage\",\"url\":\"https:\\\/\\\/macite.tg\\\/wp-content\\\/uploads\\\/2025\\\/09\\\/France-edito.jpg\",\"contentUrl\":\"https:\\\/\\\/macite.tg\\\/wp-content\\\/uploads\\\/2025\\\/09\\\/France-edito.jpg\",\"width\":500,\"height\":281,\"caption\":\"Un manifestant violent\u00e9 par des forces de l'ordre, le 18 septembre 2025.\"},{\"@type\":\"BreadcrumbList\",\"@id\":\"https:\\\/\\\/macite.tg\\\/?p=24824#breadcrumb\",\"itemListElement\":[{\"@type\":\"ListItem\",\"position\":1,\"name\":\"Accueil\",\"item\":\"https:\\\/\\\/macite.tg\\\/\"},{\"@type\":\"ListItem\",\"position\":2,\"name\":\"18 septembre, comme un miroir bris\u00e9\"}]},{\"@type\":\"WebSite\",\"@id\":\"https:\\\/\\\/macite.tg\\\/#website\",\"url\":\"https:\\\/\\\/macite.tg\\\/\",\"name\":\"\",\"description\":\"L&#039;information, la bonne!!!\",\"potentialAction\":[{\"@type\":\"SearchAction\",\"target\":{\"@type\":\"EntryPoint\",\"urlTemplate\":\"https:\\\/\\\/macite.tg\\\/?s={search_term_string}\"},\"query-input\":{\"@type\":\"PropertyValueSpecification\",\"valueRequired\":true,\"valueName\":\"search_term_string\"}}],\"inLanguage\":\"fr-FR\"},{\"@type\":\"Person\",\"@id\":\"https:\\\/\\\/macite.tg\\\/#\\\/schema\\\/person\\\/e9f2de7e5dbbe7770a9402c7ce82f5c2\",\"name\":\"Jean Pierre BAWELA\",\"image\":{\"@type\":\"ImageObject\",\"inLanguage\":\"fr-FR\",\"@id\":\"https:\\\/\\\/macite.tg\\\/wp-content\\\/uploads\\\/2023\\\/09\\\/WhatsApp-Image-2023-09-19-at-14.44.41-122x122.jpeg\",\"url\":\"https:\\\/\\\/macite.tg\\\/wp-content\\\/uploads\\\/2023\\\/09\\\/WhatsApp-Image-2023-09-19-at-14.44.41-122x122.jpeg\",\"contentUrl\":\"https:\\\/\\\/macite.tg\\\/wp-content\\\/uploads\\\/2023\\\/09\\\/WhatsApp-Image-2023-09-19-at-14.44.41-122x122.jpeg\",\"caption\":\"Jean Pierre BAWELA\"},\"url\":\"https:\\\/\\\/macite.tg\\\/?author=2\"}]}<\/script>\n<!-- \/ Yoast SEO plugin. -->","yoast_head_json":{"title":"18 septembre, comme un miroir bris\u00e9 -","robots":{"index":"index","follow":"follow","max-snippet":"max-snippet:-1","max-image-preview":"max-image-preview:large","max-video-preview":"max-video-preview:-1"},"canonical":"https:\/\/macite.tg\/?p=24824","og_locale":"fr_FR","og_type":"article","og_title":"18 septembre, comme un miroir bris\u00e9 -","og_description":"18 septembre 2025, au lieu d\u2019un espace d\u2019expression citoyenne, Paris et d\u2019autres grandes villes en France, se sont transform\u00e9es en champ de man\u0153uvre. Des blind\u00e9s Centaure dans les rues, des manifestants matraqu\u00e9s, des journalistes agress\u00e9s\u2026 &nbsp; La sc\u00e8ne est gla\u00e7ante&nbsp;! Elle l\u2019est d\u2019autant plus qu\u2019elle [&hellip;]","og_url":"https:\/\/macite.tg\/?p=24824","article_published_time":"2025-09-19T12:50:20+00:00","article_modified_time":"2025-09-19T12:50:24+00:00","og_image":[{"width":500,"height":281,"url":"https:\/\/macite.tg\/wp-content\/uploads\/2025\/09\/France-edito.jpg","type":"image\/jpeg"}],"author":"Jean Pierre BAWELA","twitter_card":"summary_large_image","twitter_misc":{"\u00c9crit par":"Jean Pierre BAWELA","Dur\u00e9e de lecture estim\u00e9e":"3 minutes"},"schema":{"@context":"https:\/\/schema.org","@graph":[{"@type":"Article","@id":"https:\/\/macite.tg\/?p=24824#article","isPartOf":{"@id":"https:\/\/macite.tg\/?p=24824"},"author":{"name":"Jean Pierre BAWELA","@id":"https:\/\/macite.tg\/#\/schema\/person\/e9f2de7e5dbbe7770a9402c7ce82f5c2"},"headline":"18 septembre, comme un miroir bris\u00e9","datePublished":"2025-09-19T12:50:20+00:00","dateModified":"2025-09-19T12:50:24+00:00","mainEntityOfPage":{"@id":"https:\/\/macite.tg\/?p=24824"},"wordCount":359,"commentCount":0,"image":{"@id":"https:\/\/macite.tg\/?p=24824#primaryimage"},"thumbnailUrl":"https:\/\/macite.tg\/wp-content\/uploads\/2025\/09\/France-edito.jpg","articleSection":["ACTUALITE","BILLET","POLITIQUE"],"inLanguage":"fr-FR","potentialAction":[{"@type":"CommentAction","name":"Comment","target":["https:\/\/macite.tg\/?p=24824#respond"]}]},{"@type":"WebPage","@id":"https:\/\/macite.tg\/?p=24824","url":"https:\/\/macite.tg\/?p=24824","name":"18 septembre, comme un miroir bris\u00e9 -","isPartOf":{"@id":"https:\/\/macite.tg\/#website"},"primaryImageOfPage":{"@id":"https:\/\/macite.tg\/?p=24824#primaryimage"},"image":{"@id":"https:\/\/macite.tg\/?p=24824#primaryimage"},"thumbnailUrl":"https:\/\/macite.tg\/wp-content\/uploads\/2025\/09\/France-edito.jpg","datePublished":"2025-09-19T12:50:20+00:00","dateModified":"2025-09-19T12:50:24+00:00","author":{"@id":"https:\/\/macite.tg\/#\/schema\/person\/e9f2de7e5dbbe7770a9402c7ce82f5c2"},"breadcrumb":{"@id":"https:\/\/macite.tg\/?p=24824#breadcrumb"},"inLanguage":"fr-FR","potentialAction":[{"@type":"ReadAction","target":["https:\/\/macite.tg\/?p=24824"]}]},{"@type":"ImageObject","inLanguage":"fr-FR","@id":"https:\/\/macite.tg\/?p=24824#primaryimage","url":"https:\/\/macite.tg\/wp-content\/uploads\/2025\/09\/France-edito.jpg","contentUrl":"https:\/\/macite.tg\/wp-content\/uploads\/2025\/09\/France-edito.jpg","width":500,"height":281,"caption":"Un manifestant violent\u00e9 par des forces de l'ordre, le 18 septembre 2025."},{"@type":"BreadcrumbList","@id":"https:\/\/macite.tg\/?p=24824#breadcrumb","itemListElement":[{"@type":"ListItem","position":1,"name":"Accueil","item":"https:\/\/macite.tg\/"},{"@type":"ListItem","position":2,"name":"18 septembre, comme un miroir bris\u00e9"}]},{"@type":"WebSite","@id":"https:\/\/macite.tg\/#website","url":"https:\/\/macite.tg\/","name":"","description":"L&#039;information, la bonne!!!","potentialAction":[{"@type":"SearchAction","target":{"@type":"EntryPoint","urlTemplate":"https:\/\/macite.tg\/?s={search_term_string}"},"query-input":{"@type":"PropertyValueSpecification","valueRequired":true,"valueName":"search_term_string"}}],"inLanguage":"fr-FR"},{"@type":"Person","@id":"https:\/\/macite.tg\/#\/schema\/person\/e9f2de7e5dbbe7770a9402c7ce82f5c2","name":"Jean Pierre BAWELA","image":{"@type":"ImageObject","inLanguage":"fr-FR","@id":"https:\/\/macite.tg\/wp-content\/uploads\/2023\/09\/WhatsApp-Image-2023-09-19-at-14.44.41-122x122.jpeg","url":"https:\/\/macite.tg\/wp-content\/uploads\/2023\/09\/WhatsApp-Image-2023-09-19-at-14.44.41-122x122.jpeg","contentUrl":"https:\/\/macite.tg\/wp-content\/uploads\/2023\/09\/WhatsApp-Image-2023-09-19-at-14.44.41-122x122.jpeg","caption":"Jean Pierre BAWELA"},"url":"https:\/\/macite.tg\/?author=2"}]}},"_links":{"self":[{"href":"https:\/\/macite.tg\/index.php?rest_route=\/wp\/v2\/posts\/24824","targetHints":{"allow":["GET"]}}],"collection":[{"href":"https:\/\/macite.tg\/index.php?rest_route=\/wp\/v2\/posts"}],"about":[{"href":"https:\/\/macite.tg\/index.php?rest_route=\/wp\/v2\/types\/post"}],"author":[{"embeddable":true,"href":"https:\/\/macite.tg\/index.php?rest_route=\/wp\/v2\/users\/2"}],"replies":[{"embeddable":true,"href":"https:\/\/macite.tg\/index.php?rest_route=%2Fwp%2Fv2%2Fcomments&post=24824"}],"version-history":[{"count":0,"href":"https:\/\/macite.tg\/index.php?rest_route=\/wp\/v2\/posts\/24824\/revisions"}],"wp:featuredmedia":[{"embeddable":true,"href":"https:\/\/macite.tg\/index.php?rest_route=\/wp\/v2\/media\/24828"}],"wp:attachment":[{"href":"https:\/\/macite.tg\/index.php?rest_route=%2Fwp%2Fv2%2Fmedia&parent=24824"}],"wp:term":[{"taxonomy":"category","embeddable":true,"href":"https:\/\/macite.tg\/index.php?rest_route=%2Fwp%2Fv2%2Fcategories&post=24824"},{"taxonomy":"post_tag","embeddable":true,"href":"https:\/\/macite.tg\/index.php?rest_route=%2Fwp%2Fv2%2Ftags&post=24824"}],"curies":[{"name":"wp","href":"https:\/\/api.w.org\/{rel}","templated":true}]}}