{"id":24815,"date":"2025-09-19T11:02:58","date_gmt":"2025-09-19T11:02:58","guid":{"rendered":"https:\/\/macite.tg\/?p=24815"},"modified":"2025-09-19T11:03:03","modified_gmt":"2025-09-19T11:03:03","slug":"cedeao-aes-vers-un-nouveau-tournant-dans-les-relations","status":"publish","type":"post","link":"https:\/\/macite.tg\/?p=24815","title":{"rendered":"CEDEAO \u2013 AES\u00a0: Vers un nouveau tournant dans les relations \u2026"},"content":{"rendered":"\n<p class=\"wp-block-paragraph\"><strong><em>Le pr\u00e9sident de la Sierra Leone, Julius Maada Bio, est devenu le premier dirigeant du bloc ouest-africain de la CEDEAO \u00e0 visiter un membre de l&rsquo;Alliance des \u00c9tats du Sahel, ce qui, selon les analystes, marque un tournant dans les relations.<\/em><\/strong><em><\/em><\/p>\n\n\n\n<p class=\"wp-block-paragraph\">M. Bio, qui a pris la pr\u00e9sidence de la CEDEAO en juin, a rencontr\u00e9 mardi le chef de la junte du Burkina Faso, le capitaine Ibrahim Traor\u00e9, au palais pr\u00e9sidentiel de Koulouba.<\/p>\n\n\n\n<p class=\"wp-block-paragraph\">Selon la maison d&rsquo;\u00c9tat de la Sierra Leone, M. Bio s&rsquo;est engag\u00e9 \u00e0 favoriser des liens plus \u00e9troits et la coop\u00e9ration entre la CEDEAO et l&rsquo;alliance du Sahel au cours de cette visite d&rsquo;une journ\u00e9e, au cours de laquelle il a promis de <em>\u00ab&nbsp;s&rsquo;assurer que la paix revienne au Burkina Faso&nbsp;\u00bb.<\/em><\/p>\n\n\n<div class=\"wp-block-image\">\n<figure class=\"aligncenter size-full\"><img loading=\"lazy\" decoding=\"async\" width=\"595\" height=\"842\" src=\"https:\/\/macite.tg\/wp-content\/uploads\/2025\/09\/OTR_12-Sept.jpg\" alt=\"\" class=\"wp-image-24800\" srcset=\"https:\/\/macite.tg\/wp-content\/uploads\/2025\/09\/OTR_12-Sept.jpg 595w, https:\/\/macite.tg\/wp-content\/uploads\/2025\/09\/OTR_12-Sept-212x300.jpg 212w\" sizes=\"auto, (max-width: 595px) 100vw, 595px\" \/><\/figure>\n<\/div>\n\n\n<p class=\"wp-block-paragraph\">Dans une vid\u00e9o publi\u00e9e sur le site X du pr\u00e9sident Bio, il a d\u00e9clar\u00e9 : <em>\u00ab&nbsp;Je suis ici aujourd&rsquo;hui pour montrer ma solidarit\u00e9 avec le peuple du Burkina Faso, pour lui dire qu&rsquo;il n&rsquo;est pas seul et que nous travaillerons ensemble pour r\u00e9tablir la paix&nbsp;\u00bb.<\/em><\/p>\n\n\n\n<p class=\"wp-block-paragraph\">Les pays d&rsquo;Afrique de l&rsquo;Ouest dirig\u00e9s par la junte, \u00e0 savoir le Niger, le Mali et le Burkina Faso, se sont officiellement retir\u00e9s du bloc r\u00e9gional connu sous le nom de CEDEAO en janvier de cette ann\u00e9e.<\/p>\n\n\n\n<p class=\"wp-block-paragraph\">Les m\u00e9dias d&rsquo;\u00c9tat du Burkina Faso ont rapport\u00e9 que les discussions ont port\u00e9 sur la s\u00e9curit\u00e9 r\u00e9gionale et les relations internationales, les analystes estimant que ce voyage refl\u00e8te l&rsquo;acceptation croissante du bloc s\u00e9paratiste.<\/p>\n\n\n\n<p class=\"wp-block-paragraph\"><em>\u00ab&nbsp;Ils l&rsquo;ont accept\u00e9 maintenant, la CEDEAO ne parlera plus du retour des pays du Sahel&nbsp;\u00bb,<\/em> a d\u00e9clar\u00e9 Ulf Laessing, responsable du programme Sahel \u00e0 la Fondation Konrad Adenauer.<\/p>\n\n\n\n<p class=\"wp-block-paragraph\"><em>\u00ab&nbsp;C&rsquo;est le commentaire le plus optimiste de la CEDEAO que nous ayons vu jusqu&rsquo;\u00e0 pr\u00e9sent&nbsp;\u00bb,<\/em> a indiqu\u00e9, dans un message publi\u00e9 sur les r\u00e9seaux sociaux, M. Bio qui a tenu \u00e0 remercier M. Traor\u00e9 pour son hospitalit\u00e9.<\/p>\n\n\n<div class=\"wp-block-image\">\n<figure class=\"aligncenter size-full\"><img loading=\"lazy\" decoding=\"async\" width=\"500\" height=\"500\" src=\"https:\/\/macite.tg\/wp-content\/uploads\/2025\/09\/OTR_Rentree-scolaire-1.jpg\" alt=\"\" class=\"wp-image-24693\" srcset=\"https:\/\/macite.tg\/wp-content\/uploads\/2025\/09\/OTR_Rentree-scolaire-1.jpg 500w, https:\/\/macite.tg\/wp-content\/uploads\/2025\/09\/OTR_Rentree-scolaire-1-300x300.jpg 300w, https:\/\/macite.tg\/wp-content\/uploads\/2025\/09\/OTR_Rentree-scolaire-1-150x150.jpg 150w, https:\/\/macite.tg\/wp-content\/uploads\/2025\/09\/OTR_Rentree-scolaire-1-122x122.jpg 122w\" sizes=\"auto, (max-width: 500px) 100vw, 500px\" \/><\/figure>\n<\/div>\n\n\n<p class=\"wp-block-paragraph\"><em>\u00ab&nbsp;La CEDEAO a toujours jou\u00e9 un r\u00f4le important dans la promotion de la paix, de la s\u00e9curit\u00e9 et de la prosp\u00e9rit\u00e9 \u00e9conomique dans nos pays&nbsp;\u00bb,<\/em> a-t-il \u00e9crit. <em>\u00ab&nbsp;J&rsquo;attends avec impatience la poursuite de la collaboration avec nos fr\u00e8res du Burkina Faso, alors que nous nous effor\u00e7ons de d\u00e9fendre ensemble ces valeurs communes importantes&nbsp;\u00bb, <\/em>a-t-il conclu.<\/p>\n\n\n\n<p class=\"wp-block-paragraph\"><strong>MSN<\/strong><\/p>\n\n\n\n<p class=\"wp-block-paragraph\"><strong><em>@macite.tg&nbsp;&nbsp;&nbsp;&nbsp;&nbsp;&nbsp;&nbsp;&nbsp;<\/em><\/strong><\/p>\n\n\n\n<p class=\"wp-block-paragraph\"><strong><em>E-mail&nbsp;: <\/em><\/strong><a href=\"mailto:maciteinfo@gmail.com\"><strong><em>maciteinfo@gmail.com<\/em><\/strong><\/a><strong><em>; <\/em><\/strong><a href=\"mailto:bawela1@gmail.com\"><strong><em>bawela1@gmail.com<\/em><\/strong><\/a><strong><em><\/em><\/strong><\/p>\n\n\n\n<p class=\"wp-block-paragraph\"><strong><em>Pour vos annonces, (publi)reportages, etc., joignez-nous au (00228)91515309\/<strong>79872224 <\/strong><strong><\/strong><\/em><\/strong><\/p>\n\n\n\n<p class=\"wp-block-paragraph\"><strong><em>www.macite.tg, L\u2019information, la bonne&nbsp;!<\/em><\/strong><\/p>\n\n\n\n<p class=\"wp-block-paragraph\"><\/p>\n","protected":false},"excerpt":{"rendered":"<p class=\"text-justify mb-2\" >Le pr\u00e9sident de la Sierra Leone, Julius Maada Bio, est devenu le premier dirigeant du bloc ouest-africain de la CEDEAO \u00e0 visiter un membre de l&rsquo;Alliance des \u00c9tats du Sahel, ce qui, selon les analystes, marque un tournant dans les relations. M. Bio, qui a [&hellip;]<\/p>\n","protected":false},"author":2,"featured_media":24817,"comment_status":"open","ping_status":"open","sticky":false,"template":"","format":"standard","meta":{"footnotes":""},"categories":[20,16],"tags":[],"class_list":["post-24815","post","type-post","status-publish","format-standard","has-post-thumbnail","hentry","category-actualite","category-cooperation"],"yoast_head":"<!-- This site is optimized with the Yoast SEO plugin v28.4 - https:\/\/yoast.com\/product\/yoast-seo-wordpress\/ -->\n<title>CEDEAO \u2013 AES\u00a0: Vers un nouveau tournant dans les relations \u2026 -<\/title>\n<meta name=\"robots\" content=\"index, follow, max-snippet:-1, max-image-preview:large, max-video-preview:-1\" \/>\n<link rel=\"canonical\" href=\"https:\/\/macite.tg\/?p=24815\" \/>\n<meta property=\"og:locale\" content=\"fr_FR\" \/>\n<meta property=\"og:type\" content=\"article\" \/>\n<meta property=\"og:title\" content=\"CEDEAO \u2013 AES\u00a0: Vers un nouveau tournant dans les relations \u2026 -\" \/>\n<meta property=\"og:description\" content=\"Le pr\u00e9sident de la Sierra Leone, Julius Maada Bio, est devenu le premier dirigeant du bloc ouest-africain de la CEDEAO \u00e0 visiter un membre de l&rsquo;Alliance des \u00c9tats du Sahel, ce qui, selon les analystes, marque un tournant dans les relations. M. Bio, qui a [&hellip;]\" \/>\n<meta property=\"og:url\" content=\"https:\/\/macite.tg\/?p=24815\" \/>\n<meta property=\"article:published_time\" content=\"2025-09-19T11:02:58+00:00\" \/>\n<meta property=\"article:modified_time\" content=\"2025-09-19T11:03:03+00:00\" \/>\n<meta property=\"og:image\" content=\"https:\/\/macite.tg\/wp-content\/uploads\/2025\/09\/image-55.png\" \/>\n\t<meta property=\"og:image:width\" content=\"372\" \/>\n\t<meta property=\"og:image:height\" content=\"270\" \/>\n\t<meta property=\"og:image:type\" content=\"image\/png\" \/>\n<meta name=\"author\" content=\"Jean Pierre BAWELA\" \/>\n<meta name=\"twitter:card\" content=\"summary_large_image\" \/>\n<meta name=\"twitter:label1\" content=\"\u00c9crit par\" \/>\n\t<meta name=\"twitter:data1\" content=\"Jean Pierre BAWELA\" \/>\n\t<meta name=\"twitter:label2\" content=\"Dur\u00e9e de lecture estim\u00e9e\" \/>\n\t<meta name=\"twitter:data2\" content=\"3 minutes\" \/>\n<script type=\"application\/ld+json\" class=\"yoast-schema-graph\">{\"@context\":\"https:\\\/\\\/schema.org\",\"@graph\":[{\"@type\":\"Article\",\"@id\":\"https:\\\/\\\/macite.tg\\\/?p=24815#article\",\"isPartOf\":{\"@id\":\"https:\\\/\\\/macite.tg\\\/?p=24815\"},\"author\":{\"name\":\"Jean Pierre BAWELA\",\"@id\":\"https:\\\/\\\/macite.tg\\\/#\\\/schema\\\/person\\\/e9f2de7e5dbbe7770a9402c7ce82f5c2\"},\"headline\":\"CEDEAO \u2013 AES\u00a0: Vers un nouveau tournant dans les relations \u2026\",\"datePublished\":\"2025-09-19T11:02:58+00:00\",\"dateModified\":\"2025-09-19T11:03:03+00:00\",\"mainEntityOfPage\":{\"@id\":\"https:\\\/\\\/macite.tg\\\/?p=24815\"},\"wordCount\":453,\"commentCount\":0,\"image\":{\"@id\":\"https:\\\/\\\/macite.tg\\\/?p=24815#primaryimage\"},\"thumbnailUrl\":\"https:\\\/\\\/macite.tg\\\/wp-content\\\/uploads\\\/2025\\\/09\\\/image-55.png\",\"articleSection\":[\"ACTUALITE\",\"COOPERATION\"],\"inLanguage\":\"fr-FR\",\"potentialAction\":[{\"@type\":\"CommentAction\",\"name\":\"Comment\",\"target\":[\"https:\\\/\\\/macite.tg\\\/?p=24815#respond\"]}]},{\"@type\":\"WebPage\",\"@id\":\"https:\\\/\\\/macite.tg\\\/?p=24815\",\"url\":\"https:\\\/\\\/macite.tg\\\/?p=24815\",\"name\":\"CEDEAO \u2013 AES\u00a0: Vers un nouveau tournant dans les relations \u2026 -\",\"isPartOf\":{\"@id\":\"https:\\\/\\\/macite.tg\\\/#website\"},\"primaryImageOfPage\":{\"@id\":\"https:\\\/\\\/macite.tg\\\/?p=24815#primaryimage\"},\"image\":{\"@id\":\"https:\\\/\\\/macite.tg\\\/?p=24815#primaryimage\"},\"thumbnailUrl\":\"https:\\\/\\\/macite.tg\\\/wp-content\\\/uploads\\\/2025\\\/09\\\/image-55.png\",\"datePublished\":\"2025-09-19T11:02:58+00:00\",\"dateModified\":\"2025-09-19T11:03:03+00:00\",\"author\":{\"@id\":\"https:\\\/\\\/macite.tg\\\/#\\\/schema\\\/person\\\/e9f2de7e5dbbe7770a9402c7ce82f5c2\"},\"breadcrumb\":{\"@id\":\"https:\\\/\\\/macite.tg\\\/?p=24815#breadcrumb\"},\"inLanguage\":\"fr-FR\",\"potentialAction\":[{\"@type\":\"ReadAction\",\"target\":[\"https:\\\/\\\/macite.tg\\\/?p=24815\"]}]},{\"@type\":\"ImageObject\",\"inLanguage\":\"fr-FR\",\"@id\":\"https:\\\/\\\/macite.tg\\\/?p=24815#primaryimage\",\"url\":\"https:\\\/\\\/macite.tg\\\/wp-content\\\/uploads\\\/2025\\\/09\\\/image-55.png\",\"contentUrl\":\"https:\\\/\\\/macite.tg\\\/wp-content\\\/uploads\\\/2025\\\/09\\\/image-55.png\",\"width\":372,\"height\":270,\"caption\":\"Le pr\u00e9sident de la Sierra Leone, Julius Maada Bio au micro, avec \u00e0 ses c\u00f4t\u00e9s, le pr\u00e9sident du Faso, le capitaine Traor\u00e9\"},{\"@type\":\"BreadcrumbList\",\"@id\":\"https:\\\/\\\/macite.tg\\\/?p=24815#breadcrumb\",\"itemListElement\":[{\"@type\":\"ListItem\",\"position\":1,\"name\":\"Accueil\",\"item\":\"https:\\\/\\\/macite.tg\\\/\"},{\"@type\":\"ListItem\",\"position\":2,\"name\":\"CEDEAO \u2013 AES\u00a0: Vers un nouveau tournant dans les relations \u2026\"}]},{\"@type\":\"WebSite\",\"@id\":\"https:\\\/\\\/macite.tg\\\/#website\",\"url\":\"https:\\\/\\\/macite.tg\\\/\",\"name\":\"\",\"description\":\"L&#039;information, la bonne!!!\",\"potentialAction\":[{\"@type\":\"SearchAction\",\"target\":{\"@type\":\"EntryPoint\",\"urlTemplate\":\"https:\\\/\\\/macite.tg\\\/?s={search_term_string}\"},\"query-input\":{\"@type\":\"PropertyValueSpecification\",\"valueRequired\":true,\"valueName\":\"search_term_string\"}}],\"inLanguage\":\"fr-FR\"},{\"@type\":\"Person\",\"@id\":\"https:\\\/\\\/macite.tg\\\/#\\\/schema\\\/person\\\/e9f2de7e5dbbe7770a9402c7ce82f5c2\",\"name\":\"Jean Pierre BAWELA\",\"image\":{\"@type\":\"ImageObject\",\"inLanguage\":\"fr-FR\",\"@id\":\"https:\\\/\\\/macite.tg\\\/wp-content\\\/uploads\\\/2023\\\/09\\\/WhatsApp-Image-2023-09-19-at-14.44.41-122x122.jpeg\",\"url\":\"https:\\\/\\\/macite.tg\\\/wp-content\\\/uploads\\\/2023\\\/09\\\/WhatsApp-Image-2023-09-19-at-14.44.41-122x122.jpeg\",\"contentUrl\":\"https:\\\/\\\/macite.tg\\\/wp-content\\\/uploads\\\/2023\\\/09\\\/WhatsApp-Image-2023-09-19-at-14.44.41-122x122.jpeg\",\"caption\":\"Jean Pierre BAWELA\"},\"url\":\"https:\\\/\\\/macite.tg\\\/?author=2\"}]}<\/script>\n<!-- \/ Yoast SEO plugin. -->","yoast_head_json":{"title":"CEDEAO \u2013 AES\u00a0: Vers un nouveau tournant dans les relations \u2026 -","robots":{"index":"index","follow":"follow","max-snippet":"max-snippet:-1","max-image-preview":"max-image-preview:large","max-video-preview":"max-video-preview:-1"},"canonical":"https:\/\/macite.tg\/?p=24815","og_locale":"fr_FR","og_type":"article","og_title":"CEDEAO \u2013 AES\u00a0: Vers un nouveau tournant dans les relations \u2026 -","og_description":"Le pr\u00e9sident de la Sierra Leone, Julius Maada Bio, est devenu le premier dirigeant du bloc ouest-africain de la CEDEAO \u00e0 visiter un membre de l&rsquo;Alliance des \u00c9tats du Sahel, ce qui, selon les analystes, marque un tournant dans les relations. M. Bio, qui a [&hellip;]","og_url":"https:\/\/macite.tg\/?p=24815","article_published_time":"2025-09-19T11:02:58+00:00","article_modified_time":"2025-09-19T11:03:03+00:00","og_image":[{"width":372,"height":270,"url":"https:\/\/macite.tg\/wp-content\/uploads\/2025\/09\/image-55.png","type":"image\/png"}],"author":"Jean Pierre BAWELA","twitter_card":"summary_large_image","twitter_misc":{"\u00c9crit par":"Jean Pierre BAWELA","Dur\u00e9e de lecture estim\u00e9e":"3 minutes"},"schema":{"@context":"https:\/\/schema.org","@graph":[{"@type":"Article","@id":"https:\/\/macite.tg\/?p=24815#article","isPartOf":{"@id":"https:\/\/macite.tg\/?p=24815"},"author":{"name":"Jean Pierre BAWELA","@id":"https:\/\/macite.tg\/#\/schema\/person\/e9f2de7e5dbbe7770a9402c7ce82f5c2"},"headline":"CEDEAO \u2013 AES\u00a0: Vers un nouveau tournant dans les relations \u2026","datePublished":"2025-09-19T11:02:58+00:00","dateModified":"2025-09-19T11:03:03+00:00","mainEntityOfPage":{"@id":"https:\/\/macite.tg\/?p=24815"},"wordCount":453,"commentCount":0,"image":{"@id":"https:\/\/macite.tg\/?p=24815#primaryimage"},"thumbnailUrl":"https:\/\/macite.tg\/wp-content\/uploads\/2025\/09\/image-55.png","articleSection":["ACTUALITE","COOPERATION"],"inLanguage":"fr-FR","potentialAction":[{"@type":"CommentAction","name":"Comment","target":["https:\/\/macite.tg\/?p=24815#respond"]}]},{"@type":"WebPage","@id":"https:\/\/macite.tg\/?p=24815","url":"https:\/\/macite.tg\/?p=24815","name":"CEDEAO \u2013 AES\u00a0: Vers un nouveau tournant dans les relations \u2026 -","isPartOf":{"@id":"https:\/\/macite.tg\/#website"},"primaryImageOfPage":{"@id":"https:\/\/macite.tg\/?p=24815#primaryimage"},"image":{"@id":"https:\/\/macite.tg\/?p=24815#primaryimage"},"thumbnailUrl":"https:\/\/macite.tg\/wp-content\/uploads\/2025\/09\/image-55.png","datePublished":"2025-09-19T11:02:58+00:00","dateModified":"2025-09-19T11:03:03+00:00","author":{"@id":"https:\/\/macite.tg\/#\/schema\/person\/e9f2de7e5dbbe7770a9402c7ce82f5c2"},"breadcrumb":{"@id":"https:\/\/macite.tg\/?p=24815#breadcrumb"},"inLanguage":"fr-FR","potentialAction":[{"@type":"ReadAction","target":["https:\/\/macite.tg\/?p=24815"]}]},{"@type":"ImageObject","inLanguage":"fr-FR","@id":"https:\/\/macite.tg\/?p=24815#primaryimage","url":"https:\/\/macite.tg\/wp-content\/uploads\/2025\/09\/image-55.png","contentUrl":"https:\/\/macite.tg\/wp-content\/uploads\/2025\/09\/image-55.png","width":372,"height":270,"caption":"Le pr\u00e9sident de la Sierra Leone, Julius Maada Bio au micro, avec \u00e0 ses c\u00f4t\u00e9s, le pr\u00e9sident du Faso, le capitaine Traor\u00e9"},{"@type":"BreadcrumbList","@id":"https:\/\/macite.tg\/?p=24815#breadcrumb","itemListElement":[{"@type":"ListItem","position":1,"name":"Accueil","item":"https:\/\/macite.tg\/"},{"@type":"ListItem","position":2,"name":"CEDEAO \u2013 AES\u00a0: Vers un nouveau tournant dans les relations \u2026"}]},{"@type":"WebSite","@id":"https:\/\/macite.tg\/#website","url":"https:\/\/macite.tg\/","name":"","description":"L&#039;information, la bonne!!!","potentialAction":[{"@type":"SearchAction","target":{"@type":"EntryPoint","urlTemplate":"https:\/\/macite.tg\/?s={search_term_string}"},"query-input":{"@type":"PropertyValueSpecification","valueRequired":true,"valueName":"search_term_string"}}],"inLanguage":"fr-FR"},{"@type":"Person","@id":"https:\/\/macite.tg\/#\/schema\/person\/e9f2de7e5dbbe7770a9402c7ce82f5c2","name":"Jean Pierre BAWELA","image":{"@type":"ImageObject","inLanguage":"fr-FR","@id":"https:\/\/macite.tg\/wp-content\/uploads\/2023\/09\/WhatsApp-Image-2023-09-19-at-14.44.41-122x122.jpeg","url":"https:\/\/macite.tg\/wp-content\/uploads\/2023\/09\/WhatsApp-Image-2023-09-19-at-14.44.41-122x122.jpeg","contentUrl":"https:\/\/macite.tg\/wp-content\/uploads\/2023\/09\/WhatsApp-Image-2023-09-19-at-14.44.41-122x122.jpeg","caption":"Jean Pierre BAWELA"},"url":"https:\/\/macite.tg\/?author=2"}]}},"_links":{"self":[{"href":"https:\/\/macite.tg\/index.php?rest_route=\/wp\/v2\/posts\/24815","targetHints":{"allow":["GET"]}}],"collection":[{"href":"https:\/\/macite.tg\/index.php?rest_route=\/wp\/v2\/posts"}],"about":[{"href":"https:\/\/macite.tg\/index.php?rest_route=\/wp\/v2\/types\/post"}],"author":[{"embeddable":true,"href":"https:\/\/macite.tg\/index.php?rest_route=\/wp\/v2\/users\/2"}],"replies":[{"embeddable":true,"href":"https:\/\/macite.tg\/index.php?rest_route=%2Fwp%2Fv2%2Fcomments&post=24815"}],"version-history":[{"count":0,"href":"https:\/\/macite.tg\/index.php?rest_route=\/wp\/v2\/posts\/24815\/revisions"}],"wp:featuredmedia":[{"embeddable":true,"href":"https:\/\/macite.tg\/index.php?rest_route=\/wp\/v2\/media\/24817"}],"wp:attachment":[{"href":"https:\/\/macite.tg\/index.php?rest_route=%2Fwp%2Fv2%2Fmedia&parent=24815"}],"wp:term":[{"taxonomy":"category","embeddable":true,"href":"https:\/\/macite.tg\/index.php?rest_route=%2Fwp%2Fv2%2Fcategories&post=24815"},{"taxonomy":"post_tag","embeddable":true,"href":"https:\/\/macite.tg\/index.php?rest_route=%2Fwp%2Fv2%2Ftags&post=24815"}],"curies":[{"name":"wp","href":"https:\/\/api.w.org\/{rel}","templated":true}]}}