{"id":24807,"date":"2025-09-19T10:37:16","date_gmt":"2025-09-19T10:37:16","guid":{"rendered":"https:\/\/macite.tg\/?p=24807"},"modified":"2025-09-19T10:37:28","modified_gmt":"2025-09-19T10:37:28","slug":"pour-deux-pieces-de-pagne-il-se-retrouve-en-prison","status":"publish","type":"post","link":"https:\/\/macite.tg\/?p=24807","title":{"rendered":"Pour deux pi\u00e8ces de pagne, il se retrouve en prison"},"content":{"rendered":"\n<p class=\"wp-block-paragraph\"><strong><em>Devant le tribunal d\u2019Abidjan-Plateau, en C\u00f4te d&rsquo;Ivoire, le 1er septembre dernier K.N., 31 ans, les yeux hagards, n\u2019a pas mis beaucoup de temps pour reconna\u00eetre les faits qui lui sont reproch\u00e9s. Il a n\u00e9anmoins tent\u00e9 de se justifier, mais trop tard\u2026<\/em><\/strong><\/p>\n\n\n\n<p class=\"wp-block-paragraph\">Selon ses propos, il avait voulu soustraire frauduleusement deux pi\u00e8ces de pagne dans le magasin o\u00f9 il travaille. Malheureusement pour lui, un gros lot de pagnes s\u2019est renvers\u00e9 sur lui, ce qui a conduit \u00e0 son interpellation.<\/p>\n\n\n<div class=\"wp-block-image\">\n<figure class=\"aligncenter size-full\"><img loading=\"lazy\" decoding=\"async\" width=\"595\" height=\"842\" src=\"https:\/\/macite.tg\/wp-content\/uploads\/2025\/09\/OTR_12-Sept.jpg\" alt=\"\" class=\"wp-image-24800\" srcset=\"https:\/\/macite.tg\/wp-content\/uploads\/2025\/09\/OTR_12-Sept.jpg 595w, https:\/\/macite.tg\/wp-content\/uploads\/2025\/09\/OTR_12-Sept-212x300.jpg 212w\" sizes=\"auto, (max-width: 595px) 100vw, 595px\" \/><\/figure>\n<\/div>\n\n\n<p class=\"wp-block-paragraph\">Comme pour se donner bonne conscience, l\u2019infortun\u00e9 a expliqu\u00e9 qu\u2019il traversait une situation financi\u00e8re difficile. <em>\u00ab J\u2019ai voulu voler pour subvenir \u00e0 mes besoins \u00bb,<\/em> a-t-il soutenu.<\/p>\n\n\n\n<p class=\"wp-block-paragraph\">En r\u00e9ponse, le tribunal l\u2019a condamn\u00e9 \u00e0 une amende de 300.000 Fcfa, cinq ans de privation de droits, trois ans d\u2019interdiction de para\u00eetre et un mois de prison ferme. <\/p>\n\n\n<div class=\"wp-block-image\">\n<figure class=\"aligncenter size-full\"><img loading=\"lazy\" decoding=\"async\" width=\"500\" height=\"500\" src=\"https:\/\/macite.tg\/wp-content\/uploads\/2025\/09\/OTR_Rentree-scolaire-1.jpg\" alt=\"\" class=\"wp-image-24693\" srcset=\"https:\/\/macite.tg\/wp-content\/uploads\/2025\/09\/OTR_Rentree-scolaire-1.jpg 500w, https:\/\/macite.tg\/wp-content\/uploads\/2025\/09\/OTR_Rentree-scolaire-1-300x300.jpg 300w, https:\/\/macite.tg\/wp-content\/uploads\/2025\/09\/OTR_Rentree-scolaire-1-150x150.jpg 150w, https:\/\/macite.tg\/wp-content\/uploads\/2025\/09\/OTR_Rentree-scolaire-1-122x122.jpg 122w\" sizes=\"auto, (max-width: 500px) 100vw, 500px\" \/><\/figure>\n<\/div>\n\n\n<p class=\"wp-block-paragraph\">Comme le dit le vieux, malgr\u00e9 le poids de ses probl\u00e8mes, il faut croire en cette lueur qui luira bient\u00f4t&nbsp;! Mieux, quelque soit la dur\u00e9e de la nuit, le jour vient&nbsp;!<\/p>\n\n\n\n<p class=\"wp-block-paragraph\"><a><strong><em>@macite.tg&nbsp;&nbsp;&nbsp;&nbsp;&nbsp;&nbsp;&nbsp;&nbsp;<\/em><\/strong><\/a><\/p>\n\n\n\n<p class=\"wp-block-paragraph\"><strong><em>E-mail&nbsp;: <\/em><\/strong><a href=\"mailto:maciteinfo@gmail.com\"><strong><em>maciteinfo@gmail.com<\/em><\/strong><\/a><strong><em>; <\/em><\/strong><a href=\"mailto:bawela1@gmail.com\"><strong><em>bawela1@gmail.com<\/em><\/strong><\/a><strong><em><\/em><\/strong><\/p>\n\n\n\n<p class=\"wp-block-paragraph\"><strong><em>Pour vos annonces, (publi)reportages, etc., joignez-nous au (00228)91515309\/<strong>79872224 <\/strong><strong><\/strong><\/em><\/strong><\/p>\n\n\n\n<p class=\"wp-block-paragraph\"><strong><em>www.macite.tg, L\u2019information, la bonne&nbsp;!<\/em><\/strong><\/p>\n\n\n\n<p class=\"wp-block-paragraph\"><\/p>\n","protected":false},"excerpt":{"rendered":"<p class=\"text-justify mb-2\" >Devant le tribunal d\u2019Abidjan-Plateau, en C\u00f4te d&rsquo;Ivoire, le 1er septembre dernier K.N., 31 ans, les yeux hagards, n\u2019a pas mis beaucoup de temps pour reconna\u00eetre les faits qui lui sont reproch\u00e9s. Il a n\u00e9anmoins tent\u00e9 de se justifier, mais trop tard\u2026 Selon ses propos, il [&hellip;]<\/p>\n","protected":false},"author":2,"featured_media":24812,"comment_status":"open","ping_status":"open","sticky":false,"template":"","format":"standard","meta":{"footnotes":""},"categories":[20,11],"tags":[],"class_list":["post-24807","post","type-post","status-publish","format-standard","has-post-thumbnail","hentry","category-actualite","category-fait-divers"],"yoast_head":"<!-- This site is optimized with the Yoast SEO plugin v28.4 - https:\/\/yoast.com\/product\/yoast-seo-wordpress\/ -->\n<title>Pour deux pi\u00e8ces de pagne, il se retrouve en prison -<\/title>\n<meta name=\"robots\" content=\"index, follow, max-snippet:-1, max-image-preview:large, max-video-preview:-1\" \/>\n<link rel=\"canonical\" href=\"https:\/\/macite.tg\/?p=24807\" \/>\n<meta property=\"og:locale\" content=\"fr_FR\" \/>\n<meta property=\"og:type\" content=\"article\" \/>\n<meta property=\"og:title\" content=\"Pour deux pi\u00e8ces de pagne, il se retrouve en prison -\" \/>\n<meta property=\"og:description\" content=\"Devant le tribunal d\u2019Abidjan-Plateau, en C\u00f4te d&rsquo;Ivoire, le 1er septembre dernier K.N., 31 ans, les yeux hagards, n\u2019a pas mis beaucoup de temps pour reconna\u00eetre les faits qui lui sont reproch\u00e9s. Il a n\u00e9anmoins tent\u00e9 de se justifier, mais trop tard\u2026 Selon ses propos, il [&hellip;]\" \/>\n<meta property=\"og:url\" content=\"https:\/\/macite.tg\/?p=24807\" \/>\n<meta property=\"article:published_time\" content=\"2025-09-19T10:37:16+00:00\" \/>\n<meta property=\"article:modified_time\" content=\"2025-09-19T10:37:28+00:00\" \/>\n<meta property=\"og:image\" content=\"https:\/\/macite.tg\/wp-content\/uploads\/2025\/09\/image-54.png\" \/>\n\t<meta property=\"og:image:width\" content=\"534\" \/>\n\t<meta property=\"og:image:height\" content=\"355\" \/>\n\t<meta property=\"og:image:type\" content=\"image\/png\" \/>\n<meta name=\"author\" content=\"Jean Pierre BAWELA\" \/>\n<meta name=\"twitter:card\" content=\"summary_large_image\" \/>\n<meta name=\"twitter:label1\" content=\"\u00c9crit par\" \/>\n\t<meta name=\"twitter:data1\" content=\"Jean Pierre BAWELA\" \/>\n\t<meta name=\"twitter:label2\" content=\"Dur\u00e9e de lecture estim\u00e9e\" \/>\n\t<meta name=\"twitter:data2\" content=\"2 minutes\" \/>\n<script type=\"application\/ld+json\" class=\"yoast-schema-graph\">{\"@context\":\"https:\\\/\\\/schema.org\",\"@graph\":[{\"@type\":\"Article\",\"@id\":\"https:\\\/\\\/macite.tg\\\/?p=24807#article\",\"isPartOf\":{\"@id\":\"https:\\\/\\\/macite.tg\\\/?p=24807\"},\"author\":{\"name\":\"Jean Pierre BAWELA\",\"@id\":\"https:\\\/\\\/macite.tg\\\/#\\\/schema\\\/person\\\/e9f2de7e5dbbe7770a9402c7ce82f5c2\"},\"headline\":\"Pour deux pi\u00e8ces de pagne, il se retrouve en prison\",\"datePublished\":\"2025-09-19T10:37:16+00:00\",\"dateModified\":\"2025-09-19T10:37:28+00:00\",\"mainEntityOfPage\":{\"@id\":\"https:\\\/\\\/macite.tg\\\/?p=24807\"},\"wordCount\":226,\"commentCount\":0,\"image\":{\"@id\":\"https:\\\/\\\/macite.tg\\\/?p=24807#primaryimage\"},\"thumbnailUrl\":\"https:\\\/\\\/macite.tg\\\/wp-content\\\/uploads\\\/2025\\\/09\\\/image-54.png\",\"articleSection\":[\"ACTUALITE\",\"FAIT DIVERS\"],\"inLanguage\":\"fr-FR\",\"potentialAction\":[{\"@type\":\"CommentAction\",\"name\":\"Comment\",\"target\":[\"https:\\\/\\\/macite.tg\\\/?p=24807#respond\"]}]},{\"@type\":\"WebPage\",\"@id\":\"https:\\\/\\\/macite.tg\\\/?p=24807\",\"url\":\"https:\\\/\\\/macite.tg\\\/?p=24807\",\"name\":\"Pour deux pi\u00e8ces de pagne, il se retrouve en prison -\",\"isPartOf\":{\"@id\":\"https:\\\/\\\/macite.tg\\\/#website\"},\"primaryImageOfPage\":{\"@id\":\"https:\\\/\\\/macite.tg\\\/?p=24807#primaryimage\"},\"image\":{\"@id\":\"https:\\\/\\\/macite.tg\\\/?p=24807#primaryimage\"},\"thumbnailUrl\":\"https:\\\/\\\/macite.tg\\\/wp-content\\\/uploads\\\/2025\\\/09\\\/image-54.png\",\"datePublished\":\"2025-09-19T10:37:16+00:00\",\"dateModified\":\"2025-09-19T10:37:28+00:00\",\"author\":{\"@id\":\"https:\\\/\\\/macite.tg\\\/#\\\/schema\\\/person\\\/e9f2de7e5dbbe7770a9402c7ce82f5c2\"},\"breadcrumb\":{\"@id\":\"https:\\\/\\\/macite.tg\\\/?p=24807#breadcrumb\"},\"inLanguage\":\"fr-FR\",\"potentialAction\":[{\"@type\":\"ReadAction\",\"target\":[\"https:\\\/\\\/macite.tg\\\/?p=24807\"]}]},{\"@type\":\"ImageObject\",\"inLanguage\":\"fr-FR\",\"@id\":\"https:\\\/\\\/macite.tg\\\/?p=24807#primaryimage\",\"url\":\"https:\\\/\\\/macite.tg\\\/wp-content\\\/uploads\\\/2025\\\/09\\\/image-54.png\",\"contentUrl\":\"https:\\\/\\\/macite.tg\\\/wp-content\\\/uploads\\\/2025\\\/09\\\/image-54.png\",\"width\":534,\"height\":355},{\"@type\":\"BreadcrumbList\",\"@id\":\"https:\\\/\\\/macite.tg\\\/?p=24807#breadcrumb\",\"itemListElement\":[{\"@type\":\"ListItem\",\"position\":1,\"name\":\"Accueil\",\"item\":\"https:\\\/\\\/macite.tg\\\/\"},{\"@type\":\"ListItem\",\"position\":2,\"name\":\"Pour deux pi\u00e8ces de pagne, il se retrouve en prison\"}]},{\"@type\":\"WebSite\",\"@id\":\"https:\\\/\\\/macite.tg\\\/#website\",\"url\":\"https:\\\/\\\/macite.tg\\\/\",\"name\":\"\",\"description\":\"L&#039;information, la bonne!!!\",\"potentialAction\":[{\"@type\":\"SearchAction\",\"target\":{\"@type\":\"EntryPoint\",\"urlTemplate\":\"https:\\\/\\\/macite.tg\\\/?s={search_term_string}\"},\"query-input\":{\"@type\":\"PropertyValueSpecification\",\"valueRequired\":true,\"valueName\":\"search_term_string\"}}],\"inLanguage\":\"fr-FR\"},{\"@type\":\"Person\",\"@id\":\"https:\\\/\\\/macite.tg\\\/#\\\/schema\\\/person\\\/e9f2de7e5dbbe7770a9402c7ce82f5c2\",\"name\":\"Jean Pierre BAWELA\",\"image\":{\"@type\":\"ImageObject\",\"inLanguage\":\"fr-FR\",\"@id\":\"https:\\\/\\\/macite.tg\\\/wp-content\\\/uploads\\\/2023\\\/09\\\/WhatsApp-Image-2023-09-19-at-14.44.41-122x122.jpeg\",\"url\":\"https:\\\/\\\/macite.tg\\\/wp-content\\\/uploads\\\/2023\\\/09\\\/WhatsApp-Image-2023-09-19-at-14.44.41-122x122.jpeg\",\"contentUrl\":\"https:\\\/\\\/macite.tg\\\/wp-content\\\/uploads\\\/2023\\\/09\\\/WhatsApp-Image-2023-09-19-at-14.44.41-122x122.jpeg\",\"caption\":\"Jean Pierre BAWELA\"},\"url\":\"https:\\\/\\\/macite.tg\\\/?author=2\"}]}<\/script>\n<!-- \/ Yoast SEO plugin. -->","yoast_head_json":{"title":"Pour deux pi\u00e8ces de pagne, il se retrouve en prison -","robots":{"index":"index","follow":"follow","max-snippet":"max-snippet:-1","max-image-preview":"max-image-preview:large","max-video-preview":"max-video-preview:-1"},"canonical":"https:\/\/macite.tg\/?p=24807","og_locale":"fr_FR","og_type":"article","og_title":"Pour deux pi\u00e8ces de pagne, il se retrouve en prison -","og_description":"Devant le tribunal d\u2019Abidjan-Plateau, en C\u00f4te d&rsquo;Ivoire, le 1er septembre dernier K.N., 31 ans, les yeux hagards, n\u2019a pas mis beaucoup de temps pour reconna\u00eetre les faits qui lui sont reproch\u00e9s. Il a n\u00e9anmoins tent\u00e9 de se justifier, mais trop tard\u2026 Selon ses propos, il [&hellip;]","og_url":"https:\/\/macite.tg\/?p=24807","article_published_time":"2025-09-19T10:37:16+00:00","article_modified_time":"2025-09-19T10:37:28+00:00","og_image":[{"width":534,"height":355,"url":"https:\/\/macite.tg\/wp-content\/uploads\/2025\/09\/image-54.png","type":"image\/png"}],"author":"Jean Pierre BAWELA","twitter_card":"summary_large_image","twitter_misc":{"\u00c9crit par":"Jean Pierre BAWELA","Dur\u00e9e de lecture estim\u00e9e":"2 minutes"},"schema":{"@context":"https:\/\/schema.org","@graph":[{"@type":"Article","@id":"https:\/\/macite.tg\/?p=24807#article","isPartOf":{"@id":"https:\/\/macite.tg\/?p=24807"},"author":{"name":"Jean Pierre BAWELA","@id":"https:\/\/macite.tg\/#\/schema\/person\/e9f2de7e5dbbe7770a9402c7ce82f5c2"},"headline":"Pour deux pi\u00e8ces de pagne, il se retrouve en prison","datePublished":"2025-09-19T10:37:16+00:00","dateModified":"2025-09-19T10:37:28+00:00","mainEntityOfPage":{"@id":"https:\/\/macite.tg\/?p=24807"},"wordCount":226,"commentCount":0,"image":{"@id":"https:\/\/macite.tg\/?p=24807#primaryimage"},"thumbnailUrl":"https:\/\/macite.tg\/wp-content\/uploads\/2025\/09\/image-54.png","articleSection":["ACTUALITE","FAIT DIVERS"],"inLanguage":"fr-FR","potentialAction":[{"@type":"CommentAction","name":"Comment","target":["https:\/\/macite.tg\/?p=24807#respond"]}]},{"@type":"WebPage","@id":"https:\/\/macite.tg\/?p=24807","url":"https:\/\/macite.tg\/?p=24807","name":"Pour deux pi\u00e8ces de pagne, il se retrouve en prison -","isPartOf":{"@id":"https:\/\/macite.tg\/#website"},"primaryImageOfPage":{"@id":"https:\/\/macite.tg\/?p=24807#primaryimage"},"image":{"@id":"https:\/\/macite.tg\/?p=24807#primaryimage"},"thumbnailUrl":"https:\/\/macite.tg\/wp-content\/uploads\/2025\/09\/image-54.png","datePublished":"2025-09-19T10:37:16+00:00","dateModified":"2025-09-19T10:37:28+00:00","author":{"@id":"https:\/\/macite.tg\/#\/schema\/person\/e9f2de7e5dbbe7770a9402c7ce82f5c2"},"breadcrumb":{"@id":"https:\/\/macite.tg\/?p=24807#breadcrumb"},"inLanguage":"fr-FR","potentialAction":[{"@type":"ReadAction","target":["https:\/\/macite.tg\/?p=24807"]}]},{"@type":"ImageObject","inLanguage":"fr-FR","@id":"https:\/\/macite.tg\/?p=24807#primaryimage","url":"https:\/\/macite.tg\/wp-content\/uploads\/2025\/09\/image-54.png","contentUrl":"https:\/\/macite.tg\/wp-content\/uploads\/2025\/09\/image-54.png","width":534,"height":355},{"@type":"BreadcrumbList","@id":"https:\/\/macite.tg\/?p=24807#breadcrumb","itemListElement":[{"@type":"ListItem","position":1,"name":"Accueil","item":"https:\/\/macite.tg\/"},{"@type":"ListItem","position":2,"name":"Pour deux pi\u00e8ces de pagne, il se retrouve en prison"}]},{"@type":"WebSite","@id":"https:\/\/macite.tg\/#website","url":"https:\/\/macite.tg\/","name":"","description":"L&#039;information, la bonne!!!","potentialAction":[{"@type":"SearchAction","target":{"@type":"EntryPoint","urlTemplate":"https:\/\/macite.tg\/?s={search_term_string}"},"query-input":{"@type":"PropertyValueSpecification","valueRequired":true,"valueName":"search_term_string"}}],"inLanguage":"fr-FR"},{"@type":"Person","@id":"https:\/\/macite.tg\/#\/schema\/person\/e9f2de7e5dbbe7770a9402c7ce82f5c2","name":"Jean Pierre BAWELA","image":{"@type":"ImageObject","inLanguage":"fr-FR","@id":"https:\/\/macite.tg\/wp-content\/uploads\/2023\/09\/WhatsApp-Image-2023-09-19-at-14.44.41-122x122.jpeg","url":"https:\/\/macite.tg\/wp-content\/uploads\/2023\/09\/WhatsApp-Image-2023-09-19-at-14.44.41-122x122.jpeg","contentUrl":"https:\/\/macite.tg\/wp-content\/uploads\/2023\/09\/WhatsApp-Image-2023-09-19-at-14.44.41-122x122.jpeg","caption":"Jean Pierre BAWELA"},"url":"https:\/\/macite.tg\/?author=2"}]}},"_links":{"self":[{"href":"https:\/\/macite.tg\/index.php?rest_route=\/wp\/v2\/posts\/24807","targetHints":{"allow":["GET"]}}],"collection":[{"href":"https:\/\/macite.tg\/index.php?rest_route=\/wp\/v2\/posts"}],"about":[{"href":"https:\/\/macite.tg\/index.php?rest_route=\/wp\/v2\/types\/post"}],"author":[{"embeddable":true,"href":"https:\/\/macite.tg\/index.php?rest_route=\/wp\/v2\/users\/2"}],"replies":[{"embeddable":true,"href":"https:\/\/macite.tg\/index.php?rest_route=%2Fwp%2Fv2%2Fcomments&post=24807"}],"version-history":[{"count":0,"href":"https:\/\/macite.tg\/index.php?rest_route=\/wp\/v2\/posts\/24807\/revisions"}],"wp:featuredmedia":[{"embeddable":true,"href":"https:\/\/macite.tg\/index.php?rest_route=\/wp\/v2\/media\/24812"}],"wp:attachment":[{"href":"https:\/\/macite.tg\/index.php?rest_route=%2Fwp%2Fv2%2Fmedia&parent=24807"}],"wp:term":[{"taxonomy":"category","embeddable":true,"href":"https:\/\/macite.tg\/index.php?rest_route=%2Fwp%2Fv2%2Fcategories&post=24807"},{"taxonomy":"post_tag","embeddable":true,"href":"https:\/\/macite.tg\/index.php?rest_route=%2Fwp%2Fv2%2Ftags&post=24807"}],"curies":[{"name":"wp","href":"https:\/\/api.w.org\/{rel}","templated":true}]}}