{"id":24625,"date":"2025-09-12T13:59:05","date_gmt":"2025-09-12T13:59:05","guid":{"rendered":"https:\/\/macite.tg\/?p=24625"},"modified":"2025-09-12T13:59:09","modified_gmt":"2025-09-12T13:59:09","slug":"partenariat-togo-inde-vers-un-renforcement-de-la-cooperation-entre-lome-et-new-delhi","status":"publish","type":"post","link":"https:\/\/macite.tg\/?p=24625","title":{"rendered":"PARTENARIAT\u00a0TOGO \u2013 INDE\u00a0: Vers un renforcement de la coop\u00e9ration entre Lom\u00e9 et New D\u00e9lhi"},"content":{"rendered":"\n<p class=\"wp-block-paragraph\"><strong><em>Hier 11 septembre, le Pr\u00e9sident du conseil, Faure Essozimna Gnassingb\u00e9, a re\u00e7u en audience l\u2019Ambassadeur de l\u2019Inde au Togo, Shri Sayed Razi Haider Fahmi. Au menu des \u00e9changes entre les deux personnalit\u00e9s, le renforcement de la coop\u00e9ration \u00e9conomique, commerciale, mais aussi politique et la formation entre Lom\u00e9 et New Delhi.<\/em><\/strong><\/p>\n\n\n\n<p class=\"wp-block-paragraph\">L\u2019ambassadeur de l\u2019Inde au Togo, Shri Sayed Razi Haider Fahmi, a officiellement pris fonction au Togo le 31 juillet dernier. Hier mercredi 11 septembre, le diplomate indien a \u00e9t\u00e9 re\u00e7u en audience par le Pr\u00e9sident du conseil, Faure Essozimna Gnassingb\u00e9.<\/p>\n\n\n<div class=\"wp-block-image\">\n<figure class=\"aligncenter size-full is-resized\"><img loading=\"lazy\" decoding=\"async\" width=\"690\" height=\"170\" src=\"https:\/\/macite.tg\/wp-content\/uploads\/2025\/09\/OTR_TVM.jpg\" alt=\"\" class=\"wp-image-24458\" style=\"width:840px;height:auto\" srcset=\"https:\/\/macite.tg\/wp-content\/uploads\/2025\/09\/OTR_TVM.jpg 690w, https:\/\/macite.tg\/wp-content\/uploads\/2025\/09\/OTR_TVM-300x74.jpg 300w\" sizes=\"auto, (max-width: 690px) 100vw, 690px\" \/><\/figure>\n<\/div>\n\n\n<p class=\"wp-block-paragraph\">\u00ab<em>\u00a0Je suis venu exprimer mes sinc\u00e8res remerciements au Pr\u00e9sident du Conseil. Je suis arriv\u00e9 au Togo il y a quelques semaines, c\u2019est mon devoir et un honneur pour moi de le rencontrer.\u00a0 Nous avons discut\u00e9 du partenariat dans plusieurs domaines notamment politique, \u00e9conomique, de l\u2019exportation et du commerce, de renforcement de capacit\u00e9s, et de la fa\u00e7on dont l\u2019Inde et Togo peuvent travailler ensemble au profit des peuples togolais et indien<\/em>\u00a0\u00bb, a d\u00e9clar\u00e9 \u00e0 la presse Shri Sayed Razi Haider Fahmi.<\/p>\n\n\n<div class=\"wp-block-image\">\n<figure class=\"aligncenter size-large is-resized\"><img loading=\"lazy\" decoding=\"async\" width=\"1024\" height=\"815\" src=\"https:\/\/macite.tg\/wp-content\/uploads\/2025\/09\/depreciation-media-2-1024x815.png\" alt=\"\" class=\"wp-image-24607\" style=\"width:584px;height:auto\" srcset=\"https:\/\/macite.tg\/wp-content\/uploads\/2025\/09\/depreciation-media-2-1024x815.png 1024w, https:\/\/macite.tg\/wp-content\/uploads\/2025\/09\/depreciation-media-2-300x239.png 300w, https:\/\/macite.tg\/wp-content\/uploads\/2025\/09\/depreciation-media-2-768x611.png 768w, https:\/\/macite.tg\/wp-content\/uploads\/2025\/09\/depreciation-media-2-1536x1222.png 1536w, https:\/\/macite.tg\/wp-content\/uploads\/2025\/09\/depreciation-media-2.png 1900w\" sizes=\"auto, (max-width: 1024px) 100vw, 1024px\" \/><\/figure>\n<\/div>\n\n\n<p class=\"wp-block-paragraph\">Ces derni\u00e8res ann\u00e9e, Lom\u00e9 et New Delhi se sont accord\u00e9s sur un partenariat dynamique. Ces derni\u00e8res, cette coop\u00e9ration bilat\u00e9rale s\u2019est consid\u00e9rablement intensifi\u00e9e avec \u00e0 la cl\u00e9, notamment la promotion des PME\/PMI, l\u2019enseignement sup\u00e9rieur, le renforcement du capital humain, les \u00e9nergies renouvelables et la lutte contre le changement climatique.<\/p>\n\n\n\n<p class=\"wp-block-paragraph\"><strong>JPB<\/strong><\/p>\n\n\n\n<p class=\"wp-block-paragraph\"><a><strong><em>@macite.tg&nbsp;&nbsp;&nbsp;&nbsp;&nbsp;&nbsp;&nbsp;&nbsp;<\/em><\/strong><\/a><\/p>\n\n\n\n<p class=\"wp-block-paragraph\"><strong><em>E-mail&nbsp;: <\/em><\/strong><a href=\"mailto:maciteinfo@gmail.com\"><strong><em>maciteinfo@gmail.com<\/em><\/strong><\/a><strong><em>; <\/em><\/strong><a href=\"mailto:bawela1@gmail.com\"><strong><em>bawela1@gmail.com<\/em><\/strong><\/a><strong><em><\/em><\/strong><\/p>\n\n\n\n<p class=\"wp-block-paragraph\"><strong><em>Pour vos annonces, (publi)reportages, etc., joignez-nous au (00228)91515309\/<strong>79872224 <\/strong><strong><\/strong><\/em><\/strong><\/p>\n\n\n\n<p class=\"wp-block-paragraph\"><strong><em>www.macite.tg, L\u2019information, la bonne&nbsp;!<\/em><\/strong><\/p>\n\n\n\n<p class=\"wp-block-paragraph\"><\/p>\n","protected":false},"excerpt":{"rendered":"<p class=\"text-justify mb-2\" >Hier 11 septembre, le Pr\u00e9sident du conseil, Faure Essozimna Gnassingb\u00e9, a re\u00e7u en audience l\u2019Ambassadeur de l\u2019Inde au Togo, Shri Sayed Razi Haider Fahmi. Au menu des \u00e9changes entre les deux personnalit\u00e9s, le renforcement de la coop\u00e9ration \u00e9conomique, commerciale, mais aussi politique et la formation [&hellip;]<\/p>\n","protected":false},"author":2,"featured_media":24628,"comment_status":"open","ping_status":"open","sticky":false,"template":"","format":"standard","meta":{"footnotes":""},"categories":[20,8],"tags":[],"class_list":["post-24625","post","type-post","status-publish","format-standard","has-post-thumbnail","hentry","category-actualite","category-diplomatie"],"yoast_head":"<!-- This site is optimized with the Yoast SEO plugin v28.4 - https:\/\/yoast.com\/product\/yoast-seo-wordpress\/ -->\n<title>PARTENARIAT\u00a0TOGO \u2013 INDE\u00a0: Vers un renforcement de la coop\u00e9ration entre Lom\u00e9 et New D\u00e9lhi -<\/title>\n<meta name=\"robots\" content=\"index, follow, max-snippet:-1, max-image-preview:large, max-video-preview:-1\" \/>\n<link rel=\"canonical\" href=\"https:\/\/macite.tg\/?p=24625\" \/>\n<meta property=\"og:locale\" content=\"fr_FR\" \/>\n<meta property=\"og:type\" content=\"article\" \/>\n<meta property=\"og:title\" content=\"PARTENARIAT\u00a0TOGO \u2013 INDE\u00a0: Vers un renforcement de la coop\u00e9ration entre Lom\u00e9 et New D\u00e9lhi -\" \/>\n<meta property=\"og:description\" content=\"Hier 11 septembre, le Pr\u00e9sident du conseil, Faure Essozimna Gnassingb\u00e9, a re\u00e7u en audience l\u2019Ambassadeur de l\u2019Inde au Togo, Shri Sayed Razi Haider Fahmi. Au menu des \u00e9changes entre les deux personnalit\u00e9s, le renforcement de la coop\u00e9ration \u00e9conomique, commerciale, mais aussi politique et la formation [&hellip;]\" \/>\n<meta property=\"og:url\" content=\"https:\/\/macite.tg\/?p=24625\" \/>\n<meta property=\"article:published_time\" content=\"2025-09-12T13:59:05+00:00\" \/>\n<meta property=\"article:modified_time\" content=\"2025-09-12T13:59:09+00:00\" \/>\n<meta property=\"og:image\" content=\"https:\/\/macite.tg\/wp-content\/uploads\/2025\/09\/TOGO-INDE.jpg\" \/>\n\t<meta property=\"og:image:width\" content=\"500\" \/>\n\t<meta property=\"og:image:height\" content=\"365\" \/>\n\t<meta property=\"og:image:type\" content=\"image\/jpeg\" \/>\n<meta name=\"author\" content=\"Jean Pierre BAWELA\" \/>\n<meta name=\"twitter:card\" content=\"summary_large_image\" \/>\n<meta name=\"twitter:label1\" content=\"\u00c9crit par\" \/>\n\t<meta name=\"twitter:data1\" content=\"Jean Pierre BAWELA\" \/>\n\t<meta name=\"twitter:label2\" content=\"Dur\u00e9e de lecture estim\u00e9e\" \/>\n\t<meta name=\"twitter:data2\" content=\"2 minutes\" \/>\n<script type=\"application\/ld+json\" class=\"yoast-schema-graph\">{\"@context\":\"https:\\\/\\\/schema.org\",\"@graph\":[{\"@type\":\"Article\",\"@id\":\"https:\\\/\\\/macite.tg\\\/?p=24625#article\",\"isPartOf\":{\"@id\":\"https:\\\/\\\/macite.tg\\\/?p=24625\"},\"author\":{\"name\":\"Jean Pierre BAWELA\",\"@id\":\"https:\\\/\\\/macite.tg\\\/#\\\/schema\\\/person\\\/e9f2de7e5dbbe7770a9402c7ce82f5c2\"},\"headline\":\"PARTENARIAT\u00a0TOGO \u2013 INDE\u00a0: Vers un renforcement de la coop\u00e9ration entre Lom\u00e9 et New D\u00e9lhi\",\"datePublished\":\"2025-09-12T13:59:05+00:00\",\"dateModified\":\"2025-09-12T13:59:09+00:00\",\"mainEntityOfPage\":{\"@id\":\"https:\\\/\\\/macite.tg\\\/?p=24625\"},\"wordCount\":294,\"commentCount\":0,\"image\":{\"@id\":\"https:\\\/\\\/macite.tg\\\/?p=24625#primaryimage\"},\"thumbnailUrl\":\"https:\\\/\\\/macite.tg\\\/wp-content\\\/uploads\\\/2025\\\/09\\\/TOGO-INDE.jpg\",\"articleSection\":[\"ACTUALITE\",\"DIPLOMATIE\"],\"inLanguage\":\"fr-FR\",\"potentialAction\":[{\"@type\":\"CommentAction\",\"name\":\"Comment\",\"target\":[\"https:\\\/\\\/macite.tg\\\/?p=24625#respond\"]}]},{\"@type\":\"WebPage\",\"@id\":\"https:\\\/\\\/macite.tg\\\/?p=24625\",\"url\":\"https:\\\/\\\/macite.tg\\\/?p=24625\",\"name\":\"PARTENARIAT\u00a0TOGO \u2013 INDE\u00a0: Vers un renforcement de la coop\u00e9ration entre Lom\u00e9 et New D\u00e9lhi -\",\"isPartOf\":{\"@id\":\"https:\\\/\\\/macite.tg\\\/#website\"},\"primaryImageOfPage\":{\"@id\":\"https:\\\/\\\/macite.tg\\\/?p=24625#primaryimage\"},\"image\":{\"@id\":\"https:\\\/\\\/macite.tg\\\/?p=24625#primaryimage\"},\"thumbnailUrl\":\"https:\\\/\\\/macite.tg\\\/wp-content\\\/uploads\\\/2025\\\/09\\\/TOGO-INDE.jpg\",\"datePublished\":\"2025-09-12T13:59:05+00:00\",\"dateModified\":\"2025-09-12T13:59:09+00:00\",\"author\":{\"@id\":\"https:\\\/\\\/macite.tg\\\/#\\\/schema\\\/person\\\/e9f2de7e5dbbe7770a9402c7ce82f5c2\"},\"breadcrumb\":{\"@id\":\"https:\\\/\\\/macite.tg\\\/?p=24625#breadcrumb\"},\"inLanguage\":\"fr-FR\",\"potentialAction\":[{\"@type\":\"ReadAction\",\"target\":[\"https:\\\/\\\/macite.tg\\\/?p=24625\"]}]},{\"@type\":\"ImageObject\",\"inLanguage\":\"fr-FR\",\"@id\":\"https:\\\/\\\/macite.tg\\\/?p=24625#primaryimage\",\"url\":\"https:\\\/\\\/macite.tg\\\/wp-content\\\/uploads\\\/2025\\\/09\\\/TOGO-INDE.jpg\",\"contentUrl\":\"https:\\\/\\\/macite.tg\\\/wp-content\\\/uploads\\\/2025\\\/09\\\/TOGO-INDE.jpg\",\"width\":500,\"height\":365,\"caption\":\"Echange entre le Pr\u00e9sident du conseil et le diplomate indien en poste \u00e0 Lom\u00e9\"},{\"@type\":\"BreadcrumbList\",\"@id\":\"https:\\\/\\\/macite.tg\\\/?p=24625#breadcrumb\",\"itemListElement\":[{\"@type\":\"ListItem\",\"position\":1,\"name\":\"Accueil\",\"item\":\"https:\\\/\\\/macite.tg\\\/\"},{\"@type\":\"ListItem\",\"position\":2,\"name\":\"PARTENARIAT\u00a0TOGO \u2013 INDE\u00a0: Vers un renforcement de la coop\u00e9ration entre Lom\u00e9 et New D\u00e9lhi\"}]},{\"@type\":\"WebSite\",\"@id\":\"https:\\\/\\\/macite.tg\\\/#website\",\"url\":\"https:\\\/\\\/macite.tg\\\/\",\"name\":\"\",\"description\":\"L&#039;information, la bonne!!!\",\"potentialAction\":[{\"@type\":\"SearchAction\",\"target\":{\"@type\":\"EntryPoint\",\"urlTemplate\":\"https:\\\/\\\/macite.tg\\\/?s={search_term_string}\"},\"query-input\":{\"@type\":\"PropertyValueSpecification\",\"valueRequired\":true,\"valueName\":\"search_term_string\"}}],\"inLanguage\":\"fr-FR\"},{\"@type\":\"Person\",\"@id\":\"https:\\\/\\\/macite.tg\\\/#\\\/schema\\\/person\\\/e9f2de7e5dbbe7770a9402c7ce82f5c2\",\"name\":\"Jean Pierre BAWELA\",\"image\":{\"@type\":\"ImageObject\",\"inLanguage\":\"fr-FR\",\"@id\":\"https:\\\/\\\/macite.tg\\\/wp-content\\\/uploads\\\/2023\\\/09\\\/WhatsApp-Image-2023-09-19-at-14.44.41-122x122.jpeg\",\"url\":\"https:\\\/\\\/macite.tg\\\/wp-content\\\/uploads\\\/2023\\\/09\\\/WhatsApp-Image-2023-09-19-at-14.44.41-122x122.jpeg\",\"contentUrl\":\"https:\\\/\\\/macite.tg\\\/wp-content\\\/uploads\\\/2023\\\/09\\\/WhatsApp-Image-2023-09-19-at-14.44.41-122x122.jpeg\",\"caption\":\"Jean Pierre BAWELA\"},\"url\":\"https:\\\/\\\/macite.tg\\\/?author=2\"}]}<\/script>\n<!-- \/ Yoast SEO plugin. -->","yoast_head_json":{"title":"PARTENARIAT\u00a0TOGO \u2013 INDE\u00a0: Vers un renforcement de la coop\u00e9ration entre Lom\u00e9 et New D\u00e9lhi -","robots":{"index":"index","follow":"follow","max-snippet":"max-snippet:-1","max-image-preview":"max-image-preview:large","max-video-preview":"max-video-preview:-1"},"canonical":"https:\/\/macite.tg\/?p=24625","og_locale":"fr_FR","og_type":"article","og_title":"PARTENARIAT\u00a0TOGO \u2013 INDE\u00a0: Vers un renforcement de la coop\u00e9ration entre Lom\u00e9 et New D\u00e9lhi -","og_description":"Hier 11 septembre, le Pr\u00e9sident du conseil, Faure Essozimna Gnassingb\u00e9, a re\u00e7u en audience l\u2019Ambassadeur de l\u2019Inde au Togo, Shri Sayed Razi Haider Fahmi. Au menu des \u00e9changes entre les deux personnalit\u00e9s, le renforcement de la coop\u00e9ration \u00e9conomique, commerciale, mais aussi politique et la formation [&hellip;]","og_url":"https:\/\/macite.tg\/?p=24625","article_published_time":"2025-09-12T13:59:05+00:00","article_modified_time":"2025-09-12T13:59:09+00:00","og_image":[{"width":500,"height":365,"url":"https:\/\/macite.tg\/wp-content\/uploads\/2025\/09\/TOGO-INDE.jpg","type":"image\/jpeg"}],"author":"Jean Pierre BAWELA","twitter_card":"summary_large_image","twitter_misc":{"\u00c9crit par":"Jean Pierre BAWELA","Dur\u00e9e de lecture estim\u00e9e":"2 minutes"},"schema":{"@context":"https:\/\/schema.org","@graph":[{"@type":"Article","@id":"https:\/\/macite.tg\/?p=24625#article","isPartOf":{"@id":"https:\/\/macite.tg\/?p=24625"},"author":{"name":"Jean Pierre BAWELA","@id":"https:\/\/macite.tg\/#\/schema\/person\/e9f2de7e5dbbe7770a9402c7ce82f5c2"},"headline":"PARTENARIAT\u00a0TOGO \u2013 INDE\u00a0: Vers un renforcement de la coop\u00e9ration entre Lom\u00e9 et New D\u00e9lhi","datePublished":"2025-09-12T13:59:05+00:00","dateModified":"2025-09-12T13:59:09+00:00","mainEntityOfPage":{"@id":"https:\/\/macite.tg\/?p=24625"},"wordCount":294,"commentCount":0,"image":{"@id":"https:\/\/macite.tg\/?p=24625#primaryimage"},"thumbnailUrl":"https:\/\/macite.tg\/wp-content\/uploads\/2025\/09\/TOGO-INDE.jpg","articleSection":["ACTUALITE","DIPLOMATIE"],"inLanguage":"fr-FR","potentialAction":[{"@type":"CommentAction","name":"Comment","target":["https:\/\/macite.tg\/?p=24625#respond"]}]},{"@type":"WebPage","@id":"https:\/\/macite.tg\/?p=24625","url":"https:\/\/macite.tg\/?p=24625","name":"PARTENARIAT\u00a0TOGO \u2013 INDE\u00a0: Vers un renforcement de la coop\u00e9ration entre Lom\u00e9 et New D\u00e9lhi -","isPartOf":{"@id":"https:\/\/macite.tg\/#website"},"primaryImageOfPage":{"@id":"https:\/\/macite.tg\/?p=24625#primaryimage"},"image":{"@id":"https:\/\/macite.tg\/?p=24625#primaryimage"},"thumbnailUrl":"https:\/\/macite.tg\/wp-content\/uploads\/2025\/09\/TOGO-INDE.jpg","datePublished":"2025-09-12T13:59:05+00:00","dateModified":"2025-09-12T13:59:09+00:00","author":{"@id":"https:\/\/macite.tg\/#\/schema\/person\/e9f2de7e5dbbe7770a9402c7ce82f5c2"},"breadcrumb":{"@id":"https:\/\/macite.tg\/?p=24625#breadcrumb"},"inLanguage":"fr-FR","potentialAction":[{"@type":"ReadAction","target":["https:\/\/macite.tg\/?p=24625"]}]},{"@type":"ImageObject","inLanguage":"fr-FR","@id":"https:\/\/macite.tg\/?p=24625#primaryimage","url":"https:\/\/macite.tg\/wp-content\/uploads\/2025\/09\/TOGO-INDE.jpg","contentUrl":"https:\/\/macite.tg\/wp-content\/uploads\/2025\/09\/TOGO-INDE.jpg","width":500,"height":365,"caption":"Echange entre le Pr\u00e9sident du conseil et le diplomate indien en poste \u00e0 Lom\u00e9"},{"@type":"BreadcrumbList","@id":"https:\/\/macite.tg\/?p=24625#breadcrumb","itemListElement":[{"@type":"ListItem","position":1,"name":"Accueil","item":"https:\/\/macite.tg\/"},{"@type":"ListItem","position":2,"name":"PARTENARIAT\u00a0TOGO \u2013 INDE\u00a0: Vers un renforcement de la coop\u00e9ration entre Lom\u00e9 et New D\u00e9lhi"}]},{"@type":"WebSite","@id":"https:\/\/macite.tg\/#website","url":"https:\/\/macite.tg\/","name":"","description":"L&#039;information, la bonne!!!","potentialAction":[{"@type":"SearchAction","target":{"@type":"EntryPoint","urlTemplate":"https:\/\/macite.tg\/?s={search_term_string}"},"query-input":{"@type":"PropertyValueSpecification","valueRequired":true,"valueName":"search_term_string"}}],"inLanguage":"fr-FR"},{"@type":"Person","@id":"https:\/\/macite.tg\/#\/schema\/person\/e9f2de7e5dbbe7770a9402c7ce82f5c2","name":"Jean Pierre BAWELA","image":{"@type":"ImageObject","inLanguage":"fr-FR","@id":"https:\/\/macite.tg\/wp-content\/uploads\/2023\/09\/WhatsApp-Image-2023-09-19-at-14.44.41-122x122.jpeg","url":"https:\/\/macite.tg\/wp-content\/uploads\/2023\/09\/WhatsApp-Image-2023-09-19-at-14.44.41-122x122.jpeg","contentUrl":"https:\/\/macite.tg\/wp-content\/uploads\/2023\/09\/WhatsApp-Image-2023-09-19-at-14.44.41-122x122.jpeg","caption":"Jean Pierre BAWELA"},"url":"https:\/\/macite.tg\/?author=2"}]}},"_links":{"self":[{"href":"https:\/\/macite.tg\/index.php?rest_route=\/wp\/v2\/posts\/24625","targetHints":{"allow":["GET"]}}],"collection":[{"href":"https:\/\/macite.tg\/index.php?rest_route=\/wp\/v2\/posts"}],"about":[{"href":"https:\/\/macite.tg\/index.php?rest_route=\/wp\/v2\/types\/post"}],"author":[{"embeddable":true,"href":"https:\/\/macite.tg\/index.php?rest_route=\/wp\/v2\/users\/2"}],"replies":[{"embeddable":true,"href":"https:\/\/macite.tg\/index.php?rest_route=%2Fwp%2Fv2%2Fcomments&post=24625"}],"version-history":[{"count":0,"href":"https:\/\/macite.tg\/index.php?rest_route=\/wp\/v2\/posts\/24625\/revisions"}],"wp:featuredmedia":[{"embeddable":true,"href":"https:\/\/macite.tg\/index.php?rest_route=\/wp\/v2\/media\/24628"}],"wp:attachment":[{"href":"https:\/\/macite.tg\/index.php?rest_route=%2Fwp%2Fv2%2Fmedia&parent=24625"}],"wp:term":[{"taxonomy":"category","embeddable":true,"href":"https:\/\/macite.tg\/index.php?rest_route=%2Fwp%2Fv2%2Fcategories&post=24625"},{"taxonomy":"post_tag","embeddable":true,"href":"https:\/\/macite.tg\/index.php?rest_route=%2Fwp%2Fv2%2Ftags&post=24625"}],"curies":[{"name":"wp","href":"https:\/\/api.w.org\/{rel}","templated":true}]}}